{"id":462154,"date":"2026-04-30T07:18:18","date_gmt":"2026-04-30T10:18:18","guid":{"rendered":"https:\/\/portaltela.pt\/noticias\/2026\/04\/30\/um-terco-do-prr-permanece-critico-ou-preocupante-a-quatro-meses-do-fim\/"},"modified":"2026-04-30T07:18:18","modified_gmt":"2026-04-30T10:18:18","slug":"um-terco-do-prr-permanece-critico-ou-preocupante-a-quatro-meses-do-fim","status":"publish","type":"post","link":"https:\/\/portaltela.pt\/noticias\/economia\/2026\/04\/30\/um-terco-do-prr-permanece-critico-ou-preocupante-a-quatro-meses-do-fim\/","title":{"rendered":"Um ter\u00e7o do PRR permanece cr\u00edtico ou preocupante a quatro meses do fim"},"content":{"rendered":"<p>O Plano de Recupera\u00e7\u00e3o e Resili\u00eancia (PRR) aproxima-se do seu prazo de validade, com um ter\u00e7o dos investimentos ainda em estado \u201ccr\u00edtico\u201d ou \u201cpreocupante\u201d. A avalia\u00e7\u00e3o foi apresentada pela Comiss\u00e3o Nacional de Acompanhamento (CNA) em Lisboa, esta quinta-feira, em mais um relat\u00f3rio.<\/p>\n<p>A CNA aponta que, quatro meses antes do fim do prazo, centenas de investimentos continuam em execu\u00e7\u00e3o. Metade deles requer acompanhamento ou permanece em situa\u00e7\u00e3o de alerta, indicando dificuldades na implementa\u00e7\u00e3o de v\u00e1rias medidas do PRR.<\/p>\n<p>Apenas 20% dos investimentos previstos est\u00e3o conclu\u00eddos, enquanto 30% seguem alinhados com o planeado. O restante encontra-se em fases diversas, com atrasos que comprometem o objetivo de conclus\u00e3o at\u00e9 dezembro de 2023.<\/p>\n<h3>Contexto do relat\u00f3rio<\/h3>\n<p>A Comiss\u00e3o questiona o impacto das revis\u00f5es do PRR no seu potencial transformador, sublinhando o risco de perder oportunidades de moderniza\u00e7\u00e3o no setor p\u00fablico e privado.<\/p>\n<h3>Desafios e caminhos<\/h3>\n<p>O documento refor\u00e7a a necessidade de maior acompanhamento e de medidas corretivas para acelerar a execu\u00e7\u00e3o. O objetivo \u00e9 resolver obst\u00e1culos que atrasam v\u00e1rias obras e projetos.<\/p>\n<h3>Conclus\u00f5es da CNA<\/h3>\n<p>Apesar dos entraves, o relat\u00f3rio enfatiza a import\u00e2ncia do PRR para a recupera\u00e7\u00e3o econ\u00f3mica e social do pa\u00eds, destacando que uma implementa\u00e7\u00e3o eficaz \u00e9 essencial para alcan\u00e7ar os resultados esperados.<\/p>\n","protected":false},"excerpt":{"rendered":"<ul>\n<li>A quatro meses do fim do prazo, apenas 20% dos investimentos previstos no PRR est\u00e3o conclu\u00eddos, e 30% est\u00e3o em linha com o planeado; o restante encontra-se em v\u00e1rias fases, com atrasos ou dificuldades.<\/li>\n<li>Metade dos investimentos ainda precisa de acompanhamento ou est\u00e1 em estado cr\u00edtico ou preocupante, segundo a an\u00e1lise da Comiss\u00e3o Nacional de Acompanhamento divulgada em Lisboa.<\/li>\n<li>O relat\u00f3rio destaca que o PRR continua com v\u00e1rias obras em execu\u00e7\u00e3o e que a execu\u00e7\u00e3o est\u00e1 aqu\u00e9m do esperado, com dificuldades na implementa\u00e7\u00e3o de v\u00e1rias medidas.<\/li>\n<li>A Comiss\u00e3o questiona o impacto das revis\u00f5es do PRR no seu potencial transformador, alertando para o risco de perder oportunidades de moderniza\u00e7\u00e3o no setor p\u00fablico e privado.<\/li>\n<li>H\u00e1 necessidade de maior acompanhamento e de medidas corretivas para garantir o alcance dos objetivos at\u00e9 ao final do prazo, em dezembro de 2023, com foco na acelera\u00e7\u00e3o de obras e resolu\u00e7\u00e3o de obst\u00e1culos.<\/li>\n<\/ul>\n","protected":false},"author":2,"featured_media":462159,"comment_status":"closed","ping_status":"closed","sticky":false,"template":"","format":"standard","meta":{"footnotes":""},"categories":[2,6850],"tags":[1323,190,1409,28,316,7821],"class_list":["post-462154","post","type-post","status-publish","format-standard","has-post-thumbnail","hentry","category-economia","category-financas","tag-coesao-social","tag-desenvolvimento-economico","tag-desenvolvimento-regional","tag-economia","tag-investimento","tag-recuperacao-economica"],"yoast_head":"<!-- This site is optimized with the Yoast SEO plugin v27.2 - https:\/\/yoast.com\/product\/yoast-seo-wordpress\/ -->\n<title>Um ter\u00e7o do PRR permanece cr\u00edtico ou preocupante a quatro meses do fim - Portal Tela Portugal<\/title>\n<meta name=\"robots\" content=\"index, follow, max-snippet:-1, max-image-preview:large, max-video-preview:-1\" \/>\n<meta property=\"og:locale\" content=\"pt_PT\" \/>\n<meta property=\"og:type\" content=\"article\" \/>\n<meta property=\"og:title\" content=\"Um ter\u00e7o do PRR permanece cr\u00edtico ou preocupante a quatro meses do fim - Portal Tela Portugal\" \/>\n<meta property=\"og:description\" content=\"A quatro meses do fim do prazo, apenas 20% dos investimentos previstos no PRR est\u00e3o conclu\u00eddos, e 30% est\u00e3o em linha com o planeado; o restante encontra-se em v\u00e1rias fases, com atrasos ou dificuldades. Metade dos investimentos ainda precisa de acompanhamento ou est\u00e1 em estado cr\u00edtico ou preocupante, segundo a an\u00e1lise da Comiss\u00e3o Nacional de Acompanhamento divulgada em Lisboa. O relat\u00f3rio destaca que o PRR continua com v\u00e1rias obras em execu\u00e7\u00e3o e que a execu\u00e7\u00e3o est\u00e1 aqu\u00e9m do esperado, com dificuldades na implementa\u00e7\u00e3o de v\u00e1rias medidas. A Comiss\u00e3o questiona o impacto das revis\u00f5es do PRR no seu potencial transformador, alertando para o risco de perder oportunidades de moderniza\u00e7\u00e3o no setor p\u00fablico e privado. H\u00e1 necessidade de maior acompanhamento e de medidas corretivas para garantir o alcance dos objetivos at\u00e9 ao final do prazo, em dezembro de 2023, com foco na acelera\u00e7\u00e3o de obras e resolu\u00e7\u00e3o de obst\u00e1culos.\" \/>\n<meta property=\"og:url\" content=\"https:\/\/portaltela.pt\/noticias\/2026\/04\/30\/um-terco-do-prr-permanece-critico-ou-preocupante-a-quatro-meses-do-fim\/\" \/>\n<meta property=\"og:site_name\" content=\"Portal Tela Portugal\" \/>\n<meta property=\"article:published_time\" content=\"2026-04-30T10:18:18+00:00\" \/>\n<meta name=\"author\" content=\"Telinha\" \/>\n<meta name=\"twitter:card\" content=\"summary_large_image\" \/>\n<meta name=\"twitter:label1\" content=\"Escrito por\" \/>\n\t<meta name=\"twitter:data1\" content=\"Telinha\" \/>\n\t<meta name=\"twitter:label2\" content=\"Tempo estimado de leitura\" \/>\n\t<meta name=\"twitter:data2\" content=\"1 minuto\" \/>\n<script type=\"application\/ld+json\" class=\"yoast-schema-graph\">{\"@context\":\"https:\/\/schema.org\",\"@graph\":[{\"@type\":\"Article\",\"@id\":\"https:\/\/portaltela.pt\/noticias\/2026\/04\/30\/um-terco-do-prr-permanece-critico-ou-preocupante-a-quatro-meses-do-fim\/#article\",\"isPartOf\":{\"@id\":\"https:\/\/portaltela.pt\/noticias\/2026\/04\/30\/um-terco-do-prr-permanece-critico-ou-preocupante-a-quatro-meses-do-fim\/\"},\"author\":{\"name\":\"Telinha\",\"@id\":\"https:\/\/portaltela.pt\/#\/schema\/person\/c4278d4a6028830caff9ee44b42d32ed\"},\"headline\":\"Um ter\u00e7o do PRR permanece cr\u00edtico ou preocupante a quatro meses do fim\",\"datePublished\":\"2026-04-30T10:18:18+00:00\",\"mainEntityOfPage\":{\"@id\":\"https:\/\/portaltela.pt\/noticias\/2026\/04\/30\/um-terco-do-prr-permanece-critico-ou-preocupante-a-quatro-meses-do-fim\/\"},\"wordCount\":243,\"image\":{\"@id\":\"https:\/\/portaltela.pt\/noticias\/2026\/04\/30\/um-terco-do-prr-permanece-critico-ou-preocupante-a-quatro-meses-do-fim\/#primaryimage\"},\"thumbnailUrl\":\"https:\/\/portaltela.pt\/s.01k8rhncp4jt1\/2026\/04\/2084943.jpg\",\"keywords\":[\"Coes\u00e3o social\",\"Desenvolvimento econ\u00f3mico\",\"desenvolvimento regional\",\"economia\",\"investimento\",\"Recupera\u00e7\u00e3o econ\u00f3mica\"],\"articleSection\":[\"Economia\",\"Finan\u00e7as\"],\"inLanguage\":\"pt-PT\"},{\"@type\":\"WebPage\",\"@id\":\"https:\/\/portaltela.pt\/noticias\/2026\/04\/30\/um-terco-do-prr-permanece-critico-ou-preocupante-a-quatro-meses-do-fim\/\",\"url\":\"https:\/\/portaltela.pt\/noticias\/2026\/04\/30\/um-terco-do-prr-permanece-critico-ou-preocupante-a-quatro-meses-do-fim\/\",\"name\":\"Um ter\u00e7o do PRR permanece cr\u00edtico ou preocupante a quatro meses do fim - Portal Tela Portugal\",\"isPartOf\":{\"@id\":\"https:\/\/portaltela.pt\/#website\"},\"primaryImageOfPage\":{\"@id\":\"https:\/\/portaltela.pt\/noticias\/2026\/04\/30\/um-terco-do-prr-permanece-critico-ou-preocupante-a-quatro-meses-do-fim\/#primaryimage\"},\"image\":{\"@id\":\"https:\/\/portaltela.pt\/noticias\/2026\/04\/30\/um-terco-do-prr-permanece-critico-ou-preocupante-a-quatro-meses-do-fim\/#primaryimage\"},\"thumbnailUrl\":\"https:\/\/portaltela.pt\/s.01k8rhncp4jt1\/2026\/04\/2084943.jpg\",\"datePublished\":\"2026-04-30T10:18:18+00:00\",\"author\":{\"@id\":\"https:\/\/portaltela.pt\/#\/schema\/person\/c4278d4a6028830caff9ee44b42d32ed\"},\"breadcrumb\":{\"@id\":\"https:\/\/portaltela.pt\/noticias\/2026\/04\/30\/um-terco-do-prr-permanece-critico-ou-preocupante-a-quatro-meses-do-fim\/#breadcrumb\"},\"inLanguage\":\"pt-PT\",\"potentialAction\":[{\"@type\":\"ReadAction\",\"target\":[\"https:\/\/portaltela.pt\/noticias\/2026\/04\/30\/um-terco-do-prr-permanece-critico-ou-preocupante-a-quatro-meses-do-fim\/\"]}]},{\"@type\":\"ImageObject\",\"inLanguage\":\"pt-PT\",\"@id\":\"https:\/\/portaltela.pt\/noticias\/2026\/04\/30\/um-terco-do-prr-permanece-critico-ou-preocupante-a-quatro-meses-do-fim\/#primaryimage\",\"url\":\"https:\/\/portaltela.pt\/s.01k8rhncp4jt1\/2026\/04\/2084943.jpg\",\"contentUrl\":\"https:\/\/portaltela.pt\/s.01k8rhncp4jt1\/2026\/04\/2084943.jpg\",\"width\":796,\"height\":448,\"caption\":\"O alargamento da rede de cuidados continuados integrados, com dinheiro do PRR, era um projecto estruturante no sector da sa\u00fade e \u00e9 um dos que agora est\u00e3o em risco, apesar de se ter cortado na ambi\u00e7\u00e3o\"},{\"@type\":\"BreadcrumbList\",\"@id\":\"https:\/\/portaltela.pt\/noticias\/2026\/04\/30\/um-terco-do-prr-permanece-critico-ou-preocupante-a-quatro-meses-do-fim\/#breadcrumb\",\"itemListElement\":[{\"@type\":\"ListItem\",\"position\":1,\"name\":\"In\u00edcio\",\"item\":\"https:\/\/portaltela.pt\/\"},{\"@type\":\"ListItem\",\"position\":2,\"name\":\"Um ter\u00e7o do PRR permanece cr\u00edtico ou preocupante a quatro meses do fim\"}]},{\"@type\":\"WebSite\",\"@id\":\"https:\/\/portaltela.pt\/#website\",\"url\":\"https:\/\/portaltela.pt\/\",\"name\":\"Portal Tela Portugal\",\"description\":\"\",\"potentialAction\":[{\"@type\":\"SearchAction\",\"target\":{\"@type\":\"EntryPoint\",\"urlTemplate\":\"https:\/\/portaltela.pt\/?s={search_term_string}\"},\"query-input\":{\"@type\":\"PropertyValueSpecification\",\"valueRequired\":true,\"valueName\":\"search_term_string\"}}],\"inLanguage\":\"pt-PT\"},{\"@type\":\"Person\",\"@id\":\"https:\/\/portaltela.pt\/#\/schema\/person\/c4278d4a6028830caff9ee44b42d32ed\",\"name\":\"Telinha\",\"image\":{\"@type\":\"ImageObject\",\"inLanguage\":\"pt-PT\",\"@id\":\"https:\/\/portaltela.pt\/s.01k8rhncp4jt1\/2025\/11\/talking-bot-125x125.png\",\"url\":\"https:\/\/portaltela.pt\/s.01k8rhncp4jt1\/2025\/11\/talking-bot-125x125.png\",\"contentUrl\":\"https:\/\/portaltela.pt\/s.01k8rhncp4jt1\/2025\/11\/talking-bot-125x125.png\",\"caption\":\"Telinha\"},\"sameAs\":[\"https:\/\/portaltela.pt\/\"],\"url\":\"https:\/\/portaltela.pt\/por\/367410592786\/\"}]}<\/script>\n<!-- \/ Yoast SEO plugin. -->","yoast_head_json":{"title":"Um ter\u00e7o do PRR permanece cr\u00edtico ou preocupante a quatro meses do fim - Portal Tela Portugal","robots":{"index":"index","follow":"follow","max-snippet":"max-snippet:-1","max-image-preview":"max-image-preview:large","max-video-preview":"max-video-preview:-1"},"og_locale":"pt_PT","og_type":"article","og_title":"Um ter\u00e7o do PRR permanece cr\u00edtico ou preocupante a quatro meses do fim - Portal Tela Portugal","og_description":"A quatro meses do fim do prazo, apenas 20% dos investimentos previstos no PRR est\u00e3o conclu\u00eddos, e 30% est\u00e3o em linha com o planeado; o restante encontra-se em v\u00e1rias fases, com atrasos ou dificuldades. Metade dos investimentos ainda precisa de acompanhamento ou est\u00e1 em estado cr\u00edtico ou preocupante, segundo a an\u00e1lise da Comiss\u00e3o Nacional de Acompanhamento divulgada em Lisboa. O relat\u00f3rio destaca que o PRR continua com v\u00e1rias obras em execu\u00e7\u00e3o e que a execu\u00e7\u00e3o est\u00e1 aqu\u00e9m do esperado, com dificuldades na implementa\u00e7\u00e3o de v\u00e1rias medidas. A Comiss\u00e3o questiona o impacto das revis\u00f5es do PRR no seu potencial transformador, alertando para o risco de perder oportunidades de moderniza\u00e7\u00e3o no setor p\u00fablico e privado. H\u00e1 necessidade de maior acompanhamento e de medidas corretivas para garantir o alcance dos objetivos at\u00e9 ao final do prazo, em dezembro de 2023, com foco na acelera\u00e7\u00e3o de obras e resolu\u00e7\u00e3o de obst\u00e1culos.","og_url":"https:\/\/portaltela.pt\/noticias\/2026\/04\/30\/um-terco-do-prr-permanece-critico-ou-preocupante-a-quatro-meses-do-fim\/","og_site_name":"Portal Tela Portugal","article_published_time":"2026-04-30T10:18:18+00:00","author":"Telinha","twitter_card":"summary_large_image","twitter_misc":{"Escrito por":"Telinha","Tempo estimado de leitura":"1 minuto"},"schema":{"@context":"https:\/\/schema.org","@graph":[{"@type":"Article","@id":"https:\/\/portaltela.pt\/noticias\/2026\/04\/30\/um-terco-do-prr-permanece-critico-ou-preocupante-a-quatro-meses-do-fim\/#article","isPartOf":{"@id":"https:\/\/portaltela.pt\/noticias\/2026\/04\/30\/um-terco-do-prr-permanece-critico-ou-preocupante-a-quatro-meses-do-fim\/"},"author":{"name":"Telinha","@id":"https:\/\/portaltela.pt\/#\/schema\/person\/c4278d4a6028830caff9ee44b42d32ed"},"headline":"Um ter\u00e7o do PRR permanece cr\u00edtico ou preocupante a quatro meses do fim","datePublished":"2026-04-30T10:18:18+00:00","mainEntityOfPage":{"@id":"https:\/\/portaltela.pt\/noticias\/2026\/04\/30\/um-terco-do-prr-permanece-critico-ou-preocupante-a-quatro-meses-do-fim\/"},"wordCount":243,"image":{"@id":"https:\/\/portaltela.pt\/noticias\/2026\/04\/30\/um-terco-do-prr-permanece-critico-ou-preocupante-a-quatro-meses-do-fim\/#primaryimage"},"thumbnailUrl":"https:\/\/portaltela.pt\/s.01k8rhncp4jt1\/2026\/04\/2084943.jpg","keywords":["Coes\u00e3o social","Desenvolvimento econ\u00f3mico","desenvolvimento regional","economia","investimento","Recupera\u00e7\u00e3o econ\u00f3mica"],"articleSection":["Economia","Finan\u00e7as"],"inLanguage":"pt-PT"},{"@type":"WebPage","@id":"https:\/\/portaltela.pt\/noticias\/2026\/04\/30\/um-terco-do-prr-permanece-critico-ou-preocupante-a-quatro-meses-do-fim\/","url":"https:\/\/portaltela.pt\/noticias\/2026\/04\/30\/um-terco-do-prr-permanece-critico-ou-preocupante-a-quatro-meses-do-fim\/","name":"Um ter\u00e7o do PRR permanece cr\u00edtico ou preocupante a quatro meses do fim - Portal Tela Portugal","isPartOf":{"@id":"https:\/\/portaltela.pt\/#website"},"primaryImageOfPage":{"@id":"https:\/\/portaltela.pt\/noticias\/2026\/04\/30\/um-terco-do-prr-permanece-critico-ou-preocupante-a-quatro-meses-do-fim\/#primaryimage"},"image":{"@id":"https:\/\/portaltela.pt\/noticias\/2026\/04\/30\/um-terco-do-prr-permanece-critico-ou-preocupante-a-quatro-meses-do-fim\/#primaryimage"},"thumbnailUrl":"https:\/\/portaltela.pt\/s.01k8rhncp4jt1\/2026\/04\/2084943.jpg","datePublished":"2026-04-30T10:18:18+00:00","author":{"@id":"https:\/\/portaltela.pt\/#\/schema\/person\/c4278d4a6028830caff9ee44b42d32ed"},"breadcrumb":{"@id":"https:\/\/portaltela.pt\/noticias\/2026\/04\/30\/um-terco-do-prr-permanece-critico-ou-preocupante-a-quatro-meses-do-fim\/#breadcrumb"},"inLanguage":"pt-PT","potentialAction":[{"@type":"ReadAction","target":["https:\/\/portaltela.pt\/noticias\/2026\/04\/30\/um-terco-do-prr-permanece-critico-ou-preocupante-a-quatro-meses-do-fim\/"]}]},{"@type":"ImageObject","inLanguage":"pt-PT","@id":"https:\/\/portaltela.pt\/noticias\/2026\/04\/30\/um-terco-do-prr-permanece-critico-ou-preocupante-a-quatro-meses-do-fim\/#primaryimage","url":"https:\/\/portaltela.pt\/s.01k8rhncp4jt1\/2026\/04\/2084943.jpg","contentUrl":"https:\/\/portaltela.pt\/s.01k8rhncp4jt1\/2026\/04\/2084943.jpg","width":796,"height":448,"caption":"O alargamento da rede de cuidados continuados integrados, com dinheiro do PRR, era um projecto estruturante no sector da sa\u00fade e \u00e9 um dos que agora est\u00e3o em risco, apesar de se ter cortado na ambi\u00e7\u00e3o"},{"@type":"BreadcrumbList","@id":"https:\/\/portaltela.pt\/noticias\/2026\/04\/30\/um-terco-do-prr-permanece-critico-ou-preocupante-a-quatro-meses-do-fim\/#breadcrumb","itemListElement":[{"@type":"ListItem","position":1,"name":"In\u00edcio","item":"https:\/\/portaltela.pt\/"},{"@type":"ListItem","position":2,"name":"Um ter\u00e7o do PRR permanece cr\u00edtico ou preocupante a quatro meses do fim"}]},{"@type":"WebSite","@id":"https:\/\/portaltela.pt\/#website","url":"https:\/\/portaltela.pt\/","name":"Portal Tela Portugal","description":"","potentialAction":[{"@type":"SearchAction","target":{"@type":"EntryPoint","urlTemplate":"https:\/\/portaltela.pt\/?s={search_term_string}"},"query-input":{"@type":"PropertyValueSpecification","valueRequired":true,"valueName":"search_term_string"}}],"inLanguage":"pt-PT"},{"@type":"Person","@id":"https:\/\/portaltela.pt\/#\/schema\/person\/c4278d4a6028830caff9ee44b42d32ed","name":"Telinha","image":{"@type":"ImageObject","inLanguage":"pt-PT","@id":"https:\/\/portaltela.pt\/s.01k8rhncp4jt1\/2025\/11\/talking-bot-125x125.png","url":"https:\/\/portaltela.pt\/s.01k8rhncp4jt1\/2025\/11\/talking-bot-125x125.png","contentUrl":"https:\/\/portaltela.pt\/s.01k8rhncp4jt1\/2025\/11\/talking-bot-125x125.png","caption":"Telinha"},"sameAs":["https:\/\/portaltela.pt\/"],"url":"https:\/\/portaltela.pt\/por\/367410592786\/"}]}},"_links":{"self":[{"href":"https:\/\/portaltela.pt\/api\/wp\/v2\/posts\/462154","targetHints":{"allow":["GET"]}}],"collection":[{"href":"https:\/\/portaltela.pt\/api\/wp\/v2\/posts"}],"about":[{"href":"https:\/\/portaltela.pt\/api\/wp\/v2\/types\/post"}],"author":[{"embeddable":true,"href":"https:\/\/portaltela.pt\/api\/wp\/v2\/users\/2"}],"replies":[{"embeddable":true,"href":"https:\/\/portaltela.pt\/api\/wp\/v2\/comments?post=462154"}],"version-history":[{"count":0,"href":"https:\/\/portaltela.pt\/api\/wp\/v2\/posts\/462154\/revisions"}],"wp:featuredmedia":[{"embeddable":true,"href":"https:\/\/portaltela.pt\/api\/wp\/v2\/media\/462159"}],"wp:attachment":[{"href":"https:\/\/portaltela.pt\/api\/wp\/v2\/media?parent=462154"}],"wp:term":[{"taxonomy":"category","embeddable":true,"href":"https:\/\/portaltela.pt\/api\/wp\/v2\/categories?post=462154"},{"taxonomy":"post_tag","embeddable":true,"href":"https:\/\/portaltela.pt\/api\/wp\/v2\/tags?post=462154"}],"curies":[{"name":"wp","href":"https:\/\/api.w.org\/{rel}","templated":true}]}}