{"id":462144,"date":"2026-04-30T07:17:56","date_gmt":"2026-04-30T10:17:56","guid":{"rendered":"https:\/\/portaltela.pt\/noticias\/2026\/04\/30\/estacao-de-metro-em-londres-evacuada-por-suspeita-de-fuga-de-gas\/"},"modified":"2026-04-30T07:17:56","modified_gmt":"2026-04-30T10:17:56","slug":"estacao-de-metro-em-londres-evacuada-por-suspeita-de-fuga-de-gas","status":"publish","type":"post","link":"https:\/\/portaltela.pt\/seguranca\/2026\/04\/30\/estacao-de-metro-em-londres-evacuada-por-suspeita-de-fuga-de-gas\/","title":{"rendered":"Esta\u00e7\u00e3o de metro em Londres evacuada por suspeita de fuga de g\u00e1s"},"content":{"rendered":"<p>A pol\u00edcia evacuou hoje a esta\u00e7\u00e3o de metro de Farringdon, em Londres, por suspeita de fuga de g\u00e1s. Os passageiros foram retirados do recinto e todos os servi\u00e7os de transporte foram temporariamente suspensos.<\/p>\n<p>Relatos de passageiros apontam que algumas pessoas poder\u00e3o ter sentido mal-estar no local. N\u00e3o h\u00e1 confirma\u00e7\u00e3o de ferimentos oficiais at\u00e9 ao momento.<\/p>\n<p>O alerta foi dado \u00e0s 09h42. Al\u00e9m da pol\u00edcia, estiveram no local bombeiros e v\u00e1rias ambul\u00e2ncias, assegurando o per\u00edmetro e a assist\u00eancia emergencial \u00e0s pessoas presentes.<\/p>\n","protected":false},"excerpt":{"rendered":"<ul>\n<li>A esta\u00e7\u00e3o de metro de Farringdon, em Londres, foi evacuada por suspeitas de fuga de g\u00e1s.<\/li>\n<li>Os passageiros foram retirados do local e todos os servi\u00e7os de transporte foram suspensos.<\/li>\n<li>Relatos indicam que alguns passageiros se sentiram indispostos.<\/li>\n<li>O alerta foi dado \u00e0s 09h42.<\/li>\n<li>Al\u00e9m da pol\u00edcia, estiveram no local bombeiros e v\u00e1rias ambul\u00e2ncias.<\/li>\n<\/ul>\n","protected":false},"author":2,"featured_media":462146,"comment_status":"closed","ping_status":"closed","sticky":false,"template":"","format":"standard","meta":{"footnotes":""},"categories":[1,6779],"tags":[8054,8594,8323,8796,8044,7878],"class_list":["post-462144","post","type-post","status-publish","format-standard","has-post-thumbnail","hentry","category-noticias","category-seguranca","tag-_bombeiros","tag-_emergencias","tag-_evacuacoes","tag-_londres","tag-_protecao-civil","tag-_seguranca-publica"],"yoast_head":"<!-- This site is optimized with the Yoast SEO plugin v27.2 - https:\/\/yoast.com\/product\/yoast-seo-wordpress\/ -->\n<title>Esta\u00e7\u00e3o de metro em Londres evacuada por suspeita de fuga de g\u00e1s - Portal Tela Portugal<\/title>\n<meta name=\"robots\" content=\"index, follow, max-snippet:-1, max-image-preview:large, max-video-preview:-1\" \/>\n<meta property=\"og:locale\" content=\"pt_PT\" \/>\n<meta property=\"og:type\" content=\"article\" \/>\n<meta property=\"og:title\" content=\"Esta\u00e7\u00e3o de metro em Londres evacuada por suspeita de fuga de g\u00e1s - Portal Tela Portugal\" \/>\n<meta property=\"og:description\" content=\"A esta\u00e7\u00e3o de metro de Farringdon, em Londres, foi evacuada por suspeitas de fuga de g\u00e1s. Os passageiros foram retirados do local e todos os servi\u00e7os de transporte foram suspensos. Relatos indicam que alguns passageiros se sentiram indispostos. O alerta foi dado \u00e0s 09h42. Al\u00e9m da pol\u00edcia, estiveram no local bombeiros e v\u00e1rias ambul\u00e2ncias.\" \/>\n<meta property=\"og:url\" content=\"https:\/\/portaltela.pt\/noticias\/2026\/04\/30\/estacao-de-metro-em-londres-evacuada-por-suspeita-de-fuga-de-gas\/\" \/>\n<meta property=\"og:site_name\" content=\"Portal Tela Portugal\" \/>\n<meta property=\"article:published_time\" content=\"2026-04-30T10:17:56+00:00\" \/>\n<meta name=\"author\" content=\"Telinha\" \/>\n<meta name=\"twitter:card\" content=\"summary_large_image\" \/>\n<meta name=\"twitter:label1\" content=\"Escrito por\" \/>\n\t<meta name=\"twitter:data1\" content=\"Telinha\" \/>\n<script type=\"application\/ld+json\" class=\"yoast-schema-graph\">{\"@context\":\"https:\/\/schema.org\",\"@graph\":[{\"@type\":\"Article\",\"@id\":\"https:\/\/portaltela.pt\/noticias\/2026\/04\/30\/estacao-de-metro-em-londres-evacuada-por-suspeita-de-fuga-de-gas\/#article\",\"isPartOf\":{\"@id\":\"https:\/\/portaltela.pt\/noticias\/2026\/04\/30\/estacao-de-metro-em-londres-evacuada-por-suspeita-de-fuga-de-gas\/\"},\"author\":{\"name\":\"Telinha\",\"@id\":\"https:\/\/portaltela.pt\/#\/schema\/person\/c4278d4a6028830caff9ee44b42d32ed\"},\"headline\":\"Esta\u00e7\u00e3o de metro em Londres evacuada por suspeita de fuga de g\u00e1s\",\"datePublished\":\"2026-04-30T10:17:56+00:00\",\"mainEntityOfPage\":{\"@id\":\"https:\/\/portaltela.pt\/noticias\/2026\/04\/30\/estacao-de-metro-em-londres-evacuada-por-suspeita-de-fuga-de-gas\/\"},\"wordCount\":108,\"image\":{\"@id\":\"https:\/\/portaltela.pt\/noticias\/2026\/04\/30\/estacao-de-metro-em-londres-evacuada-por-suspeita-de-fuga-de-gas\/#primaryimage\"},\"thumbnailUrl\":\"https:\/\/portaltela.pt\/s.01k8rhncp4jt1\/2026\/04\/img_1500x1000uu2018-07-13-00-46-31-757098.jpg\",\"keywords\":[\"_Bombeiros\",\"_emerg\u00eancias\",\"_evacua\u00e7\u00f5es\",\"_Londres\",\"_prote\u00e7\u00e3o civil\",\"_seguran\u00e7a p\u00fablica\"],\"articleSection\":[\"Not\u00edcias\",\"Seguran\u00e7a\"],\"inLanguage\":\"pt-PT\"},{\"@type\":\"WebPage\",\"@id\":\"https:\/\/portaltela.pt\/noticias\/2026\/04\/30\/estacao-de-metro-em-londres-evacuada-por-suspeita-de-fuga-de-gas\/\",\"url\":\"https:\/\/portaltela.pt\/noticias\/2026\/04\/30\/estacao-de-metro-em-londres-evacuada-por-suspeita-de-fuga-de-gas\/\",\"name\":\"Esta\u00e7\u00e3o de metro em Londres evacuada por suspeita de fuga de g\u00e1s - Portal Tela Portugal\",\"isPartOf\":{\"@id\":\"https:\/\/portaltela.pt\/#website\"},\"primaryImageOfPage\":{\"@id\":\"https:\/\/portaltela.pt\/noticias\/2026\/04\/30\/estacao-de-metro-em-londres-evacuada-por-suspeita-de-fuga-de-gas\/#primaryimage\"},\"image\":{\"@id\":\"https:\/\/portaltela.pt\/noticias\/2026\/04\/30\/estacao-de-metro-em-londres-evacuada-por-suspeita-de-fuga-de-gas\/#primaryimage\"},\"thumbnailUrl\":\"https:\/\/portaltela.pt\/s.01k8rhncp4jt1\/2026\/04\/img_1500x1000uu2018-07-13-00-46-31-757098.jpg\",\"datePublished\":\"2026-04-30T10:17:56+00:00\",\"author\":{\"@id\":\"https:\/\/portaltela.pt\/#\/schema\/person\/c4278d4a6028830caff9ee44b42d32ed\"},\"breadcrumb\":{\"@id\":\"https:\/\/portaltela.pt\/noticias\/2026\/04\/30\/estacao-de-metro-em-londres-evacuada-por-suspeita-de-fuga-de-gas\/#breadcrumb\"},\"inLanguage\":\"pt-PT\",\"potentialAction\":[{\"@type\":\"ReadAction\",\"target\":[\"https:\/\/portaltela.pt\/noticias\/2026\/04\/30\/estacao-de-metro-em-londres-evacuada-por-suspeita-de-fuga-de-gas\/\"]}]},{\"@type\":\"ImageObject\",\"inLanguage\":\"pt-PT\",\"@id\":\"https:\/\/portaltela.pt\/noticias\/2026\/04\/30\/estacao-de-metro-em-londres-evacuada-por-suspeita-de-fuga-de-gas\/#primaryimage\",\"url\":\"https:\/\/portaltela.pt\/s.01k8rhncp4jt1\/2026\/04\/img_1500x1000uu2018-07-13-00-46-31-757098.jpg\",\"contentUrl\":\"https:\/\/portaltela.pt\/s.01k8rhncp4jt1\/2026\/04\/img_1500x1000uu2018-07-13-00-46-31-757098.jpg\",\"width\":796,\"height\":448,\"caption\":\"Metro de Londres\"},{\"@type\":\"BreadcrumbList\",\"@id\":\"https:\/\/portaltela.pt\/noticias\/2026\/04\/30\/estacao-de-metro-em-londres-evacuada-por-suspeita-de-fuga-de-gas\/#breadcrumb\",\"itemListElement\":[{\"@type\":\"ListItem\",\"position\":1,\"name\":\"In\u00edcio\",\"item\":\"https:\/\/portaltela.pt\/\"},{\"@type\":\"ListItem\",\"position\":2,\"name\":\"Esta\u00e7\u00e3o de metro em Londres evacuada por suspeita de fuga de g\u00e1s\"}]},{\"@type\":\"WebSite\",\"@id\":\"https:\/\/portaltela.pt\/#website\",\"url\":\"https:\/\/portaltela.pt\/\",\"name\":\"Portal Tela Portugal\",\"description\":\"\",\"potentialAction\":[{\"@type\":\"SearchAction\",\"target\":{\"@type\":\"EntryPoint\",\"urlTemplate\":\"https:\/\/portaltela.pt\/?s={search_term_string}\"},\"query-input\":{\"@type\":\"PropertyValueSpecification\",\"valueRequired\":true,\"valueName\":\"search_term_string\"}}],\"inLanguage\":\"pt-PT\"},{\"@type\":\"Person\",\"@id\":\"https:\/\/portaltela.pt\/#\/schema\/person\/c4278d4a6028830caff9ee44b42d32ed\",\"name\":\"Telinha\",\"image\":{\"@type\":\"ImageObject\",\"inLanguage\":\"pt-PT\",\"@id\":\"https:\/\/portaltela.pt\/s.01k8rhncp4jt1\/2025\/11\/talking-bot-125x125.png\",\"url\":\"https:\/\/portaltela.pt\/s.01k8rhncp4jt1\/2025\/11\/talking-bot-125x125.png\",\"contentUrl\":\"https:\/\/portaltela.pt\/s.01k8rhncp4jt1\/2025\/11\/talking-bot-125x125.png\",\"caption\":\"Telinha\"},\"sameAs\":[\"https:\/\/portaltela.pt\/\"],\"url\":\"https:\/\/portaltela.pt\/por\/367410592786\/\"}]}<\/script>\n<!-- \/ Yoast SEO plugin. -->","yoast_head_json":{"title":"Esta\u00e7\u00e3o de metro em Londres evacuada por suspeita de fuga de g\u00e1s - Portal Tela Portugal","robots":{"index":"index","follow":"follow","max-snippet":"max-snippet:-1","max-image-preview":"max-image-preview:large","max-video-preview":"max-video-preview:-1"},"og_locale":"pt_PT","og_type":"article","og_title":"Esta\u00e7\u00e3o de metro em Londres evacuada por suspeita de fuga de g\u00e1s - Portal Tela Portugal","og_description":"A esta\u00e7\u00e3o de metro de Farringdon, em Londres, foi evacuada por suspeitas de fuga de g\u00e1s. Os passageiros foram retirados do local e todos os servi\u00e7os de transporte foram suspensos. Relatos indicam que alguns passageiros se sentiram indispostos. O alerta foi dado \u00e0s 09h42. Al\u00e9m da pol\u00edcia, estiveram no local bombeiros e v\u00e1rias ambul\u00e2ncias.","og_url":"https:\/\/portaltela.pt\/noticias\/2026\/04\/30\/estacao-de-metro-em-londres-evacuada-por-suspeita-de-fuga-de-gas\/","og_site_name":"Portal Tela Portugal","article_published_time":"2026-04-30T10:17:56+00:00","author":"Telinha","twitter_card":"summary_large_image","twitter_misc":{"Escrito por":"Telinha"},"schema":{"@context":"https:\/\/schema.org","@graph":[{"@type":"Article","@id":"https:\/\/portaltela.pt\/noticias\/2026\/04\/30\/estacao-de-metro-em-londres-evacuada-por-suspeita-de-fuga-de-gas\/#article","isPartOf":{"@id":"https:\/\/portaltela.pt\/noticias\/2026\/04\/30\/estacao-de-metro-em-londres-evacuada-por-suspeita-de-fuga-de-gas\/"},"author":{"name":"Telinha","@id":"https:\/\/portaltela.pt\/#\/schema\/person\/c4278d4a6028830caff9ee44b42d32ed"},"headline":"Esta\u00e7\u00e3o de metro em Londres evacuada por suspeita de fuga de g\u00e1s","datePublished":"2026-04-30T10:17:56+00:00","mainEntityOfPage":{"@id":"https:\/\/portaltela.pt\/noticias\/2026\/04\/30\/estacao-de-metro-em-londres-evacuada-por-suspeita-de-fuga-de-gas\/"},"wordCount":108,"image":{"@id":"https:\/\/portaltela.pt\/noticias\/2026\/04\/30\/estacao-de-metro-em-londres-evacuada-por-suspeita-de-fuga-de-gas\/#primaryimage"},"thumbnailUrl":"https:\/\/portaltela.pt\/s.01k8rhncp4jt1\/2026\/04\/img_1500x1000uu2018-07-13-00-46-31-757098.jpg","keywords":["_Bombeiros","_emerg\u00eancias","_evacua\u00e7\u00f5es","_Londres","_prote\u00e7\u00e3o civil","_seguran\u00e7a p\u00fablica"],"articleSection":["Not\u00edcias","Seguran\u00e7a"],"inLanguage":"pt-PT"},{"@type":"WebPage","@id":"https:\/\/portaltela.pt\/noticias\/2026\/04\/30\/estacao-de-metro-em-londres-evacuada-por-suspeita-de-fuga-de-gas\/","url":"https:\/\/portaltela.pt\/noticias\/2026\/04\/30\/estacao-de-metro-em-londres-evacuada-por-suspeita-de-fuga-de-gas\/","name":"Esta\u00e7\u00e3o de metro em Londres evacuada por suspeita de fuga de g\u00e1s - Portal Tela Portugal","isPartOf":{"@id":"https:\/\/portaltela.pt\/#website"},"primaryImageOfPage":{"@id":"https:\/\/portaltela.pt\/noticias\/2026\/04\/30\/estacao-de-metro-em-londres-evacuada-por-suspeita-de-fuga-de-gas\/#primaryimage"},"image":{"@id":"https:\/\/portaltela.pt\/noticias\/2026\/04\/30\/estacao-de-metro-em-londres-evacuada-por-suspeita-de-fuga-de-gas\/#primaryimage"},"thumbnailUrl":"https:\/\/portaltela.pt\/s.01k8rhncp4jt1\/2026\/04\/img_1500x1000uu2018-07-13-00-46-31-757098.jpg","datePublished":"2026-04-30T10:17:56+00:00","author":{"@id":"https:\/\/portaltela.pt\/#\/schema\/person\/c4278d4a6028830caff9ee44b42d32ed"},"breadcrumb":{"@id":"https:\/\/portaltela.pt\/noticias\/2026\/04\/30\/estacao-de-metro-em-londres-evacuada-por-suspeita-de-fuga-de-gas\/#breadcrumb"},"inLanguage":"pt-PT","potentialAction":[{"@type":"ReadAction","target":["https:\/\/portaltela.pt\/noticias\/2026\/04\/30\/estacao-de-metro-em-londres-evacuada-por-suspeita-de-fuga-de-gas\/"]}]},{"@type":"ImageObject","inLanguage":"pt-PT","@id":"https:\/\/portaltela.pt\/noticias\/2026\/04\/30\/estacao-de-metro-em-londres-evacuada-por-suspeita-de-fuga-de-gas\/#primaryimage","url":"https:\/\/portaltela.pt\/s.01k8rhncp4jt1\/2026\/04\/img_1500x1000uu2018-07-13-00-46-31-757098.jpg","contentUrl":"https:\/\/portaltela.pt\/s.01k8rhncp4jt1\/2026\/04\/img_1500x1000uu2018-07-13-00-46-31-757098.jpg","width":796,"height":448,"caption":"Metro de Londres"},{"@type":"BreadcrumbList","@id":"https:\/\/portaltela.pt\/noticias\/2026\/04\/30\/estacao-de-metro-em-londres-evacuada-por-suspeita-de-fuga-de-gas\/#breadcrumb","itemListElement":[{"@type":"ListItem","position":1,"name":"In\u00edcio","item":"https:\/\/portaltela.pt\/"},{"@type":"ListItem","position":2,"name":"Esta\u00e7\u00e3o de metro em Londres evacuada por suspeita de fuga de g\u00e1s"}]},{"@type":"WebSite","@id":"https:\/\/portaltela.pt\/#website","url":"https:\/\/portaltela.pt\/","name":"Portal Tela Portugal","description":"","potentialAction":[{"@type":"SearchAction","target":{"@type":"EntryPoint","urlTemplate":"https:\/\/portaltela.pt\/?s={search_term_string}"},"query-input":{"@type":"PropertyValueSpecification","valueRequired":true,"valueName":"search_term_string"}}],"inLanguage":"pt-PT"},{"@type":"Person","@id":"https:\/\/portaltela.pt\/#\/schema\/person\/c4278d4a6028830caff9ee44b42d32ed","name":"Telinha","image":{"@type":"ImageObject","inLanguage":"pt-PT","@id":"https:\/\/portaltela.pt\/s.01k8rhncp4jt1\/2025\/11\/talking-bot-125x125.png","url":"https:\/\/portaltela.pt\/s.01k8rhncp4jt1\/2025\/11\/talking-bot-125x125.png","contentUrl":"https:\/\/portaltela.pt\/s.01k8rhncp4jt1\/2025\/11\/talking-bot-125x125.png","caption":"Telinha"},"sameAs":["https:\/\/portaltela.pt\/"],"url":"https:\/\/portaltela.pt\/por\/367410592786\/"}]}},"_links":{"self":[{"href":"https:\/\/portaltela.pt\/api\/wp\/v2\/posts\/462144","targetHints":{"allow":["GET"]}}],"collection":[{"href":"https:\/\/portaltela.pt\/api\/wp\/v2\/posts"}],"about":[{"href":"https:\/\/portaltela.pt\/api\/wp\/v2\/types\/post"}],"author":[{"embeddable":true,"href":"https:\/\/portaltela.pt\/api\/wp\/v2\/users\/2"}],"replies":[{"embeddable":true,"href":"https:\/\/portaltela.pt\/api\/wp\/v2\/comments?post=462144"}],"version-history":[{"count":0,"href":"https:\/\/portaltela.pt\/api\/wp\/v2\/posts\/462144\/revisions"}],"wp:featuredmedia":[{"embeddable":true,"href":"https:\/\/portaltela.pt\/api\/wp\/v2\/media\/462146"}],"wp:attachment":[{"href":"https:\/\/portaltela.pt\/api\/wp\/v2\/media?parent=462144"}],"wp:term":[{"taxonomy":"category","embeddable":true,"href":"https:\/\/portaltela.pt\/api\/wp\/v2\/categories?post=462144"},{"taxonomy":"post_tag","embeddable":true,"href":"https:\/\/portaltela.pt\/api\/wp\/v2\/tags?post=462144"}],"curies":[{"name":"wp","href":"https:\/\/api.w.org\/{rel}","templated":true}]}}