{"id":462139,"date":"2026-04-30T07:17:46","date_gmt":"2026-04-30T10:17:46","guid":{"rendered":"https:\/\/portaltela.pt\/noticias\/2026\/04\/30\/maioria-dos-paises-da-cplp-sobe-no-indice-de-liberdade-de-imprensa\/"},"modified":"2026-04-30T07:17:46","modified_gmt":"2026-04-30T10:17:46","slug":"maioria-dos-paises-da-cplp-sobe-no-indice-de-liberdade-de-imprensa","status":"publish","type":"post","link":"https:\/\/portaltela.pt\/noticias\/internacional\/2026\/04\/30\/maioria-dos-paises-da-cplp-sobe-no-indice-de-liberdade-de-imprensa\/","title":{"rendered":"Maioria dos pa\u00edses da CPLP sobe no \u00edndice de liberdade de imprensa"},"content":{"rendered":"<p>A maioria dos pa\u00edses da CPLP subiu no \u00edndice de liberdade de imprensa, segundo um relat\u00f3rio da RSF divulgado hoje. Cabo Verde e Angola desceram posi\u00e7\u00f5es no mesmo ranking.<\/p>\n<p>A organiza\u00e7\u00e3o Rep\u00f3rteres Sem Fronteiras analisa condi\u00e7\u00f5es de imprensa em pa\u00edses lus\u00f3fonos, incluindo censura, viol\u00eancia contra jornalistas e autonomia editorial. O estudo revela melhorias generalizadas na regi\u00e3o.<\/p>\n<p>O relat\u00f3rio destaca avan\u00e7os em v\u00e1rias na\u00e7\u00f5es da CPLP e altera\u00e7\u00f5es distintas entre os membros. Cabo Verde e Angola registaram quedas, enquanto outros pa\u00edses da comunidade apresentaram evolu\u00e7\u00f5es positivas.<\/p>\n","protected":false},"excerpt":{"rendered":"<ul>\n<li>A maioria dos pa\u00edses da CPLP subiu no \u00edndice de liberdade de imprensa, segundo um relat\u00f3rio da Rep\u00f3rteres Sem Fronteiras (RSF).<\/li>\n<li>Cabo Verde e Angola desceram posi\u00e7\u00f5es no mesmo ranking.<\/li>\n<li>O estudo foi divulgado hoje pela RSF.<\/li>\n<li>A RSF indica melhorias gerais na regi\u00e3o, sem especificar n\u00fameros ou pa\u00edses adicionais no resumo.<\/li>\n<\/ul>\n","protected":false},"author":2,"featured_media":462141,"comment_status":"closed","ping_status":"closed","sticky":false,"template":"","format":"standard","meta":{"footnotes":""},"categories":[4,1],"tags":[4837,2329,5349,3566,5707,3512],"class_list":["post-462139","post","type-post","status-publish","format-standard","has-post-thumbnail","hentry","category-internacional","category-noticias","tag-angola","tag-cabo-verde","tag-censura","tag-cplp","tag-jornalistas","tag-liberdade-de-imprensa"],"yoast_head":"<!-- This site is optimized with the Yoast SEO plugin v27.2 - https:\/\/yoast.com\/product\/yoast-seo-wordpress\/ -->\n<title>Maioria dos pa\u00edses da CPLP sobe no \u00edndice de liberdade de imprensa - Portal Tela Portugal<\/title>\n<meta name=\"robots\" content=\"index, follow, max-snippet:-1, max-image-preview:large, max-video-preview:-1\" \/>\n<meta property=\"og:locale\" content=\"pt_PT\" \/>\n<meta property=\"og:type\" content=\"article\" \/>\n<meta property=\"og:title\" content=\"Maioria dos pa\u00edses da CPLP sobe no \u00edndice de liberdade de imprensa - Portal Tela Portugal\" \/>\n<meta property=\"og:description\" content=\"A maioria dos pa\u00edses da CPLP subiu no \u00edndice de liberdade de imprensa, segundo um relat\u00f3rio da Rep\u00f3rteres Sem Fronteiras (RSF). Cabo Verde e Angola desceram posi\u00e7\u00f5es no mesmo ranking. O estudo foi divulgado hoje pela RSF. A RSF indica melhorias gerais na regi\u00e3o, sem especificar n\u00fameros ou pa\u00edses adicionais no resumo.\" \/>\n<meta property=\"og:url\" content=\"https:\/\/portaltela.pt\/noticias\/2026\/04\/30\/maioria-dos-paises-da-cplp-sobe-no-indice-de-liberdade-de-imprensa\/\" \/>\n<meta property=\"og:site_name\" content=\"Portal Tela Portugal\" \/>\n<meta property=\"article:published_time\" content=\"2026-04-30T10:17:46+00:00\" \/>\n<meta name=\"author\" content=\"Telinha\" \/>\n<meta name=\"twitter:card\" content=\"summary_large_image\" \/>\n<meta name=\"twitter:label1\" content=\"Escrito por\" \/>\n\t<meta name=\"twitter:data1\" content=\"Telinha\" \/>\n\t<meta name=\"twitter:label2\" content=\"Tempo estimado de leitura\" \/>\n\t<meta name=\"twitter:data2\" content=\"1 minuto\" \/>\n<script type=\"application\/ld+json\" class=\"yoast-schema-graph\">{\"@context\":\"https:\/\/schema.org\",\"@graph\":[{\"@type\":\"Article\",\"@id\":\"https:\/\/portaltela.pt\/noticias\/2026\/04\/30\/maioria-dos-paises-da-cplp-sobe-no-indice-de-liberdade-de-imprensa\/#article\",\"isPartOf\":{\"@id\":\"https:\/\/portaltela.pt\/noticias\/2026\/04\/30\/maioria-dos-paises-da-cplp-sobe-no-indice-de-liberdade-de-imprensa\/\"},\"author\":{\"name\":\"Telinha\",\"@id\":\"https:\/\/portaltela.pt\/#\/schema\/person\/c4278d4a6028830caff9ee44b42d32ed\"},\"headline\":\"Maioria dos pa\u00edses da CPLP sobe no \u00edndice de liberdade de imprensa\",\"datePublished\":\"2026-04-30T10:17:46+00:00\",\"mainEntityOfPage\":{\"@id\":\"https:\/\/portaltela.pt\/noticias\/2026\/04\/30\/maioria-dos-paises-da-cplp-sobe-no-indice-de-liberdade-de-imprensa\/\"},\"wordCount\":115,\"image\":{\"@id\":\"https:\/\/portaltela.pt\/noticias\/2026\/04\/30\/maioria-dos-paises-da-cplp-sobe-no-indice-de-liberdade-de-imprensa\/#primaryimage\"},\"thumbnailUrl\":\"https:\/\/portaltela.pt\/s.01k8rhncp4jt1\/2026\/04\/CACHE_780X1200_ANALOG_WATERMARKED_11329112_866945_24042019083634.jpg\",\"keywords\":[\"Angola\",\"Cabo Verde\",\"censura\",\"CPLP\",\"jornalistas\",\"liberdade de imprensa\"],\"articleSection\":[\"Internacional\",\"Not\u00edcias\"],\"inLanguage\":\"pt-PT\"},{\"@type\":\"WebPage\",\"@id\":\"https:\/\/portaltela.pt\/noticias\/2026\/04\/30\/maioria-dos-paises-da-cplp-sobe-no-indice-de-liberdade-de-imprensa\/\",\"url\":\"https:\/\/portaltela.pt\/noticias\/2026\/04\/30\/maioria-dos-paises-da-cplp-sobe-no-indice-de-liberdade-de-imprensa\/\",\"name\":\"Maioria dos pa\u00edses da CPLP sobe no \u00edndice de liberdade de imprensa - Portal Tela Portugal\",\"isPartOf\":{\"@id\":\"https:\/\/portaltela.pt\/#website\"},\"primaryImageOfPage\":{\"@id\":\"https:\/\/portaltela.pt\/noticias\/2026\/04\/30\/maioria-dos-paises-da-cplp-sobe-no-indice-de-liberdade-de-imprensa\/#primaryimage\"},\"image\":{\"@id\":\"https:\/\/portaltela.pt\/noticias\/2026\/04\/30\/maioria-dos-paises-da-cplp-sobe-no-indice-de-liberdade-de-imprensa\/#primaryimage\"},\"thumbnailUrl\":\"https:\/\/portaltela.pt\/s.01k8rhncp4jt1\/2026\/04\/CACHE_780X1200_ANALOG_WATERMARKED_11329112_866945_24042019083634.jpg\",\"datePublished\":\"2026-04-30T10:17:46+00:00\",\"author\":{\"@id\":\"https:\/\/portaltela.pt\/#\/schema\/person\/c4278d4a6028830caff9ee44b42d32ed\"},\"breadcrumb\":{\"@id\":\"https:\/\/portaltela.pt\/noticias\/2026\/04\/30\/maioria-dos-paises-da-cplp-sobe-no-indice-de-liberdade-de-imprensa\/#breadcrumb\"},\"inLanguage\":\"pt-PT\",\"potentialAction\":[{\"@type\":\"ReadAction\",\"target\":[\"https:\/\/portaltela.pt\/noticias\/2026\/04\/30\/maioria-dos-paises-da-cplp-sobe-no-indice-de-liberdade-de-imprensa\/\"]}]},{\"@type\":\"ImageObject\",\"inLanguage\":\"pt-PT\",\"@id\":\"https:\/\/portaltela.pt\/noticias\/2026\/04\/30\/maioria-dos-paises-da-cplp-sobe-no-indice-de-liberdade-de-imprensa\/#primaryimage\",\"url\":\"https:\/\/portaltela.pt\/s.01k8rhncp4jt1\/2026\/04\/CACHE_780X1200_ANALOG_WATERMARKED_11329112_866945_24042019083634.jpg\",\"contentUrl\":\"https:\/\/portaltela.pt\/s.01k8rhncp4jt1\/2026\/04\/CACHE_780X1200_ANALOG_WATERMARKED_11329112_866945_24042019083634.jpg\",\"width\":796,\"height\":448,\"caption\":\"Maioria dos pa\u00edses da CPLP sobe no \u00edndice de liberdade de imprensa\"},{\"@type\":\"BreadcrumbList\",\"@id\":\"https:\/\/portaltela.pt\/noticias\/2026\/04\/30\/maioria-dos-paises-da-cplp-sobe-no-indice-de-liberdade-de-imprensa\/#breadcrumb\",\"itemListElement\":[{\"@type\":\"ListItem\",\"position\":1,\"name\":\"In\u00edcio\",\"item\":\"https:\/\/portaltela.pt\/\"},{\"@type\":\"ListItem\",\"position\":2,\"name\":\"Maioria dos pa\u00edses da CPLP sobe no \u00edndice de liberdade de imprensa\"}]},{\"@type\":\"WebSite\",\"@id\":\"https:\/\/portaltela.pt\/#website\",\"url\":\"https:\/\/portaltela.pt\/\",\"name\":\"Portal Tela Portugal\",\"description\":\"\",\"potentialAction\":[{\"@type\":\"SearchAction\",\"target\":{\"@type\":\"EntryPoint\",\"urlTemplate\":\"https:\/\/portaltela.pt\/?s={search_term_string}\"},\"query-input\":{\"@type\":\"PropertyValueSpecification\",\"valueRequired\":true,\"valueName\":\"search_term_string\"}}],\"inLanguage\":\"pt-PT\"},{\"@type\":\"Person\",\"@id\":\"https:\/\/portaltela.pt\/#\/schema\/person\/c4278d4a6028830caff9ee44b42d32ed\",\"name\":\"Telinha\",\"image\":{\"@type\":\"ImageObject\",\"inLanguage\":\"pt-PT\",\"@id\":\"https:\/\/portaltela.pt\/s.01k8rhncp4jt1\/2025\/11\/talking-bot-125x125.png\",\"url\":\"https:\/\/portaltela.pt\/s.01k8rhncp4jt1\/2025\/11\/talking-bot-125x125.png\",\"contentUrl\":\"https:\/\/portaltela.pt\/s.01k8rhncp4jt1\/2025\/11\/talking-bot-125x125.png\",\"caption\":\"Telinha\"},\"sameAs\":[\"https:\/\/portaltela.pt\/\"],\"url\":\"https:\/\/portaltela.pt\/por\/367410592786\/\"}]}<\/script>\n<!-- \/ Yoast SEO plugin. -->","yoast_head_json":{"title":"Maioria dos pa\u00edses da CPLP sobe no \u00edndice de liberdade de imprensa - Portal Tela Portugal","robots":{"index":"index","follow":"follow","max-snippet":"max-snippet:-1","max-image-preview":"max-image-preview:large","max-video-preview":"max-video-preview:-1"},"og_locale":"pt_PT","og_type":"article","og_title":"Maioria dos pa\u00edses da CPLP sobe no \u00edndice de liberdade de imprensa - Portal Tela Portugal","og_description":"A maioria dos pa\u00edses da CPLP subiu no \u00edndice de liberdade de imprensa, segundo um relat\u00f3rio da Rep\u00f3rteres Sem Fronteiras (RSF). Cabo Verde e Angola desceram posi\u00e7\u00f5es no mesmo ranking. O estudo foi divulgado hoje pela RSF. A RSF indica melhorias gerais na regi\u00e3o, sem especificar n\u00fameros ou pa\u00edses adicionais no resumo.","og_url":"https:\/\/portaltela.pt\/noticias\/2026\/04\/30\/maioria-dos-paises-da-cplp-sobe-no-indice-de-liberdade-de-imprensa\/","og_site_name":"Portal Tela Portugal","article_published_time":"2026-04-30T10:17:46+00:00","author":"Telinha","twitter_card":"summary_large_image","twitter_misc":{"Escrito por":"Telinha","Tempo estimado de leitura":"1 minuto"},"schema":{"@context":"https:\/\/schema.org","@graph":[{"@type":"Article","@id":"https:\/\/portaltela.pt\/noticias\/2026\/04\/30\/maioria-dos-paises-da-cplp-sobe-no-indice-de-liberdade-de-imprensa\/#article","isPartOf":{"@id":"https:\/\/portaltela.pt\/noticias\/2026\/04\/30\/maioria-dos-paises-da-cplp-sobe-no-indice-de-liberdade-de-imprensa\/"},"author":{"name":"Telinha","@id":"https:\/\/portaltela.pt\/#\/schema\/person\/c4278d4a6028830caff9ee44b42d32ed"},"headline":"Maioria dos pa\u00edses da CPLP sobe no \u00edndice de liberdade de imprensa","datePublished":"2026-04-30T10:17:46+00:00","mainEntityOfPage":{"@id":"https:\/\/portaltela.pt\/noticias\/2026\/04\/30\/maioria-dos-paises-da-cplp-sobe-no-indice-de-liberdade-de-imprensa\/"},"wordCount":115,"image":{"@id":"https:\/\/portaltela.pt\/noticias\/2026\/04\/30\/maioria-dos-paises-da-cplp-sobe-no-indice-de-liberdade-de-imprensa\/#primaryimage"},"thumbnailUrl":"https:\/\/portaltela.pt\/s.01k8rhncp4jt1\/2026\/04\/CACHE_780X1200_ANALOG_WATERMARKED_11329112_866945_24042019083634.jpg","keywords":["Angola","Cabo Verde","censura","CPLP","jornalistas","liberdade de imprensa"],"articleSection":["Internacional","Not\u00edcias"],"inLanguage":"pt-PT"},{"@type":"WebPage","@id":"https:\/\/portaltela.pt\/noticias\/2026\/04\/30\/maioria-dos-paises-da-cplp-sobe-no-indice-de-liberdade-de-imprensa\/","url":"https:\/\/portaltela.pt\/noticias\/2026\/04\/30\/maioria-dos-paises-da-cplp-sobe-no-indice-de-liberdade-de-imprensa\/","name":"Maioria dos pa\u00edses da CPLP sobe no \u00edndice de liberdade de imprensa - Portal Tela Portugal","isPartOf":{"@id":"https:\/\/portaltela.pt\/#website"},"primaryImageOfPage":{"@id":"https:\/\/portaltela.pt\/noticias\/2026\/04\/30\/maioria-dos-paises-da-cplp-sobe-no-indice-de-liberdade-de-imprensa\/#primaryimage"},"image":{"@id":"https:\/\/portaltela.pt\/noticias\/2026\/04\/30\/maioria-dos-paises-da-cplp-sobe-no-indice-de-liberdade-de-imprensa\/#primaryimage"},"thumbnailUrl":"https:\/\/portaltela.pt\/s.01k8rhncp4jt1\/2026\/04\/CACHE_780X1200_ANALOG_WATERMARKED_11329112_866945_24042019083634.jpg","datePublished":"2026-04-30T10:17:46+00:00","author":{"@id":"https:\/\/portaltela.pt\/#\/schema\/person\/c4278d4a6028830caff9ee44b42d32ed"},"breadcrumb":{"@id":"https:\/\/portaltela.pt\/noticias\/2026\/04\/30\/maioria-dos-paises-da-cplp-sobe-no-indice-de-liberdade-de-imprensa\/#breadcrumb"},"inLanguage":"pt-PT","potentialAction":[{"@type":"ReadAction","target":["https:\/\/portaltela.pt\/noticias\/2026\/04\/30\/maioria-dos-paises-da-cplp-sobe-no-indice-de-liberdade-de-imprensa\/"]}]},{"@type":"ImageObject","inLanguage":"pt-PT","@id":"https:\/\/portaltela.pt\/noticias\/2026\/04\/30\/maioria-dos-paises-da-cplp-sobe-no-indice-de-liberdade-de-imprensa\/#primaryimage","url":"https:\/\/portaltela.pt\/s.01k8rhncp4jt1\/2026\/04\/CACHE_780X1200_ANALOG_WATERMARKED_11329112_866945_24042019083634.jpg","contentUrl":"https:\/\/portaltela.pt\/s.01k8rhncp4jt1\/2026\/04\/CACHE_780X1200_ANALOG_WATERMARKED_11329112_866945_24042019083634.jpg","width":796,"height":448,"caption":"Maioria dos pa\u00edses da CPLP sobe no \u00edndice de liberdade de imprensa"},{"@type":"BreadcrumbList","@id":"https:\/\/portaltela.pt\/noticias\/2026\/04\/30\/maioria-dos-paises-da-cplp-sobe-no-indice-de-liberdade-de-imprensa\/#breadcrumb","itemListElement":[{"@type":"ListItem","position":1,"name":"In\u00edcio","item":"https:\/\/portaltela.pt\/"},{"@type":"ListItem","position":2,"name":"Maioria dos pa\u00edses da CPLP sobe no \u00edndice de liberdade de imprensa"}]},{"@type":"WebSite","@id":"https:\/\/portaltela.pt\/#website","url":"https:\/\/portaltela.pt\/","name":"Portal Tela Portugal","description":"","potentialAction":[{"@type":"SearchAction","target":{"@type":"EntryPoint","urlTemplate":"https:\/\/portaltela.pt\/?s={search_term_string}"},"query-input":{"@type":"PropertyValueSpecification","valueRequired":true,"valueName":"search_term_string"}}],"inLanguage":"pt-PT"},{"@type":"Person","@id":"https:\/\/portaltela.pt\/#\/schema\/person\/c4278d4a6028830caff9ee44b42d32ed","name":"Telinha","image":{"@type":"ImageObject","inLanguage":"pt-PT","@id":"https:\/\/portaltela.pt\/s.01k8rhncp4jt1\/2025\/11\/talking-bot-125x125.png","url":"https:\/\/portaltela.pt\/s.01k8rhncp4jt1\/2025\/11\/talking-bot-125x125.png","contentUrl":"https:\/\/portaltela.pt\/s.01k8rhncp4jt1\/2025\/11\/talking-bot-125x125.png","caption":"Telinha"},"sameAs":["https:\/\/portaltela.pt\/"],"url":"https:\/\/portaltela.pt\/por\/367410592786\/"}]}},"_links":{"self":[{"href":"https:\/\/portaltela.pt\/api\/wp\/v2\/posts\/462139","targetHints":{"allow":["GET"]}}],"collection":[{"href":"https:\/\/portaltela.pt\/api\/wp\/v2\/posts"}],"about":[{"href":"https:\/\/portaltela.pt\/api\/wp\/v2\/types\/post"}],"author":[{"embeddable":true,"href":"https:\/\/portaltela.pt\/api\/wp\/v2\/users\/2"}],"replies":[{"embeddable":true,"href":"https:\/\/portaltela.pt\/api\/wp\/v2\/comments?post=462139"}],"version-history":[{"count":0,"href":"https:\/\/portaltela.pt\/api\/wp\/v2\/posts\/462139\/revisions"}],"wp:featuredmedia":[{"embeddable":true,"href":"https:\/\/portaltela.pt\/api\/wp\/v2\/media\/462141"}],"wp:attachment":[{"href":"https:\/\/portaltela.pt\/api\/wp\/v2\/media?parent=462139"}],"wp:term":[{"taxonomy":"category","embeddable":true,"href":"https:\/\/portaltela.pt\/api\/wp\/v2\/categories?post=462139"},{"taxonomy":"post_tag","embeddable":true,"href":"https:\/\/portaltela.pt\/api\/wp\/v2\/tags?post=462139"}],"curies":[{"name":"wp","href":"https:\/\/api.w.org\/{rel}","templated":true}]}}