{"id":462125,"date":"2026-04-30T07:03:07","date_gmt":"2026-04-30T10:03:07","guid":{"rendered":"https:\/\/portaltela.pt\/noticias\/2026\/04\/30\/portugal-investe-em-ouro-verde-para-impulsionar-energia-limpa\/"},"modified":"2026-04-30T07:03:07","modified_gmt":"2026-04-30T10:03:07","slug":"portugal-investe-em-ouro-verde-para-impulsionar-energia-limpa","status":"publish","type":"post","link":"https:\/\/portaltela.pt\/meio-ambiente\/2026\/04\/30\/portugal-investe-em-ouro-verde-para-impulsionar-energia-limpa\/","title":{"rendered":"Portugal investe em ouro verde para impulsionar energia limpa"},"content":{"rendered":"<p>Portugal avan\u00e7a com o eucalipto como recurso-chave da bioeconomia, integrando investiga\u00e7\u00e3o, ind\u00fastria e floresta para produzir materiais sustent\u00e1veis j\u00e1 dispon\u00edveis no mercado. O foco \u00e9 transformar madeira em bioprodutos renov\u00e1veis que respondam \u00e0 escassez de recursos e \u00e0 descarboniza\u00e7\u00e3o.<\/p>\n<p>No centro da investiga\u00e7\u00e3o, o RAIZ \u2013 Instituto de Investiga\u00e7\u00e3o da Floresta e do Papel, em Aveiro, desenvolve aplica\u00e7\u00f5es que v\u00e3o al\u00e9m da fibra. A vis\u00e3o \u00e9 que o eucalipto possa gerar energia, qu\u00edmicos verdes e solu\u00e7\u00f5es para substituir recursos f\u00f3sseis, desde biocomp\u00f3sitos at\u00e9 bioqu\u00edmicos derivados da lenhina.<\/p>\n<p>Os laborat\u00f3rios trabalham ainda em e-fuels produzidos com CO2 biog\u00e9nico captado nos pr\u00f3prios processos industriais, uma linha que surge como op\u00e7\u00e3o para reduzir emiss\u00f5es no transporte. Cada parte da madeira recebe um novo prop\u00f3sito, numa aposta pela total utiliza\u00e7\u00e3o do eucalipto.<\/p>\n<h3>Embalagens que substituem pl\u00e1sticos de uso \u00fanico<\/h3>\n<p>Em Aveiro, a Navigator inaugurou em 2024 a f\u00e1brica de celulose moldada. A fibra de eucalipto transforma-se em embalagens r\u00edgidas, biodegrad\u00e1veis e recicl\u00e1veis, destinadas a substituir pl\u00e1sticos de uso \u00fanico. O portf\u00f3lio j\u00e1 inclui pratos, tigelas e embalagens para takeaway.<\/p>\n<p>Estas solu\u00e7\u00f5es chegam ao consumidor com vantagem de serem seguras, resistentes e com desagrega\u00e7\u00e3o r\u00e1pida na natureza. A produ\u00e7\u00e3o anual atinge cerca de 100 milh\u00f5es de unidades, colocando Portugal entre os l\u00edderes europeus em embalagens sustent\u00e1veis.<\/p>\n<p>A empresa destaca que a inova\u00e7\u00e3o permite substituir derivados do petr\u00f3leo com tecnologia 100% portuguesa, incluindo embalagens para carne, peixe e refei\u00e7\u00f5es prontas, facilitando a separa\u00e7\u00e3o de componentes para reciclagem.<\/p>\n<h3>Patamar europeu e futuro da bioeconomia florestal<\/h3>\n<p>O RAIZ re\u00fane universidades, ind\u00fastria e novos neg\u00f3cios baseados em fibra natural, acelerando a inova\u00e7\u00e3o na bioeconomia florestal. A gest\u00e3o inteligente da floresta e a digitaliza\u00e7\u00e3o sustentam a moderniza\u00e7\u00e3o da fileira da pasta e do papel.<\/p>\n<p>Catarina Novais, da The Navigator Company, sustenta que Portugal \u00e9 hoje refer\u00eancia mundial no setor, gra\u00e7as ao modelo de floresta plantada aliado a produtividade e inova\u00e7\u00e3o. A vis\u00e3o \u00e9 expandir valor sustent\u00e1vel para o pa\u00eds, pessoas e planeta.<\/p>\n<p>O contributo da investiga\u00e7\u00e3o tem permitido abrir portas a novas ind\u00fastrias, desde cosm\u00e9tica a nutrac\u00eauticos, passando por biocomp\u00f3sitos e combust\u00edveis sint\u00e9ticos. O eucalipto, bem gerido, surge como uma pe\u00e7a central da nova economia baseada na floresta.<\/p>\n<p>O conjunto de iniciativas evidencia Portugal como polo tecnol\u00f3gico em r\u00e1pido crescimento, com o eucalipto a cumprir um papel estrat\u00e9gico na transi\u00e7\u00e3o para uma economia mais circular, descarbonizada e menos dependente de recursos f\u00f3sseis.<\/p>\n","protected":false},"excerpt":{"rendered":"<ul>\n<li>Portugal investe na bioeconomia a partir do eucalipto, ligando floresta, investiga\u00e7\u00e3o e ind\u00fastria, com o RAIZ em Aveiro a acelerar o processo.<\/li>\n<li>No RAIZ, a madeira de eucalipto \u00e9 vista como biof\u00e1brica capaz de gerar energia, qu\u00edmicos verdes e solu\u00e7\u00f5es que substituem recursos f\u00f3sseis.<\/li>\n<li>A pesquisa desenvolve bioprodutos, biocomp\u00f3sitos e bioqu\u00edmicos a partir da lenhina, explorando aplica\u00e7\u00f5es para adesivos, revestimentos e materiais industriais.<\/li>\n<li>Prepara-se uma nova gera\u00e7\u00e3o de e-fuels produzidos com CO\u2082 biog\u00e9nico captado nos processos industriais, para reduzir emiss\u00f5es nos transportes.<\/li>\n<li>A Navigator inaugurou em Aveiro a f\u00e1brica de celulose moldada (2024), produzindo embalagens r\u00edgidas, biodegrad\u00e1veis e recicl\u00e1veis para substituir pl\u00e1sticos de uso \u00fanico, com capacidade de cerca de 100 milh\u00f5es de unidades por ano.<\/li>\n<\/ul>\n","protected":false},"author":2,"featured_media":462128,"comment_status":"closed","ping_status":"closed","sticky":false,"template":"","format":"standard","meta":{"footnotes":""},"categories":[6725],"tags":[8179,9908,7775,8051,8278,8392],"class_list":["post-462125","post","type-post","status-publish","format-standard","has-post-thumbnail","hentry","category-meio-ambiente","tag-_descarbonizacao","tag-_embalagens","tag-_energia","tag-_energias-renovaveis","tag-_floresta","tag-_madeira"],"yoast_head":"<!-- This site is optimized with the Yoast SEO plugin v27.2 - https:\/\/yoast.com\/product\/yoast-seo-wordpress\/ -->\n<title>Portugal investe em ouro verde para impulsionar energia limpa - Portal Tela Portugal<\/title>\n<meta name=\"robots\" content=\"index, follow, max-snippet:-1, max-image-preview:large, max-video-preview:-1\" \/>\n<meta property=\"og:locale\" content=\"pt_PT\" \/>\n<meta property=\"og:type\" content=\"article\" \/>\n<meta property=\"og:title\" content=\"Portugal investe em ouro verde para impulsionar energia limpa - Portal Tela Portugal\" \/>\n<meta property=\"og:description\" content=\"Portugal investe na bioeconomia a partir do eucalipto, ligando floresta, investiga\u00e7\u00e3o e ind\u00fastria, com o RAIZ em Aveiro a acelerar o processo. No RAIZ, a madeira de eucalipto \u00e9 vista como biof\u00e1brica capaz de gerar energia, qu\u00edmicos verdes e solu\u00e7\u00f5es que substituem recursos f\u00f3sseis. A pesquisa desenvolve bioprodutos, biocomp\u00f3sitos e bioqu\u00edmicos a partir da lenhina, explorando aplica\u00e7\u00f5es para adesivos, revestimentos e materiais industriais. Prepara-se uma nova gera\u00e7\u00e3o de e-fuels produzidos com CO\u2082 biog\u00e9nico captado nos processos industriais, para reduzir emiss\u00f5es nos transportes. A Navigator inaugurou em Aveiro a f\u00e1brica de celulose moldada (2024), produzindo embalagens r\u00edgidas, biodegrad\u00e1veis e recicl\u00e1veis para substituir pl\u00e1sticos de uso \u00fanico, com capacidade de cerca de 100 milh\u00f5es de unidades por ano.\" \/>\n<meta property=\"og:url\" content=\"https:\/\/portaltela.pt\/noticias\/2026\/04\/30\/portugal-investe-em-ouro-verde-para-impulsionar-energia-limpa\/\" \/>\n<meta property=\"og:site_name\" content=\"Portal Tela Portugal\" \/>\n<meta property=\"article:published_time\" content=\"2026-04-30T10:03:07+00:00\" \/>\n<meta name=\"author\" content=\"Telinha\" \/>\n<meta name=\"twitter:card\" content=\"summary_large_image\" \/>\n<meta name=\"twitter:label1\" content=\"Escrito por\" \/>\n\t<meta name=\"twitter:data1\" content=\"Telinha\" \/>\n\t<meta name=\"twitter:label2\" content=\"Tempo estimado de leitura\" \/>\n\t<meta name=\"twitter:data2\" content=\"2 minutos\" \/>\n<script type=\"application\/ld+json\" class=\"yoast-schema-graph\">{\"@context\":\"https:\/\/schema.org\",\"@graph\":[{\"@type\":\"Article\",\"@id\":\"https:\/\/portaltela.pt\/noticias\/2026\/04\/30\/portugal-investe-em-ouro-verde-para-impulsionar-energia-limpa\/#article\",\"isPartOf\":{\"@id\":\"https:\/\/portaltela.pt\/noticias\/2026\/04\/30\/portugal-investe-em-ouro-verde-para-impulsionar-energia-limpa\/\"},\"author\":{\"name\":\"Telinha\",\"@id\":\"https:\/\/portaltela.pt\/#\/schema\/person\/c4278d4a6028830caff9ee44b42d32ed\"},\"headline\":\"Portugal investe em ouro verde para impulsionar energia limpa\",\"datePublished\":\"2026-04-30T10:03:07+00:00\",\"mainEntityOfPage\":{\"@id\":\"https:\/\/portaltela.pt\/noticias\/2026\/04\/30\/portugal-investe-em-ouro-verde-para-impulsionar-energia-limpa\/\"},\"wordCount\":460,\"image\":{\"@id\":\"https:\/\/portaltela.pt\/noticias\/2026\/04\/30\/portugal-investe-em-ouro-verde-para-impulsionar-energia-limpa\/#primaryimage\"},\"thumbnailUrl\":\"https:\/\/portaltela.pt\/s.01k8rhncp4jt1\/2026\/04\/img_1280x719uu2026-04-16-12-57-33-2278910.jpg\",\"keywords\":[\"_descarboniza\u00e7\u00e3o\",\"_embalagens\",\"_energia\",\"_energias renov\u00e1veis\",\"_floresta\",\"_Madeira\"],\"articleSection\":[\"Meio Ambiente\"],\"inLanguage\":\"pt-PT\"},{\"@type\":\"WebPage\",\"@id\":\"https:\/\/portaltela.pt\/noticias\/2026\/04\/30\/portugal-investe-em-ouro-verde-para-impulsionar-energia-limpa\/\",\"url\":\"https:\/\/portaltela.pt\/noticias\/2026\/04\/30\/portugal-investe-em-ouro-verde-para-impulsionar-energia-limpa\/\",\"name\":\"Portugal investe em ouro verde para impulsionar energia limpa - Portal Tela Portugal\",\"isPartOf\":{\"@id\":\"https:\/\/portaltela.pt\/#website\"},\"primaryImageOfPage\":{\"@id\":\"https:\/\/portaltela.pt\/noticias\/2026\/04\/30\/portugal-investe-em-ouro-verde-para-impulsionar-energia-limpa\/#primaryimage\"},\"image\":{\"@id\":\"https:\/\/portaltela.pt\/noticias\/2026\/04\/30\/portugal-investe-em-ouro-verde-para-impulsionar-energia-limpa\/#primaryimage\"},\"thumbnailUrl\":\"https:\/\/portaltela.pt\/s.01k8rhncp4jt1\/2026\/04\/img_1280x719uu2026-04-16-12-57-33-2278910.jpg\",\"datePublished\":\"2026-04-30T10:03:07+00:00\",\"author\":{\"@id\":\"https:\/\/portaltela.pt\/#\/schema\/person\/c4278d4a6028830caff9ee44b42d32ed\"},\"breadcrumb\":{\"@id\":\"https:\/\/portaltela.pt\/noticias\/2026\/04\/30\/portugal-investe-em-ouro-verde-para-impulsionar-energia-limpa\/#breadcrumb\"},\"inLanguage\":\"pt-PT\",\"potentialAction\":[{\"@type\":\"ReadAction\",\"target\":[\"https:\/\/portaltela.pt\/noticias\/2026\/04\/30\/portugal-investe-em-ouro-verde-para-impulsionar-energia-limpa\/\"]}]},{\"@type\":\"ImageObject\",\"inLanguage\":\"pt-PT\",\"@id\":\"https:\/\/portaltela.pt\/noticias\/2026\/04\/30\/portugal-investe-em-ouro-verde-para-impulsionar-energia-limpa\/#primaryimage\",\"url\":\"https:\/\/portaltela.pt\/s.01k8rhncp4jt1\/2026\/04\/img_1280x719uu2026-04-16-12-57-33-2278910.jpg\",\"contentUrl\":\"https:\/\/portaltela.pt\/s.01k8rhncp4jt1\/2026\/04\/img_1280x719uu2026-04-16-12-57-33-2278910.jpg\",\"width\":796,\"height\":448,\"caption\":\"Photo\"},{\"@type\":\"BreadcrumbList\",\"@id\":\"https:\/\/portaltela.pt\/noticias\/2026\/04\/30\/portugal-investe-em-ouro-verde-para-impulsionar-energia-limpa\/#breadcrumb\",\"itemListElement\":[{\"@type\":\"ListItem\",\"position\":1,\"name\":\"In\u00edcio\",\"item\":\"https:\/\/portaltela.pt\/\"},{\"@type\":\"ListItem\",\"position\":2,\"name\":\"Portugal investe em ouro verde para impulsionar energia limpa\"}]},{\"@type\":\"WebSite\",\"@id\":\"https:\/\/portaltela.pt\/#website\",\"url\":\"https:\/\/portaltela.pt\/\",\"name\":\"Portal Tela Portugal\",\"description\":\"\",\"potentialAction\":[{\"@type\":\"SearchAction\",\"target\":{\"@type\":\"EntryPoint\",\"urlTemplate\":\"https:\/\/portaltela.pt\/?s={search_term_string}\"},\"query-input\":{\"@type\":\"PropertyValueSpecification\",\"valueRequired\":true,\"valueName\":\"search_term_string\"}}],\"inLanguage\":\"pt-PT\"},{\"@type\":\"Person\",\"@id\":\"https:\/\/portaltela.pt\/#\/schema\/person\/c4278d4a6028830caff9ee44b42d32ed\",\"name\":\"Telinha\",\"image\":{\"@type\":\"ImageObject\",\"inLanguage\":\"pt-PT\",\"@id\":\"https:\/\/portaltela.pt\/s.01k8rhncp4jt1\/2025\/11\/talking-bot-125x125.png\",\"url\":\"https:\/\/portaltela.pt\/s.01k8rhncp4jt1\/2025\/11\/talking-bot-125x125.png\",\"contentUrl\":\"https:\/\/portaltela.pt\/s.01k8rhncp4jt1\/2025\/11\/talking-bot-125x125.png\",\"caption\":\"Telinha\"},\"sameAs\":[\"https:\/\/portaltela.pt\/\"],\"url\":\"https:\/\/portaltela.pt\/por\/367410592786\/\"}]}<\/script>\n<!-- \/ Yoast SEO plugin. -->","yoast_head_json":{"title":"Portugal investe em ouro verde para impulsionar energia limpa - Portal Tela Portugal","robots":{"index":"index","follow":"follow","max-snippet":"max-snippet:-1","max-image-preview":"max-image-preview:large","max-video-preview":"max-video-preview:-1"},"og_locale":"pt_PT","og_type":"article","og_title":"Portugal investe em ouro verde para impulsionar energia limpa - Portal Tela Portugal","og_description":"Portugal investe na bioeconomia a partir do eucalipto, ligando floresta, investiga\u00e7\u00e3o e ind\u00fastria, com o RAIZ em Aveiro a acelerar o processo. No RAIZ, a madeira de eucalipto \u00e9 vista como biof\u00e1brica capaz de gerar energia, qu\u00edmicos verdes e solu\u00e7\u00f5es que substituem recursos f\u00f3sseis. A pesquisa desenvolve bioprodutos, biocomp\u00f3sitos e bioqu\u00edmicos a partir da lenhina, explorando aplica\u00e7\u00f5es para adesivos, revestimentos e materiais industriais. Prepara-se uma nova gera\u00e7\u00e3o de e-fuels produzidos com CO\u2082 biog\u00e9nico captado nos processos industriais, para reduzir emiss\u00f5es nos transportes. A Navigator inaugurou em Aveiro a f\u00e1brica de celulose moldada (2024), produzindo embalagens r\u00edgidas, biodegrad\u00e1veis e recicl\u00e1veis para substituir pl\u00e1sticos de uso \u00fanico, com capacidade de cerca de 100 milh\u00f5es de unidades por ano.","og_url":"https:\/\/portaltela.pt\/noticias\/2026\/04\/30\/portugal-investe-em-ouro-verde-para-impulsionar-energia-limpa\/","og_site_name":"Portal Tela Portugal","article_published_time":"2026-04-30T10:03:07+00:00","author":"Telinha","twitter_card":"summary_large_image","twitter_misc":{"Escrito por":"Telinha","Tempo estimado de leitura":"2 minutos"},"schema":{"@context":"https:\/\/schema.org","@graph":[{"@type":"Article","@id":"https:\/\/portaltela.pt\/noticias\/2026\/04\/30\/portugal-investe-em-ouro-verde-para-impulsionar-energia-limpa\/#article","isPartOf":{"@id":"https:\/\/portaltela.pt\/noticias\/2026\/04\/30\/portugal-investe-em-ouro-verde-para-impulsionar-energia-limpa\/"},"author":{"name":"Telinha","@id":"https:\/\/portaltela.pt\/#\/schema\/person\/c4278d4a6028830caff9ee44b42d32ed"},"headline":"Portugal investe em ouro verde para impulsionar energia limpa","datePublished":"2026-04-30T10:03:07+00:00","mainEntityOfPage":{"@id":"https:\/\/portaltela.pt\/noticias\/2026\/04\/30\/portugal-investe-em-ouro-verde-para-impulsionar-energia-limpa\/"},"wordCount":460,"image":{"@id":"https:\/\/portaltela.pt\/noticias\/2026\/04\/30\/portugal-investe-em-ouro-verde-para-impulsionar-energia-limpa\/#primaryimage"},"thumbnailUrl":"https:\/\/portaltela.pt\/s.01k8rhncp4jt1\/2026\/04\/img_1280x719uu2026-04-16-12-57-33-2278910.jpg","keywords":["_descarboniza\u00e7\u00e3o","_embalagens","_energia","_energias renov\u00e1veis","_floresta","_Madeira"],"articleSection":["Meio Ambiente"],"inLanguage":"pt-PT"},{"@type":"WebPage","@id":"https:\/\/portaltela.pt\/noticias\/2026\/04\/30\/portugal-investe-em-ouro-verde-para-impulsionar-energia-limpa\/","url":"https:\/\/portaltela.pt\/noticias\/2026\/04\/30\/portugal-investe-em-ouro-verde-para-impulsionar-energia-limpa\/","name":"Portugal investe em ouro verde para impulsionar energia limpa - Portal Tela Portugal","isPartOf":{"@id":"https:\/\/portaltela.pt\/#website"},"primaryImageOfPage":{"@id":"https:\/\/portaltela.pt\/noticias\/2026\/04\/30\/portugal-investe-em-ouro-verde-para-impulsionar-energia-limpa\/#primaryimage"},"image":{"@id":"https:\/\/portaltela.pt\/noticias\/2026\/04\/30\/portugal-investe-em-ouro-verde-para-impulsionar-energia-limpa\/#primaryimage"},"thumbnailUrl":"https:\/\/portaltela.pt\/s.01k8rhncp4jt1\/2026\/04\/img_1280x719uu2026-04-16-12-57-33-2278910.jpg","datePublished":"2026-04-30T10:03:07+00:00","author":{"@id":"https:\/\/portaltela.pt\/#\/schema\/person\/c4278d4a6028830caff9ee44b42d32ed"},"breadcrumb":{"@id":"https:\/\/portaltela.pt\/noticias\/2026\/04\/30\/portugal-investe-em-ouro-verde-para-impulsionar-energia-limpa\/#breadcrumb"},"inLanguage":"pt-PT","potentialAction":[{"@type":"ReadAction","target":["https:\/\/portaltela.pt\/noticias\/2026\/04\/30\/portugal-investe-em-ouro-verde-para-impulsionar-energia-limpa\/"]}]},{"@type":"ImageObject","inLanguage":"pt-PT","@id":"https:\/\/portaltela.pt\/noticias\/2026\/04\/30\/portugal-investe-em-ouro-verde-para-impulsionar-energia-limpa\/#primaryimage","url":"https:\/\/portaltela.pt\/s.01k8rhncp4jt1\/2026\/04\/img_1280x719uu2026-04-16-12-57-33-2278910.jpg","contentUrl":"https:\/\/portaltela.pt\/s.01k8rhncp4jt1\/2026\/04\/img_1280x719uu2026-04-16-12-57-33-2278910.jpg","width":796,"height":448,"caption":"Photo"},{"@type":"BreadcrumbList","@id":"https:\/\/portaltela.pt\/noticias\/2026\/04\/30\/portugal-investe-em-ouro-verde-para-impulsionar-energia-limpa\/#breadcrumb","itemListElement":[{"@type":"ListItem","position":1,"name":"In\u00edcio","item":"https:\/\/portaltela.pt\/"},{"@type":"ListItem","position":2,"name":"Portugal investe em ouro verde para impulsionar energia limpa"}]},{"@type":"WebSite","@id":"https:\/\/portaltela.pt\/#website","url":"https:\/\/portaltela.pt\/","name":"Portal Tela Portugal","description":"","potentialAction":[{"@type":"SearchAction","target":{"@type":"EntryPoint","urlTemplate":"https:\/\/portaltela.pt\/?s={search_term_string}"},"query-input":{"@type":"PropertyValueSpecification","valueRequired":true,"valueName":"search_term_string"}}],"inLanguage":"pt-PT"},{"@type":"Person","@id":"https:\/\/portaltela.pt\/#\/schema\/person\/c4278d4a6028830caff9ee44b42d32ed","name":"Telinha","image":{"@type":"ImageObject","inLanguage":"pt-PT","@id":"https:\/\/portaltela.pt\/s.01k8rhncp4jt1\/2025\/11\/talking-bot-125x125.png","url":"https:\/\/portaltela.pt\/s.01k8rhncp4jt1\/2025\/11\/talking-bot-125x125.png","contentUrl":"https:\/\/portaltela.pt\/s.01k8rhncp4jt1\/2025\/11\/talking-bot-125x125.png","caption":"Telinha"},"sameAs":["https:\/\/portaltela.pt\/"],"url":"https:\/\/portaltela.pt\/por\/367410592786\/"}]}},"_links":{"self":[{"href":"https:\/\/portaltela.pt\/api\/wp\/v2\/posts\/462125","targetHints":{"allow":["GET"]}}],"collection":[{"href":"https:\/\/portaltela.pt\/api\/wp\/v2\/posts"}],"about":[{"href":"https:\/\/portaltela.pt\/api\/wp\/v2\/types\/post"}],"author":[{"embeddable":true,"href":"https:\/\/portaltela.pt\/api\/wp\/v2\/users\/2"}],"replies":[{"embeddable":true,"href":"https:\/\/portaltela.pt\/api\/wp\/v2\/comments?post=462125"}],"version-history":[{"count":0,"href":"https:\/\/portaltela.pt\/api\/wp\/v2\/posts\/462125\/revisions"}],"wp:featuredmedia":[{"embeddable":true,"href":"https:\/\/portaltela.pt\/api\/wp\/v2\/media\/462128"}],"wp:attachment":[{"href":"https:\/\/portaltela.pt\/api\/wp\/v2\/media?parent=462125"}],"wp:term":[{"taxonomy":"category","embeddable":true,"href":"https:\/\/portaltela.pt\/api\/wp\/v2\/categories?post=462125"},{"taxonomy":"post_tag","embeddable":true,"href":"https:\/\/portaltela.pt\/api\/wp\/v2\/tags?post=462125"}],"curies":[{"name":"wp","href":"https:\/\/api.w.org\/{rel}","templated":true}]}}