{"id":462116,"date":"2026-04-30T06:48:01","date_gmt":"2026-04-30T09:48:01","guid":{"rendered":"https:\/\/portaltela.pt\/noticias\/2026\/04\/30\/senado-rejeita-indicacao-de-lula-ao-supremo-tribunal\/"},"modified":"2026-04-30T06:48:01","modified_gmt":"2026-04-30T09:48:01","slug":"senado-rejeita-indicacao-de-lula-ao-supremo-tribunal","status":"publish","type":"post","link":"https:\/\/portaltela.pt\/noticias\/politica\/2026\/04\/30\/senado-rejeita-indicacao-de-lula-ao-supremo-tribunal\/","title":{"rendered":"Senado rejeita indica\u00e7\u00e3o de Lula ao Supremo Tribunal"},"content":{"rendered":"<p>O Senado rejeitou a nomea\u00e7\u00e3o de Jorge Messias para o Supremo Tribunal Federal (STF) apresentada pelo Presidente Lula da Silva. A vota\u00e7\u00e3o ocorreu na quarta-feira, num momento de forte tens\u00e3o entre o Governo e o Congresso. A decis\u00e3o impede que Messias ocupe a vaga deixada por Lu\u00eds Roberto Barroso.<\/p>\n<p>A rejei\u00e7\u00e3o foi de 42 votos contra. O presidente do Senado, Davi Alcolumbre, teve papel determinante na estrat\u00e9gia, defendendo uma mudan\u00e7a de nome para a vaga. Lula mantinha o apoio de parte do PT, com a expectativa de atrair conservadores devido ao perfil evang\u00e9lico de Messias.<\/p>\n<p>Messias, atual Advogado-Geral da Uni\u00e3o, \u00e9 visto como aliado do governo e tem la\u00e7os com Dilma Rousseff. Mesmo assim, a oposi\u00e7\u00e3o apontou que o Senado atua com soberania e que o processo n\u00e3o atingiu o seu objetivo. O governo j\u00e1 reconheceu a derrota.<\/p>\n<h3>Repercuss\u00f5es pol\u00edticas<\/h3>\n<p>Horas antes da vota\u00e7\u00e3o, a Comiss\u00e3o de Constitui\u00e7\u00e3o e Justi\u00e7a aprovou o nome por margem estreita, mas o plen\u00e1rio rejeitou. A decis\u00e3o acentua o atrito entre Executivo, Legislativo e Supremo, num momento de crise institucional.<\/p>\n<p>A contenda acontece em meio a um cen\u00e1rio de maior mobiliza\u00e7\u00e3o de apoiantes de Fl\u00e1vio Bolsonaro, sugerindo poss\u00edvel vantagem em eventuais elei\u00e7\u00f5es de outubro. Sinais indicam que o Governo ter\u00e1 dificuldades em angariar uma maioria est\u00e1vel at\u00e9 ao fim do mandato.<\/p>\n<p>A oposi\u00e7\u00e3o defende que a nomea\u00e7\u00e3o de um novo juiz para o STF s\u00f3 deve ocorrer ap\u00f3s as elei\u00e7\u00f5es. Analysts indicam que a recusa marca uma posi\u00e7\u00e3o de resist\u00eancia do Congresso a altera\u00e7\u00f5es na composi\u00e7\u00e3o do tribunal.<\/p>\n","protected":false},"excerpt":{"rendered":"<ul>\n<li>O Senado chumbou a nomea\u00e7\u00e3o de Jorge Messias para o Supremo Tribunal Federal (STF), proposta pelo Presidente Lula da Silva, com uma maioria de 42 votos.<\/li>\n<li>A rejei\u00e7\u00e3o ocorreu na quarta-feira \u00e0 noite, sendo a primeira vez em mais de 130 anos que o Governo tem uma nomea\u00e7\u00e3o para o STF rejeitada pelo Senado (a \u00faltima foi em 1894).<\/li>\n<li>A derrota foi articulada pelo presidente do Senado, Davi Alcolumbre, que tinha prefer\u00eancia por Rodrigo Pacheco para ocupar a vaga deixada por Lu\u00eds Roberto Barroso.<\/li>\n<li>Messias, atual advogado-geral da Uni\u00e3o, \u00e9 pr\u00f3ximo do PT e j\u00e1 trabalhou com a ex-Presidente Dilma Rousseff; o Governo esperava que, por ser evang\u00e9lico, pudesse atrair votos conservadores.<\/li>\n<li>A rejei\u00e7\u00e3o ocorre num momento de tens\u00e3o entre Governo, Congresso e STF, em meio a tens\u00f5es pol\u00edticas e a crescentes expectativas entre bolsonaristas quanto a elei\u00e7\u00f5es de outubro.<\/li>\n<\/ul>\n","protected":false},"author":2,"featured_media":462118,"comment_status":"closed","ping_status":"closed","sticky":false,"template":"","format":"standard","meta":{"footnotes":""},"categories":[1,5],"tags":[8186,7952,8770,7913,8059,8080],"class_list":["post-462116","post","type-post","status-publish","format-standard","has-post-thumbnail","hentry","category-noticias","category-politica","tag-_constituicao","tag-_governo","tag-_justica","tag-_politica","tag-_politica-interna","tag-_tribunais"],"yoast_head":"<!-- This site is optimized with the Yoast SEO plugin v27.2 - https:\/\/yoast.com\/product\/yoast-seo-wordpress\/ -->\n<title>Senado rejeita indica\u00e7\u00e3o de Lula ao Supremo Tribunal - Portal Tela Portugal<\/title>\n<meta name=\"robots\" content=\"index, follow, max-snippet:-1, max-image-preview:large, max-video-preview:-1\" \/>\n<meta property=\"og:locale\" content=\"pt_PT\" \/>\n<meta property=\"og:type\" content=\"article\" \/>\n<meta property=\"og:title\" content=\"Senado rejeita indica\u00e7\u00e3o de Lula ao Supremo Tribunal - Portal Tela Portugal\" \/>\n<meta property=\"og:description\" content=\"O Senado chumbou a nomea\u00e7\u00e3o de Jorge Messias para o Supremo Tribunal Federal (STF), proposta pelo Presidente Lula da Silva, com uma maioria de 42 votos. A rejei\u00e7\u00e3o ocorreu na quarta-feira \u00e0 noite, sendo a primeira vez em mais de 130 anos que o Governo tem uma nomea\u00e7\u00e3o para o STF rejeitada pelo Senado (a \u00faltima foi em 1894). A derrota foi articulada pelo presidente do Senado, Davi Alcolumbre, que tinha prefer\u00eancia por Rodrigo Pacheco para ocupar a vaga deixada por Lu\u00eds Roberto Barroso. Messias, atual advogado-geral da Uni\u00e3o, \u00e9 pr\u00f3ximo do PT e j\u00e1 trabalhou com a ex-Presidente Dilma Rousseff; o Governo esperava que, por ser evang\u00e9lico, pudesse atrair votos conservadores. A rejei\u00e7\u00e3o ocorre num momento de tens\u00e3o entre Governo, Congresso e STF, em meio a tens\u00f5es pol\u00edticas e a crescentes expectativas entre bolsonaristas quanto a elei\u00e7\u00f5es de outubro.\" \/>\n<meta property=\"og:url\" content=\"https:\/\/portaltela.pt\/noticias\/2026\/04\/30\/senado-rejeita-indicacao-de-lula-ao-supremo-tribunal\/\" \/>\n<meta property=\"og:site_name\" content=\"Portal Tela Portugal\" \/>\n<meta property=\"article:published_time\" content=\"2026-04-30T09:48:01+00:00\" \/>\n<meta name=\"author\" content=\"Telinha\" \/>\n<meta name=\"twitter:card\" content=\"summary_large_image\" \/>\n<meta name=\"twitter:label1\" content=\"Escrito por\" \/>\n\t<meta name=\"twitter:data1\" content=\"Telinha\" \/>\n\t<meta name=\"twitter:label2\" content=\"Tempo estimado de leitura\" \/>\n\t<meta name=\"twitter:data2\" content=\"1 minuto\" \/>\n<script type=\"application\/ld+json\" class=\"yoast-schema-graph\">{\"@context\":\"https:\/\/schema.org\",\"@graph\":[{\"@type\":\"Article\",\"@id\":\"https:\/\/portaltela.pt\/noticias\/2026\/04\/30\/senado-rejeita-indicacao-de-lula-ao-supremo-tribunal\/#article\",\"isPartOf\":{\"@id\":\"https:\/\/portaltela.pt\/noticias\/2026\/04\/30\/senado-rejeita-indicacao-de-lula-ao-supremo-tribunal\/\"},\"author\":{\"name\":\"Telinha\",\"@id\":\"https:\/\/portaltela.pt\/#\/schema\/person\/c4278d4a6028830caff9ee44b42d32ed\"},\"headline\":\"Senado rejeita indica\u00e7\u00e3o de Lula ao Supremo Tribunal\",\"datePublished\":\"2026-04-30T09:48:01+00:00\",\"mainEntityOfPage\":{\"@id\":\"https:\/\/portaltela.pt\/noticias\/2026\/04\/30\/senado-rejeita-indicacao-de-lula-ao-supremo-tribunal\/\"},\"wordCount\":295,\"image\":{\"@id\":\"https:\/\/portaltela.pt\/noticias\/2026\/04\/30\/senado-rejeita-indicacao-de-lula-ao-supremo-tribunal\/#primaryimage\"},\"thumbnailUrl\":\"https:\/\/portaltela.pt\/s.01k8rhncp4jt1\/2026\/04\/2085129.jpg\",\"keywords\":[\"_constitui\u00e7\u00e3o\",\"_governo\",\"_justi\u00e7a\",\"_pol\u00edtica\",\"_pol\u00edtica interna\",\"_Tribunais\"],\"articleSection\":[\"Not\u00edcias\",\"Pol\u00edtica\"],\"inLanguage\":\"pt-PT\"},{\"@type\":\"WebPage\",\"@id\":\"https:\/\/portaltela.pt\/noticias\/2026\/04\/30\/senado-rejeita-indicacao-de-lula-ao-supremo-tribunal\/\",\"url\":\"https:\/\/portaltela.pt\/noticias\/2026\/04\/30\/senado-rejeita-indicacao-de-lula-ao-supremo-tribunal\/\",\"name\":\"Senado rejeita indica\u00e7\u00e3o de Lula ao Supremo Tribunal - Portal Tela Portugal\",\"isPartOf\":{\"@id\":\"https:\/\/portaltela.pt\/#website\"},\"primaryImageOfPage\":{\"@id\":\"https:\/\/portaltela.pt\/noticias\/2026\/04\/30\/senado-rejeita-indicacao-de-lula-ao-supremo-tribunal\/#primaryimage\"},\"image\":{\"@id\":\"https:\/\/portaltela.pt\/noticias\/2026\/04\/30\/senado-rejeita-indicacao-de-lula-ao-supremo-tribunal\/#primaryimage\"},\"thumbnailUrl\":\"https:\/\/portaltela.pt\/s.01k8rhncp4jt1\/2026\/04\/2085129.jpg\",\"datePublished\":\"2026-04-30T09:48:01+00:00\",\"author\":{\"@id\":\"https:\/\/portaltela.pt\/#\/schema\/person\/c4278d4a6028830caff9ee44b42d32ed\"},\"breadcrumb\":{\"@id\":\"https:\/\/portaltela.pt\/noticias\/2026\/04\/30\/senado-rejeita-indicacao-de-lula-ao-supremo-tribunal\/#breadcrumb\"},\"inLanguage\":\"pt-PT\",\"potentialAction\":[{\"@type\":\"ReadAction\",\"target\":[\"https:\/\/portaltela.pt\/noticias\/2026\/04\/30\/senado-rejeita-indicacao-de-lula-ao-supremo-tribunal\/\"]}]},{\"@type\":\"ImageObject\",\"inLanguage\":\"pt-PT\",\"@id\":\"https:\/\/portaltela.pt\/noticias\/2026\/04\/30\/senado-rejeita-indicacao-de-lula-ao-supremo-tribunal\/#primaryimage\",\"url\":\"https:\/\/portaltela.pt\/s.01k8rhncp4jt1\/2026\/04\/2085129.jpg\",\"contentUrl\":\"https:\/\/portaltela.pt\/s.01k8rhncp4jt1\/2026\/04\/2085129.jpg\",\"width\":796,\"height\":448,\"caption\":\"Rela\u00e7\u00e3o de Lula da Silva com o Congresso ser\u00e1 ainda mais complicada na recta final do seu mandato\"},{\"@type\":\"BreadcrumbList\",\"@id\":\"https:\/\/portaltela.pt\/noticias\/2026\/04\/30\/senado-rejeita-indicacao-de-lula-ao-supremo-tribunal\/#breadcrumb\",\"itemListElement\":[{\"@type\":\"ListItem\",\"position\":1,\"name\":\"In\u00edcio\",\"item\":\"https:\/\/portaltela.pt\/\"},{\"@type\":\"ListItem\",\"position\":2,\"name\":\"Senado rejeita indica\u00e7\u00e3o de Lula ao Supremo Tribunal\"}]},{\"@type\":\"WebSite\",\"@id\":\"https:\/\/portaltela.pt\/#website\",\"url\":\"https:\/\/portaltela.pt\/\",\"name\":\"Portal Tela Portugal\",\"description\":\"\",\"potentialAction\":[{\"@type\":\"SearchAction\",\"target\":{\"@type\":\"EntryPoint\",\"urlTemplate\":\"https:\/\/portaltela.pt\/?s={search_term_string}\"},\"query-input\":{\"@type\":\"PropertyValueSpecification\",\"valueRequired\":true,\"valueName\":\"search_term_string\"}}],\"inLanguage\":\"pt-PT\"},{\"@type\":\"Person\",\"@id\":\"https:\/\/portaltela.pt\/#\/schema\/person\/c4278d4a6028830caff9ee44b42d32ed\",\"name\":\"Telinha\",\"image\":{\"@type\":\"ImageObject\",\"inLanguage\":\"pt-PT\",\"@id\":\"https:\/\/portaltela.pt\/s.01k8rhncp4jt1\/2025\/11\/talking-bot-125x125.png\",\"url\":\"https:\/\/portaltela.pt\/s.01k8rhncp4jt1\/2025\/11\/talking-bot-125x125.png\",\"contentUrl\":\"https:\/\/portaltela.pt\/s.01k8rhncp4jt1\/2025\/11\/talking-bot-125x125.png\",\"caption\":\"Telinha\"},\"sameAs\":[\"https:\/\/portaltela.pt\/\"],\"url\":\"https:\/\/portaltela.pt\/por\/367410592786\/\"}]}<\/script>\n<!-- \/ Yoast SEO plugin. -->","yoast_head_json":{"title":"Senado rejeita indica\u00e7\u00e3o de Lula ao Supremo Tribunal - Portal Tela Portugal","robots":{"index":"index","follow":"follow","max-snippet":"max-snippet:-1","max-image-preview":"max-image-preview:large","max-video-preview":"max-video-preview:-1"},"og_locale":"pt_PT","og_type":"article","og_title":"Senado rejeita indica\u00e7\u00e3o de Lula ao Supremo Tribunal - Portal Tela Portugal","og_description":"O Senado chumbou a nomea\u00e7\u00e3o de Jorge Messias para o Supremo Tribunal Federal (STF), proposta pelo Presidente Lula da Silva, com uma maioria de 42 votos. A rejei\u00e7\u00e3o ocorreu na quarta-feira \u00e0 noite, sendo a primeira vez em mais de 130 anos que o Governo tem uma nomea\u00e7\u00e3o para o STF rejeitada pelo Senado (a \u00faltima foi em 1894). A derrota foi articulada pelo presidente do Senado, Davi Alcolumbre, que tinha prefer\u00eancia por Rodrigo Pacheco para ocupar a vaga deixada por Lu\u00eds Roberto Barroso. Messias, atual advogado-geral da Uni\u00e3o, \u00e9 pr\u00f3ximo do PT e j\u00e1 trabalhou com a ex-Presidente Dilma Rousseff; o Governo esperava que, por ser evang\u00e9lico, pudesse atrair votos conservadores. A rejei\u00e7\u00e3o ocorre num momento de tens\u00e3o entre Governo, Congresso e STF, em meio a tens\u00f5es pol\u00edticas e a crescentes expectativas entre bolsonaristas quanto a elei\u00e7\u00f5es de outubro.","og_url":"https:\/\/portaltela.pt\/noticias\/2026\/04\/30\/senado-rejeita-indicacao-de-lula-ao-supremo-tribunal\/","og_site_name":"Portal Tela Portugal","article_published_time":"2026-04-30T09:48:01+00:00","author":"Telinha","twitter_card":"summary_large_image","twitter_misc":{"Escrito por":"Telinha","Tempo estimado de leitura":"1 minuto"},"schema":{"@context":"https:\/\/schema.org","@graph":[{"@type":"Article","@id":"https:\/\/portaltela.pt\/noticias\/2026\/04\/30\/senado-rejeita-indicacao-de-lula-ao-supremo-tribunal\/#article","isPartOf":{"@id":"https:\/\/portaltela.pt\/noticias\/2026\/04\/30\/senado-rejeita-indicacao-de-lula-ao-supremo-tribunal\/"},"author":{"name":"Telinha","@id":"https:\/\/portaltela.pt\/#\/schema\/person\/c4278d4a6028830caff9ee44b42d32ed"},"headline":"Senado rejeita indica\u00e7\u00e3o de Lula ao Supremo Tribunal","datePublished":"2026-04-30T09:48:01+00:00","mainEntityOfPage":{"@id":"https:\/\/portaltela.pt\/noticias\/2026\/04\/30\/senado-rejeita-indicacao-de-lula-ao-supremo-tribunal\/"},"wordCount":295,"image":{"@id":"https:\/\/portaltela.pt\/noticias\/2026\/04\/30\/senado-rejeita-indicacao-de-lula-ao-supremo-tribunal\/#primaryimage"},"thumbnailUrl":"https:\/\/portaltela.pt\/s.01k8rhncp4jt1\/2026\/04\/2085129.jpg","keywords":["_constitui\u00e7\u00e3o","_governo","_justi\u00e7a","_pol\u00edtica","_pol\u00edtica interna","_Tribunais"],"articleSection":["Not\u00edcias","Pol\u00edtica"],"inLanguage":"pt-PT"},{"@type":"WebPage","@id":"https:\/\/portaltela.pt\/noticias\/2026\/04\/30\/senado-rejeita-indicacao-de-lula-ao-supremo-tribunal\/","url":"https:\/\/portaltela.pt\/noticias\/2026\/04\/30\/senado-rejeita-indicacao-de-lula-ao-supremo-tribunal\/","name":"Senado rejeita indica\u00e7\u00e3o de Lula ao Supremo Tribunal - Portal Tela Portugal","isPartOf":{"@id":"https:\/\/portaltela.pt\/#website"},"primaryImageOfPage":{"@id":"https:\/\/portaltela.pt\/noticias\/2026\/04\/30\/senado-rejeita-indicacao-de-lula-ao-supremo-tribunal\/#primaryimage"},"image":{"@id":"https:\/\/portaltela.pt\/noticias\/2026\/04\/30\/senado-rejeita-indicacao-de-lula-ao-supremo-tribunal\/#primaryimage"},"thumbnailUrl":"https:\/\/portaltela.pt\/s.01k8rhncp4jt1\/2026\/04\/2085129.jpg","datePublished":"2026-04-30T09:48:01+00:00","author":{"@id":"https:\/\/portaltela.pt\/#\/schema\/person\/c4278d4a6028830caff9ee44b42d32ed"},"breadcrumb":{"@id":"https:\/\/portaltela.pt\/noticias\/2026\/04\/30\/senado-rejeita-indicacao-de-lula-ao-supremo-tribunal\/#breadcrumb"},"inLanguage":"pt-PT","potentialAction":[{"@type":"ReadAction","target":["https:\/\/portaltela.pt\/noticias\/2026\/04\/30\/senado-rejeita-indicacao-de-lula-ao-supremo-tribunal\/"]}]},{"@type":"ImageObject","inLanguage":"pt-PT","@id":"https:\/\/portaltela.pt\/noticias\/2026\/04\/30\/senado-rejeita-indicacao-de-lula-ao-supremo-tribunal\/#primaryimage","url":"https:\/\/portaltela.pt\/s.01k8rhncp4jt1\/2026\/04\/2085129.jpg","contentUrl":"https:\/\/portaltela.pt\/s.01k8rhncp4jt1\/2026\/04\/2085129.jpg","width":796,"height":448,"caption":"Rela\u00e7\u00e3o de Lula da Silva com o Congresso ser\u00e1 ainda mais complicada na recta final do seu mandato"},{"@type":"BreadcrumbList","@id":"https:\/\/portaltela.pt\/noticias\/2026\/04\/30\/senado-rejeita-indicacao-de-lula-ao-supremo-tribunal\/#breadcrumb","itemListElement":[{"@type":"ListItem","position":1,"name":"In\u00edcio","item":"https:\/\/portaltela.pt\/"},{"@type":"ListItem","position":2,"name":"Senado rejeita indica\u00e7\u00e3o de Lula ao Supremo Tribunal"}]},{"@type":"WebSite","@id":"https:\/\/portaltela.pt\/#website","url":"https:\/\/portaltela.pt\/","name":"Portal Tela Portugal","description":"","potentialAction":[{"@type":"SearchAction","target":{"@type":"EntryPoint","urlTemplate":"https:\/\/portaltela.pt\/?s={search_term_string}"},"query-input":{"@type":"PropertyValueSpecification","valueRequired":true,"valueName":"search_term_string"}}],"inLanguage":"pt-PT"},{"@type":"Person","@id":"https:\/\/portaltela.pt\/#\/schema\/person\/c4278d4a6028830caff9ee44b42d32ed","name":"Telinha","image":{"@type":"ImageObject","inLanguage":"pt-PT","@id":"https:\/\/portaltela.pt\/s.01k8rhncp4jt1\/2025\/11\/talking-bot-125x125.png","url":"https:\/\/portaltela.pt\/s.01k8rhncp4jt1\/2025\/11\/talking-bot-125x125.png","contentUrl":"https:\/\/portaltela.pt\/s.01k8rhncp4jt1\/2025\/11\/talking-bot-125x125.png","caption":"Telinha"},"sameAs":["https:\/\/portaltela.pt\/"],"url":"https:\/\/portaltela.pt\/por\/367410592786\/"}]}},"_links":{"self":[{"href":"https:\/\/portaltela.pt\/api\/wp\/v2\/posts\/462116","targetHints":{"allow":["GET"]}}],"collection":[{"href":"https:\/\/portaltela.pt\/api\/wp\/v2\/posts"}],"about":[{"href":"https:\/\/portaltela.pt\/api\/wp\/v2\/types\/post"}],"author":[{"embeddable":true,"href":"https:\/\/portaltela.pt\/api\/wp\/v2\/users\/2"}],"replies":[{"embeddable":true,"href":"https:\/\/portaltela.pt\/api\/wp\/v2\/comments?post=462116"}],"version-history":[{"count":0,"href":"https:\/\/portaltela.pt\/api\/wp\/v2\/posts\/462116\/revisions"}],"wp:featuredmedia":[{"embeddable":true,"href":"https:\/\/portaltela.pt\/api\/wp\/v2\/media\/462118"}],"wp:attachment":[{"href":"https:\/\/portaltela.pt\/api\/wp\/v2\/media?parent=462116"}],"wp:term":[{"taxonomy":"category","embeddable":true,"href":"https:\/\/portaltela.pt\/api\/wp\/v2\/categories?post=462116"},{"taxonomy":"post_tag","embeddable":true,"href":"https:\/\/portaltela.pt\/api\/wp\/v2\/tags?post=462116"}],"curies":[{"name":"wp","href":"https:\/\/api.w.org\/{rel}","templated":true}]}}