{"id":462110,"date":"2026-04-30T06:47:55","date_gmt":"2026-04-30T09:47:55","guid":{"rendered":"https:\/\/portaltela.pt\/noticias\/2026\/04\/30\/policia-judiciaria-prende-cinco-jovens-no-porto-por-homicidio-e-roubo\/"},"modified":"2026-04-30T06:47:55","modified_gmt":"2026-04-30T09:47:55","slug":"policia-judiciaria-prende-cinco-jovens-no-porto-por-homicidio-e-roubo","status":"publish","type":"post","link":"https:\/\/portaltela.pt\/policia\/2026\/04\/30\/policia-judiciaria-prende-cinco-jovens-no-porto-por-homicidio-e-roubo\/","title":{"rendered":"Pol\u00edcia Judici\u00e1ria prende cinco jovens no Porto por homic\u00eddio e roubo"},"content":{"rendered":"<p>A Pol\u00edcia Judici\u00e1ria anunciou que deteve na quarta-feira, no Porto, cinco jovens suspeitos de tentativa de homic\u00eddio qualificado e de roubo agravado, relacionados com crimes ocorridos a 20 de fevereiro na cidade.<\/p>\n<p>A deten\u00e7\u00e3o foi comunicada na quinta-feira pela PJ, que investiga o caso j\u00e1 com uma linha de investiga\u00e7\u00e3o avan\u00e7ada.<\/p>\n<p>Segundo a PJ, o grupo de oito pessoas localizou, encurralou e abordou a v\u00edtima, com quem se cruzou casualmente, tendo-a agredido de forma violenta com arma branca, desferindo v\u00e1rias facadas na parte superior do tronco e causando-lhe les\u00f5es graves com perigoso para a vida.<\/p>\n<p>Os suspeitos s\u00e3o residentes no Porto e na Maia, t\u00eam menos de 21 anos e s\u00e3o maioritariamente sem ocupa\u00e7\u00e3o laboral, com antecedentes criminais por crimes violentos contra pessoas e contra o patrim\u00f3nio, no \u00e2mbito de atua\u00e7\u00e3o grupal previamente organizada.<\/p>\n<p>Os detidos v\u00e3o ser apresentados a primeiro interrogat\u00f3rio judicial para aplica\u00e7\u00e3o de medidas de coa\u00e7\u00e3o, no \u00e2mbito de um inqu\u00e9rito dirigido pelo Departamento de Investiga\u00e7\u00e3o e A\u00e7\u00e3o Penal do Porto.<\/p>\n","protected":false},"excerpt":{"rendered":"<ul>\n<li>A Pol\u00edcia Judici\u00e1ria deteve no Porto, na quarta-feira, cinco jovens suspeitos de tentativa de homic\u00eddio qualificado e de roubo agravado, relacionados com um crime ocorrido a 20 de fevereiro.<\/li>\n<li>O grupo original era de oito pessoas; as autoridades indicam que encurralaram e agrediram a v\u00edtima com uma arma branca, causando les\u00f5es graves com perigo para a vida.<\/li>\n<li>Os suspeitos s\u00e3o residentes no Porto e na Maia, t\u00eam menos de 21 anos e, na sua maioria, n\u00e3o t\u00eam ocupa\u00e7\u00e3o laboral; possuem antecedentes criminais por crimes violentos e contra o patrim\u00f3nio, em atua\u00e7\u00e3o grupal organizada.<\/li>\n<li>Os cinco jovens v\u00e3o ser presentes a primeiro interrogat\u00f3rio judicial para aplica\u00e7\u00e3o de medidas de coa\u00e7\u00e3o adequadas.<\/li>\n<li>O inqu\u00e9rito est\u00e1 a cargo do Departamento de Investiga\u00e7\u00e3o e A\u00e7\u00e3o Penal do Porto.<\/li>\n<\/ul>\n","protected":false},"author":2,"featured_media":462115,"comment_status":"closed","ping_status":"closed","sticky":false,"template":"","format":"standard","meta":{"footnotes":""},"categories":[6907,6781],"tags":[8075,8028,8483,8162,8088,8066],"class_list":["post-462110","post","type-post","status-publish","format-standard","has-post-thumbnail","hentry","category-crime","category-policia","tag-_homicidio","tag-_jovens","tag-_maia","tag-_policia-judiciaria","tag-_porto","tag-_roubo"],"yoast_head":"<!-- This site is optimized with the Yoast SEO plugin v27.2 - https:\/\/yoast.com\/product\/yoast-seo-wordpress\/ -->\n<title>Pol\u00edcia Judici\u00e1ria prende cinco jovens no Porto por homic\u00eddio e roubo - Portal Tela Portugal<\/title>\n<meta name=\"robots\" content=\"index, follow, max-snippet:-1, max-image-preview:large, max-video-preview:-1\" \/>\n<meta property=\"og:locale\" content=\"pt_PT\" \/>\n<meta property=\"og:type\" content=\"article\" \/>\n<meta property=\"og:title\" content=\"Pol\u00edcia Judici\u00e1ria prende cinco jovens no Porto por homic\u00eddio e roubo - Portal Tela Portugal\" \/>\n<meta property=\"og:description\" content=\"A Pol\u00edcia Judici\u00e1ria deteve no Porto, na quarta-feira, cinco jovens suspeitos de tentativa de homic\u00eddio qualificado e de roubo agravado, relacionados com um crime ocorrido a 20 de fevereiro. O grupo original era de oito pessoas; as autoridades indicam que encurralaram e agrediram a v\u00edtima com uma arma branca, causando les\u00f5es graves com perigo para a vida. Os suspeitos s\u00e3o residentes no Porto e na Maia, t\u00eam menos de 21 anos e, na sua maioria, n\u00e3o t\u00eam ocupa\u00e7\u00e3o laboral; possuem antecedentes criminais por crimes violentos e contra o patrim\u00f3nio, em atua\u00e7\u00e3o grupal organizada. Os cinco jovens v\u00e3o ser presentes a primeiro interrogat\u00f3rio judicial para aplica\u00e7\u00e3o de medidas de coa\u00e7\u00e3o adequadas. O inqu\u00e9rito est\u00e1 a cargo do Departamento de Investiga\u00e7\u00e3o e A\u00e7\u00e3o Penal do Porto.\" \/>\n<meta property=\"og:url\" content=\"https:\/\/portaltela.pt\/noticias\/2026\/04\/30\/policia-judiciaria-prende-cinco-jovens-no-porto-por-homicidio-e-roubo\/\" \/>\n<meta property=\"og:site_name\" content=\"Portal Tela Portugal\" \/>\n<meta property=\"article:published_time\" content=\"2026-04-30T09:47:55+00:00\" \/>\n<meta name=\"author\" content=\"Telinha\" \/>\n<meta name=\"twitter:card\" content=\"summary_large_image\" \/>\n<meta name=\"twitter:label1\" content=\"Escrito por\" \/>\n\t<meta name=\"twitter:data1\" content=\"Telinha\" \/>\n\t<meta name=\"twitter:label2\" content=\"Tempo estimado de leitura\" \/>\n\t<meta name=\"twitter:data2\" content=\"1 minuto\" \/>\n<script type=\"application\/ld+json\" class=\"yoast-schema-graph\">{\"@context\":\"https:\/\/schema.org\",\"@graph\":[{\"@type\":\"Article\",\"@id\":\"https:\/\/portaltela.pt\/noticias\/2026\/04\/30\/policia-judiciaria-prende-cinco-jovens-no-porto-por-homicidio-e-roubo\/#article\",\"isPartOf\":{\"@id\":\"https:\/\/portaltela.pt\/noticias\/2026\/04\/30\/policia-judiciaria-prende-cinco-jovens-no-porto-por-homicidio-e-roubo\/\"},\"author\":{\"name\":\"Telinha\",\"@id\":\"https:\/\/portaltela.pt\/#\/schema\/person\/c4278d4a6028830caff9ee44b42d32ed\"},\"headline\":\"Pol\u00edcia Judici\u00e1ria prende cinco jovens no Porto por homic\u00eddio e roubo\",\"datePublished\":\"2026-04-30T09:47:55+00:00\",\"mainEntityOfPage\":{\"@id\":\"https:\/\/portaltela.pt\/noticias\/2026\/04\/30\/policia-judiciaria-prende-cinco-jovens-no-porto-por-homicidio-e-roubo\/\"},\"wordCount\":198,\"image\":{\"@id\":\"https:\/\/portaltela.pt\/noticias\/2026\/04\/30\/policia-judiciaria-prende-cinco-jovens-no-porto-por-homicidio-e-roubo\/#primaryimage\"},\"thumbnailUrl\":\"https:\/\/portaltela.pt\/s.01k8rhncp4jt1\/2026\/04\/img_1500x1000uu2023-11-12-09-23-12-1490935.jpg\",\"keywords\":[\"_homic\u00eddio\",\"_jovens\",\"_Maia\",\"_Pol\u00edcia Judici\u00e1ria\",\"_Porto\",\"_roubo\"],\"articleSection\":[\"Crime\",\"Pol\u00edcia\"],\"inLanguage\":\"pt-PT\"},{\"@type\":\"WebPage\",\"@id\":\"https:\/\/portaltela.pt\/noticias\/2026\/04\/30\/policia-judiciaria-prende-cinco-jovens-no-porto-por-homicidio-e-roubo\/\",\"url\":\"https:\/\/portaltela.pt\/noticias\/2026\/04\/30\/policia-judiciaria-prende-cinco-jovens-no-porto-por-homicidio-e-roubo\/\",\"name\":\"Pol\u00edcia Judici\u00e1ria prende cinco jovens no Porto por homic\u00eddio e roubo - Portal Tela Portugal\",\"isPartOf\":{\"@id\":\"https:\/\/portaltela.pt\/#website\"},\"primaryImageOfPage\":{\"@id\":\"https:\/\/portaltela.pt\/noticias\/2026\/04\/30\/policia-judiciaria-prende-cinco-jovens-no-porto-por-homicidio-e-roubo\/#primaryimage\"},\"image\":{\"@id\":\"https:\/\/portaltela.pt\/noticias\/2026\/04\/30\/policia-judiciaria-prende-cinco-jovens-no-porto-por-homicidio-e-roubo\/#primaryimage\"},\"thumbnailUrl\":\"https:\/\/portaltela.pt\/s.01k8rhncp4jt1\/2026\/04\/img_1500x1000uu2023-11-12-09-23-12-1490935.jpg\",\"datePublished\":\"2026-04-30T09:47:55+00:00\",\"author\":{\"@id\":\"https:\/\/portaltela.pt\/#\/schema\/person\/c4278d4a6028830caff9ee44b42d32ed\"},\"breadcrumb\":{\"@id\":\"https:\/\/portaltela.pt\/noticias\/2026\/04\/30\/policia-judiciaria-prende-cinco-jovens-no-porto-por-homicidio-e-roubo\/#breadcrumb\"},\"inLanguage\":\"pt-PT\",\"potentialAction\":[{\"@type\":\"ReadAction\",\"target\":[\"https:\/\/portaltela.pt\/noticias\/2026\/04\/30\/policia-judiciaria-prende-cinco-jovens-no-porto-por-homicidio-e-roubo\/\"]}]},{\"@type\":\"ImageObject\",\"inLanguage\":\"pt-PT\",\"@id\":\"https:\/\/portaltela.pt\/noticias\/2026\/04\/30\/policia-judiciaria-prende-cinco-jovens-no-porto-por-homicidio-e-roubo\/#primaryimage\",\"url\":\"https:\/\/portaltela.pt\/s.01k8rhncp4jt1\/2026\/04\/img_1500x1000uu2023-11-12-09-23-12-1490935.jpg\",\"contentUrl\":\"https:\/\/portaltela.pt\/s.01k8rhncp4jt1\/2026\/04\/img_1500x1000uu2023-11-12-09-23-12-1490935.jpg\",\"width\":1500,\"height\":1000,\"caption\":\"Pol\u00edcia Judici\u00e1ria\"},{\"@type\":\"BreadcrumbList\",\"@id\":\"https:\/\/portaltela.pt\/noticias\/2026\/04\/30\/policia-judiciaria-prende-cinco-jovens-no-porto-por-homicidio-e-roubo\/#breadcrumb\",\"itemListElement\":[{\"@type\":\"ListItem\",\"position\":1,\"name\":\"In\u00edcio\",\"item\":\"https:\/\/portaltela.pt\/\"},{\"@type\":\"ListItem\",\"position\":2,\"name\":\"Pol\u00edcia Judici\u00e1ria prende cinco jovens no Porto por homic\u00eddio e roubo\"}]},{\"@type\":\"WebSite\",\"@id\":\"https:\/\/portaltela.pt\/#website\",\"url\":\"https:\/\/portaltela.pt\/\",\"name\":\"Portal Tela Portugal\",\"description\":\"\",\"potentialAction\":[{\"@type\":\"SearchAction\",\"target\":{\"@type\":\"EntryPoint\",\"urlTemplate\":\"https:\/\/portaltela.pt\/?s={search_term_string}\"},\"query-input\":{\"@type\":\"PropertyValueSpecification\",\"valueRequired\":true,\"valueName\":\"search_term_string\"}}],\"inLanguage\":\"pt-PT\"},{\"@type\":\"Person\",\"@id\":\"https:\/\/portaltela.pt\/#\/schema\/person\/c4278d4a6028830caff9ee44b42d32ed\",\"name\":\"Telinha\",\"image\":{\"@type\":\"ImageObject\",\"inLanguage\":\"pt-PT\",\"@id\":\"https:\/\/portaltela.pt\/s.01k8rhncp4jt1\/2025\/11\/talking-bot-125x125.png\",\"url\":\"https:\/\/portaltela.pt\/s.01k8rhncp4jt1\/2025\/11\/talking-bot-125x125.png\",\"contentUrl\":\"https:\/\/portaltela.pt\/s.01k8rhncp4jt1\/2025\/11\/talking-bot-125x125.png\",\"caption\":\"Telinha\"},\"sameAs\":[\"https:\/\/portaltela.pt\/\"],\"url\":\"https:\/\/portaltela.pt\/por\/367410592786\/\"}]}<\/script>\n<!-- \/ Yoast SEO plugin. -->","yoast_head_json":{"title":"Pol\u00edcia Judici\u00e1ria prende cinco jovens no Porto por homic\u00eddio e roubo - Portal Tela Portugal","robots":{"index":"index","follow":"follow","max-snippet":"max-snippet:-1","max-image-preview":"max-image-preview:large","max-video-preview":"max-video-preview:-1"},"og_locale":"pt_PT","og_type":"article","og_title":"Pol\u00edcia Judici\u00e1ria prende cinco jovens no Porto por homic\u00eddio e roubo - Portal Tela Portugal","og_description":"A Pol\u00edcia Judici\u00e1ria deteve no Porto, na quarta-feira, cinco jovens suspeitos de tentativa de homic\u00eddio qualificado e de roubo agravado, relacionados com um crime ocorrido a 20 de fevereiro. O grupo original era de oito pessoas; as autoridades indicam que encurralaram e agrediram a v\u00edtima com uma arma branca, causando les\u00f5es graves com perigo para a vida. Os suspeitos s\u00e3o residentes no Porto e na Maia, t\u00eam menos de 21 anos e, na sua maioria, n\u00e3o t\u00eam ocupa\u00e7\u00e3o laboral; possuem antecedentes criminais por crimes violentos e contra o patrim\u00f3nio, em atua\u00e7\u00e3o grupal organizada. Os cinco jovens v\u00e3o ser presentes a primeiro interrogat\u00f3rio judicial para aplica\u00e7\u00e3o de medidas de coa\u00e7\u00e3o adequadas. O inqu\u00e9rito est\u00e1 a cargo do Departamento de Investiga\u00e7\u00e3o e A\u00e7\u00e3o Penal do Porto.","og_url":"https:\/\/portaltela.pt\/noticias\/2026\/04\/30\/policia-judiciaria-prende-cinco-jovens-no-porto-por-homicidio-e-roubo\/","og_site_name":"Portal Tela Portugal","article_published_time":"2026-04-30T09:47:55+00:00","author":"Telinha","twitter_card":"summary_large_image","twitter_misc":{"Escrito por":"Telinha","Tempo estimado de leitura":"1 minuto"},"schema":{"@context":"https:\/\/schema.org","@graph":[{"@type":"Article","@id":"https:\/\/portaltela.pt\/noticias\/2026\/04\/30\/policia-judiciaria-prende-cinco-jovens-no-porto-por-homicidio-e-roubo\/#article","isPartOf":{"@id":"https:\/\/portaltela.pt\/noticias\/2026\/04\/30\/policia-judiciaria-prende-cinco-jovens-no-porto-por-homicidio-e-roubo\/"},"author":{"name":"Telinha","@id":"https:\/\/portaltela.pt\/#\/schema\/person\/c4278d4a6028830caff9ee44b42d32ed"},"headline":"Pol\u00edcia Judici\u00e1ria prende cinco jovens no Porto por homic\u00eddio e roubo","datePublished":"2026-04-30T09:47:55+00:00","mainEntityOfPage":{"@id":"https:\/\/portaltela.pt\/noticias\/2026\/04\/30\/policia-judiciaria-prende-cinco-jovens-no-porto-por-homicidio-e-roubo\/"},"wordCount":198,"image":{"@id":"https:\/\/portaltela.pt\/noticias\/2026\/04\/30\/policia-judiciaria-prende-cinco-jovens-no-porto-por-homicidio-e-roubo\/#primaryimage"},"thumbnailUrl":"https:\/\/portaltela.pt\/s.01k8rhncp4jt1\/2026\/04\/img_1500x1000uu2023-11-12-09-23-12-1490935.jpg","keywords":["_homic\u00eddio","_jovens","_Maia","_Pol\u00edcia Judici\u00e1ria","_Porto","_roubo"],"articleSection":["Crime","Pol\u00edcia"],"inLanguage":"pt-PT"},{"@type":"WebPage","@id":"https:\/\/portaltela.pt\/noticias\/2026\/04\/30\/policia-judiciaria-prende-cinco-jovens-no-porto-por-homicidio-e-roubo\/","url":"https:\/\/portaltela.pt\/noticias\/2026\/04\/30\/policia-judiciaria-prende-cinco-jovens-no-porto-por-homicidio-e-roubo\/","name":"Pol\u00edcia Judici\u00e1ria prende cinco jovens no Porto por homic\u00eddio e roubo - Portal Tela Portugal","isPartOf":{"@id":"https:\/\/portaltela.pt\/#website"},"primaryImageOfPage":{"@id":"https:\/\/portaltela.pt\/noticias\/2026\/04\/30\/policia-judiciaria-prende-cinco-jovens-no-porto-por-homicidio-e-roubo\/#primaryimage"},"image":{"@id":"https:\/\/portaltela.pt\/noticias\/2026\/04\/30\/policia-judiciaria-prende-cinco-jovens-no-porto-por-homicidio-e-roubo\/#primaryimage"},"thumbnailUrl":"https:\/\/portaltela.pt\/s.01k8rhncp4jt1\/2026\/04\/img_1500x1000uu2023-11-12-09-23-12-1490935.jpg","datePublished":"2026-04-30T09:47:55+00:00","author":{"@id":"https:\/\/portaltela.pt\/#\/schema\/person\/c4278d4a6028830caff9ee44b42d32ed"},"breadcrumb":{"@id":"https:\/\/portaltela.pt\/noticias\/2026\/04\/30\/policia-judiciaria-prende-cinco-jovens-no-porto-por-homicidio-e-roubo\/#breadcrumb"},"inLanguage":"pt-PT","potentialAction":[{"@type":"ReadAction","target":["https:\/\/portaltela.pt\/noticias\/2026\/04\/30\/policia-judiciaria-prende-cinco-jovens-no-porto-por-homicidio-e-roubo\/"]}]},{"@type":"ImageObject","inLanguage":"pt-PT","@id":"https:\/\/portaltela.pt\/noticias\/2026\/04\/30\/policia-judiciaria-prende-cinco-jovens-no-porto-por-homicidio-e-roubo\/#primaryimage","url":"https:\/\/portaltela.pt\/s.01k8rhncp4jt1\/2026\/04\/img_1500x1000uu2023-11-12-09-23-12-1490935.jpg","contentUrl":"https:\/\/portaltela.pt\/s.01k8rhncp4jt1\/2026\/04\/img_1500x1000uu2023-11-12-09-23-12-1490935.jpg","width":1500,"height":1000,"caption":"Pol\u00edcia Judici\u00e1ria"},{"@type":"BreadcrumbList","@id":"https:\/\/portaltela.pt\/noticias\/2026\/04\/30\/policia-judiciaria-prende-cinco-jovens-no-porto-por-homicidio-e-roubo\/#breadcrumb","itemListElement":[{"@type":"ListItem","position":1,"name":"In\u00edcio","item":"https:\/\/portaltela.pt\/"},{"@type":"ListItem","position":2,"name":"Pol\u00edcia Judici\u00e1ria prende cinco jovens no Porto por homic\u00eddio e roubo"}]},{"@type":"WebSite","@id":"https:\/\/portaltela.pt\/#website","url":"https:\/\/portaltela.pt\/","name":"Portal Tela Portugal","description":"","potentialAction":[{"@type":"SearchAction","target":{"@type":"EntryPoint","urlTemplate":"https:\/\/portaltela.pt\/?s={search_term_string}"},"query-input":{"@type":"PropertyValueSpecification","valueRequired":true,"valueName":"search_term_string"}}],"inLanguage":"pt-PT"},{"@type":"Person","@id":"https:\/\/portaltela.pt\/#\/schema\/person\/c4278d4a6028830caff9ee44b42d32ed","name":"Telinha","image":{"@type":"ImageObject","inLanguage":"pt-PT","@id":"https:\/\/portaltela.pt\/s.01k8rhncp4jt1\/2025\/11\/talking-bot-125x125.png","url":"https:\/\/portaltela.pt\/s.01k8rhncp4jt1\/2025\/11\/talking-bot-125x125.png","contentUrl":"https:\/\/portaltela.pt\/s.01k8rhncp4jt1\/2025\/11\/talking-bot-125x125.png","caption":"Telinha"},"sameAs":["https:\/\/portaltela.pt\/"],"url":"https:\/\/portaltela.pt\/por\/367410592786\/"}]}},"_links":{"self":[{"href":"https:\/\/portaltela.pt\/api\/wp\/v2\/posts\/462110","targetHints":{"allow":["GET"]}}],"collection":[{"href":"https:\/\/portaltela.pt\/api\/wp\/v2\/posts"}],"about":[{"href":"https:\/\/portaltela.pt\/api\/wp\/v2\/types\/post"}],"author":[{"embeddable":true,"href":"https:\/\/portaltela.pt\/api\/wp\/v2\/users\/2"}],"replies":[{"embeddable":true,"href":"https:\/\/portaltela.pt\/api\/wp\/v2\/comments?post=462110"}],"version-history":[{"count":0,"href":"https:\/\/portaltela.pt\/api\/wp\/v2\/posts\/462110\/revisions"}],"wp:featuredmedia":[{"embeddable":true,"href":"https:\/\/portaltela.pt\/api\/wp\/v2\/media\/462115"}],"wp:attachment":[{"href":"https:\/\/portaltela.pt\/api\/wp\/v2\/media?parent=462110"}],"wp:term":[{"taxonomy":"category","embeddable":true,"href":"https:\/\/portaltela.pt\/api\/wp\/v2\/categories?post=462110"},{"taxonomy":"post_tag","embeddable":true,"href":"https:\/\/portaltela.pt\/api\/wp\/v2\/tags?post=462110"}],"curies":[{"name":"wp","href":"https:\/\/api.w.org\/{rel}","templated":true}]}}