{"id":462097,"date":"2026-04-30T06:47:49","date_gmt":"2026-04-30T09:47:49","guid":{"rendered":"https:\/\/portaltela.pt\/noticias\/2026\/04\/30\/patti-smith-vence-premio-princesa-das-asturias-das-artes-2026\/"},"modified":"2026-04-30T06:47:49","modified_gmt":"2026-04-30T09:47:49","slug":"patti-smith-vence-premio-princesa-das-asturias-das-artes-2026","status":"publish","type":"post","link":"https:\/\/portaltela.pt\/musica\/2026\/04\/30\/patti-smith-vence-premio-princesa-das-asturias-das-artes-2026\/","title":{"rendered":"Patti Smith vence Pr\u00e9mio Princesa das Ast\u00farias das Artes 2026"},"content":{"rendered":"<p>Patti Smith ganhou o Pr\u00e9mio Princesa das Ast\u00farias das Artes 2026, anunciado pela Funda\u00e7\u00e3o Princesa das Ast\u00farias, em Espanha, nesta quarta-feira. A distin\u00e7\u00e3o reconhece a sua contribui\u00e7\u00e3o criativa em m\u00fasica, literatura e fotografia. O j\u00fari destacou a impetuosa criatividade da artista.<\/p>\n<p>A acta de atribui\u00e7\u00e3o real\u00e7a que Smith liga rock, poesia simbolista e contracultura, com uma grande pot\u00eancia expressiva. O texto afirma ainda que a int\u00e9rprete demonstrou rebeldia individual inserida na sociedade, com can\u00e7\u00f5es que se tornaram \u00edcones da m\u00fasica contempor\u00e2nea.<\/p>\n<p>Nota-se que, al\u00e9m de cantora e compositora, Patti Smith \u00e9 autora de v\u00e1rios livros e dedicou-se \u00e0 fotografia. A artista nasceu em Chicago, em 1946, e \u00e9 chamada de madrinha do punk pela funda\u00e7\u00e3o, que assinala a sua relev\u00e2ncia multidisciplinar.<\/p>\n<h3>Reconhecimento e contexto<\/h3>\n<p>O Pr\u00e9mio Princesa das Ast\u00farias das Artes integra a 46.\u00aa edi\u00e7\u00e3o, existente desde 1971. A funda\u00e7\u00e3o sublinha o impacto global de Smith e a sua mensagem de esperan\u00e7a frente \u00e0s injusti\u00e7as, bem como a atitude inconformista que inspira novas gera\u00e7\u00f5es.<\/p>\n<p>Em 2026, o valor de cada pr\u00e9mio \u00e9 de 50 mil euros. A cerim\u00f3nia de entrega est\u00e1 agendada para outubro, em Oviedo, Ast\u00farias, no norte de Espanha. Este \u00e9 o primeiro pr\u00e9mio a ser divulgado pela Funda\u00e7\u00e3o este ano.<\/p>\n<h3>Sobre o hist\u00f3rico do pr\u00e9mio<\/h3>\n<p>Os galardoados anteriores incluem Joan Manuel Serrat (2024), Meryl Streep (2023) e Bob Dylan (2007). A lista contempla artistas, cientistas e institui\u00e7\u00f5es de relev\u00e2ncia internacional, em \u00e1reas diversas.<\/p>\n","protected":false},"excerpt":{"rendered":"<ul>\n<li>Patti Smith ganhou o Pr\u00e9mio Princesa das Ast\u00farias das Artes 2026, anunciado pela Funda\u00e7\u00e3o Princesa das Ast\u00farias, em Espanha.<\/li>\n<li>O j\u00fari destacou a \u201cimpetuosa criatividade\u201d que liga o rock, a poesia simbolista e o esp\u00edrito da contracultura, com grande pot\u00eancia expressiva.<\/li>\n<li>A acta real\u00e7a que, como int\u00e9rprete, plasmou a rebeldia do indiv\u00edduo na sociedade e que algumas can\u00e7\u00f5es se tornaram \u00edcones da m\u00fasica contempor\u00e2nea.<\/li>\n<li>Patti Smith nasceu em Chicago, a 30 de Dezembro de 1946, \u00e9 cantora, escritora e fot\u00f3grafa, e \u00e9 conhecida como madrinha do punk.<\/li>\n<li>O pr\u00e9mio tem o valor de 50 mil euros e a cerim\u00f3nia decorre em outubro, em Oviedo, Ast\u00farias. Este \u00e9 o primeiro pr\u00e9mio anunciado para 2026.<\/li>\n<\/ul>\n","protected":false},"author":2,"featured_media":462101,"comment_status":"closed","ping_status":"closed","sticky":false,"template":"","format":"standard","meta":{"footnotes":""},"categories":[7375,6676],"tags":[8036,8204,8657,8733,8106,8233],"class_list":["post-462097","post","type-post","status-publish","format-standard","has-post-thumbnail","hentry","category-cultura","category-musica","tag-_arte","tag-_celebidades","tag-_espanha","tag-_fotografia","tag-_literatura","tag-_musica"],"yoast_head":"<!-- This site is optimized with the Yoast SEO plugin v27.2 - https:\/\/yoast.com\/product\/yoast-seo-wordpress\/ -->\n<title>Patti Smith vence Pr\u00e9mio Princesa das Ast\u00farias das Artes 2026 - Portal Tela Portugal<\/title>\n<meta name=\"robots\" content=\"index, follow, max-snippet:-1, max-image-preview:large, max-video-preview:-1\" \/>\n<meta property=\"og:locale\" content=\"pt_PT\" \/>\n<meta property=\"og:type\" content=\"article\" \/>\n<meta property=\"og:title\" content=\"Patti Smith vence Pr\u00e9mio Princesa das Ast\u00farias das Artes 2026 - Portal Tela Portugal\" \/>\n<meta property=\"og:description\" content=\"Patti Smith ganhou o Pr\u00e9mio Princesa das Ast\u00farias das Artes 2026, anunciado pela Funda\u00e7\u00e3o Princesa das Ast\u00farias, em Espanha. O j\u00fari destacou a \u201cimpetuosa criatividade\u201d que liga o rock, a poesia simbolista e o esp\u00edrito da contracultura, com grande pot\u00eancia expressiva. A acta real\u00e7a que, como int\u00e9rprete, plasmou a rebeldia do indiv\u00edduo na sociedade e que algumas can\u00e7\u00f5es se tornaram \u00edcones da m\u00fasica contempor\u00e2nea. Patti Smith nasceu em Chicago, a 30 de Dezembro de 1946, \u00e9 cantora, escritora e fot\u00f3grafa, e \u00e9 conhecida como madrinha do punk. O pr\u00e9mio tem o valor de 50 mil euros e a cerim\u00f3nia decorre em outubro, em Oviedo, Ast\u00farias. Este \u00e9 o primeiro pr\u00e9mio anunciado para 2026.\" \/>\n<meta property=\"og:url\" content=\"https:\/\/portaltela.pt\/noticias\/2026\/04\/30\/patti-smith-vence-premio-princesa-das-asturias-das-artes-2026\/\" \/>\n<meta property=\"og:site_name\" content=\"Portal Tela Portugal\" \/>\n<meta property=\"article:published_time\" content=\"2026-04-30T09:47:49+00:00\" \/>\n<meta name=\"author\" content=\"Telinha\" \/>\n<meta name=\"twitter:card\" content=\"summary_large_image\" \/>\n<meta name=\"twitter:label1\" content=\"Escrito por\" \/>\n\t<meta name=\"twitter:data1\" content=\"Telinha\" \/>\n\t<meta name=\"twitter:label2\" content=\"Tempo estimado de leitura\" \/>\n\t<meta name=\"twitter:data2\" content=\"1 minuto\" \/>\n<script type=\"application\/ld+json\" class=\"yoast-schema-graph\">{\"@context\":\"https:\/\/schema.org\",\"@graph\":[{\"@type\":\"Article\",\"@id\":\"https:\/\/portaltela.pt\/noticias\/2026\/04\/30\/patti-smith-vence-premio-princesa-das-asturias-das-artes-2026\/#article\",\"isPartOf\":{\"@id\":\"https:\/\/portaltela.pt\/noticias\/2026\/04\/30\/patti-smith-vence-premio-princesa-das-asturias-das-artes-2026\/\"},\"author\":{\"name\":\"Telinha\",\"@id\":\"https:\/\/portaltela.pt\/#\/schema\/person\/c4278d4a6028830caff9ee44b42d32ed\"},\"headline\":\"Patti Smith vence Pr\u00e9mio Princesa das Ast\u00farias das Artes 2026\",\"datePublished\":\"2026-04-30T09:47:49+00:00\",\"mainEntityOfPage\":{\"@id\":\"https:\/\/portaltela.pt\/noticias\/2026\/04\/30\/patti-smith-vence-premio-princesa-das-asturias-das-artes-2026\/\"},\"wordCount\":268,\"image\":{\"@id\":\"https:\/\/portaltela.pt\/noticias\/2026\/04\/30\/patti-smith-vence-premio-princesa-das-asturias-das-artes-2026\/#primaryimage\"},\"thumbnailUrl\":\"https:\/\/portaltela.pt\/s.01k8rhncp4jt1\/2026\/04\/2085132.jpg\",\"keywords\":[\"_arte\",\"_celebidades\",\"_Espanha\",\"_fotografia\",\"_literatura\",\"_m\u00fasica\"],\"articleSection\":[\"Cultura\",\"M\u00fasica\"],\"inLanguage\":\"pt-PT\"},{\"@type\":\"WebPage\",\"@id\":\"https:\/\/portaltela.pt\/noticias\/2026\/04\/30\/patti-smith-vence-premio-princesa-das-asturias-das-artes-2026\/\",\"url\":\"https:\/\/portaltela.pt\/noticias\/2026\/04\/30\/patti-smith-vence-premio-princesa-das-asturias-das-artes-2026\/\",\"name\":\"Patti Smith vence Pr\u00e9mio Princesa das Ast\u00farias das Artes 2026 - Portal Tela Portugal\",\"isPartOf\":{\"@id\":\"https:\/\/portaltela.pt\/#website\"},\"primaryImageOfPage\":{\"@id\":\"https:\/\/portaltela.pt\/noticias\/2026\/04\/30\/patti-smith-vence-premio-princesa-das-asturias-das-artes-2026\/#primaryimage\"},\"image\":{\"@id\":\"https:\/\/portaltela.pt\/noticias\/2026\/04\/30\/patti-smith-vence-premio-princesa-das-asturias-das-artes-2026\/#primaryimage\"},\"thumbnailUrl\":\"https:\/\/portaltela.pt\/s.01k8rhncp4jt1\/2026\/04\/2085132.jpg\",\"datePublished\":\"2026-04-30T09:47:49+00:00\",\"author\":{\"@id\":\"https:\/\/portaltela.pt\/#\/schema\/person\/c4278d4a6028830caff9ee44b42d32ed\"},\"breadcrumb\":{\"@id\":\"https:\/\/portaltela.pt\/noticias\/2026\/04\/30\/patti-smith-vence-premio-princesa-das-asturias-das-artes-2026\/#breadcrumb\"},\"inLanguage\":\"pt-PT\",\"potentialAction\":[{\"@type\":\"ReadAction\",\"target\":[\"https:\/\/portaltela.pt\/noticias\/2026\/04\/30\/patti-smith-vence-premio-princesa-das-asturias-das-artes-2026\/\"]}]},{\"@type\":\"ImageObject\",\"inLanguage\":\"pt-PT\",\"@id\":\"https:\/\/portaltela.pt\/noticias\/2026\/04\/30\/patti-smith-vence-premio-princesa-das-asturias-das-artes-2026\/#primaryimage\",\"url\":\"https:\/\/portaltela.pt\/s.01k8rhncp4jt1\/2026\/04\/2085132.jpg\",\"contentUrl\":\"https:\/\/portaltela.pt\/s.01k8rhncp4jt1\/2026\/04\/2085132.jpg\",\"width\":796,\"height\":448,\"caption\":\"Patti Smith \u00e9 visita regular dos palcos portugueses e aqui a vemos, em 2015, no Coliseu dos Recreios\"},{\"@type\":\"BreadcrumbList\",\"@id\":\"https:\/\/portaltela.pt\/noticias\/2026\/04\/30\/patti-smith-vence-premio-princesa-das-asturias-das-artes-2026\/#breadcrumb\",\"itemListElement\":[{\"@type\":\"ListItem\",\"position\":1,\"name\":\"In\u00edcio\",\"item\":\"https:\/\/portaltela.pt\/\"},{\"@type\":\"ListItem\",\"position\":2,\"name\":\"Patti Smith vence Pr\u00e9mio Princesa das Ast\u00farias das Artes 2026\"}]},{\"@type\":\"WebSite\",\"@id\":\"https:\/\/portaltela.pt\/#website\",\"url\":\"https:\/\/portaltela.pt\/\",\"name\":\"Portal Tela Portugal\",\"description\":\"\",\"potentialAction\":[{\"@type\":\"SearchAction\",\"target\":{\"@type\":\"EntryPoint\",\"urlTemplate\":\"https:\/\/portaltela.pt\/?s={search_term_string}\"},\"query-input\":{\"@type\":\"PropertyValueSpecification\",\"valueRequired\":true,\"valueName\":\"search_term_string\"}}],\"inLanguage\":\"pt-PT\"},{\"@type\":\"Person\",\"@id\":\"https:\/\/portaltela.pt\/#\/schema\/person\/c4278d4a6028830caff9ee44b42d32ed\",\"name\":\"Telinha\",\"image\":{\"@type\":\"ImageObject\",\"inLanguage\":\"pt-PT\",\"@id\":\"https:\/\/portaltela.pt\/s.01k8rhncp4jt1\/2025\/11\/talking-bot-125x125.png\",\"url\":\"https:\/\/portaltela.pt\/s.01k8rhncp4jt1\/2025\/11\/talking-bot-125x125.png\",\"contentUrl\":\"https:\/\/portaltela.pt\/s.01k8rhncp4jt1\/2025\/11\/talking-bot-125x125.png\",\"caption\":\"Telinha\"},\"sameAs\":[\"https:\/\/portaltela.pt\/\"],\"url\":\"https:\/\/portaltela.pt\/por\/367410592786\/\"}]}<\/script>\n<!-- \/ Yoast SEO plugin. -->","yoast_head_json":{"title":"Patti Smith vence Pr\u00e9mio Princesa das Ast\u00farias das Artes 2026 - Portal Tela Portugal","robots":{"index":"index","follow":"follow","max-snippet":"max-snippet:-1","max-image-preview":"max-image-preview:large","max-video-preview":"max-video-preview:-1"},"og_locale":"pt_PT","og_type":"article","og_title":"Patti Smith vence Pr\u00e9mio Princesa das Ast\u00farias das Artes 2026 - Portal Tela Portugal","og_description":"Patti Smith ganhou o Pr\u00e9mio Princesa das Ast\u00farias das Artes 2026, anunciado pela Funda\u00e7\u00e3o Princesa das Ast\u00farias, em Espanha. O j\u00fari destacou a \u201cimpetuosa criatividade\u201d que liga o rock, a poesia simbolista e o esp\u00edrito da contracultura, com grande pot\u00eancia expressiva. A acta real\u00e7a que, como int\u00e9rprete, plasmou a rebeldia do indiv\u00edduo na sociedade e que algumas can\u00e7\u00f5es se tornaram \u00edcones da m\u00fasica contempor\u00e2nea. Patti Smith nasceu em Chicago, a 30 de Dezembro de 1946, \u00e9 cantora, escritora e fot\u00f3grafa, e \u00e9 conhecida como madrinha do punk. O pr\u00e9mio tem o valor de 50 mil euros e a cerim\u00f3nia decorre em outubro, em Oviedo, Ast\u00farias. Este \u00e9 o primeiro pr\u00e9mio anunciado para 2026.","og_url":"https:\/\/portaltela.pt\/noticias\/2026\/04\/30\/patti-smith-vence-premio-princesa-das-asturias-das-artes-2026\/","og_site_name":"Portal Tela Portugal","article_published_time":"2026-04-30T09:47:49+00:00","author":"Telinha","twitter_card":"summary_large_image","twitter_misc":{"Escrito por":"Telinha","Tempo estimado de leitura":"1 minuto"},"schema":{"@context":"https:\/\/schema.org","@graph":[{"@type":"Article","@id":"https:\/\/portaltela.pt\/noticias\/2026\/04\/30\/patti-smith-vence-premio-princesa-das-asturias-das-artes-2026\/#article","isPartOf":{"@id":"https:\/\/portaltela.pt\/noticias\/2026\/04\/30\/patti-smith-vence-premio-princesa-das-asturias-das-artes-2026\/"},"author":{"name":"Telinha","@id":"https:\/\/portaltela.pt\/#\/schema\/person\/c4278d4a6028830caff9ee44b42d32ed"},"headline":"Patti Smith vence Pr\u00e9mio Princesa das Ast\u00farias das Artes 2026","datePublished":"2026-04-30T09:47:49+00:00","mainEntityOfPage":{"@id":"https:\/\/portaltela.pt\/noticias\/2026\/04\/30\/patti-smith-vence-premio-princesa-das-asturias-das-artes-2026\/"},"wordCount":268,"image":{"@id":"https:\/\/portaltela.pt\/noticias\/2026\/04\/30\/patti-smith-vence-premio-princesa-das-asturias-das-artes-2026\/#primaryimage"},"thumbnailUrl":"https:\/\/portaltela.pt\/s.01k8rhncp4jt1\/2026\/04\/2085132.jpg","keywords":["_arte","_celebidades","_Espanha","_fotografia","_literatura","_m\u00fasica"],"articleSection":["Cultura","M\u00fasica"],"inLanguage":"pt-PT"},{"@type":"WebPage","@id":"https:\/\/portaltela.pt\/noticias\/2026\/04\/30\/patti-smith-vence-premio-princesa-das-asturias-das-artes-2026\/","url":"https:\/\/portaltela.pt\/noticias\/2026\/04\/30\/patti-smith-vence-premio-princesa-das-asturias-das-artes-2026\/","name":"Patti Smith vence Pr\u00e9mio Princesa das Ast\u00farias das Artes 2026 - Portal Tela Portugal","isPartOf":{"@id":"https:\/\/portaltela.pt\/#website"},"primaryImageOfPage":{"@id":"https:\/\/portaltela.pt\/noticias\/2026\/04\/30\/patti-smith-vence-premio-princesa-das-asturias-das-artes-2026\/#primaryimage"},"image":{"@id":"https:\/\/portaltela.pt\/noticias\/2026\/04\/30\/patti-smith-vence-premio-princesa-das-asturias-das-artes-2026\/#primaryimage"},"thumbnailUrl":"https:\/\/portaltela.pt\/s.01k8rhncp4jt1\/2026\/04\/2085132.jpg","datePublished":"2026-04-30T09:47:49+00:00","author":{"@id":"https:\/\/portaltela.pt\/#\/schema\/person\/c4278d4a6028830caff9ee44b42d32ed"},"breadcrumb":{"@id":"https:\/\/portaltela.pt\/noticias\/2026\/04\/30\/patti-smith-vence-premio-princesa-das-asturias-das-artes-2026\/#breadcrumb"},"inLanguage":"pt-PT","potentialAction":[{"@type":"ReadAction","target":["https:\/\/portaltela.pt\/noticias\/2026\/04\/30\/patti-smith-vence-premio-princesa-das-asturias-das-artes-2026\/"]}]},{"@type":"ImageObject","inLanguage":"pt-PT","@id":"https:\/\/portaltela.pt\/noticias\/2026\/04\/30\/patti-smith-vence-premio-princesa-das-asturias-das-artes-2026\/#primaryimage","url":"https:\/\/portaltela.pt\/s.01k8rhncp4jt1\/2026\/04\/2085132.jpg","contentUrl":"https:\/\/portaltela.pt\/s.01k8rhncp4jt1\/2026\/04\/2085132.jpg","width":796,"height":448,"caption":"Patti Smith \u00e9 visita regular dos palcos portugueses e aqui a vemos, em 2015, no Coliseu dos Recreios"},{"@type":"BreadcrumbList","@id":"https:\/\/portaltela.pt\/noticias\/2026\/04\/30\/patti-smith-vence-premio-princesa-das-asturias-das-artes-2026\/#breadcrumb","itemListElement":[{"@type":"ListItem","position":1,"name":"In\u00edcio","item":"https:\/\/portaltela.pt\/"},{"@type":"ListItem","position":2,"name":"Patti Smith vence Pr\u00e9mio Princesa das Ast\u00farias das Artes 2026"}]},{"@type":"WebSite","@id":"https:\/\/portaltela.pt\/#website","url":"https:\/\/portaltela.pt\/","name":"Portal Tela Portugal","description":"","potentialAction":[{"@type":"SearchAction","target":{"@type":"EntryPoint","urlTemplate":"https:\/\/portaltela.pt\/?s={search_term_string}"},"query-input":{"@type":"PropertyValueSpecification","valueRequired":true,"valueName":"search_term_string"}}],"inLanguage":"pt-PT"},{"@type":"Person","@id":"https:\/\/portaltela.pt\/#\/schema\/person\/c4278d4a6028830caff9ee44b42d32ed","name":"Telinha","image":{"@type":"ImageObject","inLanguage":"pt-PT","@id":"https:\/\/portaltela.pt\/s.01k8rhncp4jt1\/2025\/11\/talking-bot-125x125.png","url":"https:\/\/portaltela.pt\/s.01k8rhncp4jt1\/2025\/11\/talking-bot-125x125.png","contentUrl":"https:\/\/portaltela.pt\/s.01k8rhncp4jt1\/2025\/11\/talking-bot-125x125.png","caption":"Telinha"},"sameAs":["https:\/\/portaltela.pt\/"],"url":"https:\/\/portaltela.pt\/por\/367410592786\/"}]}},"_links":{"self":[{"href":"https:\/\/portaltela.pt\/api\/wp\/v2\/posts\/462097","targetHints":{"allow":["GET"]}}],"collection":[{"href":"https:\/\/portaltela.pt\/api\/wp\/v2\/posts"}],"about":[{"href":"https:\/\/portaltela.pt\/api\/wp\/v2\/types\/post"}],"author":[{"embeddable":true,"href":"https:\/\/portaltela.pt\/api\/wp\/v2\/users\/2"}],"replies":[{"embeddable":true,"href":"https:\/\/portaltela.pt\/api\/wp\/v2\/comments?post=462097"}],"version-history":[{"count":0,"href":"https:\/\/portaltela.pt\/api\/wp\/v2\/posts\/462097\/revisions"}],"wp:featuredmedia":[{"embeddable":true,"href":"https:\/\/portaltela.pt\/api\/wp\/v2\/media\/462101"}],"wp:attachment":[{"href":"https:\/\/portaltela.pt\/api\/wp\/v2\/media?parent=462097"}],"wp:term":[{"taxonomy":"category","embeddable":true,"href":"https:\/\/portaltela.pt\/api\/wp\/v2\/categories?post=462097"},{"taxonomy":"post_tag","embeddable":true,"href":"https:\/\/portaltela.pt\/api\/wp\/v2\/tags?post=462097"}],"curies":[{"name":"wp","href":"https:\/\/api.w.org\/{rel}","templated":true}]}}