{"id":462093,"date":"2026-04-30T06:47:45","date_gmt":"2026-04-30T09:47:45","guid":{"rendered":"https:\/\/portaltela.pt\/noticias\/2026\/04\/30\/criancas-e-adultos-constroem-arcos-para-a-festa-das-cruzes\/"},"modified":"2026-04-30T06:47:45","modified_gmt":"2026-04-30T09:47:45","slug":"criancas-e-adultos-constroem-arcos-para-a-festa-das-cruzes","status":"publish","type":"post","link":"https:\/\/portaltela.pt\/noticias\/2026\/04\/30\/criancas-e-adultos-constroem-arcos-para-a-festa-das-cruzes\/","title":{"rendered":"Crian\u00e7as e adultos constroem arcos para a Festa das Cruzes"},"content":{"rendered":"<p>A primeira grande romaria do Minho arrancou hoje \u00e0s 11h, em Barcelos, inserida na Festa das Cruzes que decorre at\u00e9 3 de maio. O evento pretende receber cerca de um milh\u00e3o de visitantes, trazendo dinamismo \u00e0 regi\u00e3o.<\/p>\n<p>Entre t\u00e1buas, tintas, lonas e muita conversa, grupos de populares das freguesias preparam os arcos que v\u00e3o enfeitar o Campo da Feira. Estes elementos n\u00e3o s\u00e3o apenas decorativos: contam hist\u00f3rias de territ\u00f3rio e exibem s\u00edmbolos religiosos, desportivos e culturais.<\/p>\n<p>Muitos arcos s\u00e3o constru\u00eddos de forma artesanal, recorrendo a materiais recicl\u00e1veis e reutilizados. Esta pr\u00e1tica evidencia uma fus\u00e3o entre tradi\u00e7\u00e3o e preocupa\u00e7\u00e3o ambiental que tem vindo a ganhar for\u00e7a nos \u00faltimos anos.<\/p>\n<p>As associa\u00e7\u00f5es locais trabalham h\u00e1 semanas para assegurar a ornamenta\u00e7\u00e3o da festa e a mobiliza\u00e7\u00e3o da comunidade. A iniciativa refor\u00e7a a vitalidade do movimento associativo e a participa\u00e7\u00e3o c\u00edvica na prova festiva do region.<\/p>\n","protected":false},"excerpt":{"rendered":"<ul>\n<li>A primeira grande romaria do Minho arranca \u00e0s 11 horas desta quinta-feira, em Barcelos, e prolonga-se at\u00e9 3 de maio, com a expectativa de atrair um milh\u00e3o de visitantes.<\/li>\n<li>Grupos de populares nas freguesias constroem arcos artesanais com materiais recicl\u00e1veis para enfeitar o Campo da Feira, numa combina\u00e7\u00e3o entre tradi\u00e7\u00e3o e preocupa\u00e7\u00e3o ambiental.<\/li>\n<li>Cada arco representa o territ\u00f3rio, exibindo s\u00edmbolos religiosos, desportivos e culturais e contando hist\u00f3rias da comunidade.<\/li>\n<li>As associa\u00e7\u00f5es t\u00eam trabalhado nas freguesias h\u00e1 semanas para preparar a festa.<\/li>\n<li>A iniciativa evidencia a vitalidade do movimento associativo e a liga\u00e7\u00e3o entre tradi\u00e7\u00e3o e sustentabilidade.<\/li>\n<\/ul>\n","protected":false},"author":2,"featured_media":462102,"comment_status":"closed","ping_status":"closed","sticky":false,"template":"","format":"standard","meta":{"footnotes":""},"categories":[7375,1],"tags":[3820,167,1027,1323,145,4919],"class_list":["post-462093","post","type-post","status-publish","format-standard","has-post-thumbnail","hentry","category-cultura","category-noticias","tag-acoes-comunitarias","tag-ambiente","tag-barcelos","tag-coesao-social","tag-cultura","tag-festas"],"yoast_head":"<!-- This site is optimized with the Yoast SEO plugin v27.2 - https:\/\/yoast.com\/product\/yoast-seo-wordpress\/ -->\n<title>Crian\u00e7as e adultos constroem arcos para a Festa das Cruzes - Portal Tela Portugal<\/title>\n<meta name=\"robots\" content=\"index, follow, max-snippet:-1, max-image-preview:large, max-video-preview:-1\" \/>\n<meta property=\"og:locale\" content=\"pt_PT\" \/>\n<meta property=\"og:type\" content=\"article\" \/>\n<meta property=\"og:title\" content=\"Crian\u00e7as e adultos constroem arcos para a Festa das Cruzes - Portal Tela Portugal\" \/>\n<meta property=\"og:description\" content=\"A primeira grande romaria do Minho arranca \u00e0s 11 horas desta quinta-feira, em Barcelos, e prolonga-se at\u00e9 3 de maio, com a expectativa de atrair um milh\u00e3o de visitantes. Grupos de populares nas freguesias constroem arcos artesanais com materiais recicl\u00e1veis para enfeitar o Campo da Feira, numa combina\u00e7\u00e3o entre tradi\u00e7\u00e3o e preocupa\u00e7\u00e3o ambiental. Cada arco representa o territ\u00f3rio, exibindo s\u00edmbolos religiosos, desportivos e culturais e contando hist\u00f3rias da comunidade. As associa\u00e7\u00f5es t\u00eam trabalhado nas freguesias h\u00e1 semanas para preparar a festa. A iniciativa evidencia a vitalidade do movimento associativo e a liga\u00e7\u00e3o entre tradi\u00e7\u00e3o e sustentabilidade.\" \/>\n<meta property=\"og:url\" content=\"https:\/\/portaltela.pt\/noticias\/2026\/04\/30\/criancas-e-adultos-constroem-arcos-para-a-festa-das-cruzes\/\" \/>\n<meta property=\"og:site_name\" content=\"Portal Tela Portugal\" \/>\n<meta property=\"article:published_time\" content=\"2026-04-30T09:47:45+00:00\" \/>\n<meta name=\"author\" content=\"Telinha\" \/>\n<meta name=\"twitter:card\" content=\"summary_large_image\" \/>\n<meta name=\"twitter:label1\" content=\"Escrito por\" \/>\n\t<meta name=\"twitter:data1\" content=\"Telinha\" \/>\n\t<meta name=\"twitter:label2\" content=\"Tempo estimado de leitura\" \/>\n\t<meta name=\"twitter:data2\" content=\"1 minuto\" \/>\n<script type=\"application\/ld+json\" class=\"yoast-schema-graph\">{\"@context\":\"https:\/\/schema.org\",\"@graph\":[{\"@type\":\"Article\",\"@id\":\"https:\/\/portaltela.pt\/noticias\/2026\/04\/30\/criancas-e-adultos-constroem-arcos-para-a-festa-das-cruzes\/#article\",\"isPartOf\":{\"@id\":\"https:\/\/portaltela.pt\/noticias\/2026\/04\/30\/criancas-e-adultos-constroem-arcos-para-a-festa-das-cruzes\/\"},\"author\":{\"name\":\"Telinha\",\"@id\":\"https:\/\/portaltela.pt\/#\/schema\/person\/c4278d4a6028830caff9ee44b42d32ed\"},\"headline\":\"Crian\u00e7as e adultos constroem arcos para a Festa das Cruzes\",\"datePublished\":\"2026-04-30T09:47:45+00:00\",\"mainEntityOfPage\":{\"@id\":\"https:\/\/portaltela.pt\/noticias\/2026\/04\/30\/criancas-e-adultos-constroem-arcos-para-a-festa-das-cruzes\/\"},\"wordCount\":174,\"image\":{\"@id\":\"https:\/\/portaltela.pt\/noticias\/2026\/04\/30\/criancas-e-adultos-constroem-arcos-para-a-festa-das-cruzes\/#primaryimage\"},\"thumbnailUrl\":\"https:\/\/portaltela.pt\/s.01k8rhncp4jt1\/2026\/04\/image-1703.jpg\",\"keywords\":[\"a\u00e7\u00f5es comunit\u00e1rias\",\"ambiente\",\"Barcelos\",\"Coes\u00e3o social\",\"cultura\",\"festas\"],\"articleSection\":[\"Cultura\",\"Not\u00edcias\"],\"inLanguage\":\"pt-PT\"},{\"@type\":\"WebPage\",\"@id\":\"https:\/\/portaltela.pt\/noticias\/2026\/04\/30\/criancas-e-adultos-constroem-arcos-para-a-festa-das-cruzes\/\",\"url\":\"https:\/\/portaltela.pt\/noticias\/2026\/04\/30\/criancas-e-adultos-constroem-arcos-para-a-festa-das-cruzes\/\",\"name\":\"Crian\u00e7as e adultos constroem arcos para a Festa das Cruzes - Portal Tela Portugal\",\"isPartOf\":{\"@id\":\"https:\/\/portaltela.pt\/#website\"},\"primaryImageOfPage\":{\"@id\":\"https:\/\/portaltela.pt\/noticias\/2026\/04\/30\/criancas-e-adultos-constroem-arcos-para-a-festa-das-cruzes\/#primaryimage\"},\"image\":{\"@id\":\"https:\/\/portaltela.pt\/noticias\/2026\/04\/30\/criancas-e-adultos-constroem-arcos-para-a-festa-das-cruzes\/#primaryimage\"},\"thumbnailUrl\":\"https:\/\/portaltela.pt\/s.01k8rhncp4jt1\/2026\/04\/image-1703.jpg\",\"datePublished\":\"2026-04-30T09:47:45+00:00\",\"author\":{\"@id\":\"https:\/\/portaltela.pt\/#\/schema\/person\/c4278d4a6028830caff9ee44b42d32ed\"},\"breadcrumb\":{\"@id\":\"https:\/\/portaltela.pt\/noticias\/2026\/04\/30\/criancas-e-adultos-constroem-arcos-para-a-festa-das-cruzes\/#breadcrumb\"},\"inLanguage\":\"pt-PT\",\"potentialAction\":[{\"@type\":\"ReadAction\",\"target\":[\"https:\/\/portaltela.pt\/noticias\/2026\/04\/30\/criancas-e-adultos-constroem-arcos-para-a-festa-das-cruzes\/\"]}]},{\"@type\":\"ImageObject\",\"inLanguage\":\"pt-PT\",\"@id\":\"https:\/\/portaltela.pt\/noticias\/2026\/04\/30\/criancas-e-adultos-constroem-arcos-para-a-festa-das-cruzes\/#primaryimage\",\"url\":\"https:\/\/portaltela.pt\/s.01k8rhncp4jt1\/2026\/04\/image-1703.jpg\",\"contentUrl\":\"https:\/\/portaltela.pt\/s.01k8rhncp4jt1\/2026\/04\/image-1703.jpg\",\"width\":796,\"height\":448,\"caption\":\"Volunt\u00e1rios constroem o arco de Rio Covo Santa Eug\u00e9nia, junto \u00e0 igreja\"},{\"@type\":\"BreadcrumbList\",\"@id\":\"https:\/\/portaltela.pt\/noticias\/2026\/04\/30\/criancas-e-adultos-constroem-arcos-para-a-festa-das-cruzes\/#breadcrumb\",\"itemListElement\":[{\"@type\":\"ListItem\",\"position\":1,\"name\":\"In\u00edcio\",\"item\":\"https:\/\/portaltela.pt\/\"},{\"@type\":\"ListItem\",\"position\":2,\"name\":\"Crian\u00e7as e adultos constroem arcos para a Festa das Cruzes\"}]},{\"@type\":\"WebSite\",\"@id\":\"https:\/\/portaltela.pt\/#website\",\"url\":\"https:\/\/portaltela.pt\/\",\"name\":\"Portal Tela Portugal\",\"description\":\"\",\"potentialAction\":[{\"@type\":\"SearchAction\",\"target\":{\"@type\":\"EntryPoint\",\"urlTemplate\":\"https:\/\/portaltela.pt\/?s={search_term_string}\"},\"query-input\":{\"@type\":\"PropertyValueSpecification\",\"valueRequired\":true,\"valueName\":\"search_term_string\"}}],\"inLanguage\":\"pt-PT\"},{\"@type\":\"Person\",\"@id\":\"https:\/\/portaltela.pt\/#\/schema\/person\/c4278d4a6028830caff9ee44b42d32ed\",\"name\":\"Telinha\",\"image\":{\"@type\":\"ImageObject\",\"inLanguage\":\"pt-PT\",\"@id\":\"https:\/\/portaltela.pt\/s.01k8rhncp4jt1\/2025\/11\/talking-bot-125x125.png\",\"url\":\"https:\/\/portaltela.pt\/s.01k8rhncp4jt1\/2025\/11\/talking-bot-125x125.png\",\"contentUrl\":\"https:\/\/portaltela.pt\/s.01k8rhncp4jt1\/2025\/11\/talking-bot-125x125.png\",\"caption\":\"Telinha\"},\"sameAs\":[\"https:\/\/portaltela.pt\/\"],\"url\":\"https:\/\/portaltela.pt\/por\/367410592786\/\"}]}<\/script>\n<!-- \/ Yoast SEO plugin. -->","yoast_head_json":{"title":"Crian\u00e7as e adultos constroem arcos para a Festa das Cruzes - Portal Tela Portugal","robots":{"index":"index","follow":"follow","max-snippet":"max-snippet:-1","max-image-preview":"max-image-preview:large","max-video-preview":"max-video-preview:-1"},"og_locale":"pt_PT","og_type":"article","og_title":"Crian\u00e7as e adultos constroem arcos para a Festa das Cruzes - Portal Tela Portugal","og_description":"A primeira grande romaria do Minho arranca \u00e0s 11 horas desta quinta-feira, em Barcelos, e prolonga-se at\u00e9 3 de maio, com a expectativa de atrair um milh\u00e3o de visitantes. Grupos de populares nas freguesias constroem arcos artesanais com materiais recicl\u00e1veis para enfeitar o Campo da Feira, numa combina\u00e7\u00e3o entre tradi\u00e7\u00e3o e preocupa\u00e7\u00e3o ambiental. Cada arco representa o territ\u00f3rio, exibindo s\u00edmbolos religiosos, desportivos e culturais e contando hist\u00f3rias da comunidade. As associa\u00e7\u00f5es t\u00eam trabalhado nas freguesias h\u00e1 semanas para preparar a festa. A iniciativa evidencia a vitalidade do movimento associativo e a liga\u00e7\u00e3o entre tradi\u00e7\u00e3o e sustentabilidade.","og_url":"https:\/\/portaltela.pt\/noticias\/2026\/04\/30\/criancas-e-adultos-constroem-arcos-para-a-festa-das-cruzes\/","og_site_name":"Portal Tela Portugal","article_published_time":"2026-04-30T09:47:45+00:00","author":"Telinha","twitter_card":"summary_large_image","twitter_misc":{"Escrito por":"Telinha","Tempo estimado de leitura":"1 minuto"},"schema":{"@context":"https:\/\/schema.org","@graph":[{"@type":"Article","@id":"https:\/\/portaltela.pt\/noticias\/2026\/04\/30\/criancas-e-adultos-constroem-arcos-para-a-festa-das-cruzes\/#article","isPartOf":{"@id":"https:\/\/portaltela.pt\/noticias\/2026\/04\/30\/criancas-e-adultos-constroem-arcos-para-a-festa-das-cruzes\/"},"author":{"name":"Telinha","@id":"https:\/\/portaltela.pt\/#\/schema\/person\/c4278d4a6028830caff9ee44b42d32ed"},"headline":"Crian\u00e7as e adultos constroem arcos para a Festa das Cruzes","datePublished":"2026-04-30T09:47:45+00:00","mainEntityOfPage":{"@id":"https:\/\/portaltela.pt\/noticias\/2026\/04\/30\/criancas-e-adultos-constroem-arcos-para-a-festa-das-cruzes\/"},"wordCount":174,"image":{"@id":"https:\/\/portaltela.pt\/noticias\/2026\/04\/30\/criancas-e-adultos-constroem-arcos-para-a-festa-das-cruzes\/#primaryimage"},"thumbnailUrl":"https:\/\/portaltela.pt\/s.01k8rhncp4jt1\/2026\/04\/image-1703.jpg","keywords":["a\u00e7\u00f5es comunit\u00e1rias","ambiente","Barcelos","Coes\u00e3o social","cultura","festas"],"articleSection":["Cultura","Not\u00edcias"],"inLanguage":"pt-PT"},{"@type":"WebPage","@id":"https:\/\/portaltela.pt\/noticias\/2026\/04\/30\/criancas-e-adultos-constroem-arcos-para-a-festa-das-cruzes\/","url":"https:\/\/portaltela.pt\/noticias\/2026\/04\/30\/criancas-e-adultos-constroem-arcos-para-a-festa-das-cruzes\/","name":"Crian\u00e7as e adultos constroem arcos para a Festa das Cruzes - Portal Tela Portugal","isPartOf":{"@id":"https:\/\/portaltela.pt\/#website"},"primaryImageOfPage":{"@id":"https:\/\/portaltela.pt\/noticias\/2026\/04\/30\/criancas-e-adultos-constroem-arcos-para-a-festa-das-cruzes\/#primaryimage"},"image":{"@id":"https:\/\/portaltela.pt\/noticias\/2026\/04\/30\/criancas-e-adultos-constroem-arcos-para-a-festa-das-cruzes\/#primaryimage"},"thumbnailUrl":"https:\/\/portaltela.pt\/s.01k8rhncp4jt1\/2026\/04\/image-1703.jpg","datePublished":"2026-04-30T09:47:45+00:00","author":{"@id":"https:\/\/portaltela.pt\/#\/schema\/person\/c4278d4a6028830caff9ee44b42d32ed"},"breadcrumb":{"@id":"https:\/\/portaltela.pt\/noticias\/2026\/04\/30\/criancas-e-adultos-constroem-arcos-para-a-festa-das-cruzes\/#breadcrumb"},"inLanguage":"pt-PT","potentialAction":[{"@type":"ReadAction","target":["https:\/\/portaltela.pt\/noticias\/2026\/04\/30\/criancas-e-adultos-constroem-arcos-para-a-festa-das-cruzes\/"]}]},{"@type":"ImageObject","inLanguage":"pt-PT","@id":"https:\/\/portaltela.pt\/noticias\/2026\/04\/30\/criancas-e-adultos-constroem-arcos-para-a-festa-das-cruzes\/#primaryimage","url":"https:\/\/portaltela.pt\/s.01k8rhncp4jt1\/2026\/04\/image-1703.jpg","contentUrl":"https:\/\/portaltela.pt\/s.01k8rhncp4jt1\/2026\/04\/image-1703.jpg","width":796,"height":448,"caption":"Volunt\u00e1rios constroem o arco de Rio Covo Santa Eug\u00e9nia, junto \u00e0 igreja"},{"@type":"BreadcrumbList","@id":"https:\/\/portaltela.pt\/noticias\/2026\/04\/30\/criancas-e-adultos-constroem-arcos-para-a-festa-das-cruzes\/#breadcrumb","itemListElement":[{"@type":"ListItem","position":1,"name":"In\u00edcio","item":"https:\/\/portaltela.pt\/"},{"@type":"ListItem","position":2,"name":"Crian\u00e7as e adultos constroem arcos para a Festa das Cruzes"}]},{"@type":"WebSite","@id":"https:\/\/portaltela.pt\/#website","url":"https:\/\/portaltela.pt\/","name":"Portal Tela Portugal","description":"","potentialAction":[{"@type":"SearchAction","target":{"@type":"EntryPoint","urlTemplate":"https:\/\/portaltela.pt\/?s={search_term_string}"},"query-input":{"@type":"PropertyValueSpecification","valueRequired":true,"valueName":"search_term_string"}}],"inLanguage":"pt-PT"},{"@type":"Person","@id":"https:\/\/portaltela.pt\/#\/schema\/person\/c4278d4a6028830caff9ee44b42d32ed","name":"Telinha","image":{"@type":"ImageObject","inLanguage":"pt-PT","@id":"https:\/\/portaltela.pt\/s.01k8rhncp4jt1\/2025\/11\/talking-bot-125x125.png","url":"https:\/\/portaltela.pt\/s.01k8rhncp4jt1\/2025\/11\/talking-bot-125x125.png","contentUrl":"https:\/\/portaltela.pt\/s.01k8rhncp4jt1\/2025\/11\/talking-bot-125x125.png","caption":"Telinha"},"sameAs":["https:\/\/portaltela.pt\/"],"url":"https:\/\/portaltela.pt\/por\/367410592786\/"}]}},"_links":{"self":[{"href":"https:\/\/portaltela.pt\/api\/wp\/v2\/posts\/462093","targetHints":{"allow":["GET"]}}],"collection":[{"href":"https:\/\/portaltela.pt\/api\/wp\/v2\/posts"}],"about":[{"href":"https:\/\/portaltela.pt\/api\/wp\/v2\/types\/post"}],"author":[{"embeddable":true,"href":"https:\/\/portaltela.pt\/api\/wp\/v2\/users\/2"}],"replies":[{"embeddable":true,"href":"https:\/\/portaltela.pt\/api\/wp\/v2\/comments?post=462093"}],"version-history":[{"count":0,"href":"https:\/\/portaltela.pt\/api\/wp\/v2\/posts\/462093\/revisions"}],"wp:featuredmedia":[{"embeddable":true,"href":"https:\/\/portaltela.pt\/api\/wp\/v2\/media\/462102"}],"wp:attachment":[{"href":"https:\/\/portaltela.pt\/api\/wp\/v2\/media?parent=462093"}],"wp:term":[{"taxonomy":"category","embeddable":true,"href":"https:\/\/portaltela.pt\/api\/wp\/v2\/categories?post=462093"},{"taxonomy":"post_tag","embeddable":true,"href":"https:\/\/portaltela.pt\/api\/wp\/v2\/tags?post=462093"}],"curies":[{"name":"wp","href":"https:\/\/api.w.org\/{rel}","templated":true}]}}