{"id":462086,"date":"2026-04-30T06:33:33","date_gmt":"2026-04-30T09:33:33","guid":{"rendered":"https:\/\/portaltela.pt\/noticias\/2026\/04\/30\/imagens-de-bodycam-mostram-a-imobilizacao-de-suspeito-apos-esfaquear-dois-judeus\/"},"modified":"2026-04-30T06:33:33","modified_gmt":"2026-04-30T09:33:33","slug":"imagens-de-bodycam-mostram-a-imobilizacao-de-suspeito-apos-esfaquear-dois-judeus","status":"publish","type":"post","link":"https:\/\/portaltela.pt\/policia\/2026\/04\/30\/imagens-de-bodycam-mostram-a-imobilizacao-de-suspeito-apos-esfaquear-dois-judeus\/","title":{"rendered":"Imagens de bodycam mostram a imobiliza\u00e7\u00e3o de suspeito ap\u00f3s esfaquear dois judeus"},"content":{"rendered":"<p>A pol\u00edcia de Londres divulgou hoje um v\u00eddeo de bodycam que mostra o momento da deten\u00e7\u00e3o de um suspeito ap\u00f3s esfaquear dois homens judeus em frente a uma sinagoga em Golders Green, um bairro de Londres conhecido pela comunidade judaica. O registro foi tornado p\u00fablico para detalhar o incidente.<\/p>\n<p>Os dois homens feridos receberam assist\u00eancia m\u00e9dica no local. N\u00e3o foram anunciadas informa\u00e7\u00f5es sobre o estado de sa\u00fade deles nem sobre a gravidade dos ferimentos no momento da divulga\u00e7\u00e3o.<\/p>\n<p>O suspeito foi detido pela pol\u00edcia logo ap\u00f3s o ataque. A motiva\u00e7\u00e3o do crime ainda n\u00e3o foi divulgada, e as autoridades indicaram que o caso est\u00e1 em fase de investiga\u00e7\u00e3o.<\/p>\n<h3>Detalhes do v\u00eddeo<\/h3>\n<p>A pol\u00edcia n\u00e3o forneceu informa\u00e7\u00f5es adicionais sobre a identidade das v\u00edtimas ou sobre eventuais testemunhas. O conte\u00fado divulgado visa esclarecer o que ocorreu e as a\u00e7\u00f5es tomadas pela for\u00e7a policial no local.<\/p>\n","protected":false},"excerpt":{"rendered":"<ul>\n<li>A pol\u00edcia de Londres divulgou um v\u00eddeo de corpo de pol\u00edcia (bodycam) que mostra o momento em que o suspeito \u00e9 detido ap\u00f3s esfaquear dois homens judeus em frente a uma sinagoga, em Golders Green.<\/li>\n<li>O ataque ocorreu num bairro conhecido pela comunidade judaica na capital brit\u00e2nica.<\/li>\n<li>O v\u00eddeo registra a interven\u00e7\u00e3o dos agentes e a deten\u00e7\u00e3o do suspeito logo ap\u00f3s o esfaqueamento.<\/li>\n<li>N\u00e3o foram fecho os detalhes sobre o estado de sa\u00fade das v\u00edtimas ou motiva\u00e7\u00f5es do crime no trecho divulgado.<\/li>\n<\/ul>\n","protected":false},"author":2,"featured_media":462087,"comment_status":"closed","ping_status":"closed","sticky":false,"template":"","format":"standard","meta":{"footnotes":""},"categories":[6907,6781],"tags":[8504,7921,8578,8796,9065,7878],"class_list":["post-462086","post","type-post","status-publish","format-standard","has-post-thumbnail","hentry","category-crime","category-policia","tag-_antissemitismo","tag-_crime","tag-_crime-de-odio","tag-_londres","tag-_policia-de-seguranca-publica","tag-_seguranca-publica"],"yoast_head":"<!-- This site is optimized with the Yoast SEO plugin v27.2 - https:\/\/yoast.com\/product\/yoast-seo-wordpress\/ -->\n<title>Imagens de bodycam mostram a imobiliza\u00e7\u00e3o de suspeito ap\u00f3s esfaquear dois judeus - Portal Tela Portugal<\/title>\n<meta name=\"robots\" content=\"index, follow, max-snippet:-1, max-image-preview:large, max-video-preview:-1\" \/>\n<meta property=\"og:locale\" content=\"pt_PT\" \/>\n<meta property=\"og:type\" content=\"article\" \/>\n<meta property=\"og:title\" content=\"Imagens de bodycam mostram a imobiliza\u00e7\u00e3o de suspeito ap\u00f3s esfaquear dois judeus - Portal Tela Portugal\" \/>\n<meta property=\"og:description\" content=\"A pol\u00edcia de Londres divulgou um v\u00eddeo de corpo de pol\u00edcia (bodycam) que mostra o momento em que o suspeito \u00e9 detido ap\u00f3s esfaquear dois homens judeus em frente a uma sinagoga, em Golders Green. O ataque ocorreu num bairro conhecido pela comunidade judaica na capital brit\u00e2nica. O v\u00eddeo registra a interven\u00e7\u00e3o dos agentes e a deten\u00e7\u00e3o do suspeito logo ap\u00f3s o esfaqueamento. N\u00e3o foram fecho os detalhes sobre o estado de sa\u00fade das v\u00edtimas ou motiva\u00e7\u00f5es do crime no trecho divulgado.\" \/>\n<meta property=\"og:url\" content=\"https:\/\/portaltela.pt\/noticias\/2026\/04\/30\/imagens-de-bodycam-mostram-a-imobilizacao-de-suspeito-apos-esfaquear-dois-judeus\/\" \/>\n<meta property=\"og:site_name\" content=\"Portal Tela Portugal\" \/>\n<meta property=\"article:published_time\" content=\"2026-04-30T09:33:33+00:00\" \/>\n<meta name=\"author\" content=\"Telinha\" \/>\n<meta name=\"twitter:card\" content=\"summary_large_image\" \/>\n<meta name=\"twitter:label1\" content=\"Escrito por\" \/>\n\t<meta name=\"twitter:data1\" content=\"Telinha\" \/>\n\t<meta name=\"twitter:label2\" content=\"Tempo estimado de leitura\" \/>\n\t<meta name=\"twitter:data2\" content=\"1 minuto\" \/>\n<script type=\"application\/ld+json\" class=\"yoast-schema-graph\">{\"@context\":\"https:\/\/schema.org\",\"@graph\":[{\"@type\":\"Article\",\"@id\":\"https:\/\/portaltela.pt\/noticias\/2026\/04\/30\/imagens-de-bodycam-mostram-a-imobilizacao-de-suspeito-apos-esfaquear-dois-judeus\/#article\",\"isPartOf\":{\"@id\":\"https:\/\/portaltela.pt\/noticias\/2026\/04\/30\/imagens-de-bodycam-mostram-a-imobilizacao-de-suspeito-apos-esfaquear-dois-judeus\/\"},\"author\":{\"name\":\"Telinha\",\"@id\":\"https:\/\/portaltela.pt\/#\/schema\/person\/c4278d4a6028830caff9ee44b42d32ed\"},\"headline\":\"Imagens de bodycam mostram a imobiliza\u00e7\u00e3o de suspeito ap\u00f3s esfaquear dois judeus\",\"datePublished\":\"2026-04-30T09:33:33+00:00\",\"mainEntityOfPage\":{\"@id\":\"https:\/\/portaltela.pt\/noticias\/2026\/04\/30\/imagens-de-bodycam-mostram-a-imobilizacao-de-suspeito-apos-esfaquear-dois-judeus\/\"},\"wordCount\":181,\"image\":{\"@id\":\"https:\/\/portaltela.pt\/noticias\/2026\/04\/30\/imagens-de-bodycam-mostram-a-imobilizacao-de-suspeito-apos-esfaquear-dois-judeus\/#primaryimage\"},\"thumbnailUrl\":\"https:\/\/portaltela.pt\/s.01k8rhncp4jt1\/2026\/04\/img_1280x722uu2026-04-30-10-19-20-2281992.jpg\",\"keywords\":[\"_antissemitismo\",\"_crime\",\"_crime de \u00f3dio\",\"_Londres\",\"_Pol\u00edcia de Seguran\u00e7a P\u00fablica\",\"_seguran\u00e7a p\u00fablica\"],\"articleSection\":[\"Crime\",\"Pol\u00edcia\"],\"inLanguage\":\"pt-PT\"},{\"@type\":\"WebPage\",\"@id\":\"https:\/\/portaltela.pt\/noticias\/2026\/04\/30\/imagens-de-bodycam-mostram-a-imobilizacao-de-suspeito-apos-esfaquear-dois-judeus\/\",\"url\":\"https:\/\/portaltela.pt\/noticias\/2026\/04\/30\/imagens-de-bodycam-mostram-a-imobilizacao-de-suspeito-apos-esfaquear-dois-judeus\/\",\"name\":\"Imagens de bodycam mostram a imobiliza\u00e7\u00e3o de suspeito ap\u00f3s esfaquear dois judeus - Portal Tela Portugal\",\"isPartOf\":{\"@id\":\"https:\/\/portaltela.pt\/#website\"},\"primaryImageOfPage\":{\"@id\":\"https:\/\/portaltela.pt\/noticias\/2026\/04\/30\/imagens-de-bodycam-mostram-a-imobilizacao-de-suspeito-apos-esfaquear-dois-judeus\/#primaryimage\"},\"image\":{\"@id\":\"https:\/\/portaltela.pt\/noticias\/2026\/04\/30\/imagens-de-bodycam-mostram-a-imobilizacao-de-suspeito-apos-esfaquear-dois-judeus\/#primaryimage\"},\"thumbnailUrl\":\"https:\/\/portaltela.pt\/s.01k8rhncp4jt1\/2026\/04\/img_1280x722uu2026-04-30-10-19-20-2281992.jpg\",\"datePublished\":\"2026-04-30T09:33:33+00:00\",\"author\":{\"@id\":\"https:\/\/portaltela.pt\/#\/schema\/person\/c4278d4a6028830caff9ee44b42d32ed\"},\"breadcrumb\":{\"@id\":\"https:\/\/portaltela.pt\/noticias\/2026\/04\/30\/imagens-de-bodycam-mostram-a-imobilizacao-de-suspeito-apos-esfaquear-dois-judeus\/#breadcrumb\"},\"inLanguage\":\"pt-PT\",\"potentialAction\":[{\"@type\":\"ReadAction\",\"target\":[\"https:\/\/portaltela.pt\/noticias\/2026\/04\/30\/imagens-de-bodycam-mostram-a-imobilizacao-de-suspeito-apos-esfaquear-dois-judeus\/\"]}]},{\"@type\":\"ImageObject\",\"inLanguage\":\"pt-PT\",\"@id\":\"https:\/\/portaltela.pt\/noticias\/2026\/04\/30\/imagens-de-bodycam-mostram-a-imobilizacao-de-suspeito-apos-esfaquear-dois-judeus\/#primaryimage\",\"url\":\"https:\/\/portaltela.pt\/s.01k8rhncp4jt1\/2026\/04\/img_1280x722uu2026-04-30-10-19-20-2281992.jpg\",\"contentUrl\":\"https:\/\/portaltela.pt\/s.01k8rhncp4jt1\/2026\/04\/img_1280x722uu2026-04-30-10-19-20-2281992.jpg\",\"width\":796,\"height\":448,\"caption\":\"Imagens de \u2018bodycam\u2019 mostram momento em que suspeito de esfaquear dois homens judeus em Londres \u00e9 imobilizado\"},{\"@type\":\"BreadcrumbList\",\"@id\":\"https:\/\/portaltela.pt\/noticias\/2026\/04\/30\/imagens-de-bodycam-mostram-a-imobilizacao-de-suspeito-apos-esfaquear-dois-judeus\/#breadcrumb\",\"itemListElement\":[{\"@type\":\"ListItem\",\"position\":1,\"name\":\"In\u00edcio\",\"item\":\"https:\/\/portaltela.pt\/\"},{\"@type\":\"ListItem\",\"position\":2,\"name\":\"Imagens de bodycam mostram a imobiliza\u00e7\u00e3o de suspeito ap\u00f3s esfaquear dois judeus\"}]},{\"@type\":\"WebSite\",\"@id\":\"https:\/\/portaltela.pt\/#website\",\"url\":\"https:\/\/portaltela.pt\/\",\"name\":\"Portal Tela Portugal\",\"description\":\"\",\"potentialAction\":[{\"@type\":\"SearchAction\",\"target\":{\"@type\":\"EntryPoint\",\"urlTemplate\":\"https:\/\/portaltela.pt\/?s={search_term_string}\"},\"query-input\":{\"@type\":\"PropertyValueSpecification\",\"valueRequired\":true,\"valueName\":\"search_term_string\"}}],\"inLanguage\":\"pt-PT\"},{\"@type\":\"Person\",\"@id\":\"https:\/\/portaltela.pt\/#\/schema\/person\/c4278d4a6028830caff9ee44b42d32ed\",\"name\":\"Telinha\",\"image\":{\"@type\":\"ImageObject\",\"inLanguage\":\"pt-PT\",\"@id\":\"https:\/\/portaltela.pt\/s.01k8rhncp4jt1\/2025\/11\/talking-bot-125x125.png\",\"url\":\"https:\/\/portaltela.pt\/s.01k8rhncp4jt1\/2025\/11\/talking-bot-125x125.png\",\"contentUrl\":\"https:\/\/portaltela.pt\/s.01k8rhncp4jt1\/2025\/11\/talking-bot-125x125.png\",\"caption\":\"Telinha\"},\"sameAs\":[\"https:\/\/portaltela.pt\/\"],\"url\":\"https:\/\/portaltela.pt\/por\/367410592786\/\"}]}<\/script>\n<!-- \/ Yoast SEO plugin. -->","yoast_head_json":{"title":"Imagens de bodycam mostram a imobiliza\u00e7\u00e3o de suspeito ap\u00f3s esfaquear dois judeus - Portal Tela Portugal","robots":{"index":"index","follow":"follow","max-snippet":"max-snippet:-1","max-image-preview":"max-image-preview:large","max-video-preview":"max-video-preview:-1"},"og_locale":"pt_PT","og_type":"article","og_title":"Imagens de bodycam mostram a imobiliza\u00e7\u00e3o de suspeito ap\u00f3s esfaquear dois judeus - Portal Tela Portugal","og_description":"A pol\u00edcia de Londres divulgou um v\u00eddeo de corpo de pol\u00edcia (bodycam) que mostra o momento em que o suspeito \u00e9 detido ap\u00f3s esfaquear dois homens judeus em frente a uma sinagoga, em Golders Green. O ataque ocorreu num bairro conhecido pela comunidade judaica na capital brit\u00e2nica. O v\u00eddeo registra a interven\u00e7\u00e3o dos agentes e a deten\u00e7\u00e3o do suspeito logo ap\u00f3s o esfaqueamento. N\u00e3o foram fecho os detalhes sobre o estado de sa\u00fade das v\u00edtimas ou motiva\u00e7\u00f5es do crime no trecho divulgado.","og_url":"https:\/\/portaltela.pt\/noticias\/2026\/04\/30\/imagens-de-bodycam-mostram-a-imobilizacao-de-suspeito-apos-esfaquear-dois-judeus\/","og_site_name":"Portal Tela Portugal","article_published_time":"2026-04-30T09:33:33+00:00","author":"Telinha","twitter_card":"summary_large_image","twitter_misc":{"Escrito por":"Telinha","Tempo estimado de leitura":"1 minuto"},"schema":{"@context":"https:\/\/schema.org","@graph":[{"@type":"Article","@id":"https:\/\/portaltela.pt\/noticias\/2026\/04\/30\/imagens-de-bodycam-mostram-a-imobilizacao-de-suspeito-apos-esfaquear-dois-judeus\/#article","isPartOf":{"@id":"https:\/\/portaltela.pt\/noticias\/2026\/04\/30\/imagens-de-bodycam-mostram-a-imobilizacao-de-suspeito-apos-esfaquear-dois-judeus\/"},"author":{"name":"Telinha","@id":"https:\/\/portaltela.pt\/#\/schema\/person\/c4278d4a6028830caff9ee44b42d32ed"},"headline":"Imagens de bodycam mostram a imobiliza\u00e7\u00e3o de suspeito ap\u00f3s esfaquear dois judeus","datePublished":"2026-04-30T09:33:33+00:00","mainEntityOfPage":{"@id":"https:\/\/portaltela.pt\/noticias\/2026\/04\/30\/imagens-de-bodycam-mostram-a-imobilizacao-de-suspeito-apos-esfaquear-dois-judeus\/"},"wordCount":181,"image":{"@id":"https:\/\/portaltela.pt\/noticias\/2026\/04\/30\/imagens-de-bodycam-mostram-a-imobilizacao-de-suspeito-apos-esfaquear-dois-judeus\/#primaryimage"},"thumbnailUrl":"https:\/\/portaltela.pt\/s.01k8rhncp4jt1\/2026\/04\/img_1280x722uu2026-04-30-10-19-20-2281992.jpg","keywords":["_antissemitismo","_crime","_crime de \u00f3dio","_Londres","_Pol\u00edcia de Seguran\u00e7a P\u00fablica","_seguran\u00e7a p\u00fablica"],"articleSection":["Crime","Pol\u00edcia"],"inLanguage":"pt-PT"},{"@type":"WebPage","@id":"https:\/\/portaltela.pt\/noticias\/2026\/04\/30\/imagens-de-bodycam-mostram-a-imobilizacao-de-suspeito-apos-esfaquear-dois-judeus\/","url":"https:\/\/portaltela.pt\/noticias\/2026\/04\/30\/imagens-de-bodycam-mostram-a-imobilizacao-de-suspeito-apos-esfaquear-dois-judeus\/","name":"Imagens de bodycam mostram a imobiliza\u00e7\u00e3o de suspeito ap\u00f3s esfaquear dois judeus - Portal Tela Portugal","isPartOf":{"@id":"https:\/\/portaltela.pt\/#website"},"primaryImageOfPage":{"@id":"https:\/\/portaltela.pt\/noticias\/2026\/04\/30\/imagens-de-bodycam-mostram-a-imobilizacao-de-suspeito-apos-esfaquear-dois-judeus\/#primaryimage"},"image":{"@id":"https:\/\/portaltela.pt\/noticias\/2026\/04\/30\/imagens-de-bodycam-mostram-a-imobilizacao-de-suspeito-apos-esfaquear-dois-judeus\/#primaryimage"},"thumbnailUrl":"https:\/\/portaltela.pt\/s.01k8rhncp4jt1\/2026\/04\/img_1280x722uu2026-04-30-10-19-20-2281992.jpg","datePublished":"2026-04-30T09:33:33+00:00","author":{"@id":"https:\/\/portaltela.pt\/#\/schema\/person\/c4278d4a6028830caff9ee44b42d32ed"},"breadcrumb":{"@id":"https:\/\/portaltela.pt\/noticias\/2026\/04\/30\/imagens-de-bodycam-mostram-a-imobilizacao-de-suspeito-apos-esfaquear-dois-judeus\/#breadcrumb"},"inLanguage":"pt-PT","potentialAction":[{"@type":"ReadAction","target":["https:\/\/portaltela.pt\/noticias\/2026\/04\/30\/imagens-de-bodycam-mostram-a-imobilizacao-de-suspeito-apos-esfaquear-dois-judeus\/"]}]},{"@type":"ImageObject","inLanguage":"pt-PT","@id":"https:\/\/portaltela.pt\/noticias\/2026\/04\/30\/imagens-de-bodycam-mostram-a-imobilizacao-de-suspeito-apos-esfaquear-dois-judeus\/#primaryimage","url":"https:\/\/portaltela.pt\/s.01k8rhncp4jt1\/2026\/04\/img_1280x722uu2026-04-30-10-19-20-2281992.jpg","contentUrl":"https:\/\/portaltela.pt\/s.01k8rhncp4jt1\/2026\/04\/img_1280x722uu2026-04-30-10-19-20-2281992.jpg","width":796,"height":448,"caption":"Imagens de \u2018bodycam\u2019 mostram momento em que suspeito de esfaquear dois homens judeus em Londres \u00e9 imobilizado"},{"@type":"BreadcrumbList","@id":"https:\/\/portaltela.pt\/noticias\/2026\/04\/30\/imagens-de-bodycam-mostram-a-imobilizacao-de-suspeito-apos-esfaquear-dois-judeus\/#breadcrumb","itemListElement":[{"@type":"ListItem","position":1,"name":"In\u00edcio","item":"https:\/\/portaltela.pt\/"},{"@type":"ListItem","position":2,"name":"Imagens de bodycam mostram a imobiliza\u00e7\u00e3o de suspeito ap\u00f3s esfaquear dois judeus"}]},{"@type":"WebSite","@id":"https:\/\/portaltela.pt\/#website","url":"https:\/\/portaltela.pt\/","name":"Portal Tela Portugal","description":"","potentialAction":[{"@type":"SearchAction","target":{"@type":"EntryPoint","urlTemplate":"https:\/\/portaltela.pt\/?s={search_term_string}"},"query-input":{"@type":"PropertyValueSpecification","valueRequired":true,"valueName":"search_term_string"}}],"inLanguage":"pt-PT"},{"@type":"Person","@id":"https:\/\/portaltela.pt\/#\/schema\/person\/c4278d4a6028830caff9ee44b42d32ed","name":"Telinha","image":{"@type":"ImageObject","inLanguage":"pt-PT","@id":"https:\/\/portaltela.pt\/s.01k8rhncp4jt1\/2025\/11\/talking-bot-125x125.png","url":"https:\/\/portaltela.pt\/s.01k8rhncp4jt1\/2025\/11\/talking-bot-125x125.png","contentUrl":"https:\/\/portaltela.pt\/s.01k8rhncp4jt1\/2025\/11\/talking-bot-125x125.png","caption":"Telinha"},"sameAs":["https:\/\/portaltela.pt\/"],"url":"https:\/\/portaltela.pt\/por\/367410592786\/"}]}},"_links":{"self":[{"href":"https:\/\/portaltela.pt\/api\/wp\/v2\/posts\/462086","targetHints":{"allow":["GET"]}}],"collection":[{"href":"https:\/\/portaltela.pt\/api\/wp\/v2\/posts"}],"about":[{"href":"https:\/\/portaltela.pt\/api\/wp\/v2\/types\/post"}],"author":[{"embeddable":true,"href":"https:\/\/portaltela.pt\/api\/wp\/v2\/users\/2"}],"replies":[{"embeddable":true,"href":"https:\/\/portaltela.pt\/api\/wp\/v2\/comments?post=462086"}],"version-history":[{"count":0,"href":"https:\/\/portaltela.pt\/api\/wp\/v2\/posts\/462086\/revisions"}],"wp:featuredmedia":[{"embeddable":true,"href":"https:\/\/portaltela.pt\/api\/wp\/v2\/media\/462087"}],"wp:attachment":[{"href":"https:\/\/portaltela.pt\/api\/wp\/v2\/media?parent=462086"}],"wp:term":[{"taxonomy":"category","embeddable":true,"href":"https:\/\/portaltela.pt\/api\/wp\/v2\/categories?post=462086"},{"taxonomy":"post_tag","embeddable":true,"href":"https:\/\/portaltela.pt\/api\/wp\/v2\/tags?post=462086"}],"curies":[{"name":"wp","href":"https:\/\/api.w.org\/{rel}","templated":true}]}}