{"id":462075,"date":"2026-04-30T06:33:21","date_gmt":"2026-04-30T09:33:21","guid":{"rendered":"https:\/\/portaltela.pt\/noticias\/2026\/04\/30\/joao-so-e-tiago-nogueira-anunciam-album-a-dois\/"},"modified":"2026-04-30T06:33:21","modified_gmt":"2026-04-30T09:33:21","slug":"joao-so-e-tiago-nogueira-anunciam-album-a-dois","status":"publish","type":"post","link":"https:\/\/portaltela.pt\/musica\/2026\/04\/30\/joao-so-e-tiago-nogueira-anunciam-album-a-dois\/","title":{"rendered":"Jo\u00e3o S\u00f3 e Tiago Nogueira anunciam \u00e1lbum a dois"},"content":{"rendered":"<p>Jo\u00e3o S\u00f3 e Tiago Nogueira, da dupla Jo\u00e3o S\u00f3 e Tiago Nogueira, anunciam o single Len\u00e7o, marcado pela parceria criativa iniciada h\u00e1 anos. A can\u00e7\u00e3o junta o acorde\u00e3o tradicional a uma energia pop luminosa, num registo de proximidade e romance leve.<\/p>\n<p>O tema surge entre concertos pelo pa\u00eds e ter\u00e1 a sua conclus\u00e3o num concerto no Coliseu de Lisboa, a 11 de dezembro. Len\u00e7o \u00e9 apresentado como mais uma etapa rumo ao pr\u00f3ximo \u00e1lbum de est\u00fadio do duo.<\/p>\n<h3>Detalhes do videoclipe e participa\u00e7\u00e3o<\/h3>\n<p>O videoclipe estreou recentemente e foi filmado na Quinta de S\u00e3o Francisco, em Outeiro, Viana do Castelo. A realiza\u00e7\u00e3o \u00e9 de Paulo Bico e Fl\u00e1vio Cruz, com Jo\u00e3o S\u00f3 na produ\u00e7\u00e3o musical e_ Jo\u00e3o S\u00f3_ e Tiago Nogueira como voz principal.<\/p>\n<h3>Quem participou na grava\u00e7\u00e3o<\/h3>\n<p>Al\u00e9m dos dois int\u00e9rpretes, participaram Francisco Sales (guitarras ac\u00fasticas), Pedro Zagalo (acorde\u00e3o) e Jo\u00e3o Sampayo (baixo e programa\u00e7\u00f5es). A equipa de grava\u00e7\u00e3o combina v\u00e1rias val\u00eancias instrumentais para o som final.<\/p>\n","protected":false},"excerpt":{"rendered":"<ul>\n<li>Jo\u00e3o S\u00f3 e Tiago Nogueira, dos Quatro e Meia, anunciam o single Len\u00e7o, com concertos pelo pa\u00eds que v\u00e3o culminar no Coliseu de Lisboa a 11 de dezembro.<\/li>\n<li>Len\u00e7o apresenta uma fus\u00e3o entre acorde\u00e3o tradicional e energia pop, em torno de uma hist\u00f3ria de proximidade, calor e romance breve, num ambiente de festas juninas.<\/li>\n<li>A letra e a m\u00fasica s\u00e3o de Jo\u00e3o S\u00f3 e Tiago Nogueira, sendo mais um passo para o \u00e1lbum de est\u00fadio da dupla.<\/li>\n<li>O videoclipe estreado foi filmado na Quinta de S\u00e3o Francisco, Outeiro, Viana do Castelo, com realiza\u00e7\u00e3o de Paulo Bico e Fl\u00e1vio Cruz.<\/li>\n<li>Participam na grava\u00e7\u00e3o Jo\u00e3o S\u00f3 (percuss\u00e3o, guitarras, piano, coros e voz principal), Tiago Nogueira (adufes, coros e voz principal), Francisco Sales (guitarras ac\u00fasticas), Pedro Zagalo (acorde\u00e3o) e Jo\u00e3o Sampayo (baixo e programa\u00e7\u00f5es); produ\u00e7\u00e3o de Jo\u00e3o S\u00f3.<\/li>\n<\/ul>\n","protected":false},"author":2,"featured_media":462080,"comment_status":"closed","ping_status":"closed","sticky":false,"template":"","format":"standard","meta":{"footnotes":""},"categories":[6676],"tags":[593,145,981,122,7667,1014],"class_list":["post-462075","post","type-post","status-publish","format-standard","has-post-thumbnail","hentry","category-musica","tag-concertos","tag-cultura","tag-lisboa","tag-musica","tag-musica-ao-vivo","tag-portugal"],"yoast_head":"<!-- This site is optimized with the Yoast SEO plugin v27.2 - https:\/\/yoast.com\/product\/yoast-seo-wordpress\/ -->\n<title>Jo\u00e3o S\u00f3 e Tiago Nogueira anunciam \u00e1lbum a dois - Portal Tela Portugal<\/title>\n<meta name=\"robots\" content=\"index, follow, max-snippet:-1, max-image-preview:large, max-video-preview:-1\" \/>\n<meta property=\"og:locale\" content=\"pt_PT\" \/>\n<meta property=\"og:type\" content=\"article\" \/>\n<meta property=\"og:title\" content=\"Jo\u00e3o S\u00f3 e Tiago Nogueira anunciam \u00e1lbum a dois - Portal Tela Portugal\" \/>\n<meta property=\"og:description\" content=\"Jo\u00e3o S\u00f3 e Tiago Nogueira, dos Quatro e Meia, anunciam o single Len\u00e7o, com concertos pelo pa\u00eds que v\u00e3o culminar no Coliseu de Lisboa a 11 de dezembro. Len\u00e7o apresenta uma fus\u00e3o entre acorde\u00e3o tradicional e energia pop, em torno de uma hist\u00f3ria de proximidade, calor e romance breve, num ambiente de festas juninas. A letra e a m\u00fasica s\u00e3o de Jo\u00e3o S\u00f3 e Tiago Nogueira, sendo mais um passo para o \u00e1lbum de est\u00fadio da dupla. O videoclipe estreado foi filmado na Quinta de S\u00e3o Francisco, Outeiro, Viana do Castelo, com realiza\u00e7\u00e3o de Paulo Bico e Fl\u00e1vio Cruz. Participam na grava\u00e7\u00e3o Jo\u00e3o S\u00f3 (percuss\u00e3o, guitarras, piano, coros e voz principal), Tiago Nogueira (adufes, coros e voz principal), Francisco Sales (guitarras ac\u00fasticas), Pedro Zagalo (acorde\u00e3o) e Jo\u00e3o Sampayo (baixo e programa\u00e7\u00f5es); produ\u00e7\u00e3o de Jo\u00e3o S\u00f3.\" \/>\n<meta property=\"og:url\" content=\"https:\/\/portaltela.pt\/noticias\/2026\/04\/30\/joao-so-e-tiago-nogueira-anunciam-album-a-dois\/\" \/>\n<meta property=\"og:site_name\" content=\"Portal Tela Portugal\" \/>\n<meta property=\"article:published_time\" content=\"2026-04-30T09:33:21+00:00\" \/>\n<meta name=\"author\" content=\"Telinha\" \/>\n<meta name=\"twitter:card\" content=\"summary_large_image\" \/>\n<meta name=\"twitter:label1\" content=\"Escrito por\" \/>\n\t<meta name=\"twitter:data1\" content=\"Telinha\" \/>\n\t<meta name=\"twitter:label2\" content=\"Tempo estimado de leitura\" \/>\n\t<meta name=\"twitter:data2\" content=\"1 minuto\" \/>\n<script type=\"application\/ld+json\" class=\"yoast-schema-graph\">{\"@context\":\"https:\/\/schema.org\",\"@graph\":[{\"@type\":\"Article\",\"@id\":\"https:\/\/portaltela.pt\/noticias\/2026\/04\/30\/joao-so-e-tiago-nogueira-anunciam-album-a-dois\/#article\",\"isPartOf\":{\"@id\":\"https:\/\/portaltela.pt\/noticias\/2026\/04\/30\/joao-so-e-tiago-nogueira-anunciam-album-a-dois\/\"},\"author\":{\"name\":\"Telinha\",\"@id\":\"https:\/\/portaltela.pt\/#\/schema\/person\/c4278d4a6028830caff9ee44b42d32ed\"},\"headline\":\"Jo\u00e3o S\u00f3 e Tiago Nogueira anunciam \u00e1lbum a dois\",\"datePublished\":\"2026-04-30T09:33:21+00:00\",\"mainEntityOfPage\":{\"@id\":\"https:\/\/portaltela.pt\/noticias\/2026\/04\/30\/joao-so-e-tiago-nogueira-anunciam-album-a-dois\/\"},\"wordCount\":192,\"image\":{\"@id\":\"https:\/\/portaltela.pt\/noticias\/2026\/04\/30\/joao-so-e-tiago-nogueira-anunciam-album-a-dois\/#primaryimage\"},\"thumbnailUrl\":\"https:\/\/portaltela.pt\/s.01k8rhncp4jt1\/2026\/04\/JSeTNfoto97859.jpg\",\"keywords\":[\"concertos\",\"cultura\",\"Lisboa\",\"m\u00fasica\",\"m\u00fasica ao vivo\",\"Portugal\"],\"articleSection\":[\"M\u00fasica\"],\"inLanguage\":\"pt-PT\"},{\"@type\":\"WebPage\",\"@id\":\"https:\/\/portaltela.pt\/noticias\/2026\/04\/30\/joao-so-e-tiago-nogueira-anunciam-album-a-dois\/\",\"url\":\"https:\/\/portaltela.pt\/noticias\/2026\/04\/30\/joao-so-e-tiago-nogueira-anunciam-album-a-dois\/\",\"name\":\"Jo\u00e3o S\u00f3 e Tiago Nogueira anunciam \u00e1lbum a dois - Portal Tela Portugal\",\"isPartOf\":{\"@id\":\"https:\/\/portaltela.pt\/#website\"},\"primaryImageOfPage\":{\"@id\":\"https:\/\/portaltela.pt\/noticias\/2026\/04\/30\/joao-so-e-tiago-nogueira-anunciam-album-a-dois\/#primaryimage\"},\"image\":{\"@id\":\"https:\/\/portaltela.pt\/noticias\/2026\/04\/30\/joao-so-e-tiago-nogueira-anunciam-album-a-dois\/#primaryimage\"},\"thumbnailUrl\":\"https:\/\/portaltela.pt\/s.01k8rhncp4jt1\/2026\/04\/JSeTNfoto97859.jpg\",\"datePublished\":\"2026-04-30T09:33:21+00:00\",\"author\":{\"@id\":\"https:\/\/portaltela.pt\/#\/schema\/person\/c4278d4a6028830caff9ee44b42d32ed\"},\"breadcrumb\":{\"@id\":\"https:\/\/portaltela.pt\/noticias\/2026\/04\/30\/joao-so-e-tiago-nogueira-anunciam-album-a-dois\/#breadcrumb\"},\"inLanguage\":\"pt-PT\",\"potentialAction\":[{\"@type\":\"ReadAction\",\"target\":[\"https:\/\/portaltela.pt\/noticias\/2026\/04\/30\/joao-so-e-tiago-nogueira-anunciam-album-a-dois\/\"]}]},{\"@type\":\"ImageObject\",\"inLanguage\":\"pt-PT\",\"@id\":\"https:\/\/portaltela.pt\/noticias\/2026\/04\/30\/joao-so-e-tiago-nogueira-anunciam-album-a-dois\/#primaryimage\",\"url\":\"https:\/\/portaltela.pt\/s.01k8rhncp4jt1\/2026\/04\/JSeTNfoto97859.jpg\",\"contentUrl\":\"https:\/\/portaltela.pt\/s.01k8rhncp4jt1\/2026\/04\/JSeTNfoto97859.jpg\",\"width\":796,\"height\":448,\"caption\":\"Photo\"},{\"@type\":\"BreadcrumbList\",\"@id\":\"https:\/\/portaltela.pt\/noticias\/2026\/04\/30\/joao-so-e-tiago-nogueira-anunciam-album-a-dois\/#breadcrumb\",\"itemListElement\":[{\"@type\":\"ListItem\",\"position\":1,\"name\":\"In\u00edcio\",\"item\":\"https:\/\/portaltela.pt\/\"},{\"@type\":\"ListItem\",\"position\":2,\"name\":\"Jo\u00e3o S\u00f3 e Tiago Nogueira anunciam \u00e1lbum a dois\"}]},{\"@type\":\"WebSite\",\"@id\":\"https:\/\/portaltela.pt\/#website\",\"url\":\"https:\/\/portaltela.pt\/\",\"name\":\"Portal Tela Portugal\",\"description\":\"\",\"potentialAction\":[{\"@type\":\"SearchAction\",\"target\":{\"@type\":\"EntryPoint\",\"urlTemplate\":\"https:\/\/portaltela.pt\/?s={search_term_string}\"},\"query-input\":{\"@type\":\"PropertyValueSpecification\",\"valueRequired\":true,\"valueName\":\"search_term_string\"}}],\"inLanguage\":\"pt-PT\"},{\"@type\":\"Person\",\"@id\":\"https:\/\/portaltela.pt\/#\/schema\/person\/c4278d4a6028830caff9ee44b42d32ed\",\"name\":\"Telinha\",\"image\":{\"@type\":\"ImageObject\",\"inLanguage\":\"pt-PT\",\"@id\":\"https:\/\/portaltela.pt\/s.01k8rhncp4jt1\/2025\/11\/talking-bot-125x125.png\",\"url\":\"https:\/\/portaltela.pt\/s.01k8rhncp4jt1\/2025\/11\/talking-bot-125x125.png\",\"contentUrl\":\"https:\/\/portaltela.pt\/s.01k8rhncp4jt1\/2025\/11\/talking-bot-125x125.png\",\"caption\":\"Telinha\"},\"sameAs\":[\"https:\/\/portaltela.pt\/\"],\"url\":\"https:\/\/portaltela.pt\/por\/367410592786\/\"}]}<\/script>\n<!-- \/ Yoast SEO plugin. -->","yoast_head_json":{"title":"Jo\u00e3o S\u00f3 e Tiago Nogueira anunciam \u00e1lbum a dois - Portal Tela Portugal","robots":{"index":"index","follow":"follow","max-snippet":"max-snippet:-1","max-image-preview":"max-image-preview:large","max-video-preview":"max-video-preview:-1"},"og_locale":"pt_PT","og_type":"article","og_title":"Jo\u00e3o S\u00f3 e Tiago Nogueira anunciam \u00e1lbum a dois - Portal Tela Portugal","og_description":"Jo\u00e3o S\u00f3 e Tiago Nogueira, dos Quatro e Meia, anunciam o single Len\u00e7o, com concertos pelo pa\u00eds que v\u00e3o culminar no Coliseu de Lisboa a 11 de dezembro. Len\u00e7o apresenta uma fus\u00e3o entre acorde\u00e3o tradicional e energia pop, em torno de uma hist\u00f3ria de proximidade, calor e romance breve, num ambiente de festas juninas. A letra e a m\u00fasica s\u00e3o de Jo\u00e3o S\u00f3 e Tiago Nogueira, sendo mais um passo para o \u00e1lbum de est\u00fadio da dupla. O videoclipe estreado foi filmado na Quinta de S\u00e3o Francisco, Outeiro, Viana do Castelo, com realiza\u00e7\u00e3o de Paulo Bico e Fl\u00e1vio Cruz. Participam na grava\u00e7\u00e3o Jo\u00e3o S\u00f3 (percuss\u00e3o, guitarras, piano, coros e voz principal), Tiago Nogueira (adufes, coros e voz principal), Francisco Sales (guitarras ac\u00fasticas), Pedro Zagalo (acorde\u00e3o) e Jo\u00e3o Sampayo (baixo e programa\u00e7\u00f5es); produ\u00e7\u00e3o de Jo\u00e3o S\u00f3.","og_url":"https:\/\/portaltela.pt\/noticias\/2026\/04\/30\/joao-so-e-tiago-nogueira-anunciam-album-a-dois\/","og_site_name":"Portal Tela Portugal","article_published_time":"2026-04-30T09:33:21+00:00","author":"Telinha","twitter_card":"summary_large_image","twitter_misc":{"Escrito por":"Telinha","Tempo estimado de leitura":"1 minuto"},"schema":{"@context":"https:\/\/schema.org","@graph":[{"@type":"Article","@id":"https:\/\/portaltela.pt\/noticias\/2026\/04\/30\/joao-so-e-tiago-nogueira-anunciam-album-a-dois\/#article","isPartOf":{"@id":"https:\/\/portaltela.pt\/noticias\/2026\/04\/30\/joao-so-e-tiago-nogueira-anunciam-album-a-dois\/"},"author":{"name":"Telinha","@id":"https:\/\/portaltela.pt\/#\/schema\/person\/c4278d4a6028830caff9ee44b42d32ed"},"headline":"Jo\u00e3o S\u00f3 e Tiago Nogueira anunciam \u00e1lbum a dois","datePublished":"2026-04-30T09:33:21+00:00","mainEntityOfPage":{"@id":"https:\/\/portaltela.pt\/noticias\/2026\/04\/30\/joao-so-e-tiago-nogueira-anunciam-album-a-dois\/"},"wordCount":192,"image":{"@id":"https:\/\/portaltela.pt\/noticias\/2026\/04\/30\/joao-so-e-tiago-nogueira-anunciam-album-a-dois\/#primaryimage"},"thumbnailUrl":"https:\/\/portaltela.pt\/s.01k8rhncp4jt1\/2026\/04\/JSeTNfoto97859.jpg","keywords":["concertos","cultura","Lisboa","m\u00fasica","m\u00fasica ao vivo","Portugal"],"articleSection":["M\u00fasica"],"inLanguage":"pt-PT"},{"@type":"WebPage","@id":"https:\/\/portaltela.pt\/noticias\/2026\/04\/30\/joao-so-e-tiago-nogueira-anunciam-album-a-dois\/","url":"https:\/\/portaltela.pt\/noticias\/2026\/04\/30\/joao-so-e-tiago-nogueira-anunciam-album-a-dois\/","name":"Jo\u00e3o S\u00f3 e Tiago Nogueira anunciam \u00e1lbum a dois - Portal Tela Portugal","isPartOf":{"@id":"https:\/\/portaltela.pt\/#website"},"primaryImageOfPage":{"@id":"https:\/\/portaltela.pt\/noticias\/2026\/04\/30\/joao-so-e-tiago-nogueira-anunciam-album-a-dois\/#primaryimage"},"image":{"@id":"https:\/\/portaltela.pt\/noticias\/2026\/04\/30\/joao-so-e-tiago-nogueira-anunciam-album-a-dois\/#primaryimage"},"thumbnailUrl":"https:\/\/portaltela.pt\/s.01k8rhncp4jt1\/2026\/04\/JSeTNfoto97859.jpg","datePublished":"2026-04-30T09:33:21+00:00","author":{"@id":"https:\/\/portaltela.pt\/#\/schema\/person\/c4278d4a6028830caff9ee44b42d32ed"},"breadcrumb":{"@id":"https:\/\/portaltela.pt\/noticias\/2026\/04\/30\/joao-so-e-tiago-nogueira-anunciam-album-a-dois\/#breadcrumb"},"inLanguage":"pt-PT","potentialAction":[{"@type":"ReadAction","target":["https:\/\/portaltela.pt\/noticias\/2026\/04\/30\/joao-so-e-tiago-nogueira-anunciam-album-a-dois\/"]}]},{"@type":"ImageObject","inLanguage":"pt-PT","@id":"https:\/\/portaltela.pt\/noticias\/2026\/04\/30\/joao-so-e-tiago-nogueira-anunciam-album-a-dois\/#primaryimage","url":"https:\/\/portaltela.pt\/s.01k8rhncp4jt1\/2026\/04\/JSeTNfoto97859.jpg","contentUrl":"https:\/\/portaltela.pt\/s.01k8rhncp4jt1\/2026\/04\/JSeTNfoto97859.jpg","width":796,"height":448,"caption":"Photo"},{"@type":"BreadcrumbList","@id":"https:\/\/portaltela.pt\/noticias\/2026\/04\/30\/joao-so-e-tiago-nogueira-anunciam-album-a-dois\/#breadcrumb","itemListElement":[{"@type":"ListItem","position":1,"name":"In\u00edcio","item":"https:\/\/portaltela.pt\/"},{"@type":"ListItem","position":2,"name":"Jo\u00e3o S\u00f3 e Tiago Nogueira anunciam \u00e1lbum a dois"}]},{"@type":"WebSite","@id":"https:\/\/portaltela.pt\/#website","url":"https:\/\/portaltela.pt\/","name":"Portal Tela Portugal","description":"","potentialAction":[{"@type":"SearchAction","target":{"@type":"EntryPoint","urlTemplate":"https:\/\/portaltela.pt\/?s={search_term_string}"},"query-input":{"@type":"PropertyValueSpecification","valueRequired":true,"valueName":"search_term_string"}}],"inLanguage":"pt-PT"},{"@type":"Person","@id":"https:\/\/portaltela.pt\/#\/schema\/person\/c4278d4a6028830caff9ee44b42d32ed","name":"Telinha","image":{"@type":"ImageObject","inLanguage":"pt-PT","@id":"https:\/\/portaltela.pt\/s.01k8rhncp4jt1\/2025\/11\/talking-bot-125x125.png","url":"https:\/\/portaltela.pt\/s.01k8rhncp4jt1\/2025\/11\/talking-bot-125x125.png","contentUrl":"https:\/\/portaltela.pt\/s.01k8rhncp4jt1\/2025\/11\/talking-bot-125x125.png","caption":"Telinha"},"sameAs":["https:\/\/portaltela.pt\/"],"url":"https:\/\/portaltela.pt\/por\/367410592786\/"}]}},"_links":{"self":[{"href":"https:\/\/portaltela.pt\/api\/wp\/v2\/posts\/462075","targetHints":{"allow":["GET"]}}],"collection":[{"href":"https:\/\/portaltela.pt\/api\/wp\/v2\/posts"}],"about":[{"href":"https:\/\/portaltela.pt\/api\/wp\/v2\/types\/post"}],"author":[{"embeddable":true,"href":"https:\/\/portaltela.pt\/api\/wp\/v2\/users\/2"}],"replies":[{"embeddable":true,"href":"https:\/\/portaltela.pt\/api\/wp\/v2\/comments?post=462075"}],"version-history":[{"count":0,"href":"https:\/\/portaltela.pt\/api\/wp\/v2\/posts\/462075\/revisions"}],"wp:featuredmedia":[{"embeddable":true,"href":"https:\/\/portaltela.pt\/api\/wp\/v2\/media\/462080"}],"wp:attachment":[{"href":"https:\/\/portaltela.pt\/api\/wp\/v2\/media?parent=462075"}],"wp:term":[{"taxonomy":"category","embeddable":true,"href":"https:\/\/portaltela.pt\/api\/wp\/v2\/categories?post=462075"},{"taxonomy":"post_tag","embeddable":true,"href":"https:\/\/portaltela.pt\/api\/wp\/v2\/tags?post=462075"}],"curies":[{"name":"wp","href":"https:\/\/api.w.org\/{rel}","templated":true}]}}