{"id":462058,"date":"2026-04-30T06:33:12","date_gmt":"2026-04-30T09:33:12","guid":{"rendered":"https:\/\/portaltela.pt\/noticias\/2026\/04\/30\/aumento-de-denuncias-de-violencia-em-2025-incluindo-maus-tratos-e-abuso\/"},"modified":"2026-04-30T06:33:12","modified_gmt":"2026-04-30T09:33:12","slug":"aumento-de-denuncias-de-violencia-em-2025-incluindo-maus-tratos-e-abuso","status":"publish","type":"post","link":"https:\/\/portaltela.pt\/sociedade\/2026\/04\/30\/aumento-de-denuncias-de-violencia-em-2025-incluindo-maus-tratos-e-abuso\/","title":{"rendered":"Aumento de den\u00fancias de viol\u00eancia em 2025, incluindo maus-tratos e abuso"},"content":{"rendered":"<p>O Instituto de Apoio \u00e0 Crian\u00e7a (IAC) indica que 2025 registou um aumento significativo de den\u00fancias de viol\u00eancia contra menores. Ao todo, foram 618 casos reportados, mais 251 face a 2024. Os dados foram divulgados esta quinta-feira, no \u00e2mbito do M\u00eas da Preven\u00e7\u00e3o dos Maus-Tratos na Inf\u00e2ncia.<\/p>\n<p>Entre os tipos de viol\u00eancia, incluem-se maus-tratos f\u00edsicos, psicol\u00f3gicos na fam\u00edlia, abuso sexual, neglig\u00eancia, abandono, maus-tratos institucionais, bullying e viol\u00eancia no namoro. O conjunto de casos revela uma press\u00e3o crescente sobre redes familiares e institucionais.<\/p>\n<p>A Linha SOS Crian\u00e7a e Jovem do IAC recebeu 2750 pedidos de apoio em 2025, acima dos 2151 de dois anos antes. Mais de metade das situa\u00e7\u00f5es envolve raparigas (55%), com a adolesc\u00eancia destacando-se pela vulnerabilidade entre os 15 e 17 anos.<\/p>\n<h3>Contexto e dados adicionais<\/h3>\n<p>Dentro dos 2750 pedidos, 1179 dizem respeito a sa\u00fade mental (idea\u00e7\u00e3o suicida, fobias, ansiedade). Estes n\u00fameros tamb\u00e9m cresceram face a 2024, que contabilizou 951 pedidos nessa vertente.<\/p>\n<p>Segundo Manuel Coutinho, presidente do IAC, os casos continuam a ocorrer, sobretudo em contextos familiares, com agress\u00f5es psicol\u00f3gicas e f\u00edsicas a dominarem. Ele alertou para a gravidade de castigos desadequados desde tenra idade.<\/p>\n<p>As v\u00edtimas de maus-tratos psicol\u00f3gicos, f\u00edsicos e sexuais em contexto familiar s\u00e3o maioritariamente crian\u00e7as at\u00e9 aos 14 anos. Den\u00fancias partem de adultos que conhecem os menores.<\/p>\n<h3>Como denunciar e apoio<\/h3>\n<p>As den\u00fancias e pedidos de apoio podem ser feitos atrav\u00e9s da Linha SOS Crian\u00e7a e Jovem 116111, do WhatsApp 913 069 404 ou do email soscrianca@iacrianca.pt. O IAC mant\u00e9m disponibilidade para atendimento cont\u00ednuo.<\/p>\n<p>Coutinho sublinhou a necessidade de educa\u00e7\u00e3o e sensibiliza\u00e7\u00e3o para prevenir abusos, defendendo que todos devem assumir a responsabilidade pela promo\u00e7\u00e3o dos direitos das crian\u00e7as. A preven\u00e7\u00e3o deve ocorrer durante todo o ano.<\/p>\n","protected":false},"excerpt":{"rendered":"<ul>\n<li>Em 2025, o Instituto de Apoio \u00e0 Crian\u00e7a recebeu 618 den\u00fancias de viol\u00eancia contra crian\u00e7as, mais 251 face a 2024 (367).<\/li>\n<li>Os casos incluem maus-tratos f\u00edsicos e psicol\u00f3gicos na fam\u00edlia, abuso sexual, neglig\u00eancia, abandono, viol\u00eancia institucional, bullying e viol\u00eancia no namoro.<\/li>\n<li>A Linha SOS Crian\u00e7a e Jovem registou 2.750 pedidos de apoio em 2025, frente a 2.151 h\u00e1 dois anos.<\/li>\n<li>Mais de metade das situa\u00e7\u00f5es envolve raparigas (55%), com a adolesc\u00eancia (15 a 17 anos) a apresentar maior sinaliza\u00e7\u00e3o.<\/li>\n<li>Contactos do IAC: Linha 116111, WhatsApp 913 069 404 e email soscrianca@iacrianca.pt; o presidente Manuel Coutinho sublinha a necessidade de educa\u00e7\u00e3o e preven\u00e7\u00e3o cont\u00ednuas.<\/li>\n<\/ul>\n","protected":false},"author":2,"featured_media":462070,"comment_status":"closed","ping_status":"closed","sticky":false,"template":"","format":"standard","meta":{"footnotes":""},"categories":[6779,6871],"tags":[7076,7683,64,5869,55,7505],"class_list":["post-462058","post","type-post","status-publish","format-standard","has-post-thumbnail","hentry","category-seguranca","category-sociedade","tag-abuso-de-menores","tag-abuso-sexual","tag-familia","tag-maus-tratos","tag-saude-mental","tag-violencia-de-menores"],"yoast_head":"<!-- This site is optimized with the Yoast SEO plugin v27.2 - https:\/\/yoast.com\/product\/yoast-seo-wordpress\/ -->\n<title>Aumento de den\u00fancias de viol\u00eancia em 2025, incluindo maus-tratos e abuso - Portal Tela Portugal<\/title>\n<meta name=\"robots\" content=\"index, follow, max-snippet:-1, max-image-preview:large, max-video-preview:-1\" \/>\n<meta property=\"og:locale\" content=\"pt_PT\" \/>\n<meta property=\"og:type\" content=\"article\" \/>\n<meta property=\"og:title\" content=\"Aumento de den\u00fancias de viol\u00eancia em 2025, incluindo maus-tratos e abuso - Portal Tela Portugal\" \/>\n<meta property=\"og:description\" content=\"Em 2025, o Instituto de Apoio \u00e0 Crian\u00e7a recebeu 618 den\u00fancias de viol\u00eancia contra crian\u00e7as, mais 251 face a 2024 (367). Os casos incluem maus-tratos f\u00edsicos e psicol\u00f3gicos na fam\u00edlia, abuso sexual, neglig\u00eancia, abandono, viol\u00eancia institucional, bullying e viol\u00eancia no namoro. A Linha SOS Crian\u00e7a e Jovem registou 2.750 pedidos de apoio em 2025, frente a 2.151 h\u00e1 dois anos. Mais de metade das situa\u00e7\u00f5es envolve raparigas (55%), com a adolesc\u00eancia (15 a 17 anos) a apresentar maior sinaliza\u00e7\u00e3o. Contactos do IAC: Linha 116111, WhatsApp 913 069 404 e email soscrianca@iacrianca.pt; o presidente Manuel Coutinho sublinha a necessidade de educa\u00e7\u00e3o e preven\u00e7\u00e3o cont\u00ednuas.\" \/>\n<meta property=\"og:url\" content=\"https:\/\/portaltela.pt\/noticias\/2026\/04\/30\/aumento-de-denuncias-de-violencia-em-2025-incluindo-maus-tratos-e-abuso\/\" \/>\n<meta property=\"og:site_name\" content=\"Portal Tela Portugal\" \/>\n<meta property=\"article:published_time\" content=\"2026-04-30T09:33:12+00:00\" \/>\n<meta name=\"author\" content=\"Telinha\" \/>\n<meta name=\"twitter:card\" content=\"summary_large_image\" \/>\n<meta name=\"twitter:label1\" content=\"Escrito por\" \/>\n\t<meta name=\"twitter:data1\" content=\"Telinha\" \/>\n\t<meta name=\"twitter:label2\" content=\"Tempo estimado de leitura\" \/>\n\t<meta name=\"twitter:data2\" content=\"2 minutos\" \/>\n<script type=\"application\/ld+json\" class=\"yoast-schema-graph\">{\"@context\":\"https:\/\/schema.org\",\"@graph\":[{\"@type\":\"Article\",\"@id\":\"https:\/\/portaltela.pt\/noticias\/2026\/04\/30\/aumento-de-denuncias-de-violencia-em-2025-incluindo-maus-tratos-e-abuso\/#article\",\"isPartOf\":{\"@id\":\"https:\/\/portaltela.pt\/noticias\/2026\/04\/30\/aumento-de-denuncias-de-violencia-em-2025-incluindo-maus-tratos-e-abuso\/\"},\"author\":{\"name\":\"Telinha\",\"@id\":\"https:\/\/portaltela.pt\/#\/schema\/person\/c4278d4a6028830caff9ee44b42d32ed\"},\"headline\":\"Aumento de den\u00fancias de viol\u00eancia em 2025, incluindo maus-tratos e abuso\",\"datePublished\":\"2026-04-30T09:33:12+00:00\",\"mainEntityOfPage\":{\"@id\":\"https:\/\/portaltela.pt\/noticias\/2026\/04\/30\/aumento-de-denuncias-de-violencia-em-2025-incluindo-maus-tratos-e-abuso\/\"},\"wordCount\":316,\"image\":{\"@id\":\"https:\/\/portaltela.pt\/noticias\/2026\/04\/30\/aumento-de-denuncias-de-violencia-em-2025-incluindo-maus-tratos-e-abuso\/#primaryimage\"},\"thumbnailUrl\":\"https:\/\/portaltela.pt\/s.01k8rhncp4jt1\/2026\/04\/2085128.jpg\",\"keywords\":[\"abuso de menores\",\"abuso sexual\",\"fam\u00edlia\",\"maus-tratos\",\"sa\u00fade mental\",\"viol\u00eancia de menores\"],\"articleSection\":[\"Seguran\u00e7a\",\"Sociedade\"],\"inLanguage\":\"pt-PT\"},{\"@type\":\"WebPage\",\"@id\":\"https:\/\/portaltela.pt\/noticias\/2026\/04\/30\/aumento-de-denuncias-de-violencia-em-2025-incluindo-maus-tratos-e-abuso\/\",\"url\":\"https:\/\/portaltela.pt\/noticias\/2026\/04\/30\/aumento-de-denuncias-de-violencia-em-2025-incluindo-maus-tratos-e-abuso\/\",\"name\":\"Aumento de den\u00fancias de viol\u00eancia em 2025, incluindo maus-tratos e abuso - Portal Tela Portugal\",\"isPartOf\":{\"@id\":\"https:\/\/portaltela.pt\/#website\"},\"primaryImageOfPage\":{\"@id\":\"https:\/\/portaltela.pt\/noticias\/2026\/04\/30\/aumento-de-denuncias-de-violencia-em-2025-incluindo-maus-tratos-e-abuso\/#primaryimage\"},\"image\":{\"@id\":\"https:\/\/portaltela.pt\/noticias\/2026\/04\/30\/aumento-de-denuncias-de-violencia-em-2025-incluindo-maus-tratos-e-abuso\/#primaryimage\"},\"thumbnailUrl\":\"https:\/\/portaltela.pt\/s.01k8rhncp4jt1\/2026\/04\/2085128.jpg\",\"datePublished\":\"2026-04-30T09:33:12+00:00\",\"author\":{\"@id\":\"https:\/\/portaltela.pt\/#\/schema\/person\/c4278d4a6028830caff9ee44b42d32ed\"},\"breadcrumb\":{\"@id\":\"https:\/\/portaltela.pt\/noticias\/2026\/04\/30\/aumento-de-denuncias-de-violencia-em-2025-incluindo-maus-tratos-e-abuso\/#breadcrumb\"},\"inLanguage\":\"pt-PT\",\"potentialAction\":[{\"@type\":\"ReadAction\",\"target\":[\"https:\/\/portaltela.pt\/noticias\/2026\/04\/30\/aumento-de-denuncias-de-violencia-em-2025-incluindo-maus-tratos-e-abuso\/\"]}]},{\"@type\":\"ImageObject\",\"inLanguage\":\"pt-PT\",\"@id\":\"https:\/\/portaltela.pt\/noticias\/2026\/04\/30\/aumento-de-denuncias-de-violencia-em-2025-incluindo-maus-tratos-e-abuso\/#primaryimage\",\"url\":\"https:\/\/portaltela.pt\/s.01k8rhncp4jt1\/2026\/04\/2085128.jpg\",\"contentUrl\":\"https:\/\/portaltela.pt\/s.01k8rhncp4jt1\/2026\/04\/2085128.jpg\",\"width\":796,\"height\":448,\"caption\":\"Viol\u00eancia contra crian\u00e7as continua \u201ca ter uma grande express\u00e3o\u201d nos contextos familiares e os mais frequentes s\u00e3o agress\u00f5es psicol\u00f3gicas e f\u00edsicas\"},{\"@type\":\"BreadcrumbList\",\"@id\":\"https:\/\/portaltela.pt\/noticias\/2026\/04\/30\/aumento-de-denuncias-de-violencia-em-2025-incluindo-maus-tratos-e-abuso\/#breadcrumb\",\"itemListElement\":[{\"@type\":\"ListItem\",\"position\":1,\"name\":\"In\u00edcio\",\"item\":\"https:\/\/portaltela.pt\/\"},{\"@type\":\"ListItem\",\"position\":2,\"name\":\"Aumento de den\u00fancias de viol\u00eancia em 2025, incluindo maus-tratos e abuso\"}]},{\"@type\":\"WebSite\",\"@id\":\"https:\/\/portaltela.pt\/#website\",\"url\":\"https:\/\/portaltela.pt\/\",\"name\":\"Portal Tela Portugal\",\"description\":\"\",\"potentialAction\":[{\"@type\":\"SearchAction\",\"target\":{\"@type\":\"EntryPoint\",\"urlTemplate\":\"https:\/\/portaltela.pt\/?s={search_term_string}\"},\"query-input\":{\"@type\":\"PropertyValueSpecification\",\"valueRequired\":true,\"valueName\":\"search_term_string\"}}],\"inLanguage\":\"pt-PT\"},{\"@type\":\"Person\",\"@id\":\"https:\/\/portaltela.pt\/#\/schema\/person\/c4278d4a6028830caff9ee44b42d32ed\",\"name\":\"Telinha\",\"image\":{\"@type\":\"ImageObject\",\"inLanguage\":\"pt-PT\",\"@id\":\"https:\/\/portaltela.pt\/s.01k8rhncp4jt1\/2025\/11\/talking-bot-125x125.png\",\"url\":\"https:\/\/portaltela.pt\/s.01k8rhncp4jt1\/2025\/11\/talking-bot-125x125.png\",\"contentUrl\":\"https:\/\/portaltela.pt\/s.01k8rhncp4jt1\/2025\/11\/talking-bot-125x125.png\",\"caption\":\"Telinha\"},\"sameAs\":[\"https:\/\/portaltela.pt\/\"],\"url\":\"https:\/\/portaltela.pt\/por\/367410592786\/\"}]}<\/script>\n<!-- \/ Yoast SEO plugin. -->","yoast_head_json":{"title":"Aumento de den\u00fancias de viol\u00eancia em 2025, incluindo maus-tratos e abuso - Portal Tela Portugal","robots":{"index":"index","follow":"follow","max-snippet":"max-snippet:-1","max-image-preview":"max-image-preview:large","max-video-preview":"max-video-preview:-1"},"og_locale":"pt_PT","og_type":"article","og_title":"Aumento de den\u00fancias de viol\u00eancia em 2025, incluindo maus-tratos e abuso - Portal Tela Portugal","og_description":"Em 2025, o Instituto de Apoio \u00e0 Crian\u00e7a recebeu 618 den\u00fancias de viol\u00eancia contra crian\u00e7as, mais 251 face a 2024 (367). Os casos incluem maus-tratos f\u00edsicos e psicol\u00f3gicos na fam\u00edlia, abuso sexual, neglig\u00eancia, abandono, viol\u00eancia institucional, bullying e viol\u00eancia no namoro. A Linha SOS Crian\u00e7a e Jovem registou 2.750 pedidos de apoio em 2025, frente a 2.151 h\u00e1 dois anos. Mais de metade das situa\u00e7\u00f5es envolve raparigas (55%), com a adolesc\u00eancia (15 a 17 anos) a apresentar maior sinaliza\u00e7\u00e3o. Contactos do IAC: Linha 116111, WhatsApp 913 069 404 e email soscrianca@iacrianca.pt; o presidente Manuel Coutinho sublinha a necessidade de educa\u00e7\u00e3o e preven\u00e7\u00e3o cont\u00ednuas.","og_url":"https:\/\/portaltela.pt\/noticias\/2026\/04\/30\/aumento-de-denuncias-de-violencia-em-2025-incluindo-maus-tratos-e-abuso\/","og_site_name":"Portal Tela Portugal","article_published_time":"2026-04-30T09:33:12+00:00","author":"Telinha","twitter_card":"summary_large_image","twitter_misc":{"Escrito por":"Telinha","Tempo estimado de leitura":"2 minutos"},"schema":{"@context":"https:\/\/schema.org","@graph":[{"@type":"Article","@id":"https:\/\/portaltela.pt\/noticias\/2026\/04\/30\/aumento-de-denuncias-de-violencia-em-2025-incluindo-maus-tratos-e-abuso\/#article","isPartOf":{"@id":"https:\/\/portaltela.pt\/noticias\/2026\/04\/30\/aumento-de-denuncias-de-violencia-em-2025-incluindo-maus-tratos-e-abuso\/"},"author":{"name":"Telinha","@id":"https:\/\/portaltela.pt\/#\/schema\/person\/c4278d4a6028830caff9ee44b42d32ed"},"headline":"Aumento de den\u00fancias de viol\u00eancia em 2025, incluindo maus-tratos e abuso","datePublished":"2026-04-30T09:33:12+00:00","mainEntityOfPage":{"@id":"https:\/\/portaltela.pt\/noticias\/2026\/04\/30\/aumento-de-denuncias-de-violencia-em-2025-incluindo-maus-tratos-e-abuso\/"},"wordCount":316,"image":{"@id":"https:\/\/portaltela.pt\/noticias\/2026\/04\/30\/aumento-de-denuncias-de-violencia-em-2025-incluindo-maus-tratos-e-abuso\/#primaryimage"},"thumbnailUrl":"https:\/\/portaltela.pt\/s.01k8rhncp4jt1\/2026\/04\/2085128.jpg","keywords":["abuso de menores","abuso sexual","fam\u00edlia","maus-tratos","sa\u00fade mental","viol\u00eancia de menores"],"articleSection":["Seguran\u00e7a","Sociedade"],"inLanguage":"pt-PT"},{"@type":"WebPage","@id":"https:\/\/portaltela.pt\/noticias\/2026\/04\/30\/aumento-de-denuncias-de-violencia-em-2025-incluindo-maus-tratos-e-abuso\/","url":"https:\/\/portaltela.pt\/noticias\/2026\/04\/30\/aumento-de-denuncias-de-violencia-em-2025-incluindo-maus-tratos-e-abuso\/","name":"Aumento de den\u00fancias de viol\u00eancia em 2025, incluindo maus-tratos e abuso - Portal Tela Portugal","isPartOf":{"@id":"https:\/\/portaltela.pt\/#website"},"primaryImageOfPage":{"@id":"https:\/\/portaltela.pt\/noticias\/2026\/04\/30\/aumento-de-denuncias-de-violencia-em-2025-incluindo-maus-tratos-e-abuso\/#primaryimage"},"image":{"@id":"https:\/\/portaltela.pt\/noticias\/2026\/04\/30\/aumento-de-denuncias-de-violencia-em-2025-incluindo-maus-tratos-e-abuso\/#primaryimage"},"thumbnailUrl":"https:\/\/portaltela.pt\/s.01k8rhncp4jt1\/2026\/04\/2085128.jpg","datePublished":"2026-04-30T09:33:12+00:00","author":{"@id":"https:\/\/portaltela.pt\/#\/schema\/person\/c4278d4a6028830caff9ee44b42d32ed"},"breadcrumb":{"@id":"https:\/\/portaltela.pt\/noticias\/2026\/04\/30\/aumento-de-denuncias-de-violencia-em-2025-incluindo-maus-tratos-e-abuso\/#breadcrumb"},"inLanguage":"pt-PT","potentialAction":[{"@type":"ReadAction","target":["https:\/\/portaltela.pt\/noticias\/2026\/04\/30\/aumento-de-denuncias-de-violencia-em-2025-incluindo-maus-tratos-e-abuso\/"]}]},{"@type":"ImageObject","inLanguage":"pt-PT","@id":"https:\/\/portaltela.pt\/noticias\/2026\/04\/30\/aumento-de-denuncias-de-violencia-em-2025-incluindo-maus-tratos-e-abuso\/#primaryimage","url":"https:\/\/portaltela.pt\/s.01k8rhncp4jt1\/2026\/04\/2085128.jpg","contentUrl":"https:\/\/portaltela.pt\/s.01k8rhncp4jt1\/2026\/04\/2085128.jpg","width":796,"height":448,"caption":"Viol\u00eancia contra crian\u00e7as continua \u201ca ter uma grande express\u00e3o\u201d nos contextos familiares e os mais frequentes s\u00e3o agress\u00f5es psicol\u00f3gicas e f\u00edsicas"},{"@type":"BreadcrumbList","@id":"https:\/\/portaltela.pt\/noticias\/2026\/04\/30\/aumento-de-denuncias-de-violencia-em-2025-incluindo-maus-tratos-e-abuso\/#breadcrumb","itemListElement":[{"@type":"ListItem","position":1,"name":"In\u00edcio","item":"https:\/\/portaltela.pt\/"},{"@type":"ListItem","position":2,"name":"Aumento de den\u00fancias de viol\u00eancia em 2025, incluindo maus-tratos e abuso"}]},{"@type":"WebSite","@id":"https:\/\/portaltela.pt\/#website","url":"https:\/\/portaltela.pt\/","name":"Portal Tela Portugal","description":"","potentialAction":[{"@type":"SearchAction","target":{"@type":"EntryPoint","urlTemplate":"https:\/\/portaltela.pt\/?s={search_term_string}"},"query-input":{"@type":"PropertyValueSpecification","valueRequired":true,"valueName":"search_term_string"}}],"inLanguage":"pt-PT"},{"@type":"Person","@id":"https:\/\/portaltela.pt\/#\/schema\/person\/c4278d4a6028830caff9ee44b42d32ed","name":"Telinha","image":{"@type":"ImageObject","inLanguage":"pt-PT","@id":"https:\/\/portaltela.pt\/s.01k8rhncp4jt1\/2025\/11\/talking-bot-125x125.png","url":"https:\/\/portaltela.pt\/s.01k8rhncp4jt1\/2025\/11\/talking-bot-125x125.png","contentUrl":"https:\/\/portaltela.pt\/s.01k8rhncp4jt1\/2025\/11\/talking-bot-125x125.png","caption":"Telinha"},"sameAs":["https:\/\/portaltela.pt\/"],"url":"https:\/\/portaltela.pt\/por\/367410592786\/"}]}},"_links":{"self":[{"href":"https:\/\/portaltela.pt\/api\/wp\/v2\/posts\/462058","targetHints":{"allow":["GET"]}}],"collection":[{"href":"https:\/\/portaltela.pt\/api\/wp\/v2\/posts"}],"about":[{"href":"https:\/\/portaltela.pt\/api\/wp\/v2\/types\/post"}],"author":[{"embeddable":true,"href":"https:\/\/portaltela.pt\/api\/wp\/v2\/users\/2"}],"replies":[{"embeddable":true,"href":"https:\/\/portaltela.pt\/api\/wp\/v2\/comments?post=462058"}],"version-history":[{"count":0,"href":"https:\/\/portaltela.pt\/api\/wp\/v2\/posts\/462058\/revisions"}],"wp:featuredmedia":[{"embeddable":true,"href":"https:\/\/portaltela.pt\/api\/wp\/v2\/media\/462070"}],"wp:attachment":[{"href":"https:\/\/portaltela.pt\/api\/wp\/v2\/media?parent=462058"}],"wp:term":[{"taxonomy":"category","embeddable":true,"href":"https:\/\/portaltela.pt\/api\/wp\/v2\/categories?post=462058"},{"taxonomy":"post_tag","embeddable":true,"href":"https:\/\/portaltela.pt\/api\/wp\/v2\/tags?post=462058"}],"curies":[{"name":"wp","href":"https:\/\/api.w.org\/{rel}","templated":true}]}}