{"id":462052,"date":"2026-04-30T06:33:08","date_gmt":"2026-04-30T09:33:08","guid":{"rendered":"https:\/\/portaltela.pt\/noticias\/2026\/04\/30\/licencas-de-construcao-e-reabilitacao-habitacional-caem-159-ate-fevereiro\/"},"modified":"2026-04-30T06:33:08","modified_gmt":"2026-04-30T09:33:08","slug":"licencas-de-construcao-e-reabilitacao-habitacional-caem-159-ate-fevereiro","status":"publish","type":"post","link":"https:\/\/portaltela.pt\/noticias\/economia\/2026\/04\/30\/licencas-de-construcao-e-reabilitacao-habitacional-caem-159-ate-fevereiro\/","title":{"rendered":"Licen\u00e7as de constru\u00e7\u00e3o e reabilita\u00e7\u00e3o habitacional caem 15,9% at\u00e9 fevereiro"},"content":{"rendered":"<p>Os dados oficiais indicam que as licen\u00e7as para constru\u00e7\u00e3o e reabilita\u00e7\u00e3o habitacional registraram uma queda de 15,9% at\u00e9 fevereiro, em rela\u00e7\u00e3o ao mesmo per\u00edodo anterior. A diminui\u00e7\u00e3o abrange tanto novas obras como interven\u00e7\u00f5es de reabilita\u00e7\u00e3o.<\/p>\n<p>Segundo o relat\u00f3rio divulgado, o recuo acontece no \u00e2mbito nacional, refletindo fatores ligados a investimentos e aprova\u00e7\u00f5es de projetos no mercado imobili\u00e1rio. As autoridades chamam a aten\u00e7\u00e3o para a varia\u00e7\u00e3o entre plataformas e zonas.<\/p>\n<p>Entre os elementos analisados, destacam-se as contrata\u00e7\u00f5es relacionadas com obras de constru\u00e7\u00e3o civil e com procedimentos de reabilita\u00e7\u00e3o urbana. A tend\u00eancia aponta para uma conten\u00e7\u00e3o de projetos na primeira metade do ano.<\/p>\n<p>As autoridades respons\u00e1veis ressaltam que os dados permitem avaliar o dinamismo do setor e planearem medidas de apoio a lan\u00e7amentos futuros, sem imputar responsabilidades espec\u00edficas a grupos ou pol\u00edticas.<\/p>\n","protected":false},"excerpt":{"rendered":"<ul>\n<li>Licen\u00e7as para constru\u00e7\u00e3o e reabilita\u00e7\u00e3o habitacional ca\u00edram 15,9% at\u00e9 fevereiro.<\/li>\n<li>A queda aplica-se ao conjunto de licen\u00e7as emitidas para obras residenciais at\u00e9 fevereiro.<\/li>\n<li>Os dados apresentados referem-se ao agregado de licen\u00e7as, sem detalhar por tipo de obra.<\/li>\n<\/ul>\n","protected":false},"author":2,"featured_media":462060,"comment_status":"closed","ping_status":"closed","sticky":false,"template":"","format":"standard","meta":{"footnotes":""},"categories":[2,6735],"tags":[9993,6115,7791,7815,8473,9730],"class_list":["post-462052","post","type-post","status-publish","format-standard","has-post-thumbnail","hentry","category-economia","category-negocios","tag-_construcoes","tag-_economia","tag-_habitacao","tag-_habitacao-publica","tag-_imobiliario","tag-_reabilitacao-urbana"],"yoast_head":"<!-- This site is optimized with the Yoast SEO plugin v27.2 - https:\/\/yoast.com\/product\/yoast-seo-wordpress\/ -->\n<title>Licen\u00e7as de constru\u00e7\u00e3o e reabilita\u00e7\u00e3o habitacional caem 15,9% at\u00e9 fevereiro - Portal Tela Portugal<\/title>\n<meta name=\"robots\" content=\"index, follow, max-snippet:-1, max-image-preview:large, max-video-preview:-1\" \/>\n<meta property=\"og:locale\" content=\"pt_PT\" \/>\n<meta property=\"og:type\" content=\"article\" \/>\n<meta property=\"og:title\" content=\"Licen\u00e7as de constru\u00e7\u00e3o e reabilita\u00e7\u00e3o habitacional caem 15,9% at\u00e9 fevereiro - Portal Tela Portugal\" \/>\n<meta property=\"og:description\" content=\"Licen\u00e7as para constru\u00e7\u00e3o e reabilita\u00e7\u00e3o habitacional ca\u00edram 15,9% at\u00e9 fevereiro. A queda aplica-se ao conjunto de licen\u00e7as emitidas para obras residenciais at\u00e9 fevereiro. Os dados apresentados referem-se ao agregado de licen\u00e7as, sem detalhar por tipo de obra.\" \/>\n<meta property=\"og:url\" content=\"https:\/\/portaltela.pt\/noticias\/2026\/04\/30\/licencas-de-construcao-e-reabilitacao-habitacional-caem-159-ate-fevereiro\/\" \/>\n<meta property=\"og:site_name\" content=\"Portal Tela Portugal\" \/>\n<meta property=\"article:published_time\" content=\"2026-04-30T09:33:08+00:00\" \/>\n<meta name=\"author\" content=\"Telinha\" \/>\n<meta name=\"twitter:card\" content=\"summary_large_image\" \/>\n<meta name=\"twitter:label1\" content=\"Escrito por\" \/>\n\t<meta name=\"twitter:data1\" content=\"Telinha\" \/>\n\t<meta name=\"twitter:label2\" content=\"Tempo estimado de leitura\" \/>\n\t<meta name=\"twitter:data2\" content=\"1 minuto\" \/>\n<script type=\"application\/ld+json\" class=\"yoast-schema-graph\">{\"@context\":\"https:\/\/schema.org\",\"@graph\":[{\"@type\":\"Article\",\"@id\":\"https:\/\/portaltela.pt\/noticias\/2026\/04\/30\/licencas-de-construcao-e-reabilitacao-habitacional-caem-159-ate-fevereiro\/#article\",\"isPartOf\":{\"@id\":\"https:\/\/portaltela.pt\/noticias\/2026\/04\/30\/licencas-de-construcao-e-reabilitacao-habitacional-caem-159-ate-fevereiro\/\"},\"author\":{\"name\":\"Telinha\",\"@id\":\"https:\/\/portaltela.pt\/#\/schema\/person\/c4278d4a6028830caff9ee44b42d32ed\"},\"headline\":\"Licen\u00e7as de constru\u00e7\u00e3o e reabilita\u00e7\u00e3o habitacional caem 15,9% at\u00e9 fevereiro\",\"datePublished\":\"2026-04-30T09:33:08+00:00\",\"mainEntityOfPage\":{\"@id\":\"https:\/\/portaltela.pt\/noticias\/2026\/04\/30\/licencas-de-construcao-e-reabilitacao-habitacional-caem-159-ate-fevereiro\/\"},\"wordCount\":163,\"image\":{\"@id\":\"https:\/\/portaltela.pt\/noticias\/2026\/04\/30\/licencas-de-construcao-e-reabilitacao-habitacional-caem-159-ate-fevereiro\/#primaryimage\"},\"thumbnailUrl\":\"https:\/\/portaltela.pt\/s.01k8rhncp4jt1\/2026\/04\/CACHE_780X1200_ANALOG_WATERMARKED_7989022_1628276_30042019070131.jpg\",\"keywords\":[\"_constru\u00e7\u00f5es\",\"_economia\",\"_habita\u00e7\u00e3o\",\"_habita\u00e7\u00e3o p\u00fablica\",\"_imobili\u00e1rio\",\"_reabilita\u00e7\u00e3o urbana\"],\"articleSection\":[\"Economia\",\"Neg\u00f3cios\"],\"inLanguage\":\"pt-PT\"},{\"@type\":\"WebPage\",\"@id\":\"https:\/\/portaltela.pt\/noticias\/2026\/04\/30\/licencas-de-construcao-e-reabilitacao-habitacional-caem-159-ate-fevereiro\/\",\"url\":\"https:\/\/portaltela.pt\/noticias\/2026\/04\/30\/licencas-de-construcao-e-reabilitacao-habitacional-caem-159-ate-fevereiro\/\",\"name\":\"Licen\u00e7as de constru\u00e7\u00e3o e reabilita\u00e7\u00e3o habitacional caem 15,9% at\u00e9 fevereiro - Portal Tela Portugal\",\"isPartOf\":{\"@id\":\"https:\/\/portaltela.pt\/#website\"},\"primaryImageOfPage\":{\"@id\":\"https:\/\/portaltela.pt\/noticias\/2026\/04\/30\/licencas-de-construcao-e-reabilitacao-habitacional-caem-159-ate-fevereiro\/#primaryimage\"},\"image\":{\"@id\":\"https:\/\/portaltela.pt\/noticias\/2026\/04\/30\/licencas-de-construcao-e-reabilitacao-habitacional-caem-159-ate-fevereiro\/#primaryimage\"},\"thumbnailUrl\":\"https:\/\/portaltela.pt\/s.01k8rhncp4jt1\/2026\/04\/CACHE_780X1200_ANALOG_WATERMARKED_7989022_1628276_30042019070131.jpg\",\"datePublished\":\"2026-04-30T09:33:08+00:00\",\"author\":{\"@id\":\"https:\/\/portaltela.pt\/#\/schema\/person\/c4278d4a6028830caff9ee44b42d32ed\"},\"breadcrumb\":{\"@id\":\"https:\/\/portaltela.pt\/noticias\/2026\/04\/30\/licencas-de-construcao-e-reabilitacao-habitacional-caem-159-ate-fevereiro\/#breadcrumb\"},\"inLanguage\":\"pt-PT\",\"potentialAction\":[{\"@type\":\"ReadAction\",\"target\":[\"https:\/\/portaltela.pt\/noticias\/2026\/04\/30\/licencas-de-construcao-e-reabilitacao-habitacional-caem-159-ate-fevereiro\/\"]}]},{\"@type\":\"ImageObject\",\"inLanguage\":\"pt-PT\",\"@id\":\"https:\/\/portaltela.pt\/noticias\/2026\/04\/30\/licencas-de-construcao-e-reabilitacao-habitacional-caem-159-ate-fevereiro\/#primaryimage\",\"url\":\"https:\/\/portaltela.pt\/s.01k8rhncp4jt1\/2026\/04\/CACHE_780X1200_ANALOG_WATERMARKED_7989022_1628276_30042019070131.jpg\",\"contentUrl\":\"https:\/\/portaltela.pt\/s.01k8rhncp4jt1\/2026\/04\/CACHE_780X1200_ANALOG_WATERMARKED_7989022_1628276_30042019070131.jpg\",\"width\":796,\"height\":448,\"caption\":\"Licen\u00e7as para constru\u00e7\u00e3o e reabilita\u00e7\u00e3o habitacional caem 15,9% at\u00e9 fevereiro\"},{\"@type\":\"BreadcrumbList\",\"@id\":\"https:\/\/portaltela.pt\/noticias\/2026\/04\/30\/licencas-de-construcao-e-reabilitacao-habitacional-caem-159-ate-fevereiro\/#breadcrumb\",\"itemListElement\":[{\"@type\":\"ListItem\",\"position\":1,\"name\":\"In\u00edcio\",\"item\":\"https:\/\/portaltela.pt\/\"},{\"@type\":\"ListItem\",\"position\":2,\"name\":\"Licen\u00e7as de constru\u00e7\u00e3o e reabilita\u00e7\u00e3o habitacional caem 15,9% at\u00e9 fevereiro\"}]},{\"@type\":\"WebSite\",\"@id\":\"https:\/\/portaltela.pt\/#website\",\"url\":\"https:\/\/portaltela.pt\/\",\"name\":\"Portal Tela Portugal\",\"description\":\"\",\"potentialAction\":[{\"@type\":\"SearchAction\",\"target\":{\"@type\":\"EntryPoint\",\"urlTemplate\":\"https:\/\/portaltela.pt\/?s={search_term_string}\"},\"query-input\":{\"@type\":\"PropertyValueSpecification\",\"valueRequired\":true,\"valueName\":\"search_term_string\"}}],\"inLanguage\":\"pt-PT\"},{\"@type\":\"Person\",\"@id\":\"https:\/\/portaltela.pt\/#\/schema\/person\/c4278d4a6028830caff9ee44b42d32ed\",\"name\":\"Telinha\",\"image\":{\"@type\":\"ImageObject\",\"inLanguage\":\"pt-PT\",\"@id\":\"https:\/\/portaltela.pt\/s.01k8rhncp4jt1\/2025\/11\/talking-bot-125x125.png\",\"url\":\"https:\/\/portaltela.pt\/s.01k8rhncp4jt1\/2025\/11\/talking-bot-125x125.png\",\"contentUrl\":\"https:\/\/portaltela.pt\/s.01k8rhncp4jt1\/2025\/11\/talking-bot-125x125.png\",\"caption\":\"Telinha\"},\"sameAs\":[\"https:\/\/portaltela.pt\/\"],\"url\":\"https:\/\/portaltela.pt\/por\/367410592786\/\"}]}<\/script>\n<!-- \/ Yoast SEO plugin. -->","yoast_head_json":{"title":"Licen\u00e7as de constru\u00e7\u00e3o e reabilita\u00e7\u00e3o habitacional caem 15,9% at\u00e9 fevereiro - Portal Tela Portugal","robots":{"index":"index","follow":"follow","max-snippet":"max-snippet:-1","max-image-preview":"max-image-preview:large","max-video-preview":"max-video-preview:-1"},"og_locale":"pt_PT","og_type":"article","og_title":"Licen\u00e7as de constru\u00e7\u00e3o e reabilita\u00e7\u00e3o habitacional caem 15,9% at\u00e9 fevereiro - Portal Tela Portugal","og_description":"Licen\u00e7as para constru\u00e7\u00e3o e reabilita\u00e7\u00e3o habitacional ca\u00edram 15,9% at\u00e9 fevereiro. A queda aplica-se ao conjunto de licen\u00e7as emitidas para obras residenciais at\u00e9 fevereiro. Os dados apresentados referem-se ao agregado de licen\u00e7as, sem detalhar por tipo de obra.","og_url":"https:\/\/portaltela.pt\/noticias\/2026\/04\/30\/licencas-de-construcao-e-reabilitacao-habitacional-caem-159-ate-fevereiro\/","og_site_name":"Portal Tela Portugal","article_published_time":"2026-04-30T09:33:08+00:00","author":"Telinha","twitter_card":"summary_large_image","twitter_misc":{"Escrito por":"Telinha","Tempo estimado de leitura":"1 minuto"},"schema":{"@context":"https:\/\/schema.org","@graph":[{"@type":"Article","@id":"https:\/\/portaltela.pt\/noticias\/2026\/04\/30\/licencas-de-construcao-e-reabilitacao-habitacional-caem-159-ate-fevereiro\/#article","isPartOf":{"@id":"https:\/\/portaltela.pt\/noticias\/2026\/04\/30\/licencas-de-construcao-e-reabilitacao-habitacional-caem-159-ate-fevereiro\/"},"author":{"name":"Telinha","@id":"https:\/\/portaltela.pt\/#\/schema\/person\/c4278d4a6028830caff9ee44b42d32ed"},"headline":"Licen\u00e7as de constru\u00e7\u00e3o e reabilita\u00e7\u00e3o habitacional caem 15,9% at\u00e9 fevereiro","datePublished":"2026-04-30T09:33:08+00:00","mainEntityOfPage":{"@id":"https:\/\/portaltela.pt\/noticias\/2026\/04\/30\/licencas-de-construcao-e-reabilitacao-habitacional-caem-159-ate-fevereiro\/"},"wordCount":163,"image":{"@id":"https:\/\/portaltela.pt\/noticias\/2026\/04\/30\/licencas-de-construcao-e-reabilitacao-habitacional-caem-159-ate-fevereiro\/#primaryimage"},"thumbnailUrl":"https:\/\/portaltela.pt\/s.01k8rhncp4jt1\/2026\/04\/CACHE_780X1200_ANALOG_WATERMARKED_7989022_1628276_30042019070131.jpg","keywords":["_constru\u00e7\u00f5es","_economia","_habita\u00e7\u00e3o","_habita\u00e7\u00e3o p\u00fablica","_imobili\u00e1rio","_reabilita\u00e7\u00e3o urbana"],"articleSection":["Economia","Neg\u00f3cios"],"inLanguage":"pt-PT"},{"@type":"WebPage","@id":"https:\/\/portaltela.pt\/noticias\/2026\/04\/30\/licencas-de-construcao-e-reabilitacao-habitacional-caem-159-ate-fevereiro\/","url":"https:\/\/portaltela.pt\/noticias\/2026\/04\/30\/licencas-de-construcao-e-reabilitacao-habitacional-caem-159-ate-fevereiro\/","name":"Licen\u00e7as de constru\u00e7\u00e3o e reabilita\u00e7\u00e3o habitacional caem 15,9% at\u00e9 fevereiro - Portal Tela Portugal","isPartOf":{"@id":"https:\/\/portaltela.pt\/#website"},"primaryImageOfPage":{"@id":"https:\/\/portaltela.pt\/noticias\/2026\/04\/30\/licencas-de-construcao-e-reabilitacao-habitacional-caem-159-ate-fevereiro\/#primaryimage"},"image":{"@id":"https:\/\/portaltela.pt\/noticias\/2026\/04\/30\/licencas-de-construcao-e-reabilitacao-habitacional-caem-159-ate-fevereiro\/#primaryimage"},"thumbnailUrl":"https:\/\/portaltela.pt\/s.01k8rhncp4jt1\/2026\/04\/CACHE_780X1200_ANALOG_WATERMARKED_7989022_1628276_30042019070131.jpg","datePublished":"2026-04-30T09:33:08+00:00","author":{"@id":"https:\/\/portaltela.pt\/#\/schema\/person\/c4278d4a6028830caff9ee44b42d32ed"},"breadcrumb":{"@id":"https:\/\/portaltela.pt\/noticias\/2026\/04\/30\/licencas-de-construcao-e-reabilitacao-habitacional-caem-159-ate-fevereiro\/#breadcrumb"},"inLanguage":"pt-PT","potentialAction":[{"@type":"ReadAction","target":["https:\/\/portaltela.pt\/noticias\/2026\/04\/30\/licencas-de-construcao-e-reabilitacao-habitacional-caem-159-ate-fevereiro\/"]}]},{"@type":"ImageObject","inLanguage":"pt-PT","@id":"https:\/\/portaltela.pt\/noticias\/2026\/04\/30\/licencas-de-construcao-e-reabilitacao-habitacional-caem-159-ate-fevereiro\/#primaryimage","url":"https:\/\/portaltela.pt\/s.01k8rhncp4jt1\/2026\/04\/CACHE_780X1200_ANALOG_WATERMARKED_7989022_1628276_30042019070131.jpg","contentUrl":"https:\/\/portaltela.pt\/s.01k8rhncp4jt1\/2026\/04\/CACHE_780X1200_ANALOG_WATERMARKED_7989022_1628276_30042019070131.jpg","width":796,"height":448,"caption":"Licen\u00e7as para constru\u00e7\u00e3o e reabilita\u00e7\u00e3o habitacional caem 15,9% at\u00e9 fevereiro"},{"@type":"BreadcrumbList","@id":"https:\/\/portaltela.pt\/noticias\/2026\/04\/30\/licencas-de-construcao-e-reabilitacao-habitacional-caem-159-ate-fevereiro\/#breadcrumb","itemListElement":[{"@type":"ListItem","position":1,"name":"In\u00edcio","item":"https:\/\/portaltela.pt\/"},{"@type":"ListItem","position":2,"name":"Licen\u00e7as de constru\u00e7\u00e3o e reabilita\u00e7\u00e3o habitacional caem 15,9% at\u00e9 fevereiro"}]},{"@type":"WebSite","@id":"https:\/\/portaltela.pt\/#website","url":"https:\/\/portaltela.pt\/","name":"Portal Tela Portugal","description":"","potentialAction":[{"@type":"SearchAction","target":{"@type":"EntryPoint","urlTemplate":"https:\/\/portaltela.pt\/?s={search_term_string}"},"query-input":{"@type":"PropertyValueSpecification","valueRequired":true,"valueName":"search_term_string"}}],"inLanguage":"pt-PT"},{"@type":"Person","@id":"https:\/\/portaltela.pt\/#\/schema\/person\/c4278d4a6028830caff9ee44b42d32ed","name":"Telinha","image":{"@type":"ImageObject","inLanguage":"pt-PT","@id":"https:\/\/portaltela.pt\/s.01k8rhncp4jt1\/2025\/11\/talking-bot-125x125.png","url":"https:\/\/portaltela.pt\/s.01k8rhncp4jt1\/2025\/11\/talking-bot-125x125.png","contentUrl":"https:\/\/portaltela.pt\/s.01k8rhncp4jt1\/2025\/11\/talking-bot-125x125.png","caption":"Telinha"},"sameAs":["https:\/\/portaltela.pt\/"],"url":"https:\/\/portaltela.pt\/por\/367410592786\/"}]}},"_links":{"self":[{"href":"https:\/\/portaltela.pt\/api\/wp\/v2\/posts\/462052","targetHints":{"allow":["GET"]}}],"collection":[{"href":"https:\/\/portaltela.pt\/api\/wp\/v2\/posts"}],"about":[{"href":"https:\/\/portaltela.pt\/api\/wp\/v2\/types\/post"}],"author":[{"embeddable":true,"href":"https:\/\/portaltela.pt\/api\/wp\/v2\/users\/2"}],"replies":[{"embeddable":true,"href":"https:\/\/portaltela.pt\/api\/wp\/v2\/comments?post=462052"}],"version-history":[{"count":0,"href":"https:\/\/portaltela.pt\/api\/wp\/v2\/posts\/462052\/revisions"}],"wp:featuredmedia":[{"embeddable":true,"href":"https:\/\/portaltela.pt\/api\/wp\/v2\/media\/462060"}],"wp:attachment":[{"href":"https:\/\/portaltela.pt\/api\/wp\/v2\/media?parent=462052"}],"wp:term":[{"taxonomy":"category","embeddable":true,"href":"https:\/\/portaltela.pt\/api\/wp\/v2\/categories?post=462052"},{"taxonomy":"post_tag","embeddable":true,"href":"https:\/\/portaltela.pt\/api\/wp\/v2\/tags?post=462052"}],"curies":[{"name":"wp","href":"https:\/\/api.w.org\/{rel}","templated":true}]}}