{"id":462049,"date":"2026-04-30T06:33:04","date_gmt":"2026-04-30T09:33:04","guid":{"rendered":"https:\/\/portaltela.pt\/noticias\/2026\/04\/30\/gilberto-gil-apresenta-o-espectaculo-amor-azul-no-coliseu-de-lisboa-em-outubro\/"},"modified":"2026-04-30T06:33:04","modified_gmt":"2026-04-30T09:33:04","slug":"gilberto-gil-apresenta-o-espectaculo-amor-azul-no-coliseu-de-lisboa-em-outubro","status":"publish","type":"post","link":"https:\/\/portaltela.pt\/musica\/2026\/04\/30\/gilberto-gil-apresenta-o-espectaculo-amor-azul-no-coliseu-de-lisboa-em-outubro\/","title":{"rendered":"Gilberto Gil apresenta o espect\u00e1culo Amor Azul no Coliseu de Lisboa em outubro"},"content":{"rendered":"<p>O m\u00fasico brasileiro Gilberto Gil apresenta o espet\u00e1culo Amor Azul no Coliseu de Lisboa, em outubro. A apresenta\u00e7\u00e3o insere-se no ciclo de atua\u00e7\u00f5es do artista em territ\u00f3rio nacional.<\/p>\n<p>O local da realiza\u00e7\u00e3o \u00e9 o Coliseu de Lisboa, com o m\u00eas indicado a outubro. N\u00e3o foram detalhadas datas exatas nem hor\u00e1rios no material apresentado.<\/p>\n<p>O an\u00fancio n\u00e3o esclarece a dura\u00e7\u00e3o do espet\u00e1culo, nem se haver\u00e1 convidados especiais ou informa\u00e7\u00f5es sobre bilhetes. Mant\u00eam-se apenas as informa\u00e7\u00f5es centrais: artista, t\u00edtulo do show e localiza\u00e7\u00e3o.<\/p>\n","protected":false},"excerpt":{"rendered":"<ul>\n<li>O m\u00fasico Gilberto Gil apresenta o espect\u00e1culo Amor Azul.<\/li>\n<li>O concerto realiza-se no Coliseu de Lisboa.<\/li>\n<li>O espect\u00e1culo chama\u2011se Amor Azul.<\/li>\n<li>A apresenta\u00e7\u00e3o est\u00e1 marcada para o m\u00eas de outubro.<\/li>\n<li>A not\u00edcia \u00e9 da ag\u00eancia Lusa.<\/li>\n<\/ul>\n","protected":false},"author":2,"featured_media":462051,"comment_status":"closed","ping_status":"closed","sticky":false,"template":"","format":"standard","meta":{"footnotes":""},"categories":[6676],"tags":[4892,145,2116,981,122,1014],"class_list":["post-462049","post","type-post","status-publish","format-standard","has-post-thumbnail","hentry","category-musica","tag-conciertos","tag-cultura","tag-espetaculos","tag-lisboa","tag-musica","tag-portugal"],"yoast_head":"<!-- This site is optimized with the Yoast SEO plugin v27.2 - https:\/\/yoast.com\/product\/yoast-seo-wordpress\/ -->\n<title>Gilberto Gil apresenta o espect\u00e1culo Amor Azul no Coliseu de Lisboa em outubro - Portal Tela Portugal<\/title>\n<meta name=\"robots\" content=\"index, follow, max-snippet:-1, max-image-preview:large, max-video-preview:-1\" \/>\n<meta property=\"og:locale\" content=\"pt_PT\" \/>\n<meta property=\"og:type\" content=\"article\" \/>\n<meta property=\"og:title\" content=\"Gilberto Gil apresenta o espect\u00e1culo Amor Azul no Coliseu de Lisboa em outubro - Portal Tela Portugal\" \/>\n<meta property=\"og:description\" content=\"O m\u00fasico Gilberto Gil apresenta o espect\u00e1culo Amor Azul. O concerto realiza-se no Coliseu de Lisboa. O espect\u00e1culo chama\u2011se Amor Azul. A apresenta\u00e7\u00e3o est\u00e1 marcada para o m\u00eas de outubro. A not\u00edcia \u00e9 da ag\u00eancia Lusa.\" \/>\n<meta property=\"og:url\" content=\"https:\/\/portaltela.pt\/noticias\/2026\/04\/30\/gilberto-gil-apresenta-o-espectaculo-amor-azul-no-coliseu-de-lisboa-em-outubro\/\" \/>\n<meta property=\"og:site_name\" content=\"Portal Tela Portugal\" \/>\n<meta property=\"article:published_time\" content=\"2026-04-30T09:33:04+00:00\" \/>\n<meta name=\"author\" content=\"Telinha\" \/>\n<meta name=\"twitter:card\" content=\"summary_large_image\" \/>\n<meta name=\"twitter:label1\" content=\"Escrito por\" \/>\n\t<meta name=\"twitter:data1\" content=\"Telinha\" \/>\n<script type=\"application\/ld+json\" class=\"yoast-schema-graph\">{\"@context\":\"https:\/\/schema.org\",\"@graph\":[{\"@type\":\"Article\",\"@id\":\"https:\/\/portaltela.pt\/noticias\/2026\/04\/30\/gilberto-gil-apresenta-o-espectaculo-amor-azul-no-coliseu-de-lisboa-em-outubro\/#article\",\"isPartOf\":{\"@id\":\"https:\/\/portaltela.pt\/noticias\/2026\/04\/30\/gilberto-gil-apresenta-o-espectaculo-amor-azul-no-coliseu-de-lisboa-em-outubro\/\"},\"author\":{\"name\":\"Telinha\",\"@id\":\"https:\/\/portaltela.pt\/#\/schema\/person\/c4278d4a6028830caff9ee44b42d32ed\"},\"headline\":\"Gilberto Gil apresenta o espect\u00e1culo Amor Azul no Coliseu de Lisboa em outubro\",\"datePublished\":\"2026-04-30T09:33:04+00:00\",\"mainEntityOfPage\":{\"@id\":\"https:\/\/portaltela.pt\/noticias\/2026\/04\/30\/gilberto-gil-apresenta-o-espectaculo-amor-azul-no-coliseu-de-lisboa-em-outubro\/\"},\"wordCount\":112,\"image\":{\"@id\":\"https:\/\/portaltela.pt\/noticias\/2026\/04\/30\/gilberto-gil-apresenta-o-espectaculo-amor-azul-no-coliseu-de-lisboa-em-outubro\/#primaryimage\"},\"thumbnailUrl\":\"https:\/\/portaltela.pt\/s.01k8rhncp4jt1\/2026\/04\/CACHE_780X1200_ANALOG_WATERMARKED_45959353_352826721660077.jpg\",\"keywords\":[\"conciertos\",\"cultura\",\"espet\u00e1culos\",\"Lisboa\",\"m\u00fasica\",\"Portugal\"],\"articleSection\":[\"M\u00fasica\"],\"inLanguage\":\"pt-PT\"},{\"@type\":\"WebPage\",\"@id\":\"https:\/\/portaltela.pt\/noticias\/2026\/04\/30\/gilberto-gil-apresenta-o-espectaculo-amor-azul-no-coliseu-de-lisboa-em-outubro\/\",\"url\":\"https:\/\/portaltela.pt\/noticias\/2026\/04\/30\/gilberto-gil-apresenta-o-espectaculo-amor-azul-no-coliseu-de-lisboa-em-outubro\/\",\"name\":\"Gilberto Gil apresenta o espect\u00e1culo Amor Azul no Coliseu de Lisboa em outubro - Portal Tela Portugal\",\"isPartOf\":{\"@id\":\"https:\/\/portaltela.pt\/#website\"},\"primaryImageOfPage\":{\"@id\":\"https:\/\/portaltela.pt\/noticias\/2026\/04\/30\/gilberto-gil-apresenta-o-espectaculo-amor-azul-no-coliseu-de-lisboa-em-outubro\/#primaryimage\"},\"image\":{\"@id\":\"https:\/\/portaltela.pt\/noticias\/2026\/04\/30\/gilberto-gil-apresenta-o-espectaculo-amor-azul-no-coliseu-de-lisboa-em-outubro\/#primaryimage\"},\"thumbnailUrl\":\"https:\/\/portaltela.pt\/s.01k8rhncp4jt1\/2026\/04\/CACHE_780X1200_ANALOG_WATERMARKED_45959353_352826721660077.jpg\",\"datePublished\":\"2026-04-30T09:33:04+00:00\",\"author\":{\"@id\":\"https:\/\/portaltela.pt\/#\/schema\/person\/c4278d4a6028830caff9ee44b42d32ed\"},\"breadcrumb\":{\"@id\":\"https:\/\/portaltela.pt\/noticias\/2026\/04\/30\/gilberto-gil-apresenta-o-espectaculo-amor-azul-no-coliseu-de-lisboa-em-outubro\/#breadcrumb\"},\"inLanguage\":\"pt-PT\",\"potentialAction\":[{\"@type\":\"ReadAction\",\"target\":[\"https:\/\/portaltela.pt\/noticias\/2026\/04\/30\/gilberto-gil-apresenta-o-espectaculo-amor-azul-no-coliseu-de-lisboa-em-outubro\/\"]}]},{\"@type\":\"ImageObject\",\"inLanguage\":\"pt-PT\",\"@id\":\"https:\/\/portaltela.pt\/noticias\/2026\/04\/30\/gilberto-gil-apresenta-o-espectaculo-amor-azul-no-coliseu-de-lisboa-em-outubro\/#primaryimage\",\"url\":\"https:\/\/portaltela.pt\/s.01k8rhncp4jt1\/2026\/04\/CACHE_780X1200_ANALOG_WATERMARKED_45959353_352826721660077.jpg\",\"contentUrl\":\"https:\/\/portaltela.pt\/s.01k8rhncp4jt1\/2026\/04\/CACHE_780X1200_ANALOG_WATERMARKED_45959353_352826721660077.jpg\",\"width\":796,\"height\":448,\"caption\":\"Gilberto Gil apresenta espect\u00e1culo Amor Azul no Coliseu de Lisboa em outubro\"},{\"@type\":\"BreadcrumbList\",\"@id\":\"https:\/\/portaltela.pt\/noticias\/2026\/04\/30\/gilberto-gil-apresenta-o-espectaculo-amor-azul-no-coliseu-de-lisboa-em-outubro\/#breadcrumb\",\"itemListElement\":[{\"@type\":\"ListItem\",\"position\":1,\"name\":\"In\u00edcio\",\"item\":\"https:\/\/portaltela.pt\/\"},{\"@type\":\"ListItem\",\"position\":2,\"name\":\"Gilberto Gil apresenta o espect\u00e1culo Amor Azul no Coliseu de Lisboa em outubro\"}]},{\"@type\":\"WebSite\",\"@id\":\"https:\/\/portaltela.pt\/#website\",\"url\":\"https:\/\/portaltela.pt\/\",\"name\":\"Portal Tela Portugal\",\"description\":\"\",\"potentialAction\":[{\"@type\":\"SearchAction\",\"target\":{\"@type\":\"EntryPoint\",\"urlTemplate\":\"https:\/\/portaltela.pt\/?s={search_term_string}\"},\"query-input\":{\"@type\":\"PropertyValueSpecification\",\"valueRequired\":true,\"valueName\":\"search_term_string\"}}],\"inLanguage\":\"pt-PT\"},{\"@type\":\"Person\",\"@id\":\"https:\/\/portaltela.pt\/#\/schema\/person\/c4278d4a6028830caff9ee44b42d32ed\",\"name\":\"Telinha\",\"image\":{\"@type\":\"ImageObject\",\"inLanguage\":\"pt-PT\",\"@id\":\"https:\/\/portaltela.pt\/s.01k8rhncp4jt1\/2025\/11\/talking-bot-125x125.png\",\"url\":\"https:\/\/portaltela.pt\/s.01k8rhncp4jt1\/2025\/11\/talking-bot-125x125.png\",\"contentUrl\":\"https:\/\/portaltela.pt\/s.01k8rhncp4jt1\/2025\/11\/talking-bot-125x125.png\",\"caption\":\"Telinha\"},\"sameAs\":[\"https:\/\/portaltela.pt\/\"],\"url\":\"https:\/\/portaltela.pt\/por\/367410592786\/\"}]}<\/script>\n<!-- \/ Yoast SEO plugin. -->","yoast_head_json":{"title":"Gilberto Gil apresenta o espect\u00e1culo Amor Azul no Coliseu de Lisboa em outubro - Portal Tela Portugal","robots":{"index":"index","follow":"follow","max-snippet":"max-snippet:-1","max-image-preview":"max-image-preview:large","max-video-preview":"max-video-preview:-1"},"og_locale":"pt_PT","og_type":"article","og_title":"Gilberto Gil apresenta o espect\u00e1culo Amor Azul no Coliseu de Lisboa em outubro - Portal Tela Portugal","og_description":"O m\u00fasico Gilberto Gil apresenta o espect\u00e1culo Amor Azul. O concerto realiza-se no Coliseu de Lisboa. O espect\u00e1culo chama\u2011se Amor Azul. A apresenta\u00e7\u00e3o est\u00e1 marcada para o m\u00eas de outubro. A not\u00edcia \u00e9 da ag\u00eancia Lusa.","og_url":"https:\/\/portaltela.pt\/noticias\/2026\/04\/30\/gilberto-gil-apresenta-o-espectaculo-amor-azul-no-coliseu-de-lisboa-em-outubro\/","og_site_name":"Portal Tela Portugal","article_published_time":"2026-04-30T09:33:04+00:00","author":"Telinha","twitter_card":"summary_large_image","twitter_misc":{"Escrito por":"Telinha"},"schema":{"@context":"https:\/\/schema.org","@graph":[{"@type":"Article","@id":"https:\/\/portaltela.pt\/noticias\/2026\/04\/30\/gilberto-gil-apresenta-o-espectaculo-amor-azul-no-coliseu-de-lisboa-em-outubro\/#article","isPartOf":{"@id":"https:\/\/portaltela.pt\/noticias\/2026\/04\/30\/gilberto-gil-apresenta-o-espectaculo-amor-azul-no-coliseu-de-lisboa-em-outubro\/"},"author":{"name":"Telinha","@id":"https:\/\/portaltela.pt\/#\/schema\/person\/c4278d4a6028830caff9ee44b42d32ed"},"headline":"Gilberto Gil apresenta o espect\u00e1culo Amor Azul no Coliseu de Lisboa em outubro","datePublished":"2026-04-30T09:33:04+00:00","mainEntityOfPage":{"@id":"https:\/\/portaltela.pt\/noticias\/2026\/04\/30\/gilberto-gil-apresenta-o-espectaculo-amor-azul-no-coliseu-de-lisboa-em-outubro\/"},"wordCount":112,"image":{"@id":"https:\/\/portaltela.pt\/noticias\/2026\/04\/30\/gilberto-gil-apresenta-o-espectaculo-amor-azul-no-coliseu-de-lisboa-em-outubro\/#primaryimage"},"thumbnailUrl":"https:\/\/portaltela.pt\/s.01k8rhncp4jt1\/2026\/04\/CACHE_780X1200_ANALOG_WATERMARKED_45959353_352826721660077.jpg","keywords":["conciertos","cultura","espet\u00e1culos","Lisboa","m\u00fasica","Portugal"],"articleSection":["M\u00fasica"],"inLanguage":"pt-PT"},{"@type":"WebPage","@id":"https:\/\/portaltela.pt\/noticias\/2026\/04\/30\/gilberto-gil-apresenta-o-espectaculo-amor-azul-no-coliseu-de-lisboa-em-outubro\/","url":"https:\/\/portaltela.pt\/noticias\/2026\/04\/30\/gilberto-gil-apresenta-o-espectaculo-amor-azul-no-coliseu-de-lisboa-em-outubro\/","name":"Gilberto Gil apresenta o espect\u00e1culo Amor Azul no Coliseu de Lisboa em outubro - Portal Tela Portugal","isPartOf":{"@id":"https:\/\/portaltela.pt\/#website"},"primaryImageOfPage":{"@id":"https:\/\/portaltela.pt\/noticias\/2026\/04\/30\/gilberto-gil-apresenta-o-espectaculo-amor-azul-no-coliseu-de-lisboa-em-outubro\/#primaryimage"},"image":{"@id":"https:\/\/portaltela.pt\/noticias\/2026\/04\/30\/gilberto-gil-apresenta-o-espectaculo-amor-azul-no-coliseu-de-lisboa-em-outubro\/#primaryimage"},"thumbnailUrl":"https:\/\/portaltela.pt\/s.01k8rhncp4jt1\/2026\/04\/CACHE_780X1200_ANALOG_WATERMARKED_45959353_352826721660077.jpg","datePublished":"2026-04-30T09:33:04+00:00","author":{"@id":"https:\/\/portaltela.pt\/#\/schema\/person\/c4278d4a6028830caff9ee44b42d32ed"},"breadcrumb":{"@id":"https:\/\/portaltela.pt\/noticias\/2026\/04\/30\/gilberto-gil-apresenta-o-espectaculo-amor-azul-no-coliseu-de-lisboa-em-outubro\/#breadcrumb"},"inLanguage":"pt-PT","potentialAction":[{"@type":"ReadAction","target":["https:\/\/portaltela.pt\/noticias\/2026\/04\/30\/gilberto-gil-apresenta-o-espectaculo-amor-azul-no-coliseu-de-lisboa-em-outubro\/"]}]},{"@type":"ImageObject","inLanguage":"pt-PT","@id":"https:\/\/portaltela.pt\/noticias\/2026\/04\/30\/gilberto-gil-apresenta-o-espectaculo-amor-azul-no-coliseu-de-lisboa-em-outubro\/#primaryimage","url":"https:\/\/portaltela.pt\/s.01k8rhncp4jt1\/2026\/04\/CACHE_780X1200_ANALOG_WATERMARKED_45959353_352826721660077.jpg","contentUrl":"https:\/\/portaltela.pt\/s.01k8rhncp4jt1\/2026\/04\/CACHE_780X1200_ANALOG_WATERMARKED_45959353_352826721660077.jpg","width":796,"height":448,"caption":"Gilberto Gil apresenta espect\u00e1culo Amor Azul no Coliseu de Lisboa em outubro"},{"@type":"BreadcrumbList","@id":"https:\/\/portaltela.pt\/noticias\/2026\/04\/30\/gilberto-gil-apresenta-o-espectaculo-amor-azul-no-coliseu-de-lisboa-em-outubro\/#breadcrumb","itemListElement":[{"@type":"ListItem","position":1,"name":"In\u00edcio","item":"https:\/\/portaltela.pt\/"},{"@type":"ListItem","position":2,"name":"Gilberto Gil apresenta o espect\u00e1culo Amor Azul no Coliseu de Lisboa em outubro"}]},{"@type":"WebSite","@id":"https:\/\/portaltela.pt\/#website","url":"https:\/\/portaltela.pt\/","name":"Portal Tela Portugal","description":"","potentialAction":[{"@type":"SearchAction","target":{"@type":"EntryPoint","urlTemplate":"https:\/\/portaltela.pt\/?s={search_term_string}"},"query-input":{"@type":"PropertyValueSpecification","valueRequired":true,"valueName":"search_term_string"}}],"inLanguage":"pt-PT"},{"@type":"Person","@id":"https:\/\/portaltela.pt\/#\/schema\/person\/c4278d4a6028830caff9ee44b42d32ed","name":"Telinha","image":{"@type":"ImageObject","inLanguage":"pt-PT","@id":"https:\/\/portaltela.pt\/s.01k8rhncp4jt1\/2025\/11\/talking-bot-125x125.png","url":"https:\/\/portaltela.pt\/s.01k8rhncp4jt1\/2025\/11\/talking-bot-125x125.png","contentUrl":"https:\/\/portaltela.pt\/s.01k8rhncp4jt1\/2025\/11\/talking-bot-125x125.png","caption":"Telinha"},"sameAs":["https:\/\/portaltela.pt\/"],"url":"https:\/\/portaltela.pt\/por\/367410592786\/"}]}},"_links":{"self":[{"href":"https:\/\/portaltela.pt\/api\/wp\/v2\/posts\/462049","targetHints":{"allow":["GET"]}}],"collection":[{"href":"https:\/\/portaltela.pt\/api\/wp\/v2\/posts"}],"about":[{"href":"https:\/\/portaltela.pt\/api\/wp\/v2\/types\/post"}],"author":[{"embeddable":true,"href":"https:\/\/portaltela.pt\/api\/wp\/v2\/users\/2"}],"replies":[{"embeddable":true,"href":"https:\/\/portaltela.pt\/api\/wp\/v2\/comments?post=462049"}],"version-history":[{"count":0,"href":"https:\/\/portaltela.pt\/api\/wp\/v2\/posts\/462049\/revisions"}],"wp:featuredmedia":[{"embeddable":true,"href":"https:\/\/portaltela.pt\/api\/wp\/v2\/media\/462051"}],"wp:attachment":[{"href":"https:\/\/portaltela.pt\/api\/wp\/v2\/media?parent=462049"}],"wp:term":[{"taxonomy":"category","embeddable":true,"href":"https:\/\/portaltela.pt\/api\/wp\/v2\/categories?post=462049"},{"taxonomy":"post_tag","embeddable":true,"href":"https:\/\/portaltela.pt\/api\/wp\/v2\/tags?post=462049"}],"curies":[{"name":"wp","href":"https:\/\/api.w.org\/{rel}","templated":true}]}}