{"id":462041,"date":"2026-04-30T06:32:55","date_gmt":"2026-04-30T09:32:55","guid":{"rendered":"https:\/\/portaltela.pt\/noticias\/2026\/04\/30\/paulina-chiziane-recebe-distincao-e-orgulho-nacional\/"},"modified":"2026-04-30T06:32:55","modified_gmt":"2026-04-30T09:32:55","slug":"paulina-chiziane-recebe-distincao-e-orgulho-nacional","status":"publish","type":"post","link":"https:\/\/portaltela.pt\/cultura\/2026\/04\/30\/paulina-chiziane-recebe-distincao-e-orgulho-nacional\/","title":{"rendered":"Paulina Chiziane recebe distin\u00e7\u00e3o e orgulho nacional"},"content":{"rendered":"<p>O Presidente da Rep\u00fablica condecorou a escritora mo\u00e7ambicana Paulina Chiziane com a distin\u00e7\u00e3o de orgulho nacional. A medida reconhece a trajet\u00f3ria e a contribui\u00e7\u00e3o da autora para a literatura de Mo\u00e7ambique e para a cultura do pa\u00eds.<\/p>\n<p>A decis\u00e3o foi anunciada pelo Gabinete da Presid\u00eancia, em reconhecimento ao impacto da obra de Chiziane em \u00c1frica e al\u00e9m fronteiras. A autora \u00e9 conhecida por desafiar tabus e ampliar o espa\u00e7o feminino na literatura mo\u00e7ambicana.<\/p>\n<p>A atribui\u00e7\u00e3o refor\u00e7a o compromisso do Estado com a valoriza\u00e7\u00e3o da cultura e das letras nacionais. Paulina Chiziane \u00e9 reconhecida internacionalmente pela qualidade narrativa, pela defesa de causas sociais e pela representa\u00e7\u00e3o de identidades mo\u00e7ambicanas.<\/p>\n","protected":false},"excerpt":{"rendered":"<ul>\n<li>A escritora mo\u00e7ambicana Paulina Chiziane foi distinguida com o t\u00edtulo de \u201corgulho nacional\u201d pelo Presidente da Rep\u00fablica.<\/li>\n<li>A distin\u00e7\u00e3o reconhece o contributo de Chiziane \u00e0 literatura e \u00e0 cultura de Mo\u00e7ambique.<\/li>\n<li>O conte\u00fado completo da not\u00edcia est\u00e1 dispon\u00edvel apenas para subscritores.<\/li>\n<\/ul>\n","protected":false},"author":2,"featured_media":462045,"comment_status":"closed","ping_status":"closed","sticky":false,"template":"","format":"standard","meta":{"footnotes":""},"categories":[6675,7375],"tags":[5227,6773,145,6654,106,1911],"class_list":["post-462041","post","type-post","status-publish","format-standard","has-post-thumbnail","hentry","category-celebridades","category-cultura","tag-africa","tag-condecoracoes","tag-cultura","tag-escritores","tag-literatura","tag-mocambique"],"yoast_head":"<!-- This site is optimized with the Yoast SEO plugin v27.2 - https:\/\/yoast.com\/product\/yoast-seo-wordpress\/ -->\n<title>Paulina Chiziane recebe distin\u00e7\u00e3o e orgulho nacional - Portal Tela Portugal<\/title>\n<meta name=\"robots\" content=\"index, follow, max-snippet:-1, max-image-preview:large, max-video-preview:-1\" \/>\n<meta property=\"og:locale\" content=\"pt_PT\" \/>\n<meta property=\"og:type\" content=\"article\" \/>\n<meta property=\"og:title\" content=\"Paulina Chiziane recebe distin\u00e7\u00e3o e orgulho nacional - Portal Tela Portugal\" \/>\n<meta property=\"og:description\" content=\"A escritora mo\u00e7ambicana Paulina Chiziane foi distinguida com o t\u00edtulo de \u201corgulho nacional\u201d pelo Presidente da Rep\u00fablica. A distin\u00e7\u00e3o reconhece o contributo de Chiziane \u00e0 literatura e \u00e0 cultura de Mo\u00e7ambique. O conte\u00fado completo da not\u00edcia est\u00e1 dispon\u00edvel apenas para subscritores.\" \/>\n<meta property=\"og:url\" content=\"https:\/\/portaltela.pt\/noticias\/2026\/04\/30\/paulina-chiziane-recebe-distincao-e-orgulho-nacional\/\" \/>\n<meta property=\"og:site_name\" content=\"Portal Tela Portugal\" \/>\n<meta property=\"article:published_time\" content=\"2026-04-30T09:32:55+00:00\" \/>\n<meta name=\"author\" content=\"Telinha\" \/>\n<meta name=\"twitter:card\" content=\"summary_large_image\" \/>\n<meta name=\"twitter:label1\" content=\"Escrito por\" \/>\n\t<meta name=\"twitter:data1\" content=\"Telinha\" \/>\n\t<meta name=\"twitter:label2\" content=\"Tempo estimado de leitura\" \/>\n\t<meta name=\"twitter:data2\" content=\"1 minuto\" \/>\n<script type=\"application\/ld+json\" class=\"yoast-schema-graph\">{\"@context\":\"https:\/\/schema.org\",\"@graph\":[{\"@type\":\"Article\",\"@id\":\"https:\/\/portaltela.pt\/noticias\/2026\/04\/30\/paulina-chiziane-recebe-distincao-e-orgulho-nacional\/#article\",\"isPartOf\":{\"@id\":\"https:\/\/portaltela.pt\/noticias\/2026\/04\/30\/paulina-chiziane-recebe-distincao-e-orgulho-nacional\/\"},\"author\":{\"name\":\"Telinha\",\"@id\":\"https:\/\/portaltela.pt\/#\/schema\/person\/c4278d4a6028830caff9ee44b42d32ed\"},\"headline\":\"Paulina Chiziane recebe distin\u00e7\u00e3o e orgulho nacional\",\"datePublished\":\"2026-04-30T09:32:55+00:00\",\"mainEntityOfPage\":{\"@id\":\"https:\/\/portaltela.pt\/noticias\/2026\/04\/30\/paulina-chiziane-recebe-distincao-e-orgulho-nacional\/\"},\"wordCount\":131,\"image\":{\"@id\":\"https:\/\/portaltela.pt\/noticias\/2026\/04\/30\/paulina-chiziane-recebe-distincao-e-orgulho-nacional\/#primaryimage\"},\"thumbnailUrl\":\"https:\/\/portaltela.pt\/s.01k8rhncp4jt1\/2026\/04\/CACHE_780X1200_ANALOG_WATERMARKED_40733730_2936437_05052023051518.jpg\",\"keywords\":[\"\u00c1frica\",\"Condecora\u00e7\u00f5es\",\"cultura\",\"escritores\",\"literatura\",\"Mo\u00e7ambique\"],\"articleSection\":[\"Celebridades\",\"Cultura\"],\"inLanguage\":\"pt-PT\"},{\"@type\":\"WebPage\",\"@id\":\"https:\/\/portaltela.pt\/noticias\/2026\/04\/30\/paulina-chiziane-recebe-distincao-e-orgulho-nacional\/\",\"url\":\"https:\/\/portaltela.pt\/noticias\/2026\/04\/30\/paulina-chiziane-recebe-distincao-e-orgulho-nacional\/\",\"name\":\"Paulina Chiziane recebe distin\u00e7\u00e3o e orgulho nacional - Portal Tela Portugal\",\"isPartOf\":{\"@id\":\"https:\/\/portaltela.pt\/#website\"},\"primaryImageOfPage\":{\"@id\":\"https:\/\/portaltela.pt\/noticias\/2026\/04\/30\/paulina-chiziane-recebe-distincao-e-orgulho-nacional\/#primaryimage\"},\"image\":{\"@id\":\"https:\/\/portaltela.pt\/noticias\/2026\/04\/30\/paulina-chiziane-recebe-distincao-e-orgulho-nacional\/#primaryimage\"},\"thumbnailUrl\":\"https:\/\/portaltela.pt\/s.01k8rhncp4jt1\/2026\/04\/CACHE_780X1200_ANALOG_WATERMARKED_40733730_2936437_05052023051518.jpg\",\"datePublished\":\"2026-04-30T09:32:55+00:00\",\"author\":{\"@id\":\"https:\/\/portaltela.pt\/#\/schema\/person\/c4278d4a6028830caff9ee44b42d32ed\"},\"breadcrumb\":{\"@id\":\"https:\/\/portaltela.pt\/noticias\/2026\/04\/30\/paulina-chiziane-recebe-distincao-e-orgulho-nacional\/#breadcrumb\"},\"inLanguage\":\"pt-PT\",\"potentialAction\":[{\"@type\":\"ReadAction\",\"target\":[\"https:\/\/portaltela.pt\/noticias\/2026\/04\/30\/paulina-chiziane-recebe-distincao-e-orgulho-nacional\/\"]}]},{\"@type\":\"ImageObject\",\"inLanguage\":\"pt-PT\",\"@id\":\"https:\/\/portaltela.pt\/noticias\/2026\/04\/30\/paulina-chiziane-recebe-distincao-e-orgulho-nacional\/#primaryimage\",\"url\":\"https:\/\/portaltela.pt\/s.01k8rhncp4jt1\/2026\/04\/CACHE_780X1200_ANALOG_WATERMARKED_40733730_2936437_05052023051518.jpg\",\"contentUrl\":\"https:\/\/portaltela.pt\/s.01k8rhncp4jt1\/2026\/04\/CACHE_780X1200_ANALOG_WATERMARKED_40733730_2936437_05052023051518.jpg\",\"width\":768,\"height\":512,\"caption\":\"Distin\u00e7\u00e3o da escritora mo\u00e7ambicana Paulina Chiziane \u00e9 \u201corgulho nacional - PR\"},{\"@type\":\"BreadcrumbList\",\"@id\":\"https:\/\/portaltela.pt\/noticias\/2026\/04\/30\/paulina-chiziane-recebe-distincao-e-orgulho-nacional\/#breadcrumb\",\"itemListElement\":[{\"@type\":\"ListItem\",\"position\":1,\"name\":\"In\u00edcio\",\"item\":\"https:\/\/portaltela.pt\/\"},{\"@type\":\"ListItem\",\"position\":2,\"name\":\"Paulina Chiziane recebe distin\u00e7\u00e3o e orgulho nacional\"}]},{\"@type\":\"WebSite\",\"@id\":\"https:\/\/portaltela.pt\/#website\",\"url\":\"https:\/\/portaltela.pt\/\",\"name\":\"Portal Tela Portugal\",\"description\":\"\",\"potentialAction\":[{\"@type\":\"SearchAction\",\"target\":{\"@type\":\"EntryPoint\",\"urlTemplate\":\"https:\/\/portaltela.pt\/?s={search_term_string}\"},\"query-input\":{\"@type\":\"PropertyValueSpecification\",\"valueRequired\":true,\"valueName\":\"search_term_string\"}}],\"inLanguage\":\"pt-PT\"},{\"@type\":\"Person\",\"@id\":\"https:\/\/portaltela.pt\/#\/schema\/person\/c4278d4a6028830caff9ee44b42d32ed\",\"name\":\"Telinha\",\"image\":{\"@type\":\"ImageObject\",\"inLanguage\":\"pt-PT\",\"@id\":\"https:\/\/portaltela.pt\/s.01k8rhncp4jt1\/2025\/11\/talking-bot-125x125.png\",\"url\":\"https:\/\/portaltela.pt\/s.01k8rhncp4jt1\/2025\/11\/talking-bot-125x125.png\",\"contentUrl\":\"https:\/\/portaltela.pt\/s.01k8rhncp4jt1\/2025\/11\/talking-bot-125x125.png\",\"caption\":\"Telinha\"},\"sameAs\":[\"https:\/\/portaltela.pt\/\"],\"url\":\"https:\/\/portaltela.pt\/por\/367410592786\/\"}]}<\/script>\n<!-- \/ Yoast SEO plugin. -->","yoast_head_json":{"title":"Paulina Chiziane recebe distin\u00e7\u00e3o e orgulho nacional - Portal Tela Portugal","robots":{"index":"index","follow":"follow","max-snippet":"max-snippet:-1","max-image-preview":"max-image-preview:large","max-video-preview":"max-video-preview:-1"},"og_locale":"pt_PT","og_type":"article","og_title":"Paulina Chiziane recebe distin\u00e7\u00e3o e orgulho nacional - Portal Tela Portugal","og_description":"A escritora mo\u00e7ambicana Paulina Chiziane foi distinguida com o t\u00edtulo de \u201corgulho nacional\u201d pelo Presidente da Rep\u00fablica. A distin\u00e7\u00e3o reconhece o contributo de Chiziane \u00e0 literatura e \u00e0 cultura de Mo\u00e7ambique. O conte\u00fado completo da not\u00edcia est\u00e1 dispon\u00edvel apenas para subscritores.","og_url":"https:\/\/portaltela.pt\/noticias\/2026\/04\/30\/paulina-chiziane-recebe-distincao-e-orgulho-nacional\/","og_site_name":"Portal Tela Portugal","article_published_time":"2026-04-30T09:32:55+00:00","author":"Telinha","twitter_card":"summary_large_image","twitter_misc":{"Escrito por":"Telinha","Tempo estimado de leitura":"1 minuto"},"schema":{"@context":"https:\/\/schema.org","@graph":[{"@type":"Article","@id":"https:\/\/portaltela.pt\/noticias\/2026\/04\/30\/paulina-chiziane-recebe-distincao-e-orgulho-nacional\/#article","isPartOf":{"@id":"https:\/\/portaltela.pt\/noticias\/2026\/04\/30\/paulina-chiziane-recebe-distincao-e-orgulho-nacional\/"},"author":{"name":"Telinha","@id":"https:\/\/portaltela.pt\/#\/schema\/person\/c4278d4a6028830caff9ee44b42d32ed"},"headline":"Paulina Chiziane recebe distin\u00e7\u00e3o e orgulho nacional","datePublished":"2026-04-30T09:32:55+00:00","mainEntityOfPage":{"@id":"https:\/\/portaltela.pt\/noticias\/2026\/04\/30\/paulina-chiziane-recebe-distincao-e-orgulho-nacional\/"},"wordCount":131,"image":{"@id":"https:\/\/portaltela.pt\/noticias\/2026\/04\/30\/paulina-chiziane-recebe-distincao-e-orgulho-nacional\/#primaryimage"},"thumbnailUrl":"https:\/\/portaltela.pt\/s.01k8rhncp4jt1\/2026\/04\/CACHE_780X1200_ANALOG_WATERMARKED_40733730_2936437_05052023051518.jpg","keywords":["\u00c1frica","Condecora\u00e7\u00f5es","cultura","escritores","literatura","Mo\u00e7ambique"],"articleSection":["Celebridades","Cultura"],"inLanguage":"pt-PT"},{"@type":"WebPage","@id":"https:\/\/portaltela.pt\/noticias\/2026\/04\/30\/paulina-chiziane-recebe-distincao-e-orgulho-nacional\/","url":"https:\/\/portaltela.pt\/noticias\/2026\/04\/30\/paulina-chiziane-recebe-distincao-e-orgulho-nacional\/","name":"Paulina Chiziane recebe distin\u00e7\u00e3o e orgulho nacional - Portal Tela Portugal","isPartOf":{"@id":"https:\/\/portaltela.pt\/#website"},"primaryImageOfPage":{"@id":"https:\/\/portaltela.pt\/noticias\/2026\/04\/30\/paulina-chiziane-recebe-distincao-e-orgulho-nacional\/#primaryimage"},"image":{"@id":"https:\/\/portaltela.pt\/noticias\/2026\/04\/30\/paulina-chiziane-recebe-distincao-e-orgulho-nacional\/#primaryimage"},"thumbnailUrl":"https:\/\/portaltela.pt\/s.01k8rhncp4jt1\/2026\/04\/CACHE_780X1200_ANALOG_WATERMARKED_40733730_2936437_05052023051518.jpg","datePublished":"2026-04-30T09:32:55+00:00","author":{"@id":"https:\/\/portaltela.pt\/#\/schema\/person\/c4278d4a6028830caff9ee44b42d32ed"},"breadcrumb":{"@id":"https:\/\/portaltela.pt\/noticias\/2026\/04\/30\/paulina-chiziane-recebe-distincao-e-orgulho-nacional\/#breadcrumb"},"inLanguage":"pt-PT","potentialAction":[{"@type":"ReadAction","target":["https:\/\/portaltela.pt\/noticias\/2026\/04\/30\/paulina-chiziane-recebe-distincao-e-orgulho-nacional\/"]}]},{"@type":"ImageObject","inLanguage":"pt-PT","@id":"https:\/\/portaltela.pt\/noticias\/2026\/04\/30\/paulina-chiziane-recebe-distincao-e-orgulho-nacional\/#primaryimage","url":"https:\/\/portaltela.pt\/s.01k8rhncp4jt1\/2026\/04\/CACHE_780X1200_ANALOG_WATERMARKED_40733730_2936437_05052023051518.jpg","contentUrl":"https:\/\/portaltela.pt\/s.01k8rhncp4jt1\/2026\/04\/CACHE_780X1200_ANALOG_WATERMARKED_40733730_2936437_05052023051518.jpg","width":768,"height":512,"caption":"Distin\u00e7\u00e3o da escritora mo\u00e7ambicana Paulina Chiziane \u00e9 \u201corgulho nacional - PR"},{"@type":"BreadcrumbList","@id":"https:\/\/portaltela.pt\/noticias\/2026\/04\/30\/paulina-chiziane-recebe-distincao-e-orgulho-nacional\/#breadcrumb","itemListElement":[{"@type":"ListItem","position":1,"name":"In\u00edcio","item":"https:\/\/portaltela.pt\/"},{"@type":"ListItem","position":2,"name":"Paulina Chiziane recebe distin\u00e7\u00e3o e orgulho nacional"}]},{"@type":"WebSite","@id":"https:\/\/portaltela.pt\/#website","url":"https:\/\/portaltela.pt\/","name":"Portal Tela Portugal","description":"","potentialAction":[{"@type":"SearchAction","target":{"@type":"EntryPoint","urlTemplate":"https:\/\/portaltela.pt\/?s={search_term_string}"},"query-input":{"@type":"PropertyValueSpecification","valueRequired":true,"valueName":"search_term_string"}}],"inLanguage":"pt-PT"},{"@type":"Person","@id":"https:\/\/portaltela.pt\/#\/schema\/person\/c4278d4a6028830caff9ee44b42d32ed","name":"Telinha","image":{"@type":"ImageObject","inLanguage":"pt-PT","@id":"https:\/\/portaltela.pt\/s.01k8rhncp4jt1\/2025\/11\/talking-bot-125x125.png","url":"https:\/\/portaltela.pt\/s.01k8rhncp4jt1\/2025\/11\/talking-bot-125x125.png","contentUrl":"https:\/\/portaltela.pt\/s.01k8rhncp4jt1\/2025\/11\/talking-bot-125x125.png","caption":"Telinha"},"sameAs":["https:\/\/portaltela.pt\/"],"url":"https:\/\/portaltela.pt\/por\/367410592786\/"}]}},"_links":{"self":[{"href":"https:\/\/portaltela.pt\/api\/wp\/v2\/posts\/462041","targetHints":{"allow":["GET"]}}],"collection":[{"href":"https:\/\/portaltela.pt\/api\/wp\/v2\/posts"}],"about":[{"href":"https:\/\/portaltela.pt\/api\/wp\/v2\/types\/post"}],"author":[{"embeddable":true,"href":"https:\/\/portaltela.pt\/api\/wp\/v2\/users\/2"}],"replies":[{"embeddable":true,"href":"https:\/\/portaltela.pt\/api\/wp\/v2\/comments?post=462041"}],"version-history":[{"count":0,"href":"https:\/\/portaltela.pt\/api\/wp\/v2\/posts\/462041\/revisions"}],"wp:featuredmedia":[{"embeddable":true,"href":"https:\/\/portaltela.pt\/api\/wp\/v2\/media\/462045"}],"wp:attachment":[{"href":"https:\/\/portaltela.pt\/api\/wp\/v2\/media?parent=462041"}],"wp:term":[{"taxonomy":"category","embeddable":true,"href":"https:\/\/portaltela.pt\/api\/wp\/v2\/categories?post=462041"},{"taxonomy":"post_tag","embeddable":true,"href":"https:\/\/portaltela.pt\/api\/wp\/v2\/tags?post=462041"}],"curies":[{"name":"wp","href":"https:\/\/api.w.org\/{rel}","templated":true}]}}