{"id":462030,"date":"2026-04-30T06:18:13","date_gmt":"2026-04-30T09:18:13","guid":{"rendered":"https:\/\/portaltela.pt\/noticias\/2026\/04\/30\/cerro-porteno-encurta-linhas-do-relvado-abel-reage-em-que-seculo-estamos\/"},"modified":"2026-04-30T06:18:13","modified_gmt":"2026-04-30T09:18:13","slug":"cerro-porteno-encurta-linhas-do-relvado-abel-reage-em-que-seculo-estamos","status":"publish","type":"post","link":"https:\/\/portaltela.pt\/desporto\/futebol\/2026\/04\/30\/cerro-porteno-encurta-linhas-do-relvado-abel-reage-em-que-seculo-estamos\/","title":{"rendered":"Cerro Porte\u00f1o encurta linhas do relvado; Abel reage: Em que s\u00e9culo estamos?"},"content":{"rendered":"<p>Palmeiras empatou 1-1 em casa do Cerro Porte\u00f1o na terceira jornada da Ta\u00e7a Libertadores, num jogo em que o resultado manteve as aspira\u00e7\u00f5es da equipa brasileira na fase de grupos. A pausa para o fim do encontro foi marcada por cr\u00edticas externas \u00e0 organiza\u00e7\u00e3o do recinto.<\/p>\n<p>No final do encontro, o treinador do Palmeiras, Abel Ferreira, mostrou-se muito cr\u00edtico com a decis\u00e3o de encurtar as linhas do relvado, dizendo ter visto algo in\u00e9dito e sugerindo que cabe \u00e0 CONMEBOL explicar a situa\u00e7\u00e3o. Disse ainda que n\u00e3o pretendia comentar mais.<\/p>\n<p>Ariel Holan, t\u00e9cnico do Cerro Porte\u00f1o, respondeu que o regulamento foi cumprido. Acomodando as regras da Libertadores, disse que o campo tinha dimens\u00f5es espec\u00edficas e que, na pr\u00e1tica, n\u00e3o influenciou o andamento do jogo, segundo a sua leitura.<\/p>\n<h3>Estado do relvado gera pol\u00e9mica<\/h3>\n<p>O Cerro Porte\u00f1o justificou que o dimensionamento do terreno seguia a exig\u00eancia m\u00ednima, embora a largura tenha ficado em 64 metros e o comprimento em 105. A discuss\u00e3o envolve a organiza\u00e7\u00e3o da competi\u00e7\u00e3o e a avalia\u00e7\u00e3o de impacto no desempenho das equipas.<\/p>\n","protected":false},"excerpt":{"rendered":"<ul>\n<li>O Palmeiras empatou a 1 golo em casa do Cerro Porte\u00f1o, na terceira jornada da Libertadores.<\/li>\n<li>No final, o treinador portugu\u00eas Abel Ferreira criticou a decis\u00e3o do Cerro Porte\u00f1o de encurtar as linhas do relvado.<\/li>\n<li>Abel questionou: \u201cEm que s\u00e9culo estamos?\u201d, dizendo que n\u00e3o pode falar mais sobre a CONMEBOL.<\/li>\n<li>Ariel Holan, treinador do Cerro Porte\u00f1o, afirmou que a medida do campo cumpria o regulamento, com 64 metros de largura e 105 de comprimento.<\/li>\n<\/ul>\n","protected":false},"author":2,"featured_media":462034,"comment_status":"closed","ping_status":"closed","sticky":false,"template":"","format":"standard","meta":{"footnotes":""},"categories":[21,24],"tags":[1336,32,6693,3338],"class_list":["post-462030","post","type-post","status-publish","format-standard","has-post-thumbnail","hentry","category-desporto","category-futebol","tag-arbitro","tag-futebol","tag-futebol-brasileiro","tag-futebol-internacional"],"yoast_head":"<!-- This site is optimized with the Yoast SEO plugin v27.2 - https:\/\/yoast.com\/product\/yoast-seo-wordpress\/ -->\n<title>Cerro Porte\u00f1o encurta linhas do relvado; Abel reage: Em que s\u00e9culo estamos? - Portal Tela Portugal<\/title>\n<meta name=\"robots\" content=\"index, follow, max-snippet:-1, max-image-preview:large, max-video-preview:-1\" \/>\n<meta property=\"og:locale\" content=\"pt_PT\" \/>\n<meta property=\"og:type\" content=\"article\" \/>\n<meta property=\"og:title\" content=\"Cerro Porte\u00f1o encurta linhas do relvado; Abel reage: Em que s\u00e9culo estamos? - Portal Tela Portugal\" \/>\n<meta property=\"og:description\" content=\"O Palmeiras empatou a 1 golo em casa do Cerro Porte\u00f1o, na terceira jornada da Libertadores. No final, o treinador portugu\u00eas Abel Ferreira criticou a decis\u00e3o do Cerro Porte\u00f1o de encurtar as linhas do relvado. Abel questionou: \u201cEm que s\u00e9culo estamos?\u201d, dizendo que n\u00e3o pode falar mais sobre a CONMEBOL. Ariel Holan, treinador do Cerro Porte\u00f1o, afirmou que a medida do campo cumpria o regulamento, com 64 metros de largura e 105 de comprimento.\" \/>\n<meta property=\"og:url\" content=\"https:\/\/portaltela.pt\/noticias\/2026\/04\/30\/cerro-porteno-encurta-linhas-do-relvado-abel-reage-em-que-seculo-estamos\/\" \/>\n<meta property=\"og:site_name\" content=\"Portal Tela Portugal\" \/>\n<meta property=\"article:published_time\" content=\"2026-04-30T09:18:13+00:00\" \/>\n<meta name=\"author\" content=\"Telinha\" \/>\n<meta name=\"twitter:card\" content=\"summary_large_image\" \/>\n<meta name=\"twitter:label1\" content=\"Escrito por\" \/>\n\t<meta name=\"twitter:data1\" content=\"Telinha\" \/>\n\t<meta name=\"twitter:label2\" content=\"Tempo estimado de leitura\" \/>\n\t<meta name=\"twitter:data2\" content=\"1 minuto\" \/>\n<script type=\"application\/ld+json\" class=\"yoast-schema-graph\">{\"@context\":\"https:\/\/schema.org\",\"@graph\":[{\"@type\":\"Article\",\"@id\":\"https:\/\/portaltela.pt\/noticias\/2026\/04\/30\/cerro-porteno-encurta-linhas-do-relvado-abel-reage-em-que-seculo-estamos\/#article\",\"isPartOf\":{\"@id\":\"https:\/\/portaltela.pt\/noticias\/2026\/04\/30\/cerro-porteno-encurta-linhas-do-relvado-abel-reage-em-que-seculo-estamos\/\"},\"author\":{\"name\":\"Telinha\",\"@id\":\"https:\/\/portaltela.pt\/#\/schema\/person\/c4278d4a6028830caff9ee44b42d32ed\"},\"headline\":\"Cerro Porte\u00f1o encurta linhas do relvado; Abel reage: Em que s\u00e9culo estamos?\",\"datePublished\":\"2026-04-30T09:18:13+00:00\",\"mainEntityOfPage\":{\"@id\":\"https:\/\/portaltela.pt\/noticias\/2026\/04\/30\/cerro-porteno-encurta-linhas-do-relvado-abel-reage-em-que-seculo-estamos\/\"},\"wordCount\":208,\"image\":{\"@id\":\"https:\/\/portaltela.pt\/noticias\/2026\/04\/30\/cerro-porteno-encurta-linhas-do-relvado-abel-reage-em-que-seculo-estamos\/#primaryimage\"},\"thumbnailUrl\":\"https:\/\/portaltela.pt\/s.01k8rhncp4jt1\/2026\/04\/img_920x518uu2026-04-30-10-02-59-2436071.jpg\",\"keywords\":[\"\u00e1rbitro\",\"futebol\",\"futebol brasileiro\",\"futebol internacional\"],\"articleSection\":[\"Desporto\",\"Futebol\"],\"inLanguage\":\"pt-PT\"},{\"@type\":\"WebPage\",\"@id\":\"https:\/\/portaltela.pt\/noticias\/2026\/04\/30\/cerro-porteno-encurta-linhas-do-relvado-abel-reage-em-que-seculo-estamos\/\",\"url\":\"https:\/\/portaltela.pt\/noticias\/2026\/04\/30\/cerro-porteno-encurta-linhas-do-relvado-abel-reage-em-que-seculo-estamos\/\",\"name\":\"Cerro Porte\u00f1o encurta linhas do relvado; Abel reage: Em que s\u00e9culo estamos? - Portal Tela Portugal\",\"isPartOf\":{\"@id\":\"https:\/\/portaltela.pt\/#website\"},\"primaryImageOfPage\":{\"@id\":\"https:\/\/portaltela.pt\/noticias\/2026\/04\/30\/cerro-porteno-encurta-linhas-do-relvado-abel-reage-em-que-seculo-estamos\/#primaryimage\"},\"image\":{\"@id\":\"https:\/\/portaltela.pt\/noticias\/2026\/04\/30\/cerro-porteno-encurta-linhas-do-relvado-abel-reage-em-que-seculo-estamos\/#primaryimage\"},\"thumbnailUrl\":\"https:\/\/portaltela.pt\/s.01k8rhncp4jt1\/2026\/04\/img_920x518uu2026-04-30-10-02-59-2436071.jpg\",\"datePublished\":\"2026-04-30T09:18:13+00:00\",\"author\":{\"@id\":\"https:\/\/portaltela.pt\/#\/schema\/person\/c4278d4a6028830caff9ee44b42d32ed\"},\"breadcrumb\":{\"@id\":\"https:\/\/portaltela.pt\/noticias\/2026\/04\/30\/cerro-porteno-encurta-linhas-do-relvado-abel-reage-em-que-seculo-estamos\/#breadcrumb\"},\"inLanguage\":\"pt-PT\",\"potentialAction\":[{\"@type\":\"ReadAction\",\"target\":[\"https:\/\/portaltela.pt\/noticias\/2026\/04\/30\/cerro-porteno-encurta-linhas-do-relvado-abel-reage-em-que-seculo-estamos\/\"]}]},{\"@type\":\"ImageObject\",\"inLanguage\":\"pt-PT\",\"@id\":\"https:\/\/portaltela.pt\/noticias\/2026\/04\/30\/cerro-porteno-encurta-linhas-do-relvado-abel-reage-em-que-seculo-estamos\/#primaryimage\",\"url\":\"https:\/\/portaltela.pt\/s.01k8rhncp4jt1\/2026\/04\/img_920x518uu2026-04-30-10-02-59-2436071.jpg\",\"contentUrl\":\"https:\/\/portaltela.pt\/s.01k8rhncp4jt1\/2026\/04\/img_920x518uu2026-04-30-10-02-59-2436071.jpg\",\"width\":796,\"height\":448,\"caption\":\"Abel a dar indica\u00e7\u00f5es frente ao Cerro Porte\u00f1o\"},{\"@type\":\"BreadcrumbList\",\"@id\":\"https:\/\/portaltela.pt\/noticias\/2026\/04\/30\/cerro-porteno-encurta-linhas-do-relvado-abel-reage-em-que-seculo-estamos\/#breadcrumb\",\"itemListElement\":[{\"@type\":\"ListItem\",\"position\":1,\"name\":\"In\u00edcio\",\"item\":\"https:\/\/portaltela.pt\/\"},{\"@type\":\"ListItem\",\"position\":2,\"name\":\"Cerro Porte\u00f1o encurta linhas do relvado; Abel reage: Em que s\u00e9culo estamos?\"}]},{\"@type\":\"WebSite\",\"@id\":\"https:\/\/portaltela.pt\/#website\",\"url\":\"https:\/\/portaltela.pt\/\",\"name\":\"Portal Tela Portugal\",\"description\":\"\",\"potentialAction\":[{\"@type\":\"SearchAction\",\"target\":{\"@type\":\"EntryPoint\",\"urlTemplate\":\"https:\/\/portaltela.pt\/?s={search_term_string}\"},\"query-input\":{\"@type\":\"PropertyValueSpecification\",\"valueRequired\":true,\"valueName\":\"search_term_string\"}}],\"inLanguage\":\"pt-PT\"},{\"@type\":\"Person\",\"@id\":\"https:\/\/portaltela.pt\/#\/schema\/person\/c4278d4a6028830caff9ee44b42d32ed\",\"name\":\"Telinha\",\"image\":{\"@type\":\"ImageObject\",\"inLanguage\":\"pt-PT\",\"@id\":\"https:\/\/portaltela.pt\/s.01k8rhncp4jt1\/2025\/11\/talking-bot-125x125.png\",\"url\":\"https:\/\/portaltela.pt\/s.01k8rhncp4jt1\/2025\/11\/talking-bot-125x125.png\",\"contentUrl\":\"https:\/\/portaltela.pt\/s.01k8rhncp4jt1\/2025\/11\/talking-bot-125x125.png\",\"caption\":\"Telinha\"},\"sameAs\":[\"https:\/\/portaltela.pt\/\"],\"url\":\"https:\/\/portaltela.pt\/por\/367410592786\/\"}]}<\/script>\n<!-- \/ Yoast SEO plugin. -->","yoast_head_json":{"title":"Cerro Porte\u00f1o encurta linhas do relvado; Abel reage: Em que s\u00e9culo estamos? - Portal Tela Portugal","robots":{"index":"index","follow":"follow","max-snippet":"max-snippet:-1","max-image-preview":"max-image-preview:large","max-video-preview":"max-video-preview:-1"},"og_locale":"pt_PT","og_type":"article","og_title":"Cerro Porte\u00f1o encurta linhas do relvado; Abel reage: Em que s\u00e9culo estamos? - Portal Tela Portugal","og_description":"O Palmeiras empatou a 1 golo em casa do Cerro Porte\u00f1o, na terceira jornada da Libertadores. No final, o treinador portugu\u00eas Abel Ferreira criticou a decis\u00e3o do Cerro Porte\u00f1o de encurtar as linhas do relvado. Abel questionou: \u201cEm que s\u00e9culo estamos?\u201d, dizendo que n\u00e3o pode falar mais sobre a CONMEBOL. Ariel Holan, treinador do Cerro Porte\u00f1o, afirmou que a medida do campo cumpria o regulamento, com 64 metros de largura e 105 de comprimento.","og_url":"https:\/\/portaltela.pt\/noticias\/2026\/04\/30\/cerro-porteno-encurta-linhas-do-relvado-abel-reage-em-que-seculo-estamos\/","og_site_name":"Portal Tela Portugal","article_published_time":"2026-04-30T09:18:13+00:00","author":"Telinha","twitter_card":"summary_large_image","twitter_misc":{"Escrito por":"Telinha","Tempo estimado de leitura":"1 minuto"},"schema":{"@context":"https:\/\/schema.org","@graph":[{"@type":"Article","@id":"https:\/\/portaltela.pt\/noticias\/2026\/04\/30\/cerro-porteno-encurta-linhas-do-relvado-abel-reage-em-que-seculo-estamos\/#article","isPartOf":{"@id":"https:\/\/portaltela.pt\/noticias\/2026\/04\/30\/cerro-porteno-encurta-linhas-do-relvado-abel-reage-em-que-seculo-estamos\/"},"author":{"name":"Telinha","@id":"https:\/\/portaltela.pt\/#\/schema\/person\/c4278d4a6028830caff9ee44b42d32ed"},"headline":"Cerro Porte\u00f1o encurta linhas do relvado; Abel reage: Em que s\u00e9culo estamos?","datePublished":"2026-04-30T09:18:13+00:00","mainEntityOfPage":{"@id":"https:\/\/portaltela.pt\/noticias\/2026\/04\/30\/cerro-porteno-encurta-linhas-do-relvado-abel-reage-em-que-seculo-estamos\/"},"wordCount":208,"image":{"@id":"https:\/\/portaltela.pt\/noticias\/2026\/04\/30\/cerro-porteno-encurta-linhas-do-relvado-abel-reage-em-que-seculo-estamos\/#primaryimage"},"thumbnailUrl":"https:\/\/portaltela.pt\/s.01k8rhncp4jt1\/2026\/04\/img_920x518uu2026-04-30-10-02-59-2436071.jpg","keywords":["\u00e1rbitro","futebol","futebol brasileiro","futebol internacional"],"articleSection":["Desporto","Futebol"],"inLanguage":"pt-PT"},{"@type":"WebPage","@id":"https:\/\/portaltela.pt\/noticias\/2026\/04\/30\/cerro-porteno-encurta-linhas-do-relvado-abel-reage-em-que-seculo-estamos\/","url":"https:\/\/portaltela.pt\/noticias\/2026\/04\/30\/cerro-porteno-encurta-linhas-do-relvado-abel-reage-em-que-seculo-estamos\/","name":"Cerro Porte\u00f1o encurta linhas do relvado; Abel reage: Em que s\u00e9culo estamos? - Portal Tela Portugal","isPartOf":{"@id":"https:\/\/portaltela.pt\/#website"},"primaryImageOfPage":{"@id":"https:\/\/portaltela.pt\/noticias\/2026\/04\/30\/cerro-porteno-encurta-linhas-do-relvado-abel-reage-em-que-seculo-estamos\/#primaryimage"},"image":{"@id":"https:\/\/portaltela.pt\/noticias\/2026\/04\/30\/cerro-porteno-encurta-linhas-do-relvado-abel-reage-em-que-seculo-estamos\/#primaryimage"},"thumbnailUrl":"https:\/\/portaltela.pt\/s.01k8rhncp4jt1\/2026\/04\/img_920x518uu2026-04-30-10-02-59-2436071.jpg","datePublished":"2026-04-30T09:18:13+00:00","author":{"@id":"https:\/\/portaltela.pt\/#\/schema\/person\/c4278d4a6028830caff9ee44b42d32ed"},"breadcrumb":{"@id":"https:\/\/portaltela.pt\/noticias\/2026\/04\/30\/cerro-porteno-encurta-linhas-do-relvado-abel-reage-em-que-seculo-estamos\/#breadcrumb"},"inLanguage":"pt-PT","potentialAction":[{"@type":"ReadAction","target":["https:\/\/portaltela.pt\/noticias\/2026\/04\/30\/cerro-porteno-encurta-linhas-do-relvado-abel-reage-em-que-seculo-estamos\/"]}]},{"@type":"ImageObject","inLanguage":"pt-PT","@id":"https:\/\/portaltela.pt\/noticias\/2026\/04\/30\/cerro-porteno-encurta-linhas-do-relvado-abel-reage-em-que-seculo-estamos\/#primaryimage","url":"https:\/\/portaltela.pt\/s.01k8rhncp4jt1\/2026\/04\/img_920x518uu2026-04-30-10-02-59-2436071.jpg","contentUrl":"https:\/\/portaltela.pt\/s.01k8rhncp4jt1\/2026\/04\/img_920x518uu2026-04-30-10-02-59-2436071.jpg","width":796,"height":448,"caption":"Abel a dar indica\u00e7\u00f5es frente ao Cerro Porte\u00f1o"},{"@type":"BreadcrumbList","@id":"https:\/\/portaltela.pt\/noticias\/2026\/04\/30\/cerro-porteno-encurta-linhas-do-relvado-abel-reage-em-que-seculo-estamos\/#breadcrumb","itemListElement":[{"@type":"ListItem","position":1,"name":"In\u00edcio","item":"https:\/\/portaltela.pt\/"},{"@type":"ListItem","position":2,"name":"Cerro Porte\u00f1o encurta linhas do relvado; Abel reage: Em que s\u00e9culo estamos?"}]},{"@type":"WebSite","@id":"https:\/\/portaltela.pt\/#website","url":"https:\/\/portaltela.pt\/","name":"Portal Tela Portugal","description":"","potentialAction":[{"@type":"SearchAction","target":{"@type":"EntryPoint","urlTemplate":"https:\/\/portaltela.pt\/?s={search_term_string}"},"query-input":{"@type":"PropertyValueSpecification","valueRequired":true,"valueName":"search_term_string"}}],"inLanguage":"pt-PT"},{"@type":"Person","@id":"https:\/\/portaltela.pt\/#\/schema\/person\/c4278d4a6028830caff9ee44b42d32ed","name":"Telinha","image":{"@type":"ImageObject","inLanguage":"pt-PT","@id":"https:\/\/portaltela.pt\/s.01k8rhncp4jt1\/2025\/11\/talking-bot-125x125.png","url":"https:\/\/portaltela.pt\/s.01k8rhncp4jt1\/2025\/11\/talking-bot-125x125.png","contentUrl":"https:\/\/portaltela.pt\/s.01k8rhncp4jt1\/2025\/11\/talking-bot-125x125.png","caption":"Telinha"},"sameAs":["https:\/\/portaltela.pt\/"],"url":"https:\/\/portaltela.pt\/por\/367410592786\/"}]}},"_links":{"self":[{"href":"https:\/\/portaltela.pt\/api\/wp\/v2\/posts\/462030","targetHints":{"allow":["GET"]}}],"collection":[{"href":"https:\/\/portaltela.pt\/api\/wp\/v2\/posts"}],"about":[{"href":"https:\/\/portaltela.pt\/api\/wp\/v2\/types\/post"}],"author":[{"embeddable":true,"href":"https:\/\/portaltela.pt\/api\/wp\/v2\/users\/2"}],"replies":[{"embeddable":true,"href":"https:\/\/portaltela.pt\/api\/wp\/v2\/comments?post=462030"}],"version-history":[{"count":0,"href":"https:\/\/portaltela.pt\/api\/wp\/v2\/posts\/462030\/revisions"}],"wp:featuredmedia":[{"embeddable":true,"href":"https:\/\/portaltela.pt\/api\/wp\/v2\/media\/462034"}],"wp:attachment":[{"href":"https:\/\/portaltela.pt\/api\/wp\/v2\/media?parent=462030"}],"wp:term":[{"taxonomy":"category","embeddable":true,"href":"https:\/\/portaltela.pt\/api\/wp\/v2\/categories?post=462030"},{"taxonomy":"post_tag","embeddable":true,"href":"https:\/\/portaltela.pt\/api\/wp\/v2\/tags?post=462030"}],"curies":[{"name":"wp","href":"https:\/\/api.w.org\/{rel}","templated":true}]}}