{"id":462010,"date":"2026-04-30T06:03:28","date_gmt":"2026-04-30T09:03:28","guid":{"rendered":"https:\/\/portaltela.pt\/noticias\/2026\/04\/30\/fpf-e-liga-revelam-calendarios-2026-27-datas-de-inicio-e-fim-das-competicoes\/"},"modified":"2026-04-30T06:03:28","modified_gmt":"2026-04-30T09:03:28","slug":"fpf-e-liga-revelam-calendarios-2026-27-datas-de-inicio-e-fim-das-competicoes","status":"publish","type":"post","link":"https:\/\/portaltela.pt\/desporto\/futebol\/2026\/04\/30\/fpf-e-liga-revelam-calendarios-2026-27-datas-de-inicio-e-fim-das-competicoes\/","title":{"rendered":"FPF e Liga revelam calend\u00e1rios 2026\/27: datas de in\u00edcio e fim das competi\u00e7\u00f5es"},"content":{"rendered":"<p>O organismo respons\u00e1vel pelo futebol em Portugal confirmou, esta quarta-feira, os calend\u00e1rios de todas as competi\u00e7\u00f5es de futebol s\u00e9nior masculino e feminino, bem como os eventos de forma\u00e7\u00e3o e futsal. A divulga\u00e7\u00e3o segue as informa\u00e7\u00f5es j\u00e1 adiantadas pela edi\u00e7\u00e3o de Record.<\/p>\n<p>A confirma\u00e7\u00e3o cobre o conjunto de provas nacionais, desde o futebol profissional at\u00e9 \u00e0s escolinhas, passando pela forma\u00e7\u00e3o e pelo futsal. Os calend\u00e1rios indicam as datas de in\u00edcio e t\u00e9rmino de cada competi\u00e7\u00e3o, bem como os per\u00edodos de fases finais, quando aplic\u00e1vel.<\/p>\n<h3>Futebol masculino<\/h3>\n<ul>\n<li>Superta\u00e7a C\u00e2ndido de Oliveira: 31 de julho ou 1\/2 de agosto<\/li>\n<li>Liga Portugal Betclic: in\u00edcio 7\/8\/9 de agosto; final 16 de maio<\/li>\n<li>Liga Portugal Meu Super: in\u00edcio 7\/8\/9 de agosto; final 16 de maio<\/li>\n<li>Playoffs 1\u00aa\/2\u00aa Liga e 2\u00aa Liga\/Liga 3: 29 de maio e 6 de junho<\/li>\n<li>Ta\u00e7a de Portugal: in\u00edcio 29\/30 de agosto; final 30 de maio<\/li>\n<li>Ta\u00e7a da Liga: in\u00edcio 27 de outubro; final 9 de janeiro<\/li>\n<li>Liga 3: in\u00edcio 9 de agosto; final 30 de janeiro; 2.\u00aa fase 14 de fevereiro a 23 de maio<\/li>\n<li>Campeonato de Portugal: in\u00edcio 16 de agosto; final 17 de abril; subida 2 de maio a 20 de junho<\/li>\n<li>Liga Next Gen: 1.\u00aa fase 11 de agosto a 22 de dezembro; 2.\u00aa fase 5 de janeiro a 27 de abril<\/li>\n<li>Ta\u00e7a Next Gen: 5 de mayo a 6 de junho<\/li>\n<li>Campeonato Nacional Sub-19: 1.\u00aa fase 8 agosto a 20 dezembro; 2.\u00aa fase 9 janeiro a 15 maio<\/li>\n<li>Campeonato Nacional Sub-17: 1.\u00aa fase 9 agosto a 19 dezembro; 2.\u00aa fase 3 janeiro a 20 junho<\/li>\n<li>Campeonato Nacional Sub-15: 1.\u00aa fase 29 agosto a 16 janeiro; 2.\u00aa fase 31 janeiro a 20 junho<\/li>\n<\/ul>\n<h3>Futebol feminino<\/h3>\n<ul>\n<li>Superta\u00e7a: 5 e 6 de setembro<\/li>\n<li>Liga BPI: in\u00edcio 12\/13 de setembro; fim 23 de maio<\/li>\n<li>Ta\u00e7a de Portugal: 13 de setembro a 6 de junho<\/li>\n<li>Ta\u00e7a da Liga: 3\/4 de outubro a 3\/4 de abril<\/li>\n<\/ul>\n<h3>Futsal masculino<\/h3>\n<ul>\n<li>Superta\u00e7a: 4 a 6 de setembro<\/li>\n<li>Liga Placard: fase regular 12 de setembro a 1 de maio; playoffs 15 de maio a 27 de junho (se final for a jogo 5)<\/li>\n<li>Ta\u00e7a de Portugal: 18 de outubro a 4 de abril<\/li>\n<li>Ta\u00e7a da Liga: 10 a 24 de janeiro<\/li>\n<\/ul>\n<h3>Futsal feminino<\/h3>\n<ul>\n<li>Superta\u00e7a: 4 a 6 de setembro<\/li>\n<li>Liga Placard: fase regular 12 de setembro a 27 de mar\u00e7o; playoffs 11 de abril a 19 de junho (se final for a jogo 5)<\/li>\n<li>Ta\u00e7a de Portugal: 18 de outubro a 4 de abril<\/li>\n<li>Ta\u00e7a da Liga: 5 de dezembro a 23\/24 de janeiro<\/li>\n<\/ul>\n<p>As datas descritas refletem o conjunto de competi\u00e7\u00f5es, mantendo o calend\u00e1rio nacional atualizado para 2026\/27. As informa\u00e7\u00f5es foram divulgadas pela Liga Portugal e pela Federa\u00e7\u00e3o Portuguesa de Futebol, com confirma\u00e7\u00e3o de todos os torneios mencionados.<\/p>\n","protected":false},"excerpt":{"rendered":"<ul>\n<li>A Liga Portuguesa de Futebol e a Federa\u00e7\u00e3o Portuguesa de Futebol confirmaram os calend\u00e1rios de todas as competi\u00e7\u00f5es nacionais de futebol s\u00e9nior (masculino e feminino), forma\u00e7\u00e3o e futsal para a \u00e9poca 2026\/27, conforme as datas divulgadas pela edi\u00e7\u00e3o de Record.<\/li>\n<li>Futebol masculino: a Superta\u00e7a C\u00e2ndido de Oliveira pode ser a 31 de julho ou 1 ou 2 de agosto; o arranque da Liga Portugal Betclic e da Liga Portugal Meu Super \u00e9 no fim de semana de 7\/8\/9 de agosto, com a final a 16 de maio; a Ta\u00e7a de Portugal come\u00e7a a 29\/30 de agosto e a final \u00e9 a 30 de maio; a Ta\u00e7a da Liga decorre de 27 de outubro a 9 de janeiro; a Liga 3 come\u00e7a a 9 de agosto e termina a 30 de janeiro, com a 2.\u00aa fase de 14 de fevereiro a 23 de maio; o Campeonato de Portugal inicia a 16 de agosto e termina a 17 de abril, com a subida entre 2 de maio e 20 de junho.<\/li>\n<li>Futebol feminino: a Superta\u00e7a realiza-se a 5 e 6 de setembro; a Liga BPI come\u00e7a em 12\/13 de setembro e termina a 23 de maio; a Ta\u00e7a de Portugal vai de 13 de setembro a 6 de junho; a Ta\u00e7a da Liga decorre de 3\/4 de outubro a 3\/4 de abril.<\/li>\n<li>Futsal masculino: a Superta\u00e7a \u00e9 entre 4 e 6 de setembro; a Liga Placard tem fase regular de 12 de setembro a 1 de maio, com Playoff de 15 de maio a 27 de junho (se a final for jogo cinco); a Ta\u00e7a de Portugal vai de 18 de outubro a 4 de abril; a Ta\u00e7a da Liga decorre entre 10 e 24 de janeiro.<\/li>\n<li>Futsal feminino: a Superta\u00e7a realiza-se entre 4 e 6 de setembro; a Liga Placard tem fase regular de 12 de setembro a 27 de mar\u00e7o, com Playoff de 11 de abril a 19 de junho (se a final for jogo cinco); a Ta\u00e7a de Portugal vai de 18 de outubro a 4 de abril; a Ta\u00e7a da Liga decorre entre 5 de dezembro e 23\/24 de janeiro.<\/li>\n<\/ul>\n","protected":false},"author":2,"featured_media":462011,"comment_status":"closed","ping_status":"closed","sticky":false,"template":"","format":"standard","meta":{"footnotes":""},"categories":[21,24],"tags":[8539,7755,8582,8096,8818,8791],"class_list":["post-462010","post","type-post","status-publish","format-standard","has-post-thumbnail","hentry","category-desporto","category-futebol","tag-_federacao-portuguesa-de-futebol","tag-_futebol","tag-_futsal","tag-_liga","tag-_taca-da-liga","tag-_taca-de-portugal"],"yoast_head":"<!-- This site is optimized with the Yoast SEO plugin v27.2 - https:\/\/yoast.com\/product\/yoast-seo-wordpress\/ -->\n<title>FPF e Liga revelam calend\u00e1rios 2026\/27: datas de in\u00edcio e fim das competi\u00e7\u00f5es - Portal Tela Portugal<\/title>\n<meta name=\"robots\" content=\"index, follow, max-snippet:-1, max-image-preview:large, max-video-preview:-1\" \/>\n<meta property=\"og:locale\" content=\"pt_PT\" \/>\n<meta property=\"og:type\" content=\"article\" \/>\n<meta property=\"og:title\" content=\"FPF e Liga revelam calend\u00e1rios 2026\/27: datas de in\u00edcio e fim das competi\u00e7\u00f5es - Portal Tela Portugal\" \/>\n<meta property=\"og:description\" content=\"A Liga Portuguesa de Futebol e a Federa\u00e7\u00e3o Portuguesa de Futebol confirmaram os calend\u00e1rios de todas as competi\u00e7\u00f5es nacionais de futebol s\u00e9nior (masculino e feminino), forma\u00e7\u00e3o e futsal para a \u00e9poca 2026\/27, conforme as datas divulgadas pela edi\u00e7\u00e3o de Record. Futebol masculino: a Superta\u00e7a C\u00e2ndido de Oliveira pode ser a 31 de julho ou 1 ou 2 de agosto; o arranque da Liga Portugal Betclic e da Liga Portugal Meu Super \u00e9 no fim de semana de 7\/8\/9 de agosto, com a final a 16 de maio; a Ta\u00e7a de Portugal come\u00e7a a 29\/30 de agosto e a final \u00e9 a 30 de maio; a Ta\u00e7a da Liga decorre de 27 de outubro a 9 de janeiro; a Liga 3 come\u00e7a a 9 de agosto e termina a 30 de janeiro, com a 2.\u00aa fase de 14 de fevereiro a 23 de maio; o Campeonato de Portugal inicia a 16 de agosto e termina a 17 de abril, com a subida entre 2 de maio e 20 de junho. Futebol feminino: a Superta\u00e7a realiza-se a 5 e 6 de setembro; a Liga BPI come\u00e7a em 12\/13 de setembro e termina a 23 de maio; a Ta\u00e7a de Portugal vai de 13 de setembro a 6 de junho; a Ta\u00e7a da Liga decorre de 3\/4 de outubro a 3\/4 de abril. Futsal masculino: a Superta\u00e7a \u00e9 entre 4 e 6 de setembro; a Liga Placard tem fase regular de 12 de setembro a 1 de maio, com Playoff de 15 de maio a 27 de junho (se a final for jogo cinco); a Ta\u00e7a de Portugal vai de 18 de outubro a 4 de abril; a Ta\u00e7a da Liga decorre entre 10 e 24 de janeiro. Futsal feminino: a Superta\u00e7a realiza-se entre 4 e 6 de setembro; a Liga Placard tem fase regular de 12 de setembro a 27 de mar\u00e7o, com Playoff de 11 de abril a 19 de junho (se a final for jogo cinco); a Ta\u00e7a de Portugal vai de 18 de outubro a 4 de abril; a Ta\u00e7a da Liga decorre entre 5 de dezembro e 23\/24 de janeiro.\" \/>\n<meta property=\"og:url\" content=\"https:\/\/portaltela.pt\/noticias\/2026\/04\/30\/fpf-e-liga-revelam-calendarios-2026-27-datas-de-inicio-e-fim-das-competicoes\/\" \/>\n<meta property=\"og:site_name\" content=\"Portal Tela Portugal\" \/>\n<meta property=\"article:published_time\" content=\"2026-04-30T09:03:28+00:00\" \/>\n<meta name=\"author\" content=\"Telinha\" \/>\n<meta name=\"twitter:card\" content=\"summary_large_image\" \/>\n<meta name=\"twitter:label1\" content=\"Escrito por\" \/>\n\t<meta name=\"twitter:data1\" content=\"Telinha\" \/>\n\t<meta name=\"twitter:label2\" content=\"Tempo estimado de leitura\" \/>\n\t<meta name=\"twitter:data2\" content=\"2 minutos\" \/>\n<script type=\"application\/ld+json\" class=\"yoast-schema-graph\">{\"@context\":\"https:\/\/schema.org\",\"@graph\":[{\"@type\":\"Article\",\"@id\":\"https:\/\/portaltela.pt\/noticias\/2026\/04\/30\/fpf-e-liga-revelam-calendarios-2026-27-datas-de-inicio-e-fim-das-competicoes\/#article\",\"isPartOf\":{\"@id\":\"https:\/\/portaltela.pt\/noticias\/2026\/04\/30\/fpf-e-liga-revelam-calendarios-2026-27-datas-de-inicio-e-fim-das-competicoes\/\"},\"author\":{\"name\":\"Telinha\",\"@id\":\"https:\/\/portaltela.pt\/#\/schema\/person\/c4278d4a6028830caff9ee44b42d32ed\"},\"headline\":\"FPF e Liga revelam calend\u00e1rios 2026\/27: datas de in\u00edcio e fim das competi\u00e7\u00f5es\",\"datePublished\":\"2026-04-30T09:03:28+00:00\",\"mainEntityOfPage\":{\"@id\":\"https:\/\/portaltela.pt\/noticias\/2026\/04\/30\/fpf-e-liga-revelam-calendarios-2026-27-datas-de-inicio-e-fim-das-competicoes\/\"},\"wordCount\":429,\"image\":{\"@id\":\"https:\/\/portaltela.pt\/noticias\/2026\/04\/30\/fpf-e-liga-revelam-calendarios-2026-27-datas-de-inicio-e-fim-das-competicoes\/#primaryimage\"},\"thumbnailUrl\":\"https:\/\/portaltela.pt\/s.01k8rhncp4jt1\/2026\/04\/img_920x518uu2025-08-01-00-51-56-2380741-im-639130996943190768.jpg\",\"keywords\":[\"_Federa\u00e7\u00e3o Portuguesa de Futebol\",\"_futebol\",\"_futsal\",\"_Liga\",\"_Ta\u00e7a da Liga\",\"_Ta\u00e7a de Portugal\"],\"articleSection\":[\"Desporto\",\"Futebol\"],\"inLanguage\":\"pt-PT\"},{\"@type\":\"WebPage\",\"@id\":\"https:\/\/portaltela.pt\/noticias\/2026\/04\/30\/fpf-e-liga-revelam-calendarios-2026-27-datas-de-inicio-e-fim-das-competicoes\/\",\"url\":\"https:\/\/portaltela.pt\/noticias\/2026\/04\/30\/fpf-e-liga-revelam-calendarios-2026-27-datas-de-inicio-e-fim-das-competicoes\/\",\"name\":\"FPF e Liga revelam calend\u00e1rios 2026\/27: datas de in\u00edcio e fim das competi\u00e7\u00f5es - Portal Tela Portugal\",\"isPartOf\":{\"@id\":\"https:\/\/portaltela.pt\/#website\"},\"primaryImageOfPage\":{\"@id\":\"https:\/\/portaltela.pt\/noticias\/2026\/04\/30\/fpf-e-liga-revelam-calendarios-2026-27-datas-de-inicio-e-fim-das-competicoes\/#primaryimage\"},\"image\":{\"@id\":\"https:\/\/portaltela.pt\/noticias\/2026\/04\/30\/fpf-e-liga-revelam-calendarios-2026-27-datas-de-inicio-e-fim-das-competicoes\/#primaryimage\"},\"thumbnailUrl\":\"https:\/\/portaltela.pt\/s.01k8rhncp4jt1\/2026\/04\/img_920x518uu2025-08-01-00-51-56-2380741-im-639130996943190768.jpg\",\"datePublished\":\"2026-04-30T09:03:28+00:00\",\"author\":{\"@id\":\"https:\/\/portaltela.pt\/#\/schema\/person\/c4278d4a6028830caff9ee44b42d32ed\"},\"breadcrumb\":{\"@id\":\"https:\/\/portaltela.pt\/noticias\/2026\/04\/30\/fpf-e-liga-revelam-calendarios-2026-27-datas-de-inicio-e-fim-das-competicoes\/#breadcrumb\"},\"inLanguage\":\"pt-PT\",\"potentialAction\":[{\"@type\":\"ReadAction\",\"target\":[\"https:\/\/portaltela.pt\/noticias\/2026\/04\/30\/fpf-e-liga-revelam-calendarios-2026-27-datas-de-inicio-e-fim-das-competicoes\/\"]}]},{\"@type\":\"ImageObject\",\"inLanguage\":\"pt-PT\",\"@id\":\"https:\/\/portaltela.pt\/noticias\/2026\/04\/30\/fpf-e-liga-revelam-calendarios-2026-27-datas-de-inicio-e-fim-das-competicoes\/#primaryimage\",\"url\":\"https:\/\/portaltela.pt\/s.01k8rhncp4jt1\/2026\/04\/img_920x518uu2025-08-01-00-51-56-2380741-im-639130996943190768.jpg\",\"contentUrl\":\"https:\/\/portaltela.pt\/s.01k8rhncp4jt1\/2026\/04\/img_920x518uu2025-08-01-00-51-56-2380741-im-639130996943190768.jpg\",\"width\":796,\"height\":448,\"caption\":\"Primeira competi\u00e7\u00e3o de 2026\/27 ser\u00e1 a Superta\u00e7a, conquistada pelo Benfica na \u00faltima edi\u00e7\u00e3o\"},{\"@type\":\"BreadcrumbList\",\"@id\":\"https:\/\/portaltela.pt\/noticias\/2026\/04\/30\/fpf-e-liga-revelam-calendarios-2026-27-datas-de-inicio-e-fim-das-competicoes\/#breadcrumb\",\"itemListElement\":[{\"@type\":\"ListItem\",\"position\":1,\"name\":\"In\u00edcio\",\"item\":\"https:\/\/portaltela.pt\/\"},{\"@type\":\"ListItem\",\"position\":2,\"name\":\"FPF e Liga revelam calend\u00e1rios 2026\/27: datas de in\u00edcio e fim das competi\u00e7\u00f5es\"}]},{\"@type\":\"WebSite\",\"@id\":\"https:\/\/portaltela.pt\/#website\",\"url\":\"https:\/\/portaltela.pt\/\",\"name\":\"Portal Tela Portugal\",\"description\":\"\",\"potentialAction\":[{\"@type\":\"SearchAction\",\"target\":{\"@type\":\"EntryPoint\",\"urlTemplate\":\"https:\/\/portaltela.pt\/?s={search_term_string}\"},\"query-input\":{\"@type\":\"PropertyValueSpecification\",\"valueRequired\":true,\"valueName\":\"search_term_string\"}}],\"inLanguage\":\"pt-PT\"},{\"@type\":\"Person\",\"@id\":\"https:\/\/portaltela.pt\/#\/schema\/person\/c4278d4a6028830caff9ee44b42d32ed\",\"name\":\"Telinha\",\"image\":{\"@type\":\"ImageObject\",\"inLanguage\":\"pt-PT\",\"@id\":\"https:\/\/portaltela.pt\/s.01k8rhncp4jt1\/2025\/11\/talking-bot-125x125.png\",\"url\":\"https:\/\/portaltela.pt\/s.01k8rhncp4jt1\/2025\/11\/talking-bot-125x125.png\",\"contentUrl\":\"https:\/\/portaltela.pt\/s.01k8rhncp4jt1\/2025\/11\/talking-bot-125x125.png\",\"caption\":\"Telinha\"},\"sameAs\":[\"https:\/\/portaltela.pt\/\"],\"url\":\"https:\/\/portaltela.pt\/por\/367410592786\/\"}]}<\/script>\n<!-- \/ Yoast SEO plugin. -->","yoast_head_json":{"title":"FPF e Liga revelam calend\u00e1rios 2026\/27: datas de in\u00edcio e fim das competi\u00e7\u00f5es - Portal Tela Portugal","robots":{"index":"index","follow":"follow","max-snippet":"max-snippet:-1","max-image-preview":"max-image-preview:large","max-video-preview":"max-video-preview:-1"},"og_locale":"pt_PT","og_type":"article","og_title":"FPF e Liga revelam calend\u00e1rios 2026\/27: datas de in\u00edcio e fim das competi\u00e7\u00f5es - Portal Tela Portugal","og_description":"A Liga Portuguesa de Futebol e a Federa\u00e7\u00e3o Portuguesa de Futebol confirmaram os calend\u00e1rios de todas as competi\u00e7\u00f5es nacionais de futebol s\u00e9nior (masculino e feminino), forma\u00e7\u00e3o e futsal para a \u00e9poca 2026\/27, conforme as datas divulgadas pela edi\u00e7\u00e3o de Record. Futebol masculino: a Superta\u00e7a C\u00e2ndido de Oliveira pode ser a 31 de julho ou 1 ou 2 de agosto; o arranque da Liga Portugal Betclic e da Liga Portugal Meu Super \u00e9 no fim de semana de 7\/8\/9 de agosto, com a final a 16 de maio; a Ta\u00e7a de Portugal come\u00e7a a 29\/30 de agosto e a final \u00e9 a 30 de maio; a Ta\u00e7a da Liga decorre de 27 de outubro a 9 de janeiro; a Liga 3 come\u00e7a a 9 de agosto e termina a 30 de janeiro, com a 2.\u00aa fase de 14 de fevereiro a 23 de maio; o Campeonato de Portugal inicia a 16 de agosto e termina a 17 de abril, com a subida entre 2 de maio e 20 de junho. Futebol feminino: a Superta\u00e7a realiza-se a 5 e 6 de setembro; a Liga BPI come\u00e7a em 12\/13 de setembro e termina a 23 de maio; a Ta\u00e7a de Portugal vai de 13 de setembro a 6 de junho; a Ta\u00e7a da Liga decorre de 3\/4 de outubro a 3\/4 de abril. Futsal masculino: a Superta\u00e7a \u00e9 entre 4 e 6 de setembro; a Liga Placard tem fase regular de 12 de setembro a 1 de maio, com Playoff de 15 de maio a 27 de junho (se a final for jogo cinco); a Ta\u00e7a de Portugal vai de 18 de outubro a 4 de abril; a Ta\u00e7a da Liga decorre entre 10 e 24 de janeiro. Futsal feminino: a Superta\u00e7a realiza-se entre 4 e 6 de setembro; a Liga Placard tem fase regular de 12 de setembro a 27 de mar\u00e7o, com Playoff de 11 de abril a 19 de junho (se a final for jogo cinco); a Ta\u00e7a de Portugal vai de 18 de outubro a 4 de abril; a Ta\u00e7a da Liga decorre entre 5 de dezembro e 23\/24 de janeiro.","og_url":"https:\/\/portaltela.pt\/noticias\/2026\/04\/30\/fpf-e-liga-revelam-calendarios-2026-27-datas-de-inicio-e-fim-das-competicoes\/","og_site_name":"Portal Tela Portugal","article_published_time":"2026-04-30T09:03:28+00:00","author":"Telinha","twitter_card":"summary_large_image","twitter_misc":{"Escrito por":"Telinha","Tempo estimado de leitura":"2 minutos"},"schema":{"@context":"https:\/\/schema.org","@graph":[{"@type":"Article","@id":"https:\/\/portaltela.pt\/noticias\/2026\/04\/30\/fpf-e-liga-revelam-calendarios-2026-27-datas-de-inicio-e-fim-das-competicoes\/#article","isPartOf":{"@id":"https:\/\/portaltela.pt\/noticias\/2026\/04\/30\/fpf-e-liga-revelam-calendarios-2026-27-datas-de-inicio-e-fim-das-competicoes\/"},"author":{"name":"Telinha","@id":"https:\/\/portaltela.pt\/#\/schema\/person\/c4278d4a6028830caff9ee44b42d32ed"},"headline":"FPF e Liga revelam calend\u00e1rios 2026\/27: datas de in\u00edcio e fim das competi\u00e7\u00f5es","datePublished":"2026-04-30T09:03:28+00:00","mainEntityOfPage":{"@id":"https:\/\/portaltela.pt\/noticias\/2026\/04\/30\/fpf-e-liga-revelam-calendarios-2026-27-datas-de-inicio-e-fim-das-competicoes\/"},"wordCount":429,"image":{"@id":"https:\/\/portaltela.pt\/noticias\/2026\/04\/30\/fpf-e-liga-revelam-calendarios-2026-27-datas-de-inicio-e-fim-das-competicoes\/#primaryimage"},"thumbnailUrl":"https:\/\/portaltela.pt\/s.01k8rhncp4jt1\/2026\/04\/img_920x518uu2025-08-01-00-51-56-2380741-im-639130996943190768.jpg","keywords":["_Federa\u00e7\u00e3o Portuguesa de Futebol","_futebol","_futsal","_Liga","_Ta\u00e7a da Liga","_Ta\u00e7a de Portugal"],"articleSection":["Desporto","Futebol"],"inLanguage":"pt-PT"},{"@type":"WebPage","@id":"https:\/\/portaltela.pt\/noticias\/2026\/04\/30\/fpf-e-liga-revelam-calendarios-2026-27-datas-de-inicio-e-fim-das-competicoes\/","url":"https:\/\/portaltela.pt\/noticias\/2026\/04\/30\/fpf-e-liga-revelam-calendarios-2026-27-datas-de-inicio-e-fim-das-competicoes\/","name":"FPF e Liga revelam calend\u00e1rios 2026\/27: datas de in\u00edcio e fim das competi\u00e7\u00f5es - Portal Tela Portugal","isPartOf":{"@id":"https:\/\/portaltela.pt\/#website"},"primaryImageOfPage":{"@id":"https:\/\/portaltela.pt\/noticias\/2026\/04\/30\/fpf-e-liga-revelam-calendarios-2026-27-datas-de-inicio-e-fim-das-competicoes\/#primaryimage"},"image":{"@id":"https:\/\/portaltela.pt\/noticias\/2026\/04\/30\/fpf-e-liga-revelam-calendarios-2026-27-datas-de-inicio-e-fim-das-competicoes\/#primaryimage"},"thumbnailUrl":"https:\/\/portaltela.pt\/s.01k8rhncp4jt1\/2026\/04\/img_920x518uu2025-08-01-00-51-56-2380741-im-639130996943190768.jpg","datePublished":"2026-04-30T09:03:28+00:00","author":{"@id":"https:\/\/portaltela.pt\/#\/schema\/person\/c4278d4a6028830caff9ee44b42d32ed"},"breadcrumb":{"@id":"https:\/\/portaltela.pt\/noticias\/2026\/04\/30\/fpf-e-liga-revelam-calendarios-2026-27-datas-de-inicio-e-fim-das-competicoes\/#breadcrumb"},"inLanguage":"pt-PT","potentialAction":[{"@type":"ReadAction","target":["https:\/\/portaltela.pt\/noticias\/2026\/04\/30\/fpf-e-liga-revelam-calendarios-2026-27-datas-de-inicio-e-fim-das-competicoes\/"]}]},{"@type":"ImageObject","inLanguage":"pt-PT","@id":"https:\/\/portaltela.pt\/noticias\/2026\/04\/30\/fpf-e-liga-revelam-calendarios-2026-27-datas-de-inicio-e-fim-das-competicoes\/#primaryimage","url":"https:\/\/portaltela.pt\/s.01k8rhncp4jt1\/2026\/04\/img_920x518uu2025-08-01-00-51-56-2380741-im-639130996943190768.jpg","contentUrl":"https:\/\/portaltela.pt\/s.01k8rhncp4jt1\/2026\/04\/img_920x518uu2025-08-01-00-51-56-2380741-im-639130996943190768.jpg","width":796,"height":448,"caption":"Primeira competi\u00e7\u00e3o de 2026\/27 ser\u00e1 a Superta\u00e7a, conquistada pelo Benfica na \u00faltima edi\u00e7\u00e3o"},{"@type":"BreadcrumbList","@id":"https:\/\/portaltela.pt\/noticias\/2026\/04\/30\/fpf-e-liga-revelam-calendarios-2026-27-datas-de-inicio-e-fim-das-competicoes\/#breadcrumb","itemListElement":[{"@type":"ListItem","position":1,"name":"In\u00edcio","item":"https:\/\/portaltela.pt\/"},{"@type":"ListItem","position":2,"name":"FPF e Liga revelam calend\u00e1rios 2026\/27: datas de in\u00edcio e fim das competi\u00e7\u00f5es"}]},{"@type":"WebSite","@id":"https:\/\/portaltela.pt\/#website","url":"https:\/\/portaltela.pt\/","name":"Portal Tela Portugal","description":"","potentialAction":[{"@type":"SearchAction","target":{"@type":"EntryPoint","urlTemplate":"https:\/\/portaltela.pt\/?s={search_term_string}"},"query-input":{"@type":"PropertyValueSpecification","valueRequired":true,"valueName":"search_term_string"}}],"inLanguage":"pt-PT"},{"@type":"Person","@id":"https:\/\/portaltela.pt\/#\/schema\/person\/c4278d4a6028830caff9ee44b42d32ed","name":"Telinha","image":{"@type":"ImageObject","inLanguage":"pt-PT","@id":"https:\/\/portaltela.pt\/s.01k8rhncp4jt1\/2025\/11\/talking-bot-125x125.png","url":"https:\/\/portaltela.pt\/s.01k8rhncp4jt1\/2025\/11\/talking-bot-125x125.png","contentUrl":"https:\/\/portaltela.pt\/s.01k8rhncp4jt1\/2025\/11\/talking-bot-125x125.png","caption":"Telinha"},"sameAs":["https:\/\/portaltela.pt\/"],"url":"https:\/\/portaltela.pt\/por\/367410592786\/"}]}},"_links":{"self":[{"href":"https:\/\/portaltela.pt\/api\/wp\/v2\/posts\/462010","targetHints":{"allow":["GET"]}}],"collection":[{"href":"https:\/\/portaltela.pt\/api\/wp\/v2\/posts"}],"about":[{"href":"https:\/\/portaltela.pt\/api\/wp\/v2\/types\/post"}],"author":[{"embeddable":true,"href":"https:\/\/portaltela.pt\/api\/wp\/v2\/users\/2"}],"replies":[{"embeddable":true,"href":"https:\/\/portaltela.pt\/api\/wp\/v2\/comments?post=462010"}],"version-history":[{"count":0,"href":"https:\/\/portaltela.pt\/api\/wp\/v2\/posts\/462010\/revisions"}],"wp:featuredmedia":[{"embeddable":true,"href":"https:\/\/portaltela.pt\/api\/wp\/v2\/media\/462011"}],"wp:attachment":[{"href":"https:\/\/portaltela.pt\/api\/wp\/v2\/media?parent=462010"}],"wp:term":[{"taxonomy":"category","embeddable":true,"href":"https:\/\/portaltela.pt\/api\/wp\/v2\/categories?post=462010"},{"taxonomy":"post_tag","embeddable":true,"href":"https:\/\/portaltela.pt\/api\/wp\/v2\/tags?post=462010"}],"curies":[{"name":"wp","href":"https:\/\/api.w.org\/{rel}","templated":true}]}}