{"id":462007,"date":"2026-04-30T06:03:08","date_gmt":"2026-04-30T09:03:08","guid":{"rendered":"https:\/\/portaltela.pt\/noticias\/2026\/04\/30\/economia-portuguesa-cresce-23-no-primeiro-trimestre\/"},"modified":"2026-04-30T06:03:08","modified_gmt":"2026-04-30T09:03:08","slug":"economia-portuguesa-cresce-23-no-primeiro-trimestre","status":"publish","type":"post","link":"https:\/\/portaltela.pt\/noticias\/economia\/2026\/04\/30\/economia-portuguesa-cresce-23-no-primeiro-trimestre\/","title":{"rendered":"Economia portuguesa cresce 2,3% no primeiro trimestre"},"content":{"rendered":"<p>O Instituto Nacional de Estat\u00edstica (INE) aponta, numa estimativa provis\u00f3ria, que o Produto Interno Bruto (PIB) de Portugal cresceu 2,3% em termos hom\u00f3logos no primeiro trimestre de 2026, face ao mesmo per\u00edodo de 2025. O destaque vai para um contributo positivo da procura interna, acompanhado por uma acelera\u00e7\u00e3o do investimento.<\/p>\n<p>Quanto \u00e0 perspetiva externa, o INE aponta um contributo negativo da procura externa l\u00edquida. As importa\u00e7\u00f5es de bens e servi\u00e7os aceleraram mais do que as exporta\u00e7\u00f5es, afetando o desempenho do PIB em termos hom\u00f3logos. O com\u00e9rcio externo, assim, reduziu o est\u00edmulo \u00e0 evolu\u00e7\u00e3o econ\u00f3mica face ao per\u00edodo anterior.<\/p>\n<p>Em termos de evolu\u00e7\u00e3o em cadeia, a s\u00edntese estat\u00edstica revela varia\u00e7\u00e3o nula do PIB entre o quarto trimestre de 2025 e o primeiro trimestre de 2026, depois de crescimento de 0,9% nos tr\u00eas meses anteriores. O contributo externo registra recupera\u00e7\u00e3o mais acentuada das importa\u00e7\u00f5es do que das exporta\u00e7\u00f5es, enquanto a procura interna mant\u00e9m-se positiva, com uma acelera\u00e7\u00e3o do investimento, apesar de o consumo privado abrandar.<\/p>\n<p>Os dados divulgados s\u00e3o provis\u00f3rios, e os resultados detalhados dever\u00e3o sair a 29 de maio. A estimativa r\u00e1pida inclui nova informa\u00e7\u00e3o prim\u00e1ria, incluindo estat\u00edsticas do com\u00e9rcio internacional de bens para o 4.\u00ba trimestre de 2025, sem revis\u00f5es das taxas de varia\u00e7\u00e3o hom\u00f3loga e em cadeia j\u00e1 divulgadas. Fonte: INE.<\/p>\n","protected":false},"excerpt":{"rendered":"<ul>\n<li>O Produto Interno Bruto cresceu dois v\u00edrgula tr\u00eas por cento no primeiro trimestre, em termos hom\u00f3logos, com contributo positivo da procura interna e acelera\u00e7\u00e3o do investimento.<\/li>\n<li>A procura externa l\u00edquida teve contributo mais negativo, verificando-se uma acelera\u00e7\u00e3o mais r\u00e1pida das importa\u00e7\u00f5es de bens e servi\u00e7os do que das exporta\u00e7\u00f5es.<\/li>\n<li>Em termos de trajet\u00f3ria anual, o PIB cresceu um v\u00edrgula seis por cento no primeiro trimestre de dois mil e vinte cinco, seguiu-se por um v\u00edrgula sete por cento no segundo, dois v\u00edrgula dois por cento no terceiro e um v\u00edrgula nove por cento no quarto, at\u00e9 o crescimento de dois v\u00edrgula tr\u00eas por cento no primeiro trimestre de dois mil e vinte e seis.<\/li>\n<li>Na varia\u00e7\u00e3o em cadeia, o PIB registou uma varia\u00e7\u00e3o nula no primeiro trimestre de dois mil e vinte e seis face ao quarto trimestre de dois mil e vinte e cinco, ap\u00f3s avan\u00e7os de zero v\u00edrgula nove por cento entre outubro e dezembro de dois mil e vinte e cinco.<\/li>\n<li>Os dados s\u00e3o uma estimativa provis\u00f3ria; resultados detalhados ser\u00e3o publicados a vinte e nove de maio.<\/li>\n<\/ul>\n","protected":false},"author":2,"featured_media":462009,"comment_status":"closed","ping_status":"closed","sticky":false,"template":"","format":"standard","meta":{"footnotes":""},"categories":[2,6850],"tags":[5872,28,3892,5821,316,1014],"class_list":["post-462007","post","type-post","status-publish","format-standard","has-post-thumbnail","hentry","category-economia","category-financas","tag-crescimento-economico","tag-economia","tag-exportacoes-internacionais","tag-importacoes-internacionais","tag-investimento","tag-portugal"],"yoast_head":"<!-- This site is optimized with the Yoast SEO plugin v27.2 - https:\/\/yoast.com\/product\/yoast-seo-wordpress\/ -->\n<title>Economia portuguesa cresce 2,3% no primeiro trimestre - Portal Tela Portugal<\/title>\n<meta name=\"robots\" content=\"index, follow, max-snippet:-1, max-image-preview:large, max-video-preview:-1\" \/>\n<meta property=\"og:locale\" content=\"pt_PT\" \/>\n<meta property=\"og:type\" content=\"article\" \/>\n<meta property=\"og:title\" content=\"Economia portuguesa cresce 2,3% no primeiro trimestre - Portal Tela Portugal\" \/>\n<meta property=\"og:description\" content=\"O Produto Interno Bruto cresceu dois v\u00edrgula tr\u00eas por cento no primeiro trimestre, em termos hom\u00f3logos, com contributo positivo da procura interna e acelera\u00e7\u00e3o do investimento. A procura externa l\u00edquida teve contributo mais negativo, verificando-se uma acelera\u00e7\u00e3o mais r\u00e1pida das importa\u00e7\u00f5es de bens e servi\u00e7os do que das exporta\u00e7\u00f5es. Em termos de trajet\u00f3ria anual, o PIB cresceu um v\u00edrgula seis por cento no primeiro trimestre de dois mil e vinte cinco, seguiu-se por um v\u00edrgula sete por cento no segundo, dois v\u00edrgula dois por cento no terceiro e um v\u00edrgula nove por cento no quarto, at\u00e9 o crescimento de dois v\u00edrgula tr\u00eas por cento no primeiro trimestre de dois mil e vinte e seis. Na varia\u00e7\u00e3o em cadeia, o PIB registou uma varia\u00e7\u00e3o nula no primeiro trimestre de dois mil e vinte e seis face ao quarto trimestre de dois mil e vinte e cinco, ap\u00f3s avan\u00e7os de zero v\u00edrgula nove por cento entre outubro e dezembro de dois mil e vinte e cinco. Os dados s\u00e3o uma estimativa provis\u00f3ria; resultados detalhados ser\u00e3o publicados a vinte e nove de maio.\" \/>\n<meta property=\"og:url\" content=\"https:\/\/portaltela.pt\/noticias\/2026\/04\/30\/economia-portuguesa-cresce-23-no-primeiro-trimestre\/\" \/>\n<meta property=\"og:site_name\" content=\"Portal Tela Portugal\" \/>\n<meta property=\"article:published_time\" content=\"2026-04-30T09:03:08+00:00\" \/>\n<meta name=\"author\" content=\"Telinha\" \/>\n<meta name=\"twitter:card\" content=\"summary_large_image\" \/>\n<meta name=\"twitter:label1\" content=\"Escrito por\" \/>\n\t<meta name=\"twitter:data1\" content=\"Telinha\" \/>\n\t<meta name=\"twitter:label2\" content=\"Tempo estimado de leitura\" \/>\n\t<meta name=\"twitter:data2\" content=\"1 minuto\" \/>\n<script type=\"application\/ld+json\" class=\"yoast-schema-graph\">{\"@context\":\"https:\/\/schema.org\",\"@graph\":[{\"@type\":\"Article\",\"@id\":\"https:\/\/portaltela.pt\/noticias\/2026\/04\/30\/economia-portuguesa-cresce-23-no-primeiro-trimestre\/#article\",\"isPartOf\":{\"@id\":\"https:\/\/portaltela.pt\/noticias\/2026\/04\/30\/economia-portuguesa-cresce-23-no-primeiro-trimestre\/\"},\"author\":{\"name\":\"Telinha\",\"@id\":\"https:\/\/portaltela.pt\/#\/schema\/person\/c4278d4a6028830caff9ee44b42d32ed\"},\"headline\":\"Economia portuguesa cresce 2,3% no primeiro trimestre\",\"datePublished\":\"2026-04-30T09:03:08+00:00\",\"mainEntityOfPage\":{\"@id\":\"https:\/\/portaltela.pt\/noticias\/2026\/04\/30\/economia-portuguesa-cresce-23-no-primeiro-trimestre\/\"},\"wordCount\":243,\"image\":{\"@id\":\"https:\/\/portaltela.pt\/noticias\/2026\/04\/30\/economia-portuguesa-cresce-23-no-primeiro-trimestre\/#primaryimage\"},\"thumbnailUrl\":\"https:\/\/portaltela.pt\/s.01k8rhncp4jt1\/2026\/04\/53d3478c-2f75-4e43-ad1a-4d424d8b9986_1200x675.jpg\",\"keywords\":[\"crescimento econ\u00f3mico\",\"economia\",\"exporta\u00e7\u00f5es internacionais\",\"importa\u00e7\u00f5es internacionais\",\"investimento\",\"Portugal\"],\"articleSection\":[\"Economia\",\"Finan\u00e7as\"],\"inLanguage\":\"pt-PT\"},{\"@type\":\"WebPage\",\"@id\":\"https:\/\/portaltela.pt\/noticias\/2026\/04\/30\/economia-portuguesa-cresce-23-no-primeiro-trimestre\/\",\"url\":\"https:\/\/portaltela.pt\/noticias\/2026\/04\/30\/economia-portuguesa-cresce-23-no-primeiro-trimestre\/\",\"name\":\"Economia portuguesa cresce 2,3% no primeiro trimestre - Portal Tela Portugal\",\"isPartOf\":{\"@id\":\"https:\/\/portaltela.pt\/#website\"},\"primaryImageOfPage\":{\"@id\":\"https:\/\/portaltela.pt\/noticias\/2026\/04\/30\/economia-portuguesa-cresce-23-no-primeiro-trimestre\/#primaryimage\"},\"image\":{\"@id\":\"https:\/\/portaltela.pt\/noticias\/2026\/04\/30\/economia-portuguesa-cresce-23-no-primeiro-trimestre\/#primaryimage\"},\"thumbnailUrl\":\"https:\/\/portaltela.pt\/s.01k8rhncp4jt1\/2026\/04\/53d3478c-2f75-4e43-ad1a-4d424d8b9986_1200x675.jpg\",\"datePublished\":\"2026-04-30T09:03:08+00:00\",\"author\":{\"@id\":\"https:\/\/portaltela.pt\/#\/schema\/person\/c4278d4a6028830caff9ee44b42d32ed\"},\"breadcrumb\":{\"@id\":\"https:\/\/portaltela.pt\/noticias\/2026\/04\/30\/economia-portuguesa-cresce-23-no-primeiro-trimestre\/#breadcrumb\"},\"inLanguage\":\"pt-PT\",\"potentialAction\":[{\"@type\":\"ReadAction\",\"target\":[\"https:\/\/portaltela.pt\/noticias\/2026\/04\/30\/economia-portuguesa-cresce-23-no-primeiro-trimestre\/\"]}]},{\"@type\":\"ImageObject\",\"inLanguage\":\"pt-PT\",\"@id\":\"https:\/\/portaltela.pt\/noticias\/2026\/04\/30\/economia-portuguesa-cresce-23-no-primeiro-trimestre\/#primaryimage\",\"url\":\"https:\/\/portaltela.pt\/s.01k8rhncp4jt1\/2026\/04\/53d3478c-2f75-4e43-ad1a-4d424d8b9986_1200x675.jpg\",\"contentUrl\":\"https:\/\/portaltela.pt\/s.01k8rhncp4jt1\/2026\/04\/53d3478c-2f75-4e43-ad1a-4d424d8b9986_1200x675.jpg\",\"width\":796,\"height\":448,\"caption\":\"INE \\\"contributo positivo da procura interna\\\"\"},{\"@type\":\"BreadcrumbList\",\"@id\":\"https:\/\/portaltela.pt\/noticias\/2026\/04\/30\/economia-portuguesa-cresce-23-no-primeiro-trimestre\/#breadcrumb\",\"itemListElement\":[{\"@type\":\"ListItem\",\"position\":1,\"name\":\"In\u00edcio\",\"item\":\"https:\/\/portaltela.pt\/\"},{\"@type\":\"ListItem\",\"position\":2,\"name\":\"Economia portuguesa cresce 2,3% no primeiro trimestre\"}]},{\"@type\":\"WebSite\",\"@id\":\"https:\/\/portaltela.pt\/#website\",\"url\":\"https:\/\/portaltela.pt\/\",\"name\":\"Portal Tela Portugal\",\"description\":\"\",\"potentialAction\":[{\"@type\":\"SearchAction\",\"target\":{\"@type\":\"EntryPoint\",\"urlTemplate\":\"https:\/\/portaltela.pt\/?s={search_term_string}\"},\"query-input\":{\"@type\":\"PropertyValueSpecification\",\"valueRequired\":true,\"valueName\":\"search_term_string\"}}],\"inLanguage\":\"pt-PT\"},{\"@type\":\"Person\",\"@id\":\"https:\/\/portaltela.pt\/#\/schema\/person\/c4278d4a6028830caff9ee44b42d32ed\",\"name\":\"Telinha\",\"image\":{\"@type\":\"ImageObject\",\"inLanguage\":\"pt-PT\",\"@id\":\"https:\/\/portaltela.pt\/s.01k8rhncp4jt1\/2025\/11\/talking-bot-125x125.png\",\"url\":\"https:\/\/portaltela.pt\/s.01k8rhncp4jt1\/2025\/11\/talking-bot-125x125.png\",\"contentUrl\":\"https:\/\/portaltela.pt\/s.01k8rhncp4jt1\/2025\/11\/talking-bot-125x125.png\",\"caption\":\"Telinha\"},\"sameAs\":[\"https:\/\/portaltela.pt\/\"],\"url\":\"https:\/\/portaltela.pt\/por\/367410592786\/\"}]}<\/script>\n<!-- \/ Yoast SEO plugin. -->","yoast_head_json":{"title":"Economia portuguesa cresce 2,3% no primeiro trimestre - Portal Tela Portugal","robots":{"index":"index","follow":"follow","max-snippet":"max-snippet:-1","max-image-preview":"max-image-preview:large","max-video-preview":"max-video-preview:-1"},"og_locale":"pt_PT","og_type":"article","og_title":"Economia portuguesa cresce 2,3% no primeiro trimestre - Portal Tela Portugal","og_description":"O Produto Interno Bruto cresceu dois v\u00edrgula tr\u00eas por cento no primeiro trimestre, em termos hom\u00f3logos, com contributo positivo da procura interna e acelera\u00e7\u00e3o do investimento. A procura externa l\u00edquida teve contributo mais negativo, verificando-se uma acelera\u00e7\u00e3o mais r\u00e1pida das importa\u00e7\u00f5es de bens e servi\u00e7os do que das exporta\u00e7\u00f5es. Em termos de trajet\u00f3ria anual, o PIB cresceu um v\u00edrgula seis por cento no primeiro trimestre de dois mil e vinte cinco, seguiu-se por um v\u00edrgula sete por cento no segundo, dois v\u00edrgula dois por cento no terceiro e um v\u00edrgula nove por cento no quarto, at\u00e9 o crescimento de dois v\u00edrgula tr\u00eas por cento no primeiro trimestre de dois mil e vinte e seis. Na varia\u00e7\u00e3o em cadeia, o PIB registou uma varia\u00e7\u00e3o nula no primeiro trimestre de dois mil e vinte e seis face ao quarto trimestre de dois mil e vinte e cinco, ap\u00f3s avan\u00e7os de zero v\u00edrgula nove por cento entre outubro e dezembro de dois mil e vinte e cinco. Os dados s\u00e3o uma estimativa provis\u00f3ria; resultados detalhados ser\u00e3o publicados a vinte e nove de maio.","og_url":"https:\/\/portaltela.pt\/noticias\/2026\/04\/30\/economia-portuguesa-cresce-23-no-primeiro-trimestre\/","og_site_name":"Portal Tela Portugal","article_published_time":"2026-04-30T09:03:08+00:00","author":"Telinha","twitter_card":"summary_large_image","twitter_misc":{"Escrito por":"Telinha","Tempo estimado de leitura":"1 minuto"},"schema":{"@context":"https:\/\/schema.org","@graph":[{"@type":"Article","@id":"https:\/\/portaltela.pt\/noticias\/2026\/04\/30\/economia-portuguesa-cresce-23-no-primeiro-trimestre\/#article","isPartOf":{"@id":"https:\/\/portaltela.pt\/noticias\/2026\/04\/30\/economia-portuguesa-cresce-23-no-primeiro-trimestre\/"},"author":{"name":"Telinha","@id":"https:\/\/portaltela.pt\/#\/schema\/person\/c4278d4a6028830caff9ee44b42d32ed"},"headline":"Economia portuguesa cresce 2,3% no primeiro trimestre","datePublished":"2026-04-30T09:03:08+00:00","mainEntityOfPage":{"@id":"https:\/\/portaltela.pt\/noticias\/2026\/04\/30\/economia-portuguesa-cresce-23-no-primeiro-trimestre\/"},"wordCount":243,"image":{"@id":"https:\/\/portaltela.pt\/noticias\/2026\/04\/30\/economia-portuguesa-cresce-23-no-primeiro-trimestre\/#primaryimage"},"thumbnailUrl":"https:\/\/portaltela.pt\/s.01k8rhncp4jt1\/2026\/04\/53d3478c-2f75-4e43-ad1a-4d424d8b9986_1200x675.jpg","keywords":["crescimento econ\u00f3mico","economia","exporta\u00e7\u00f5es internacionais","importa\u00e7\u00f5es internacionais","investimento","Portugal"],"articleSection":["Economia","Finan\u00e7as"],"inLanguage":"pt-PT"},{"@type":"WebPage","@id":"https:\/\/portaltela.pt\/noticias\/2026\/04\/30\/economia-portuguesa-cresce-23-no-primeiro-trimestre\/","url":"https:\/\/portaltela.pt\/noticias\/2026\/04\/30\/economia-portuguesa-cresce-23-no-primeiro-trimestre\/","name":"Economia portuguesa cresce 2,3% no primeiro trimestre - Portal Tela Portugal","isPartOf":{"@id":"https:\/\/portaltela.pt\/#website"},"primaryImageOfPage":{"@id":"https:\/\/portaltela.pt\/noticias\/2026\/04\/30\/economia-portuguesa-cresce-23-no-primeiro-trimestre\/#primaryimage"},"image":{"@id":"https:\/\/portaltela.pt\/noticias\/2026\/04\/30\/economia-portuguesa-cresce-23-no-primeiro-trimestre\/#primaryimage"},"thumbnailUrl":"https:\/\/portaltela.pt\/s.01k8rhncp4jt1\/2026\/04\/53d3478c-2f75-4e43-ad1a-4d424d8b9986_1200x675.jpg","datePublished":"2026-04-30T09:03:08+00:00","author":{"@id":"https:\/\/portaltela.pt\/#\/schema\/person\/c4278d4a6028830caff9ee44b42d32ed"},"breadcrumb":{"@id":"https:\/\/portaltela.pt\/noticias\/2026\/04\/30\/economia-portuguesa-cresce-23-no-primeiro-trimestre\/#breadcrumb"},"inLanguage":"pt-PT","potentialAction":[{"@type":"ReadAction","target":["https:\/\/portaltela.pt\/noticias\/2026\/04\/30\/economia-portuguesa-cresce-23-no-primeiro-trimestre\/"]}]},{"@type":"ImageObject","inLanguage":"pt-PT","@id":"https:\/\/portaltela.pt\/noticias\/2026\/04\/30\/economia-portuguesa-cresce-23-no-primeiro-trimestre\/#primaryimage","url":"https:\/\/portaltela.pt\/s.01k8rhncp4jt1\/2026\/04\/53d3478c-2f75-4e43-ad1a-4d424d8b9986_1200x675.jpg","contentUrl":"https:\/\/portaltela.pt\/s.01k8rhncp4jt1\/2026\/04\/53d3478c-2f75-4e43-ad1a-4d424d8b9986_1200x675.jpg","width":796,"height":448,"caption":"INE \"contributo positivo da procura interna\""},{"@type":"BreadcrumbList","@id":"https:\/\/portaltela.pt\/noticias\/2026\/04\/30\/economia-portuguesa-cresce-23-no-primeiro-trimestre\/#breadcrumb","itemListElement":[{"@type":"ListItem","position":1,"name":"In\u00edcio","item":"https:\/\/portaltela.pt\/"},{"@type":"ListItem","position":2,"name":"Economia portuguesa cresce 2,3% no primeiro trimestre"}]},{"@type":"WebSite","@id":"https:\/\/portaltela.pt\/#website","url":"https:\/\/portaltela.pt\/","name":"Portal Tela Portugal","description":"","potentialAction":[{"@type":"SearchAction","target":{"@type":"EntryPoint","urlTemplate":"https:\/\/portaltela.pt\/?s={search_term_string}"},"query-input":{"@type":"PropertyValueSpecification","valueRequired":true,"valueName":"search_term_string"}}],"inLanguage":"pt-PT"},{"@type":"Person","@id":"https:\/\/portaltela.pt\/#\/schema\/person\/c4278d4a6028830caff9ee44b42d32ed","name":"Telinha","image":{"@type":"ImageObject","inLanguage":"pt-PT","@id":"https:\/\/portaltela.pt\/s.01k8rhncp4jt1\/2025\/11\/talking-bot-125x125.png","url":"https:\/\/portaltela.pt\/s.01k8rhncp4jt1\/2025\/11\/talking-bot-125x125.png","contentUrl":"https:\/\/portaltela.pt\/s.01k8rhncp4jt1\/2025\/11\/talking-bot-125x125.png","caption":"Telinha"},"sameAs":["https:\/\/portaltela.pt\/"],"url":"https:\/\/portaltela.pt\/por\/367410592786\/"}]}},"_links":{"self":[{"href":"https:\/\/portaltela.pt\/api\/wp\/v2\/posts\/462007","targetHints":{"allow":["GET"]}}],"collection":[{"href":"https:\/\/portaltela.pt\/api\/wp\/v2\/posts"}],"about":[{"href":"https:\/\/portaltela.pt\/api\/wp\/v2\/types\/post"}],"author":[{"embeddable":true,"href":"https:\/\/portaltela.pt\/api\/wp\/v2\/users\/2"}],"replies":[{"embeddable":true,"href":"https:\/\/portaltela.pt\/api\/wp\/v2\/comments?post=462007"}],"version-history":[{"count":0,"href":"https:\/\/portaltela.pt\/api\/wp\/v2\/posts\/462007\/revisions"}],"wp:featuredmedia":[{"embeddable":true,"href":"https:\/\/portaltela.pt\/api\/wp\/v2\/media\/462009"}],"wp:attachment":[{"href":"https:\/\/portaltela.pt\/api\/wp\/v2\/media?parent=462007"}],"wp:term":[{"taxonomy":"category","embeddable":true,"href":"https:\/\/portaltela.pt\/api\/wp\/v2\/categories?post=462007"},{"taxonomy":"post_tag","embeddable":true,"href":"https:\/\/portaltela.pt\/api\/wp\/v2\/tags?post=462007"}],"curies":[{"name":"wp","href":"https:\/\/api.w.org\/{rel}","templated":true}]}}