{"id":462003,"date":"2026-04-30T06:02:49","date_gmt":"2026-04-30T09:02:49","guid":{"rendered":"https:\/\/portaltela.pt\/noticias\/2026\/04\/30\/obras-na-escola-secundaria-de-penacova-nao-concluem-dentro-do-prazo-do-prr\/"},"modified":"2026-04-30T06:02:49","modified_gmt":"2026-04-30T09:02:49","slug":"obras-na-escola-secundaria-de-penacova-nao-concluem-dentro-do-prazo-do-prr","status":"publish","type":"post","link":"https:\/\/portaltela.pt\/noticias\/politica\/2026\/04\/30\/obras-na-escola-secundaria-de-penacova-nao-concluem-dentro-do-prazo-do-prr\/","title":{"rendered":"Obras na Escola Secund\u00e1ria de Penacova n\u00e3o concluem dentro do prazo do PRR"},"content":{"rendered":"<p>A C\u00e2mara Municipal de Penacova confirmou \u00e0 ag\u00eancia Lusa que a obra de requalifica\u00e7\u00e3o da Escola Secund\u00e1ria n\u00e3o ficar\u00e1 pronta dentro do prazo do Plano de Recupera\u00e7\u00e3o e Resili\u00eancia (PRR). O valor total da empreitada \u00e9 de 7,2 milh\u00f5es de euros.<\/p>\n<p>O autarca \u00c1lvaro Coimbra afirmou que o atraso no cronograma \u00e9 significativo e que j\u00e1 houve contactos com a CCDRC para avaliar solu\u00e7\u00f5es de financiamento futuro. O munic\u00edpio est\u00e1 a acompanhar a opera\u00e7\u00e3o junto das entidades competentes.<\/p>\n<p>Aula continua a decorrer em contentores, porque dois blocos da escola deveriam j\u00e1 estar terminados. O presidente frisa que o or\u00e7amento do munic\u00edpio n\u00e3o suporta o investimento sem apoio externo.<\/p>\n<h3>Atrasos no cronograma e financiamento<\/h3>\n<p>Tempos dif\u00edceis para o setor da constru\u00e7\u00e3o, com tempestades no in\u00edcio do ano a atrasarem o projeto. Tamb\u00e9m h\u00e1 dificuldades com a m\u00e3o de obra e com prazos na entrega de materiais, explicou o autarca.<\/p>\n<p>Para al\u00e9m da Escola, Penacova enfrenta igual problema com 19 fogos de habita\u00e7\u00e3o a custos acess\u00edveis na Eirinha. O empreiteiro pediu prorroga\u00e7\u00e3o de prazos, sinalizando necessidade de solu\u00e7\u00e3o financeira.<\/p>\n<p>Coimbra sublinha que o munic\u00edpio n\u00e3o deve ser penalizado por falhas externas e defende que os instrumentos de financiamento s\u00e3o cruciais para investimentos estruturantes. A autarquia procura solu\u00e7\u00f5es para a conclus\u00e3o do conjunto de obras.<\/p>\n","protected":false},"excerpt":{"rendered":"<ul>\n<li>A requalifica\u00e7\u00e3o da Escola Secund\u00e1ria de Penacova n\u00e3o ficar\u00e1 pronta dentro do prazo do Plano de Recupera\u00e7\u00e3o e Resili\u00eancia (PRR), segundo o presidente da C\u00e2mara, \u00c1lvaro Coimbra.<\/li>\n<li>O valor da obra \u00e9 de 7,2 milh\u00f5es de euros e o munic\u00edpio n\u00e3o tem or\u00e7amento para responder sozinho a esse investimento.<\/li>\n<li>Enquanto as obras permanecem em atraso, as turmas continuam a ter aulas em contentores, apesar de dois blocos da escola j\u00e1\u205fdeverem estar terminados.<\/li>\n<li>A C\u00e2mara aponta fatores como as tempestades no in\u00edcio do ano, dificuldades do setor da constru\u00e7\u00e3o civil, falta de m\u00e3o de obra e atrasos na entrega de materiais como causas do atraso, e j\u00e1 contactou a CCDR Centro para encontrar solu\u00e7\u00f5es de financiamento.<\/li>\n<li>Al\u00e9m da escola, o munic\u00edpio enfrenta o mesmo problema com 19 fogos de habita\u00e7\u00e3o a custos acess\u00edveis em Eirinha, com o empreiteiro tamb\u00e9m a pedir prorroga\u00e7\u00e3o do prazo.<\/li>\n<\/ul>\n","protected":false},"author":2,"featured_media":462005,"comment_status":"closed","ping_status":"closed","sticky":false,"template":"","format":"standard","meta":{"footnotes":""},"categories":[1,5],"tags":[8214,8829,7791,8393,718,2077],"class_list":["post-462003","post","type-post","status-publish","format-standard","has-post-thumbnail","hentry","category-noticias","category-politica","tag-_escolas","tag-_financiamento","tag-_habitacao","tag-_habitacao-acessivel","tag-construcao","tag-penacova"],"yoast_head":"<!-- This site is optimized with the Yoast SEO plugin v27.2 - https:\/\/yoast.com\/product\/yoast-seo-wordpress\/ -->\n<title>Obras na Escola Secund\u00e1ria de Penacova n\u00e3o concluem dentro do prazo do PRR - Portal Tela Portugal<\/title>\n<meta name=\"robots\" content=\"index, follow, max-snippet:-1, max-image-preview:large, max-video-preview:-1\" \/>\n<meta property=\"og:locale\" content=\"pt_PT\" \/>\n<meta property=\"og:type\" content=\"article\" \/>\n<meta property=\"og:title\" content=\"Obras na Escola Secund\u00e1ria de Penacova n\u00e3o concluem dentro do prazo do PRR - Portal Tela Portugal\" \/>\n<meta property=\"og:description\" content=\"A requalifica\u00e7\u00e3o da Escola Secund\u00e1ria de Penacova n\u00e3o ficar\u00e1 pronta dentro do prazo do Plano de Recupera\u00e7\u00e3o e Resili\u00eancia (PRR), segundo o presidente da C\u00e2mara, \u00c1lvaro Coimbra. O valor da obra \u00e9 de 7,2 milh\u00f5es de euros e o munic\u00edpio n\u00e3o tem or\u00e7amento para responder sozinho a esse investimento. Enquanto as obras permanecem em atraso, as turmas continuam a ter aulas em contentores, apesar de dois blocos da escola j\u00e1\u205fdeverem estar terminados. A C\u00e2mara aponta fatores como as tempestades no in\u00edcio do ano, dificuldades do setor da constru\u00e7\u00e3o civil, falta de m\u00e3o de obra e atrasos na entrega de materiais como causas do atraso, e j\u00e1 contactou a CCDR Centro para encontrar solu\u00e7\u00f5es de financiamento. Al\u00e9m da escola, o munic\u00edpio enfrenta o mesmo problema com 19 fogos de habita\u00e7\u00e3o a custos acess\u00edveis em Eirinha, com o empreiteiro tamb\u00e9m a pedir prorroga\u00e7\u00e3o do prazo.\" \/>\n<meta property=\"og:url\" content=\"https:\/\/portaltela.pt\/noticias\/2026\/04\/30\/obras-na-escola-secundaria-de-penacova-nao-concluem-dentro-do-prazo-do-prr\/\" \/>\n<meta property=\"og:site_name\" content=\"Portal Tela Portugal\" \/>\n<meta property=\"article:published_time\" content=\"2026-04-30T09:02:49+00:00\" \/>\n<meta name=\"author\" content=\"Telinha\" \/>\n<meta name=\"twitter:card\" content=\"summary_large_image\" \/>\n<meta name=\"twitter:label1\" content=\"Escrito por\" \/>\n\t<meta name=\"twitter:data1\" content=\"Telinha\" \/>\n\t<meta name=\"twitter:label2\" content=\"Tempo estimado de leitura\" \/>\n\t<meta name=\"twitter:data2\" content=\"1 minuto\" \/>\n<script type=\"application\/ld+json\" class=\"yoast-schema-graph\">{\"@context\":\"https:\/\/schema.org\",\"@graph\":[{\"@type\":\"Article\",\"@id\":\"https:\/\/portaltela.pt\/noticias\/2026\/04\/30\/obras-na-escola-secundaria-de-penacova-nao-concluem-dentro-do-prazo-do-prr\/#article\",\"isPartOf\":{\"@id\":\"https:\/\/portaltela.pt\/noticias\/2026\/04\/30\/obras-na-escola-secundaria-de-penacova-nao-concluem-dentro-do-prazo-do-prr\/\"},\"author\":{\"name\":\"Telinha\",\"@id\":\"https:\/\/portaltela.pt\/#\/schema\/person\/c4278d4a6028830caff9ee44b42d32ed\"},\"headline\":\"Obras na Escola Secund\u00e1ria de Penacova n\u00e3o concluem dentro do prazo do PRR\",\"datePublished\":\"2026-04-30T09:02:49+00:00\",\"mainEntityOfPage\":{\"@id\":\"https:\/\/portaltela.pt\/noticias\/2026\/04\/30\/obras-na-escola-secundaria-de-penacova-nao-concluem-dentro-do-prazo-do-prr\/\"},\"wordCount\":251,\"image\":{\"@id\":\"https:\/\/portaltela.pt\/noticias\/2026\/04\/30\/obras-na-escola-secundaria-de-penacova-nao-concluem-dentro-do-prazo-do-prr\/#primaryimage\"},\"thumbnailUrl\":\"https:\/\/portaltela.pt\/s.01k8rhncp4jt1\/2026\/04\/img_1500x1000uu2019-12-23-22-50-51-912103-im-639131394583391145.jpg\",\"keywords\":[\"_escolas\",\"_financiamento\",\"_habita\u00e7\u00e3o\",\"_habita\u00e7\u00e3o acess\u00edvel\",\"Constru\u00e7\u00e3o\",\"Penacova\"],\"articleSection\":[\"Not\u00edcias\",\"Pol\u00edtica\"],\"inLanguage\":\"pt-PT\"},{\"@type\":\"WebPage\",\"@id\":\"https:\/\/portaltela.pt\/noticias\/2026\/04\/30\/obras-na-escola-secundaria-de-penacova-nao-concluem-dentro-do-prazo-do-prr\/\",\"url\":\"https:\/\/portaltela.pt\/noticias\/2026\/04\/30\/obras-na-escola-secundaria-de-penacova-nao-concluem-dentro-do-prazo-do-prr\/\",\"name\":\"Obras na Escola Secund\u00e1ria de Penacova n\u00e3o concluem dentro do prazo do PRR - Portal Tela Portugal\",\"isPartOf\":{\"@id\":\"https:\/\/portaltela.pt\/#website\"},\"primaryImageOfPage\":{\"@id\":\"https:\/\/portaltela.pt\/noticias\/2026\/04\/30\/obras-na-escola-secundaria-de-penacova-nao-concluem-dentro-do-prazo-do-prr\/#primaryimage\"},\"image\":{\"@id\":\"https:\/\/portaltela.pt\/noticias\/2026\/04\/30\/obras-na-escola-secundaria-de-penacova-nao-concluem-dentro-do-prazo-do-prr\/#primaryimage\"},\"thumbnailUrl\":\"https:\/\/portaltela.pt\/s.01k8rhncp4jt1\/2026\/04\/img_1500x1000uu2019-12-23-22-50-51-912103-im-639131394583391145.jpg\",\"datePublished\":\"2026-04-30T09:02:49+00:00\",\"author\":{\"@id\":\"https:\/\/portaltela.pt\/#\/schema\/person\/c4278d4a6028830caff9ee44b42d32ed\"},\"breadcrumb\":{\"@id\":\"https:\/\/portaltela.pt\/noticias\/2026\/04\/30\/obras-na-escola-secundaria-de-penacova-nao-concluem-dentro-do-prazo-do-prr\/#breadcrumb\"},\"inLanguage\":\"pt-PT\",\"potentialAction\":[{\"@type\":\"ReadAction\",\"target\":[\"https:\/\/portaltela.pt\/noticias\/2026\/04\/30\/obras-na-escola-secundaria-de-penacova-nao-concluem-dentro-do-prazo-do-prr\/\"]}]},{\"@type\":\"ImageObject\",\"inLanguage\":\"pt-PT\",\"@id\":\"https:\/\/portaltela.pt\/noticias\/2026\/04\/30\/obras-na-escola-secundaria-de-penacova-nao-concluem-dentro-do-prazo-do-prr\/#primaryimage\",\"url\":\"https:\/\/portaltela.pt\/s.01k8rhncp4jt1\/2026\/04\/img_1500x1000uu2019-12-23-22-50-51-912103-im-639131394583391145.jpg\",\"contentUrl\":\"https:\/\/portaltela.pt\/s.01k8rhncp4jt1\/2026\/04\/img_1500x1000uu2019-12-23-22-50-51-912103-im-639131394583391145.jpg\",\"width\":796,\"height\":448,\"caption\":\"Escola\"},{\"@type\":\"BreadcrumbList\",\"@id\":\"https:\/\/portaltela.pt\/noticias\/2026\/04\/30\/obras-na-escola-secundaria-de-penacova-nao-concluem-dentro-do-prazo-do-prr\/#breadcrumb\",\"itemListElement\":[{\"@type\":\"ListItem\",\"position\":1,\"name\":\"In\u00edcio\",\"item\":\"https:\/\/portaltela.pt\/\"},{\"@type\":\"ListItem\",\"position\":2,\"name\":\"Obras na Escola Secund\u00e1ria de Penacova n\u00e3o concluem dentro do prazo do PRR\"}]},{\"@type\":\"WebSite\",\"@id\":\"https:\/\/portaltela.pt\/#website\",\"url\":\"https:\/\/portaltela.pt\/\",\"name\":\"Portal Tela Portugal\",\"description\":\"\",\"potentialAction\":[{\"@type\":\"SearchAction\",\"target\":{\"@type\":\"EntryPoint\",\"urlTemplate\":\"https:\/\/portaltela.pt\/?s={search_term_string}\"},\"query-input\":{\"@type\":\"PropertyValueSpecification\",\"valueRequired\":true,\"valueName\":\"search_term_string\"}}],\"inLanguage\":\"pt-PT\"},{\"@type\":\"Person\",\"@id\":\"https:\/\/portaltela.pt\/#\/schema\/person\/c4278d4a6028830caff9ee44b42d32ed\",\"name\":\"Telinha\",\"image\":{\"@type\":\"ImageObject\",\"inLanguage\":\"pt-PT\",\"@id\":\"https:\/\/portaltela.pt\/s.01k8rhncp4jt1\/2025\/11\/talking-bot-125x125.png\",\"url\":\"https:\/\/portaltela.pt\/s.01k8rhncp4jt1\/2025\/11\/talking-bot-125x125.png\",\"contentUrl\":\"https:\/\/portaltela.pt\/s.01k8rhncp4jt1\/2025\/11\/talking-bot-125x125.png\",\"caption\":\"Telinha\"},\"sameAs\":[\"https:\/\/portaltela.pt\/\"],\"url\":\"https:\/\/portaltela.pt\/por\/367410592786\/\"}]}<\/script>\n<!-- \/ Yoast SEO plugin. -->","yoast_head_json":{"title":"Obras na Escola Secund\u00e1ria de Penacova n\u00e3o concluem dentro do prazo do PRR - Portal Tela Portugal","robots":{"index":"index","follow":"follow","max-snippet":"max-snippet:-1","max-image-preview":"max-image-preview:large","max-video-preview":"max-video-preview:-1"},"og_locale":"pt_PT","og_type":"article","og_title":"Obras na Escola Secund\u00e1ria de Penacova n\u00e3o concluem dentro do prazo do PRR - Portal Tela Portugal","og_description":"A requalifica\u00e7\u00e3o da Escola Secund\u00e1ria de Penacova n\u00e3o ficar\u00e1 pronta dentro do prazo do Plano de Recupera\u00e7\u00e3o e Resili\u00eancia (PRR), segundo o presidente da C\u00e2mara, \u00c1lvaro Coimbra. O valor da obra \u00e9 de 7,2 milh\u00f5es de euros e o munic\u00edpio n\u00e3o tem or\u00e7amento para responder sozinho a esse investimento. Enquanto as obras permanecem em atraso, as turmas continuam a ter aulas em contentores, apesar de dois blocos da escola j\u00e1\u205fdeverem estar terminados. A C\u00e2mara aponta fatores como as tempestades no in\u00edcio do ano, dificuldades do setor da constru\u00e7\u00e3o civil, falta de m\u00e3o de obra e atrasos na entrega de materiais como causas do atraso, e j\u00e1 contactou a CCDR Centro para encontrar solu\u00e7\u00f5es de financiamento. Al\u00e9m da escola, o munic\u00edpio enfrenta o mesmo problema com 19 fogos de habita\u00e7\u00e3o a custos acess\u00edveis em Eirinha, com o empreiteiro tamb\u00e9m a pedir prorroga\u00e7\u00e3o do prazo.","og_url":"https:\/\/portaltela.pt\/noticias\/2026\/04\/30\/obras-na-escola-secundaria-de-penacova-nao-concluem-dentro-do-prazo-do-prr\/","og_site_name":"Portal Tela Portugal","article_published_time":"2026-04-30T09:02:49+00:00","author":"Telinha","twitter_card":"summary_large_image","twitter_misc":{"Escrito por":"Telinha","Tempo estimado de leitura":"1 minuto"},"schema":{"@context":"https:\/\/schema.org","@graph":[{"@type":"Article","@id":"https:\/\/portaltela.pt\/noticias\/2026\/04\/30\/obras-na-escola-secundaria-de-penacova-nao-concluem-dentro-do-prazo-do-prr\/#article","isPartOf":{"@id":"https:\/\/portaltela.pt\/noticias\/2026\/04\/30\/obras-na-escola-secundaria-de-penacova-nao-concluem-dentro-do-prazo-do-prr\/"},"author":{"name":"Telinha","@id":"https:\/\/portaltela.pt\/#\/schema\/person\/c4278d4a6028830caff9ee44b42d32ed"},"headline":"Obras na Escola Secund\u00e1ria de Penacova n\u00e3o concluem dentro do prazo do PRR","datePublished":"2026-04-30T09:02:49+00:00","mainEntityOfPage":{"@id":"https:\/\/portaltela.pt\/noticias\/2026\/04\/30\/obras-na-escola-secundaria-de-penacova-nao-concluem-dentro-do-prazo-do-prr\/"},"wordCount":251,"image":{"@id":"https:\/\/portaltela.pt\/noticias\/2026\/04\/30\/obras-na-escola-secundaria-de-penacova-nao-concluem-dentro-do-prazo-do-prr\/#primaryimage"},"thumbnailUrl":"https:\/\/portaltela.pt\/s.01k8rhncp4jt1\/2026\/04\/img_1500x1000uu2019-12-23-22-50-51-912103-im-639131394583391145.jpg","keywords":["_escolas","_financiamento","_habita\u00e7\u00e3o","_habita\u00e7\u00e3o acess\u00edvel","Constru\u00e7\u00e3o","Penacova"],"articleSection":["Not\u00edcias","Pol\u00edtica"],"inLanguage":"pt-PT"},{"@type":"WebPage","@id":"https:\/\/portaltela.pt\/noticias\/2026\/04\/30\/obras-na-escola-secundaria-de-penacova-nao-concluem-dentro-do-prazo-do-prr\/","url":"https:\/\/portaltela.pt\/noticias\/2026\/04\/30\/obras-na-escola-secundaria-de-penacova-nao-concluem-dentro-do-prazo-do-prr\/","name":"Obras na Escola Secund\u00e1ria de Penacova n\u00e3o concluem dentro do prazo do PRR - Portal Tela Portugal","isPartOf":{"@id":"https:\/\/portaltela.pt\/#website"},"primaryImageOfPage":{"@id":"https:\/\/portaltela.pt\/noticias\/2026\/04\/30\/obras-na-escola-secundaria-de-penacova-nao-concluem-dentro-do-prazo-do-prr\/#primaryimage"},"image":{"@id":"https:\/\/portaltela.pt\/noticias\/2026\/04\/30\/obras-na-escola-secundaria-de-penacova-nao-concluem-dentro-do-prazo-do-prr\/#primaryimage"},"thumbnailUrl":"https:\/\/portaltela.pt\/s.01k8rhncp4jt1\/2026\/04\/img_1500x1000uu2019-12-23-22-50-51-912103-im-639131394583391145.jpg","datePublished":"2026-04-30T09:02:49+00:00","author":{"@id":"https:\/\/portaltela.pt\/#\/schema\/person\/c4278d4a6028830caff9ee44b42d32ed"},"breadcrumb":{"@id":"https:\/\/portaltela.pt\/noticias\/2026\/04\/30\/obras-na-escola-secundaria-de-penacova-nao-concluem-dentro-do-prazo-do-prr\/#breadcrumb"},"inLanguage":"pt-PT","potentialAction":[{"@type":"ReadAction","target":["https:\/\/portaltela.pt\/noticias\/2026\/04\/30\/obras-na-escola-secundaria-de-penacova-nao-concluem-dentro-do-prazo-do-prr\/"]}]},{"@type":"ImageObject","inLanguage":"pt-PT","@id":"https:\/\/portaltela.pt\/noticias\/2026\/04\/30\/obras-na-escola-secundaria-de-penacova-nao-concluem-dentro-do-prazo-do-prr\/#primaryimage","url":"https:\/\/portaltela.pt\/s.01k8rhncp4jt1\/2026\/04\/img_1500x1000uu2019-12-23-22-50-51-912103-im-639131394583391145.jpg","contentUrl":"https:\/\/portaltela.pt\/s.01k8rhncp4jt1\/2026\/04\/img_1500x1000uu2019-12-23-22-50-51-912103-im-639131394583391145.jpg","width":796,"height":448,"caption":"Escola"},{"@type":"BreadcrumbList","@id":"https:\/\/portaltela.pt\/noticias\/2026\/04\/30\/obras-na-escola-secundaria-de-penacova-nao-concluem-dentro-do-prazo-do-prr\/#breadcrumb","itemListElement":[{"@type":"ListItem","position":1,"name":"In\u00edcio","item":"https:\/\/portaltela.pt\/"},{"@type":"ListItem","position":2,"name":"Obras na Escola Secund\u00e1ria de Penacova n\u00e3o concluem dentro do prazo do PRR"}]},{"@type":"WebSite","@id":"https:\/\/portaltela.pt\/#website","url":"https:\/\/portaltela.pt\/","name":"Portal Tela Portugal","description":"","potentialAction":[{"@type":"SearchAction","target":{"@type":"EntryPoint","urlTemplate":"https:\/\/portaltela.pt\/?s={search_term_string}"},"query-input":{"@type":"PropertyValueSpecification","valueRequired":true,"valueName":"search_term_string"}}],"inLanguage":"pt-PT"},{"@type":"Person","@id":"https:\/\/portaltela.pt\/#\/schema\/person\/c4278d4a6028830caff9ee44b42d32ed","name":"Telinha","image":{"@type":"ImageObject","inLanguage":"pt-PT","@id":"https:\/\/portaltela.pt\/s.01k8rhncp4jt1\/2025\/11\/talking-bot-125x125.png","url":"https:\/\/portaltela.pt\/s.01k8rhncp4jt1\/2025\/11\/talking-bot-125x125.png","contentUrl":"https:\/\/portaltela.pt\/s.01k8rhncp4jt1\/2025\/11\/talking-bot-125x125.png","caption":"Telinha"},"sameAs":["https:\/\/portaltela.pt\/"],"url":"https:\/\/portaltela.pt\/por\/367410592786\/"}]}},"_links":{"self":[{"href":"https:\/\/portaltela.pt\/api\/wp\/v2\/posts\/462003","targetHints":{"allow":["GET"]}}],"collection":[{"href":"https:\/\/portaltela.pt\/api\/wp\/v2\/posts"}],"about":[{"href":"https:\/\/portaltela.pt\/api\/wp\/v2\/types\/post"}],"author":[{"embeddable":true,"href":"https:\/\/portaltela.pt\/api\/wp\/v2\/users\/2"}],"replies":[{"embeddable":true,"href":"https:\/\/portaltela.pt\/api\/wp\/v2\/comments?post=462003"}],"version-history":[{"count":0,"href":"https:\/\/portaltela.pt\/api\/wp\/v2\/posts\/462003\/revisions"}],"wp:featuredmedia":[{"embeddable":true,"href":"https:\/\/portaltela.pt\/api\/wp\/v2\/media\/462005"}],"wp:attachment":[{"href":"https:\/\/portaltela.pt\/api\/wp\/v2\/media?parent=462003"}],"wp:term":[{"taxonomy":"category","embeddable":true,"href":"https:\/\/portaltela.pt\/api\/wp\/v2\/categories?post=462003"},{"taxonomy":"post_tag","embeddable":true,"href":"https:\/\/portaltela.pt\/api\/wp\/v2\/tags?post=462003"}],"curies":[{"name":"wp","href":"https:\/\/api.w.org\/{rel}","templated":true}]}}