{"id":461984,"date":"2026-04-30T05:47:47","date_gmt":"2026-04-30T08:47:47","guid":{"rendered":"https:\/\/portaltela.pt\/noticias\/2026\/04\/30\/villas-boas-farioli-merecia-sucesso-no-ajax-caso-tivesse-nao-estaria-no-fc-porto\/"},"modified":"2026-04-30T05:47:47","modified_gmt":"2026-04-30T08:47:47","slug":"villas-boas-farioli-merecia-sucesso-no-ajax-caso-tivesse-nao-estaria-no-fc-porto","status":"publish","type":"post","link":"https:\/\/portaltela.pt\/desporto\/futebol\/2026\/04\/30\/villas-boas-farioli-merecia-sucesso-no-ajax-caso-tivesse-nao-estaria-no-fc-porto\/","title":{"rendered":"Villas-Boas: Farioli merecia sucesso no Ajax; caso tivesse, n\u00e3o estaria no FC Porto"},"content":{"rendered":"<p>O presidente do FC Porto, Andr\u00e9 Villas-Boas, falou sobre Francesco Farioli no primeiro excerto do podcast O C\u00f3digo Farioli, da Renascen\u00e7a, cuja estreia est\u00e1 marcada para 3 de maio. O dirigente comenta o desempenho do t\u00e9cnico e o momento em que percebeu o perfil adequado para o clube.<\/p>\n<p>Villas-Boas referiu que Farioli merecia ter tido sucesso no Ajax, mas que, se assim tivesse acontecido, muito provavelmente n\u00e3o estaria hoje no FC Porto. O l\u00edder portista sublinhou ainda a qualidade do treinador, o seu m\u00e9todo e a lideran\u00e7a para lutar pelo campeonato at\u00e9 ao fim.<\/p>\n<p>No contexto da luta pelo t\u00edtulo, o FC Porto encontra-se a uma vit\u00f3ria de celebrar o 31.\u00ba t\u00edtulo de campe\u00e3o nacional, com o jogo em casa frente ao Alverca apontado para s\u00e1bado. O presidente do clube afirmou que a celebra\u00e7\u00e3o s\u00f3 deve ocorrer quando o t\u00edtulo estiver matematicamente assegurado.<\/p>\n<p>O entrevistado tamb\u00e9m disse confiar em superar as dificuldades que ainda surgir\u00e3o no caminho rumo ao t\u00edtulo. Villas-Boas refor\u00e7ou a inten\u00e7\u00e3o de celebrar o campeonato apenas quando confirmada a conquista.<\/p>\n","protected":false},"excerpt":{"rendered":"<ul>\n<li>Andr\u00e9 Villas-Boas \u00e9 protagonista no primeiro excerto do podcast O C\u00f3digo Farioli, da Renascen\u00e7a, que se estreia a 3 de maio, e aborda o desfecho do campeonato e o perfil de Francesco Farioli.<\/li>\n<li>O presidente dos drag\u00f5es disse que Farioli \u201cmerecia ter tido sucesso no Ajax, mas se tivesse tido seguramente n\u00e3o estaria no FC Porto\u201d.<\/li>\n<li>Villas-Boas real\u00e7ou a qualidade, o m\u00e9todo e a lideran\u00e7a do t\u00e9cnico, dizendo que lutou pelo campeonato at\u00e9 ao fim.<\/li>\n<li>O l\u00edder do FC Porto assumiu que s\u00f3 quer celebrar o t\u00edtulo quando estiver matematicamente confirmado, mantendo o foco em cada jogo.<\/li>\n<li>O FC Porto est\u00e1 a uma vit\u00f3ria de conquistar o 31.\u00ba t\u00edtulo, com o desafio de s\u00e1bado frente ao Alverca a pode consumar a conquista.<\/li>\n<\/ul>\n","protected":false},"author":2,"featured_media":461986,"comment_status":"closed","ping_status":"closed","sticky":false,"template":"","format":"standard","meta":{"footnotes":""},"categories":[21,24],"tags":[4059,1714,1230,2028,32,982],"class_list":["post-461984","post","type-post","status-publish","format-standard","has-post-thumbnail","hentry","category-desporto","category-futebol","tag-1-a-liga","tag-ajax","tag-alverca","tag-fc-porto","tag-futebol","tag-porto"],"yoast_head":"<!-- This site is optimized with the Yoast SEO plugin v27.2 - https:\/\/yoast.com\/product\/yoast-seo-wordpress\/ -->\n<title>Villas-Boas: Farioli merecia sucesso no Ajax; caso tivesse, n\u00e3o estaria no FC Porto - Portal Tela Portugal<\/title>\n<meta name=\"robots\" content=\"index, follow, max-snippet:-1, max-image-preview:large, max-video-preview:-1\" \/>\n<meta property=\"og:locale\" content=\"pt_PT\" \/>\n<meta property=\"og:type\" content=\"article\" \/>\n<meta property=\"og:title\" content=\"Villas-Boas: Farioli merecia sucesso no Ajax; caso tivesse, n\u00e3o estaria no FC Porto - Portal Tela Portugal\" \/>\n<meta property=\"og:description\" content=\"Andr\u00e9 Villas-Boas \u00e9 protagonista no primeiro excerto do podcast O C\u00f3digo Farioli, da Renascen\u00e7a, que se estreia a 3 de maio, e aborda o desfecho do campeonato e o perfil de Francesco Farioli. O presidente dos drag\u00f5es disse que Farioli \u201cmerecia ter tido sucesso no Ajax, mas se tivesse tido seguramente n\u00e3o estaria no FC Porto\u201d. Villas-Boas real\u00e7ou a qualidade, o m\u00e9todo e a lideran\u00e7a do t\u00e9cnico, dizendo que lutou pelo campeonato at\u00e9 ao fim. O l\u00edder do FC Porto assumiu que s\u00f3 quer celebrar o t\u00edtulo quando estiver matematicamente confirmado, mantendo o foco em cada jogo. O FC Porto est\u00e1 a uma vit\u00f3ria de conquistar o 31.\u00ba t\u00edtulo, com o desafio de s\u00e1bado frente ao Alverca a pode consumar a conquista.\" \/>\n<meta property=\"og:url\" content=\"https:\/\/portaltela.pt\/noticias\/2026\/04\/30\/villas-boas-farioli-merecia-sucesso-no-ajax-caso-tivesse-nao-estaria-no-fc-porto\/\" \/>\n<meta property=\"og:site_name\" content=\"Portal Tela Portugal\" \/>\n<meta property=\"article:published_time\" content=\"2026-04-30T08:47:47+00:00\" \/>\n<meta name=\"author\" content=\"Telinha\" \/>\n<meta name=\"twitter:card\" content=\"summary_large_image\" \/>\n<meta name=\"twitter:label1\" content=\"Escrito por\" \/>\n\t<meta name=\"twitter:data1\" content=\"Telinha\" \/>\n\t<meta name=\"twitter:label2\" content=\"Tempo estimado de leitura\" \/>\n\t<meta name=\"twitter:data2\" content=\"1 minuto\" \/>\n<script type=\"application\/ld+json\" class=\"yoast-schema-graph\">{\"@context\":\"https:\/\/schema.org\",\"@graph\":[{\"@type\":\"Article\",\"@id\":\"https:\/\/portaltela.pt\/noticias\/2026\/04\/30\/villas-boas-farioli-merecia-sucesso-no-ajax-caso-tivesse-nao-estaria-no-fc-porto\/#article\",\"isPartOf\":{\"@id\":\"https:\/\/portaltela.pt\/noticias\/2026\/04\/30\/villas-boas-farioli-merecia-sucesso-no-ajax-caso-tivesse-nao-estaria-no-fc-porto\/\"},\"author\":{\"name\":\"Telinha\",\"@id\":\"https:\/\/portaltela.pt\/#\/schema\/person\/c4278d4a6028830caff9ee44b42d32ed\"},\"headline\":\"Villas-Boas: Farioli merecia sucesso no Ajax; caso tivesse, n\u00e3o estaria no FC Porto\",\"datePublished\":\"2026-04-30T08:47:47+00:00\",\"mainEntityOfPage\":{\"@id\":\"https:\/\/portaltela.pt\/noticias\/2026\/04\/30\/villas-boas-farioli-merecia-sucesso-no-ajax-caso-tivesse-nao-estaria-no-fc-porto\/\"},\"wordCount\":204,\"image\":{\"@id\":\"https:\/\/portaltela.pt\/noticias\/2026\/04\/30\/villas-boas-farioli-merecia-sucesso-no-ajax-caso-tivesse-nao-estaria-no-fc-porto\/#primaryimage\"},\"thumbnailUrl\":\"https:\/\/portaltela.pt\/s.01k8rhncp4jt1\/2026\/04\/img_920x518uu2026-01-11-21-12-24-2414219-im-639037634362741010.jpg\",\"keywords\":[\"1.\u00aa Liga\",\"Ajax\",\"Alverca\",\"FC Porto\",\"futebol\",\"Porto\"],\"articleSection\":[\"Desporto\",\"Futebol\"],\"inLanguage\":\"pt-PT\"},{\"@type\":\"WebPage\",\"@id\":\"https:\/\/portaltela.pt\/noticias\/2026\/04\/30\/villas-boas-farioli-merecia-sucesso-no-ajax-caso-tivesse-nao-estaria-no-fc-porto\/\",\"url\":\"https:\/\/portaltela.pt\/noticias\/2026\/04\/30\/villas-boas-farioli-merecia-sucesso-no-ajax-caso-tivesse-nao-estaria-no-fc-porto\/\",\"name\":\"Villas-Boas: Farioli merecia sucesso no Ajax; caso tivesse, n\u00e3o estaria no FC Porto - Portal Tela Portugal\",\"isPartOf\":{\"@id\":\"https:\/\/portaltela.pt\/#website\"},\"primaryImageOfPage\":{\"@id\":\"https:\/\/portaltela.pt\/noticias\/2026\/04\/30\/villas-boas-farioli-merecia-sucesso-no-ajax-caso-tivesse-nao-estaria-no-fc-porto\/#primaryimage\"},\"image\":{\"@id\":\"https:\/\/portaltela.pt\/noticias\/2026\/04\/30\/villas-boas-farioli-merecia-sucesso-no-ajax-caso-tivesse-nao-estaria-no-fc-porto\/#primaryimage\"},\"thumbnailUrl\":\"https:\/\/portaltela.pt\/s.01k8rhncp4jt1\/2026\/04\/img_920x518uu2026-01-11-21-12-24-2414219-im-639037634362741010.jpg\",\"datePublished\":\"2026-04-30T08:47:47+00:00\",\"author\":{\"@id\":\"https:\/\/portaltela.pt\/#\/schema\/person\/c4278d4a6028830caff9ee44b42d32ed\"},\"breadcrumb\":{\"@id\":\"https:\/\/portaltela.pt\/noticias\/2026\/04\/30\/villas-boas-farioli-merecia-sucesso-no-ajax-caso-tivesse-nao-estaria-no-fc-porto\/#breadcrumb\"},\"inLanguage\":\"pt-PT\",\"potentialAction\":[{\"@type\":\"ReadAction\",\"target\":[\"https:\/\/portaltela.pt\/noticias\/2026\/04\/30\/villas-boas-farioli-merecia-sucesso-no-ajax-caso-tivesse-nao-estaria-no-fc-porto\/\"]}]},{\"@type\":\"ImageObject\",\"inLanguage\":\"pt-PT\",\"@id\":\"https:\/\/portaltela.pt\/noticias\/2026\/04\/30\/villas-boas-farioli-merecia-sucesso-no-ajax-caso-tivesse-nao-estaria-no-fc-porto\/#primaryimage\",\"url\":\"https:\/\/portaltela.pt\/s.01k8rhncp4jt1\/2026\/04\/img_920x518uu2026-01-11-21-12-24-2414219-im-639037634362741010.jpg\",\"contentUrl\":\"https:\/\/portaltela.pt\/s.01k8rhncp4jt1\/2026\/04\/img_920x518uu2026-01-11-21-12-24-2414219-im-639037634362741010.jpg\",\"width\":796,\"height\":448,\"caption\":\"As primeiras imagens de Farioli ap\u00f3s renovar com o FC Porto\"},{\"@type\":\"BreadcrumbList\",\"@id\":\"https:\/\/portaltela.pt\/noticias\/2026\/04\/30\/villas-boas-farioli-merecia-sucesso-no-ajax-caso-tivesse-nao-estaria-no-fc-porto\/#breadcrumb\",\"itemListElement\":[{\"@type\":\"ListItem\",\"position\":1,\"name\":\"In\u00edcio\",\"item\":\"https:\/\/portaltela.pt\/\"},{\"@type\":\"ListItem\",\"position\":2,\"name\":\"Villas-Boas: Farioli merecia sucesso no Ajax; caso tivesse, n\u00e3o estaria no FC Porto\"}]},{\"@type\":\"WebSite\",\"@id\":\"https:\/\/portaltela.pt\/#website\",\"url\":\"https:\/\/portaltela.pt\/\",\"name\":\"Portal Tela Portugal\",\"description\":\"\",\"potentialAction\":[{\"@type\":\"SearchAction\",\"target\":{\"@type\":\"EntryPoint\",\"urlTemplate\":\"https:\/\/portaltela.pt\/?s={search_term_string}\"},\"query-input\":{\"@type\":\"PropertyValueSpecification\",\"valueRequired\":true,\"valueName\":\"search_term_string\"}}],\"inLanguage\":\"pt-PT\"},{\"@type\":\"Person\",\"@id\":\"https:\/\/portaltela.pt\/#\/schema\/person\/c4278d4a6028830caff9ee44b42d32ed\",\"name\":\"Telinha\",\"image\":{\"@type\":\"ImageObject\",\"inLanguage\":\"pt-PT\",\"@id\":\"https:\/\/portaltela.pt\/s.01k8rhncp4jt1\/2025\/11\/talking-bot-125x125.png\",\"url\":\"https:\/\/portaltela.pt\/s.01k8rhncp4jt1\/2025\/11\/talking-bot-125x125.png\",\"contentUrl\":\"https:\/\/portaltela.pt\/s.01k8rhncp4jt1\/2025\/11\/talking-bot-125x125.png\",\"caption\":\"Telinha\"},\"sameAs\":[\"https:\/\/portaltela.pt\/\"],\"url\":\"https:\/\/portaltela.pt\/por\/367410592786\/\"}]}<\/script>\n<!-- \/ Yoast SEO plugin. -->","yoast_head_json":{"title":"Villas-Boas: Farioli merecia sucesso no Ajax; caso tivesse, n\u00e3o estaria no FC Porto - Portal Tela Portugal","robots":{"index":"index","follow":"follow","max-snippet":"max-snippet:-1","max-image-preview":"max-image-preview:large","max-video-preview":"max-video-preview:-1"},"og_locale":"pt_PT","og_type":"article","og_title":"Villas-Boas: Farioli merecia sucesso no Ajax; caso tivesse, n\u00e3o estaria no FC Porto - Portal Tela Portugal","og_description":"Andr\u00e9 Villas-Boas \u00e9 protagonista no primeiro excerto do podcast O C\u00f3digo Farioli, da Renascen\u00e7a, que se estreia a 3 de maio, e aborda o desfecho do campeonato e o perfil de Francesco Farioli. O presidente dos drag\u00f5es disse que Farioli \u201cmerecia ter tido sucesso no Ajax, mas se tivesse tido seguramente n\u00e3o estaria no FC Porto\u201d. Villas-Boas real\u00e7ou a qualidade, o m\u00e9todo e a lideran\u00e7a do t\u00e9cnico, dizendo que lutou pelo campeonato at\u00e9 ao fim. O l\u00edder do FC Porto assumiu que s\u00f3 quer celebrar o t\u00edtulo quando estiver matematicamente confirmado, mantendo o foco em cada jogo. O FC Porto est\u00e1 a uma vit\u00f3ria de conquistar o 31.\u00ba t\u00edtulo, com o desafio de s\u00e1bado frente ao Alverca a pode consumar a conquista.","og_url":"https:\/\/portaltela.pt\/noticias\/2026\/04\/30\/villas-boas-farioli-merecia-sucesso-no-ajax-caso-tivesse-nao-estaria-no-fc-porto\/","og_site_name":"Portal Tela Portugal","article_published_time":"2026-04-30T08:47:47+00:00","author":"Telinha","twitter_card":"summary_large_image","twitter_misc":{"Escrito por":"Telinha","Tempo estimado de leitura":"1 minuto"},"schema":{"@context":"https:\/\/schema.org","@graph":[{"@type":"Article","@id":"https:\/\/portaltela.pt\/noticias\/2026\/04\/30\/villas-boas-farioli-merecia-sucesso-no-ajax-caso-tivesse-nao-estaria-no-fc-porto\/#article","isPartOf":{"@id":"https:\/\/portaltela.pt\/noticias\/2026\/04\/30\/villas-boas-farioli-merecia-sucesso-no-ajax-caso-tivesse-nao-estaria-no-fc-porto\/"},"author":{"name":"Telinha","@id":"https:\/\/portaltela.pt\/#\/schema\/person\/c4278d4a6028830caff9ee44b42d32ed"},"headline":"Villas-Boas: Farioli merecia sucesso no Ajax; caso tivesse, n\u00e3o estaria no FC Porto","datePublished":"2026-04-30T08:47:47+00:00","mainEntityOfPage":{"@id":"https:\/\/portaltela.pt\/noticias\/2026\/04\/30\/villas-boas-farioli-merecia-sucesso-no-ajax-caso-tivesse-nao-estaria-no-fc-porto\/"},"wordCount":204,"image":{"@id":"https:\/\/portaltela.pt\/noticias\/2026\/04\/30\/villas-boas-farioli-merecia-sucesso-no-ajax-caso-tivesse-nao-estaria-no-fc-porto\/#primaryimage"},"thumbnailUrl":"https:\/\/portaltela.pt\/s.01k8rhncp4jt1\/2026\/04\/img_920x518uu2026-01-11-21-12-24-2414219-im-639037634362741010.jpg","keywords":["1.\u00aa Liga","Ajax","Alverca","FC Porto","futebol","Porto"],"articleSection":["Desporto","Futebol"],"inLanguage":"pt-PT"},{"@type":"WebPage","@id":"https:\/\/portaltela.pt\/noticias\/2026\/04\/30\/villas-boas-farioli-merecia-sucesso-no-ajax-caso-tivesse-nao-estaria-no-fc-porto\/","url":"https:\/\/portaltela.pt\/noticias\/2026\/04\/30\/villas-boas-farioli-merecia-sucesso-no-ajax-caso-tivesse-nao-estaria-no-fc-porto\/","name":"Villas-Boas: Farioli merecia sucesso no Ajax; caso tivesse, n\u00e3o estaria no FC Porto - Portal Tela Portugal","isPartOf":{"@id":"https:\/\/portaltela.pt\/#website"},"primaryImageOfPage":{"@id":"https:\/\/portaltela.pt\/noticias\/2026\/04\/30\/villas-boas-farioli-merecia-sucesso-no-ajax-caso-tivesse-nao-estaria-no-fc-porto\/#primaryimage"},"image":{"@id":"https:\/\/portaltela.pt\/noticias\/2026\/04\/30\/villas-boas-farioli-merecia-sucesso-no-ajax-caso-tivesse-nao-estaria-no-fc-porto\/#primaryimage"},"thumbnailUrl":"https:\/\/portaltela.pt\/s.01k8rhncp4jt1\/2026\/04\/img_920x518uu2026-01-11-21-12-24-2414219-im-639037634362741010.jpg","datePublished":"2026-04-30T08:47:47+00:00","author":{"@id":"https:\/\/portaltela.pt\/#\/schema\/person\/c4278d4a6028830caff9ee44b42d32ed"},"breadcrumb":{"@id":"https:\/\/portaltela.pt\/noticias\/2026\/04\/30\/villas-boas-farioli-merecia-sucesso-no-ajax-caso-tivesse-nao-estaria-no-fc-porto\/#breadcrumb"},"inLanguage":"pt-PT","potentialAction":[{"@type":"ReadAction","target":["https:\/\/portaltela.pt\/noticias\/2026\/04\/30\/villas-boas-farioli-merecia-sucesso-no-ajax-caso-tivesse-nao-estaria-no-fc-porto\/"]}]},{"@type":"ImageObject","inLanguage":"pt-PT","@id":"https:\/\/portaltela.pt\/noticias\/2026\/04\/30\/villas-boas-farioli-merecia-sucesso-no-ajax-caso-tivesse-nao-estaria-no-fc-porto\/#primaryimage","url":"https:\/\/portaltela.pt\/s.01k8rhncp4jt1\/2026\/04\/img_920x518uu2026-01-11-21-12-24-2414219-im-639037634362741010.jpg","contentUrl":"https:\/\/portaltela.pt\/s.01k8rhncp4jt1\/2026\/04\/img_920x518uu2026-01-11-21-12-24-2414219-im-639037634362741010.jpg","width":796,"height":448,"caption":"As primeiras imagens de Farioli ap\u00f3s renovar com o FC Porto"},{"@type":"BreadcrumbList","@id":"https:\/\/portaltela.pt\/noticias\/2026\/04\/30\/villas-boas-farioli-merecia-sucesso-no-ajax-caso-tivesse-nao-estaria-no-fc-porto\/#breadcrumb","itemListElement":[{"@type":"ListItem","position":1,"name":"In\u00edcio","item":"https:\/\/portaltela.pt\/"},{"@type":"ListItem","position":2,"name":"Villas-Boas: Farioli merecia sucesso no Ajax; caso tivesse, n\u00e3o estaria no FC Porto"}]},{"@type":"WebSite","@id":"https:\/\/portaltela.pt\/#website","url":"https:\/\/portaltela.pt\/","name":"Portal Tela Portugal","description":"","potentialAction":[{"@type":"SearchAction","target":{"@type":"EntryPoint","urlTemplate":"https:\/\/portaltela.pt\/?s={search_term_string}"},"query-input":{"@type":"PropertyValueSpecification","valueRequired":true,"valueName":"search_term_string"}}],"inLanguage":"pt-PT"},{"@type":"Person","@id":"https:\/\/portaltela.pt\/#\/schema\/person\/c4278d4a6028830caff9ee44b42d32ed","name":"Telinha","image":{"@type":"ImageObject","inLanguage":"pt-PT","@id":"https:\/\/portaltela.pt\/s.01k8rhncp4jt1\/2025\/11\/talking-bot-125x125.png","url":"https:\/\/portaltela.pt\/s.01k8rhncp4jt1\/2025\/11\/talking-bot-125x125.png","contentUrl":"https:\/\/portaltela.pt\/s.01k8rhncp4jt1\/2025\/11\/talking-bot-125x125.png","caption":"Telinha"},"sameAs":["https:\/\/portaltela.pt\/"],"url":"https:\/\/portaltela.pt\/por\/367410592786\/"}]}},"_links":{"self":[{"href":"https:\/\/portaltela.pt\/api\/wp\/v2\/posts\/461984","targetHints":{"allow":["GET"]}}],"collection":[{"href":"https:\/\/portaltela.pt\/api\/wp\/v2\/posts"}],"about":[{"href":"https:\/\/portaltela.pt\/api\/wp\/v2\/types\/post"}],"author":[{"embeddable":true,"href":"https:\/\/portaltela.pt\/api\/wp\/v2\/users\/2"}],"replies":[{"embeddable":true,"href":"https:\/\/portaltela.pt\/api\/wp\/v2\/comments?post=461984"}],"version-history":[{"count":0,"href":"https:\/\/portaltela.pt\/api\/wp\/v2\/posts\/461984\/revisions"}],"wp:featuredmedia":[{"embeddable":true,"href":"https:\/\/portaltela.pt\/api\/wp\/v2\/media\/461986"}],"wp:attachment":[{"href":"https:\/\/portaltela.pt\/api\/wp\/v2\/media?parent=461984"}],"wp:term":[{"taxonomy":"category","embeddable":true,"href":"https:\/\/portaltela.pt\/api\/wp\/v2\/categories?post=461984"},{"taxonomy":"post_tag","embeddable":true,"href":"https:\/\/portaltela.pt\/api\/wp\/v2\/tags?post=461984"}],"curies":[{"name":"wp","href":"https:\/\/api.w.org\/{rel}","templated":true}]}}