{"id":461965,"date":"2026-04-30T05:33:09","date_gmt":"2026-04-30T08:33:09","guid":{"rendered":"https:\/\/portaltela.pt\/noticias\/2026\/04\/30\/timor-leste-e-brunei-reforcam-cooperacao-em-energia-e-saude\/"},"modified":"2026-04-30T05:33:09","modified_gmt":"2026-04-30T08:33:09","slug":"timor-leste-e-brunei-reforcam-cooperacao-em-energia-e-saude","status":"publish","type":"post","link":"https:\/\/portaltela.pt\/noticias\/internacional\/2026\/04\/30\/timor-leste-e-brunei-reforcam-cooperacao-em-energia-e-saude\/","title":{"rendered":"Timor-Leste e Brunei refor\u00e7am coopera\u00e7\u00e3o em energia e sa\u00fade"},"content":{"rendered":"<p>Timor-Leste e Brunei anunciaram planos para refor\u00e7ar a coopera\u00e7\u00e3o nas \u00e1reas de energia e sa\u00fade. O an\u00fancio envolve governos e entidades p\u00fablicas, com foco em parcerias estrat\u00e9gicas entre os dois pa\u00edses.<\/p>\n<p>A iniciativa contempla interc\u00e2mbio t\u00e9cnico, coopera\u00e7\u00e3o em investimentos e partilha de conhecimento entre os setores pertinentes. Detalhes operacionais ainda n\u00e3o foram divulgados publicamente.<\/p>\n<p>As informa\u00e7\u00f5es dispon\u00edveis n\u00e3o especificam datas, locais ou termos de acordos, uma vez que o conte\u00fado completo est\u00e1 reservado a subscritores. A not\u00edcia base aponta para um incremento da colabora\u00e7\u00e3o bilateral.<\/p>\n<p>Fontes oficiais n\u00e3o confirmadas destacam o potencial de benef\u00edcios para as comunidades, incluindo melhorias na seguran\u00e7a energ\u00e9tica e no acesso a servi\u00e7os de sa\u00fade. Mais detalhes devem ser anunciados por autoridades competentes.<\/p>\n","protected":false},"excerpt":{"rendered":"<ul>\n<li>Timor-Leste e Brunei v\u00e3o refor\u00e7ar a coopera\u00e7\u00e3o nas \u00e1reas de energia e sa\u00fade.<\/li>\n<li>A divulga\u00e7\u00e3o n\u00e3o detalha cronograma nem conte\u00fados espec\u00edficos.<\/li>\n<li>O acesso ao conte\u00fado completo est\u00e1 reservado a subscritores.<\/li>\n<\/ul>\n","protected":false},"author":2,"featured_media":461970,"comment_status":"closed","ping_status":"closed","sticky":false,"template":"","format":"standard","meta":{"footnotes":""},"categories":[6814,4],"tags":[7991,7775,9096,8114,7889],"class_list":["post-461965","post","type-post","status-publish","format-standard","has-post-thumbnail","hentry","category-geopolitica","category-internacional","tag-_cooperacao-internacional","tag-_energia","tag-_intercambio-internacional","tag-_investimento","tag-_saude"],"yoast_head":"<!-- This site is optimized with the Yoast SEO plugin v27.2 - https:\/\/yoast.com\/product\/yoast-seo-wordpress\/ -->\n<title>Timor-Leste e Brunei refor\u00e7am coopera\u00e7\u00e3o em energia e sa\u00fade - Portal Tela Portugal<\/title>\n<meta name=\"robots\" content=\"index, follow, max-snippet:-1, max-image-preview:large, max-video-preview:-1\" \/>\n<meta property=\"og:locale\" content=\"pt_PT\" \/>\n<meta property=\"og:type\" content=\"article\" \/>\n<meta property=\"og:title\" content=\"Timor-Leste e Brunei refor\u00e7am coopera\u00e7\u00e3o em energia e sa\u00fade - Portal Tela Portugal\" \/>\n<meta property=\"og:description\" content=\"Timor-Leste e Brunei v\u00e3o refor\u00e7ar a coopera\u00e7\u00e3o nas \u00e1reas de energia e sa\u00fade. A divulga\u00e7\u00e3o n\u00e3o detalha cronograma nem conte\u00fados espec\u00edficos. O acesso ao conte\u00fado completo est\u00e1 reservado a subscritores.\" \/>\n<meta property=\"og:url\" content=\"https:\/\/portaltela.pt\/noticias\/2026\/04\/30\/timor-leste-e-brunei-reforcam-cooperacao-em-energia-e-saude\/\" \/>\n<meta property=\"og:site_name\" content=\"Portal Tela Portugal\" \/>\n<meta property=\"article:published_time\" content=\"2026-04-30T08:33:09+00:00\" \/>\n<meta name=\"author\" content=\"Telinha\" \/>\n<meta name=\"twitter:card\" content=\"summary_large_image\" \/>\n<meta name=\"twitter:label1\" content=\"Escrito por\" \/>\n\t<meta name=\"twitter:data1\" content=\"Telinha\" \/>\n\t<meta name=\"twitter:label2\" content=\"Tempo estimado de leitura\" \/>\n\t<meta name=\"twitter:data2\" content=\"1 minuto\" \/>\n<script type=\"application\/ld+json\" class=\"yoast-schema-graph\">{\"@context\":\"https:\/\/schema.org\",\"@graph\":[{\"@type\":\"Article\",\"@id\":\"https:\/\/portaltela.pt\/noticias\/2026\/04\/30\/timor-leste-e-brunei-reforcam-cooperacao-em-energia-e-saude\/#article\",\"isPartOf\":{\"@id\":\"https:\/\/portaltela.pt\/noticias\/2026\/04\/30\/timor-leste-e-brunei-reforcam-cooperacao-em-energia-e-saude\/\"},\"author\":{\"name\":\"Telinha\",\"@id\":\"https:\/\/portaltela.pt\/#\/schema\/person\/c4278d4a6028830caff9ee44b42d32ed\"},\"headline\":\"Timor-Leste e Brunei refor\u00e7am coopera\u00e7\u00e3o em energia e sa\u00fade\",\"datePublished\":\"2026-04-30T08:33:09+00:00\",\"mainEntityOfPage\":{\"@id\":\"https:\/\/portaltela.pt\/noticias\/2026\/04\/30\/timor-leste-e-brunei-reforcam-cooperacao-em-energia-e-saude\/\"},\"wordCount\":152,\"image\":{\"@id\":\"https:\/\/portaltela.pt\/noticias\/2026\/04\/30\/timor-leste-e-brunei-reforcam-cooperacao-em-energia-e-saude\/#primaryimage\"},\"thumbnailUrl\":\"https:\/\/portaltela.pt\/s.01k8rhncp4jt1\/2026\/04\/CACHE_780X1200_ANALOG_WATERMARKED_43705675_19806585084919.jpg\",\"keywords\":[\"_coopera\u00e7\u00e3o internacional\",\"_energia\",\"_interc\u00e2mbio internacional\",\"_investimento\",\"_sa\u00fade\"],\"articleSection\":[\"Geopol\u00edtica\",\"Internacional\"],\"inLanguage\":\"pt-PT\"},{\"@type\":\"WebPage\",\"@id\":\"https:\/\/portaltela.pt\/noticias\/2026\/04\/30\/timor-leste-e-brunei-reforcam-cooperacao-em-energia-e-saude\/\",\"url\":\"https:\/\/portaltela.pt\/noticias\/2026\/04\/30\/timor-leste-e-brunei-reforcam-cooperacao-em-energia-e-saude\/\",\"name\":\"Timor-Leste e Brunei refor\u00e7am coopera\u00e7\u00e3o em energia e sa\u00fade - Portal Tela Portugal\",\"isPartOf\":{\"@id\":\"https:\/\/portaltela.pt\/#website\"},\"primaryImageOfPage\":{\"@id\":\"https:\/\/portaltela.pt\/noticias\/2026\/04\/30\/timor-leste-e-brunei-reforcam-cooperacao-em-energia-e-saude\/#primaryimage\"},\"image\":{\"@id\":\"https:\/\/portaltela.pt\/noticias\/2026\/04\/30\/timor-leste-e-brunei-reforcam-cooperacao-em-energia-e-saude\/#primaryimage\"},\"thumbnailUrl\":\"https:\/\/portaltela.pt\/s.01k8rhncp4jt1\/2026\/04\/CACHE_780X1200_ANALOG_WATERMARKED_43705675_19806585084919.jpg\",\"datePublished\":\"2026-04-30T08:33:09+00:00\",\"author\":{\"@id\":\"https:\/\/portaltela.pt\/#\/schema\/person\/c4278d4a6028830caff9ee44b42d32ed\"},\"breadcrumb\":{\"@id\":\"https:\/\/portaltela.pt\/noticias\/2026\/04\/30\/timor-leste-e-brunei-reforcam-cooperacao-em-energia-e-saude\/#breadcrumb\"},\"inLanguage\":\"pt-PT\",\"potentialAction\":[{\"@type\":\"ReadAction\",\"target\":[\"https:\/\/portaltela.pt\/noticias\/2026\/04\/30\/timor-leste-e-brunei-reforcam-cooperacao-em-energia-e-saude\/\"]}]},{\"@type\":\"ImageObject\",\"inLanguage\":\"pt-PT\",\"@id\":\"https:\/\/portaltela.pt\/noticias\/2026\/04\/30\/timor-leste-e-brunei-reforcam-cooperacao-em-energia-e-saude\/#primaryimage\",\"url\":\"https:\/\/portaltela.pt\/s.01k8rhncp4jt1\/2026\/04\/CACHE_780X1200_ANALOG_WATERMARKED_43705675_19806585084919.jpg\",\"contentUrl\":\"https:\/\/portaltela.pt\/s.01k8rhncp4jt1\/2026\/04\/CACHE_780X1200_ANALOG_WATERMARKED_43705675_19806585084919.jpg\",\"width\":796,\"height\":448,\"caption\":\"Timor-Leste e Brunei v\u00e3o refor\u00e7ar coopera\u00e7\u00e3o na energia e sa\u00fade\"},{\"@type\":\"BreadcrumbList\",\"@id\":\"https:\/\/portaltela.pt\/noticias\/2026\/04\/30\/timor-leste-e-brunei-reforcam-cooperacao-em-energia-e-saude\/#breadcrumb\",\"itemListElement\":[{\"@type\":\"ListItem\",\"position\":1,\"name\":\"In\u00edcio\",\"item\":\"https:\/\/portaltela.pt\/\"},{\"@type\":\"ListItem\",\"position\":2,\"name\":\"Timor-Leste e Brunei refor\u00e7am coopera\u00e7\u00e3o em energia e sa\u00fade\"}]},{\"@type\":\"WebSite\",\"@id\":\"https:\/\/portaltela.pt\/#website\",\"url\":\"https:\/\/portaltela.pt\/\",\"name\":\"Portal Tela Portugal\",\"description\":\"\",\"potentialAction\":[{\"@type\":\"SearchAction\",\"target\":{\"@type\":\"EntryPoint\",\"urlTemplate\":\"https:\/\/portaltela.pt\/?s={search_term_string}\"},\"query-input\":{\"@type\":\"PropertyValueSpecification\",\"valueRequired\":true,\"valueName\":\"search_term_string\"}}],\"inLanguage\":\"pt-PT\"},{\"@type\":\"Person\",\"@id\":\"https:\/\/portaltela.pt\/#\/schema\/person\/c4278d4a6028830caff9ee44b42d32ed\",\"name\":\"Telinha\",\"image\":{\"@type\":\"ImageObject\",\"inLanguage\":\"pt-PT\",\"@id\":\"https:\/\/portaltela.pt\/s.01k8rhncp4jt1\/2025\/11\/talking-bot-125x125.png\",\"url\":\"https:\/\/portaltela.pt\/s.01k8rhncp4jt1\/2025\/11\/talking-bot-125x125.png\",\"contentUrl\":\"https:\/\/portaltela.pt\/s.01k8rhncp4jt1\/2025\/11\/talking-bot-125x125.png\",\"caption\":\"Telinha\"},\"sameAs\":[\"https:\/\/portaltela.pt\/\"],\"url\":\"https:\/\/portaltela.pt\/por\/367410592786\/\"}]}<\/script>\n<!-- \/ Yoast SEO plugin. -->","yoast_head_json":{"title":"Timor-Leste e Brunei refor\u00e7am coopera\u00e7\u00e3o em energia e sa\u00fade - Portal Tela Portugal","robots":{"index":"index","follow":"follow","max-snippet":"max-snippet:-1","max-image-preview":"max-image-preview:large","max-video-preview":"max-video-preview:-1"},"og_locale":"pt_PT","og_type":"article","og_title":"Timor-Leste e Brunei refor\u00e7am coopera\u00e7\u00e3o em energia e sa\u00fade - Portal Tela Portugal","og_description":"Timor-Leste e Brunei v\u00e3o refor\u00e7ar a coopera\u00e7\u00e3o nas \u00e1reas de energia e sa\u00fade. A divulga\u00e7\u00e3o n\u00e3o detalha cronograma nem conte\u00fados espec\u00edficos. O acesso ao conte\u00fado completo est\u00e1 reservado a subscritores.","og_url":"https:\/\/portaltela.pt\/noticias\/2026\/04\/30\/timor-leste-e-brunei-reforcam-cooperacao-em-energia-e-saude\/","og_site_name":"Portal Tela Portugal","article_published_time":"2026-04-30T08:33:09+00:00","author":"Telinha","twitter_card":"summary_large_image","twitter_misc":{"Escrito por":"Telinha","Tempo estimado de leitura":"1 minuto"},"schema":{"@context":"https:\/\/schema.org","@graph":[{"@type":"Article","@id":"https:\/\/portaltela.pt\/noticias\/2026\/04\/30\/timor-leste-e-brunei-reforcam-cooperacao-em-energia-e-saude\/#article","isPartOf":{"@id":"https:\/\/portaltela.pt\/noticias\/2026\/04\/30\/timor-leste-e-brunei-reforcam-cooperacao-em-energia-e-saude\/"},"author":{"name":"Telinha","@id":"https:\/\/portaltela.pt\/#\/schema\/person\/c4278d4a6028830caff9ee44b42d32ed"},"headline":"Timor-Leste e Brunei refor\u00e7am coopera\u00e7\u00e3o em energia e sa\u00fade","datePublished":"2026-04-30T08:33:09+00:00","mainEntityOfPage":{"@id":"https:\/\/portaltela.pt\/noticias\/2026\/04\/30\/timor-leste-e-brunei-reforcam-cooperacao-em-energia-e-saude\/"},"wordCount":152,"image":{"@id":"https:\/\/portaltela.pt\/noticias\/2026\/04\/30\/timor-leste-e-brunei-reforcam-cooperacao-em-energia-e-saude\/#primaryimage"},"thumbnailUrl":"https:\/\/portaltela.pt\/s.01k8rhncp4jt1\/2026\/04\/CACHE_780X1200_ANALOG_WATERMARKED_43705675_19806585084919.jpg","keywords":["_coopera\u00e7\u00e3o internacional","_energia","_interc\u00e2mbio internacional","_investimento","_sa\u00fade"],"articleSection":["Geopol\u00edtica","Internacional"],"inLanguage":"pt-PT"},{"@type":"WebPage","@id":"https:\/\/portaltela.pt\/noticias\/2026\/04\/30\/timor-leste-e-brunei-reforcam-cooperacao-em-energia-e-saude\/","url":"https:\/\/portaltela.pt\/noticias\/2026\/04\/30\/timor-leste-e-brunei-reforcam-cooperacao-em-energia-e-saude\/","name":"Timor-Leste e Brunei refor\u00e7am coopera\u00e7\u00e3o em energia e sa\u00fade - Portal Tela Portugal","isPartOf":{"@id":"https:\/\/portaltela.pt\/#website"},"primaryImageOfPage":{"@id":"https:\/\/portaltela.pt\/noticias\/2026\/04\/30\/timor-leste-e-brunei-reforcam-cooperacao-em-energia-e-saude\/#primaryimage"},"image":{"@id":"https:\/\/portaltela.pt\/noticias\/2026\/04\/30\/timor-leste-e-brunei-reforcam-cooperacao-em-energia-e-saude\/#primaryimage"},"thumbnailUrl":"https:\/\/portaltela.pt\/s.01k8rhncp4jt1\/2026\/04\/CACHE_780X1200_ANALOG_WATERMARKED_43705675_19806585084919.jpg","datePublished":"2026-04-30T08:33:09+00:00","author":{"@id":"https:\/\/portaltela.pt\/#\/schema\/person\/c4278d4a6028830caff9ee44b42d32ed"},"breadcrumb":{"@id":"https:\/\/portaltela.pt\/noticias\/2026\/04\/30\/timor-leste-e-brunei-reforcam-cooperacao-em-energia-e-saude\/#breadcrumb"},"inLanguage":"pt-PT","potentialAction":[{"@type":"ReadAction","target":["https:\/\/portaltela.pt\/noticias\/2026\/04\/30\/timor-leste-e-brunei-reforcam-cooperacao-em-energia-e-saude\/"]}]},{"@type":"ImageObject","inLanguage":"pt-PT","@id":"https:\/\/portaltela.pt\/noticias\/2026\/04\/30\/timor-leste-e-brunei-reforcam-cooperacao-em-energia-e-saude\/#primaryimage","url":"https:\/\/portaltela.pt\/s.01k8rhncp4jt1\/2026\/04\/CACHE_780X1200_ANALOG_WATERMARKED_43705675_19806585084919.jpg","contentUrl":"https:\/\/portaltela.pt\/s.01k8rhncp4jt1\/2026\/04\/CACHE_780X1200_ANALOG_WATERMARKED_43705675_19806585084919.jpg","width":796,"height":448,"caption":"Timor-Leste e Brunei v\u00e3o refor\u00e7ar coopera\u00e7\u00e3o na energia e sa\u00fade"},{"@type":"BreadcrumbList","@id":"https:\/\/portaltela.pt\/noticias\/2026\/04\/30\/timor-leste-e-brunei-reforcam-cooperacao-em-energia-e-saude\/#breadcrumb","itemListElement":[{"@type":"ListItem","position":1,"name":"In\u00edcio","item":"https:\/\/portaltela.pt\/"},{"@type":"ListItem","position":2,"name":"Timor-Leste e Brunei refor\u00e7am coopera\u00e7\u00e3o em energia e sa\u00fade"}]},{"@type":"WebSite","@id":"https:\/\/portaltela.pt\/#website","url":"https:\/\/portaltela.pt\/","name":"Portal Tela Portugal","description":"","potentialAction":[{"@type":"SearchAction","target":{"@type":"EntryPoint","urlTemplate":"https:\/\/portaltela.pt\/?s={search_term_string}"},"query-input":{"@type":"PropertyValueSpecification","valueRequired":true,"valueName":"search_term_string"}}],"inLanguage":"pt-PT"},{"@type":"Person","@id":"https:\/\/portaltela.pt\/#\/schema\/person\/c4278d4a6028830caff9ee44b42d32ed","name":"Telinha","image":{"@type":"ImageObject","inLanguage":"pt-PT","@id":"https:\/\/portaltela.pt\/s.01k8rhncp4jt1\/2025\/11\/talking-bot-125x125.png","url":"https:\/\/portaltela.pt\/s.01k8rhncp4jt1\/2025\/11\/talking-bot-125x125.png","contentUrl":"https:\/\/portaltela.pt\/s.01k8rhncp4jt1\/2025\/11\/talking-bot-125x125.png","caption":"Telinha"},"sameAs":["https:\/\/portaltela.pt\/"],"url":"https:\/\/portaltela.pt\/por\/367410592786\/"}]}},"_links":{"self":[{"href":"https:\/\/portaltela.pt\/api\/wp\/v2\/posts\/461965","targetHints":{"allow":["GET"]}}],"collection":[{"href":"https:\/\/portaltela.pt\/api\/wp\/v2\/posts"}],"about":[{"href":"https:\/\/portaltela.pt\/api\/wp\/v2\/types\/post"}],"author":[{"embeddable":true,"href":"https:\/\/portaltela.pt\/api\/wp\/v2\/users\/2"}],"replies":[{"embeddable":true,"href":"https:\/\/portaltela.pt\/api\/wp\/v2\/comments?post=461965"}],"version-history":[{"count":0,"href":"https:\/\/portaltela.pt\/api\/wp\/v2\/posts\/461965\/revisions"}],"wp:featuredmedia":[{"embeddable":true,"href":"https:\/\/portaltela.pt\/api\/wp\/v2\/media\/461970"}],"wp:attachment":[{"href":"https:\/\/portaltela.pt\/api\/wp\/v2\/media?parent=461965"}],"wp:term":[{"taxonomy":"category","embeddable":true,"href":"https:\/\/portaltela.pt\/api\/wp\/v2\/categories?post=461965"},{"taxonomy":"post_tag","embeddable":true,"href":"https:\/\/portaltela.pt\/api\/wp\/v2\/tags?post=461965"}],"curies":[{"name":"wp","href":"https:\/\/api.w.org\/{rel}","templated":true}]}}