{"id":461956,"date":"2026-04-30T05:33:02","date_gmt":"2026-04-30T08:33:02","guid":{"rendered":"https:\/\/portaltela.pt\/noticias\/2026\/04\/30\/maior-jornal-de-macau-critica-o-fim-de-conferencias-de-imprensa-sobre-crime\/"},"modified":"2026-04-30T05:33:02","modified_gmt":"2026-04-30T08:33:02","slug":"maior-jornal-de-macau-critica-o-fim-de-conferencias-de-imprensa-sobre-crime","status":"publish","type":"post","link":"https:\/\/portaltela.pt\/justica\/2026\/04\/30\/maior-jornal-de-macau-critica-o-fim-de-conferencias-de-imprensa-sobre-crime\/","title":{"rendered":"Maior jornal de Macau critica o fim de confer\u00eancias de imprensa sobre crime"},"content":{"rendered":"<p>O maior di\u00e1rio em l\u00edngua chinesa de Macau criticou hoje as autoridades por encerrarem as portas ao p\u00fablico, ap\u00f3s o Governo ter terminado as confer\u00eancias de imprensa trimestrais sobre relat\u00f3rios de criminalidade. A comunica\u00e7\u00e3o foi feita em tom de oposi\u00e7\u00e3o \u00e0 decis\u00e3o de tornar mais dif\u00edcil a divulga\u00e7\u00e3o p\u00fablica de dados sobre seguran\u00e7a.<\/p>\n<p>Segundo o jornal, a medida reduz a transpar\u00eancia e a possibilidade de escrut\u00ednio p\u00fablico sobre as estat\u00edsticas de crime. A decis\u00e3o foi anunciada pelo Governo sem, at\u00e9 ao momento, indicar alternativas espec\u00edficas para divulga\u00e7\u00e3o de informa\u00e7\u00f5es oficiais.<\/p>\n<p>A not\u00edcia \u00e9 acompanhada pela d\u00favida sobre o impacto para a imprensa e a popula\u00e7\u00e3o, uma vez que as confer\u00eancias costumavam oferecer explica\u00e7\u00f5es diretas sobre flutua\u00e7\u00f5es nos \u00edndices de criminalidade e medidas de combate \u00e0 criminalidade. A fonte \u00e9 a ag\u00eancia Lusa.<\/p>\n","protected":false},"excerpt":{"rendered":"<ul>\n<li>O maior di\u00e1rio em l\u00edngua chinesa de Macau criticou o Governo por \u201cfechar as portas ao p\u00fablico\u201d.<\/li>\n<li>A cr\u00edtica surge ap\u00f3s o Governo ter terminado as confer\u00eancias de imprensa trimestrais sobre relat\u00f3rios de criminalidade.<\/li>\n<li>A not\u00edcia aponta que as confer\u00eancias deixaram de decorrer, reduzindo a divulga\u00e7\u00e3o p\u00fablica de dados de criminalidade.<\/li>\n<li>O jornal aponta impactos na transpar\u00eancia e no acesso da popula\u00e7\u00e3o a informa\u00e7\u00f5es oficiais sobre seguran\u00e7a.<\/li>\n<\/ul>\n","protected":false},"author":2,"featured_media":461964,"comment_status":"closed","ping_status":"closed","sticky":false,"template":"","format":"standard","meta":{"footnotes":""},"categories":[6907,6815],"tags":[7921,7943,7995,7998,8067,8280],"class_list":["post-461956","post","type-post","status-publish","format-standard","has-post-thumbnail","hentry","category-crime","category-justica","tag-_crime","tag-_crimes","tag-_imprensa","tag-_informacao-publica","tag-_liberdade-de-imprensa","tag-_transparencia"],"yoast_head":"<!-- This site is optimized with the Yoast SEO plugin v27.2 - https:\/\/yoast.com\/product\/yoast-seo-wordpress\/ -->\n<title>Maior jornal de Macau critica o fim de confer\u00eancias de imprensa sobre crime - Portal Tela Portugal<\/title>\n<meta name=\"robots\" content=\"index, follow, max-snippet:-1, max-image-preview:large, max-video-preview:-1\" \/>\n<meta property=\"og:locale\" content=\"pt_PT\" \/>\n<meta property=\"og:type\" content=\"article\" \/>\n<meta property=\"og:title\" content=\"Maior jornal de Macau critica o fim de confer\u00eancias de imprensa sobre crime - Portal Tela Portugal\" \/>\n<meta property=\"og:description\" content=\"O maior di\u00e1rio em l\u00edngua chinesa de Macau criticou o Governo por \u201cfechar as portas ao p\u00fablico\u201d. A cr\u00edtica surge ap\u00f3s o Governo ter terminado as confer\u00eancias de imprensa trimestrais sobre relat\u00f3rios de criminalidade. A not\u00edcia aponta que as confer\u00eancias deixaram de decorrer, reduzindo a divulga\u00e7\u00e3o p\u00fablica de dados de criminalidade. O jornal aponta impactos na transpar\u00eancia e no acesso da popula\u00e7\u00e3o a informa\u00e7\u00f5es oficiais sobre seguran\u00e7a.\" \/>\n<meta property=\"og:url\" content=\"https:\/\/portaltela.pt\/noticias\/2026\/04\/30\/maior-jornal-de-macau-critica-o-fim-de-conferencias-de-imprensa-sobre-crime\/\" \/>\n<meta property=\"og:site_name\" content=\"Portal Tela Portugal\" \/>\n<meta property=\"article:published_time\" content=\"2026-04-30T08:33:02+00:00\" \/>\n<meta name=\"author\" content=\"Telinha\" \/>\n<meta name=\"twitter:card\" content=\"summary_large_image\" \/>\n<meta name=\"twitter:label1\" content=\"Escrito por\" \/>\n\t<meta name=\"twitter:data1\" content=\"Telinha\" \/>\n\t<meta name=\"twitter:label2\" content=\"Tempo estimado de leitura\" \/>\n\t<meta name=\"twitter:data2\" content=\"1 minuto\" \/>\n<script type=\"application\/ld+json\" class=\"yoast-schema-graph\">{\"@context\":\"https:\/\/schema.org\",\"@graph\":[{\"@type\":\"Article\",\"@id\":\"https:\/\/portaltela.pt\/noticias\/2026\/04\/30\/maior-jornal-de-macau-critica-o-fim-de-conferencias-de-imprensa-sobre-crime\/#article\",\"isPartOf\":{\"@id\":\"https:\/\/portaltela.pt\/noticias\/2026\/04\/30\/maior-jornal-de-macau-critica-o-fim-de-conferencias-de-imprensa-sobre-crime\/\"},\"author\":{\"name\":\"Telinha\",\"@id\":\"https:\/\/portaltela.pt\/#\/schema\/person\/c4278d4a6028830caff9ee44b42d32ed\"},\"headline\":\"Maior jornal de Macau critica o fim de confer\u00eancias de imprensa sobre crime\",\"datePublished\":\"2026-04-30T08:33:02+00:00\",\"mainEntityOfPage\":{\"@id\":\"https:\/\/portaltela.pt\/noticias\/2026\/04\/30\/maior-jornal-de-macau-critica-o-fim-de-conferencias-de-imprensa-sobre-crime\/\"},\"wordCount\":170,\"image\":{\"@id\":\"https:\/\/portaltela.pt\/noticias\/2026\/04\/30\/maior-jornal-de-macau-critica-o-fim-de-conferencias-de-imprensa-sobre-crime\/#primaryimage\"},\"thumbnailUrl\":\"https:\/\/portaltela.pt\/s.01k8rhncp4jt1\/2026\/04\/CACHE_780X1200_ANALOG_WATERMARKED_41381452_5597950_23082023103220.jpg\",\"keywords\":[\"_crime\",\"_crimes\",\"_imprensa\",\"_informa\u00e7\u00e3o p\u00fablica\",\"_liberdade de imprensa\",\"_transpar\u00eancia\"],\"articleSection\":[\"Crime\",\"Justi\u00e7a\"],\"inLanguage\":\"pt-PT\"},{\"@type\":\"WebPage\",\"@id\":\"https:\/\/portaltela.pt\/noticias\/2026\/04\/30\/maior-jornal-de-macau-critica-o-fim-de-conferencias-de-imprensa-sobre-crime\/\",\"url\":\"https:\/\/portaltela.pt\/noticias\/2026\/04\/30\/maior-jornal-de-macau-critica-o-fim-de-conferencias-de-imprensa-sobre-crime\/\",\"name\":\"Maior jornal de Macau critica o fim de confer\u00eancias de imprensa sobre crime - Portal Tela Portugal\",\"isPartOf\":{\"@id\":\"https:\/\/portaltela.pt\/#website\"},\"primaryImageOfPage\":{\"@id\":\"https:\/\/portaltela.pt\/noticias\/2026\/04\/30\/maior-jornal-de-macau-critica-o-fim-de-conferencias-de-imprensa-sobre-crime\/#primaryimage\"},\"image\":{\"@id\":\"https:\/\/portaltela.pt\/noticias\/2026\/04\/30\/maior-jornal-de-macau-critica-o-fim-de-conferencias-de-imprensa-sobre-crime\/#primaryimage\"},\"thumbnailUrl\":\"https:\/\/portaltela.pt\/s.01k8rhncp4jt1\/2026\/04\/CACHE_780X1200_ANALOG_WATERMARKED_41381452_5597950_23082023103220.jpg\",\"datePublished\":\"2026-04-30T08:33:02+00:00\",\"author\":{\"@id\":\"https:\/\/portaltela.pt\/#\/schema\/person\/c4278d4a6028830caff9ee44b42d32ed\"},\"breadcrumb\":{\"@id\":\"https:\/\/portaltela.pt\/noticias\/2026\/04\/30\/maior-jornal-de-macau-critica-o-fim-de-conferencias-de-imprensa-sobre-crime\/#breadcrumb\"},\"inLanguage\":\"pt-PT\",\"potentialAction\":[{\"@type\":\"ReadAction\",\"target\":[\"https:\/\/portaltela.pt\/noticias\/2026\/04\/30\/maior-jornal-de-macau-critica-o-fim-de-conferencias-de-imprensa-sobre-crime\/\"]}]},{\"@type\":\"ImageObject\",\"inLanguage\":\"pt-PT\",\"@id\":\"https:\/\/portaltela.pt\/noticias\/2026\/04\/30\/maior-jornal-de-macau-critica-o-fim-de-conferencias-de-imprensa-sobre-crime\/#primaryimage\",\"url\":\"https:\/\/portaltela.pt\/s.01k8rhncp4jt1\/2026\/04\/CACHE_780X1200_ANALOG_WATERMARKED_41381452_5597950_23082023103220.jpg\",\"contentUrl\":\"https:\/\/portaltela.pt\/s.01k8rhncp4jt1\/2026\/04\/CACHE_780X1200_ANALOG_WATERMARKED_41381452_5597950_23082023103220.jpg\",\"width\":796,\"height\":448,\"caption\":\"Maior jornal de Macau critica Governo pelo fim de confer\u00eancias de imprensa sobre crime\"},{\"@type\":\"BreadcrumbList\",\"@id\":\"https:\/\/portaltela.pt\/noticias\/2026\/04\/30\/maior-jornal-de-macau-critica-o-fim-de-conferencias-de-imprensa-sobre-crime\/#breadcrumb\",\"itemListElement\":[{\"@type\":\"ListItem\",\"position\":1,\"name\":\"In\u00edcio\",\"item\":\"https:\/\/portaltela.pt\/\"},{\"@type\":\"ListItem\",\"position\":2,\"name\":\"Maior jornal de Macau critica o fim de confer\u00eancias de imprensa sobre crime\"}]},{\"@type\":\"WebSite\",\"@id\":\"https:\/\/portaltela.pt\/#website\",\"url\":\"https:\/\/portaltela.pt\/\",\"name\":\"Portal Tela Portugal\",\"description\":\"\",\"potentialAction\":[{\"@type\":\"SearchAction\",\"target\":{\"@type\":\"EntryPoint\",\"urlTemplate\":\"https:\/\/portaltela.pt\/?s={search_term_string}\"},\"query-input\":{\"@type\":\"PropertyValueSpecification\",\"valueRequired\":true,\"valueName\":\"search_term_string\"}}],\"inLanguage\":\"pt-PT\"},{\"@type\":\"Person\",\"@id\":\"https:\/\/portaltela.pt\/#\/schema\/person\/c4278d4a6028830caff9ee44b42d32ed\",\"name\":\"Telinha\",\"image\":{\"@type\":\"ImageObject\",\"inLanguage\":\"pt-PT\",\"@id\":\"https:\/\/portaltela.pt\/s.01k8rhncp4jt1\/2025\/11\/talking-bot-125x125.png\",\"url\":\"https:\/\/portaltela.pt\/s.01k8rhncp4jt1\/2025\/11\/talking-bot-125x125.png\",\"contentUrl\":\"https:\/\/portaltela.pt\/s.01k8rhncp4jt1\/2025\/11\/talking-bot-125x125.png\",\"caption\":\"Telinha\"},\"sameAs\":[\"https:\/\/portaltela.pt\/\"],\"url\":\"https:\/\/portaltela.pt\/por\/367410592786\/\"}]}<\/script>\n<!-- \/ Yoast SEO plugin. -->","yoast_head_json":{"title":"Maior jornal de Macau critica o fim de confer\u00eancias de imprensa sobre crime - Portal Tela Portugal","robots":{"index":"index","follow":"follow","max-snippet":"max-snippet:-1","max-image-preview":"max-image-preview:large","max-video-preview":"max-video-preview:-1"},"og_locale":"pt_PT","og_type":"article","og_title":"Maior jornal de Macau critica o fim de confer\u00eancias de imprensa sobre crime - Portal Tela Portugal","og_description":"O maior di\u00e1rio em l\u00edngua chinesa de Macau criticou o Governo por \u201cfechar as portas ao p\u00fablico\u201d. A cr\u00edtica surge ap\u00f3s o Governo ter terminado as confer\u00eancias de imprensa trimestrais sobre relat\u00f3rios de criminalidade. A not\u00edcia aponta que as confer\u00eancias deixaram de decorrer, reduzindo a divulga\u00e7\u00e3o p\u00fablica de dados de criminalidade. O jornal aponta impactos na transpar\u00eancia e no acesso da popula\u00e7\u00e3o a informa\u00e7\u00f5es oficiais sobre seguran\u00e7a.","og_url":"https:\/\/portaltela.pt\/noticias\/2026\/04\/30\/maior-jornal-de-macau-critica-o-fim-de-conferencias-de-imprensa-sobre-crime\/","og_site_name":"Portal Tela Portugal","article_published_time":"2026-04-30T08:33:02+00:00","author":"Telinha","twitter_card":"summary_large_image","twitter_misc":{"Escrito por":"Telinha","Tempo estimado de leitura":"1 minuto"},"schema":{"@context":"https:\/\/schema.org","@graph":[{"@type":"Article","@id":"https:\/\/portaltela.pt\/noticias\/2026\/04\/30\/maior-jornal-de-macau-critica-o-fim-de-conferencias-de-imprensa-sobre-crime\/#article","isPartOf":{"@id":"https:\/\/portaltela.pt\/noticias\/2026\/04\/30\/maior-jornal-de-macau-critica-o-fim-de-conferencias-de-imprensa-sobre-crime\/"},"author":{"name":"Telinha","@id":"https:\/\/portaltela.pt\/#\/schema\/person\/c4278d4a6028830caff9ee44b42d32ed"},"headline":"Maior jornal de Macau critica o fim de confer\u00eancias de imprensa sobre crime","datePublished":"2026-04-30T08:33:02+00:00","mainEntityOfPage":{"@id":"https:\/\/portaltela.pt\/noticias\/2026\/04\/30\/maior-jornal-de-macau-critica-o-fim-de-conferencias-de-imprensa-sobre-crime\/"},"wordCount":170,"image":{"@id":"https:\/\/portaltela.pt\/noticias\/2026\/04\/30\/maior-jornal-de-macau-critica-o-fim-de-conferencias-de-imprensa-sobre-crime\/#primaryimage"},"thumbnailUrl":"https:\/\/portaltela.pt\/s.01k8rhncp4jt1\/2026\/04\/CACHE_780X1200_ANALOG_WATERMARKED_41381452_5597950_23082023103220.jpg","keywords":["_crime","_crimes","_imprensa","_informa\u00e7\u00e3o p\u00fablica","_liberdade de imprensa","_transpar\u00eancia"],"articleSection":["Crime","Justi\u00e7a"],"inLanguage":"pt-PT"},{"@type":"WebPage","@id":"https:\/\/portaltela.pt\/noticias\/2026\/04\/30\/maior-jornal-de-macau-critica-o-fim-de-conferencias-de-imprensa-sobre-crime\/","url":"https:\/\/portaltela.pt\/noticias\/2026\/04\/30\/maior-jornal-de-macau-critica-o-fim-de-conferencias-de-imprensa-sobre-crime\/","name":"Maior jornal de Macau critica o fim de confer\u00eancias de imprensa sobre crime - Portal Tela Portugal","isPartOf":{"@id":"https:\/\/portaltela.pt\/#website"},"primaryImageOfPage":{"@id":"https:\/\/portaltela.pt\/noticias\/2026\/04\/30\/maior-jornal-de-macau-critica-o-fim-de-conferencias-de-imprensa-sobre-crime\/#primaryimage"},"image":{"@id":"https:\/\/portaltela.pt\/noticias\/2026\/04\/30\/maior-jornal-de-macau-critica-o-fim-de-conferencias-de-imprensa-sobre-crime\/#primaryimage"},"thumbnailUrl":"https:\/\/portaltela.pt\/s.01k8rhncp4jt1\/2026\/04\/CACHE_780X1200_ANALOG_WATERMARKED_41381452_5597950_23082023103220.jpg","datePublished":"2026-04-30T08:33:02+00:00","author":{"@id":"https:\/\/portaltela.pt\/#\/schema\/person\/c4278d4a6028830caff9ee44b42d32ed"},"breadcrumb":{"@id":"https:\/\/portaltela.pt\/noticias\/2026\/04\/30\/maior-jornal-de-macau-critica-o-fim-de-conferencias-de-imprensa-sobre-crime\/#breadcrumb"},"inLanguage":"pt-PT","potentialAction":[{"@type":"ReadAction","target":["https:\/\/portaltela.pt\/noticias\/2026\/04\/30\/maior-jornal-de-macau-critica-o-fim-de-conferencias-de-imprensa-sobre-crime\/"]}]},{"@type":"ImageObject","inLanguage":"pt-PT","@id":"https:\/\/portaltela.pt\/noticias\/2026\/04\/30\/maior-jornal-de-macau-critica-o-fim-de-conferencias-de-imprensa-sobre-crime\/#primaryimage","url":"https:\/\/portaltela.pt\/s.01k8rhncp4jt1\/2026\/04\/CACHE_780X1200_ANALOG_WATERMARKED_41381452_5597950_23082023103220.jpg","contentUrl":"https:\/\/portaltela.pt\/s.01k8rhncp4jt1\/2026\/04\/CACHE_780X1200_ANALOG_WATERMARKED_41381452_5597950_23082023103220.jpg","width":796,"height":448,"caption":"Maior jornal de Macau critica Governo pelo fim de confer\u00eancias de imprensa sobre crime"},{"@type":"BreadcrumbList","@id":"https:\/\/portaltela.pt\/noticias\/2026\/04\/30\/maior-jornal-de-macau-critica-o-fim-de-conferencias-de-imprensa-sobre-crime\/#breadcrumb","itemListElement":[{"@type":"ListItem","position":1,"name":"In\u00edcio","item":"https:\/\/portaltela.pt\/"},{"@type":"ListItem","position":2,"name":"Maior jornal de Macau critica o fim de confer\u00eancias de imprensa sobre crime"}]},{"@type":"WebSite","@id":"https:\/\/portaltela.pt\/#website","url":"https:\/\/portaltela.pt\/","name":"Portal Tela Portugal","description":"","potentialAction":[{"@type":"SearchAction","target":{"@type":"EntryPoint","urlTemplate":"https:\/\/portaltela.pt\/?s={search_term_string}"},"query-input":{"@type":"PropertyValueSpecification","valueRequired":true,"valueName":"search_term_string"}}],"inLanguage":"pt-PT"},{"@type":"Person","@id":"https:\/\/portaltela.pt\/#\/schema\/person\/c4278d4a6028830caff9ee44b42d32ed","name":"Telinha","image":{"@type":"ImageObject","inLanguage":"pt-PT","@id":"https:\/\/portaltela.pt\/s.01k8rhncp4jt1\/2025\/11\/talking-bot-125x125.png","url":"https:\/\/portaltela.pt\/s.01k8rhncp4jt1\/2025\/11\/talking-bot-125x125.png","contentUrl":"https:\/\/portaltela.pt\/s.01k8rhncp4jt1\/2025\/11\/talking-bot-125x125.png","caption":"Telinha"},"sameAs":["https:\/\/portaltela.pt\/"],"url":"https:\/\/portaltela.pt\/por\/367410592786\/"}]}},"_links":{"self":[{"href":"https:\/\/portaltela.pt\/api\/wp\/v2\/posts\/461956","targetHints":{"allow":["GET"]}}],"collection":[{"href":"https:\/\/portaltela.pt\/api\/wp\/v2\/posts"}],"about":[{"href":"https:\/\/portaltela.pt\/api\/wp\/v2\/types\/post"}],"author":[{"embeddable":true,"href":"https:\/\/portaltela.pt\/api\/wp\/v2\/users\/2"}],"replies":[{"embeddable":true,"href":"https:\/\/portaltela.pt\/api\/wp\/v2\/comments?post=461956"}],"version-history":[{"count":0,"href":"https:\/\/portaltela.pt\/api\/wp\/v2\/posts\/461956\/revisions"}],"wp:featuredmedia":[{"embeddable":true,"href":"https:\/\/portaltela.pt\/api\/wp\/v2\/media\/461964"}],"wp:attachment":[{"href":"https:\/\/portaltela.pt\/api\/wp\/v2\/media?parent=461956"}],"wp:term":[{"taxonomy":"category","embeddable":true,"href":"https:\/\/portaltela.pt\/api\/wp\/v2\/categories?post=461956"},{"taxonomy":"post_tag","embeddable":true,"href":"https:\/\/portaltela.pt\/api\/wp\/v2\/tags?post=461956"}],"curies":[{"name":"wp","href":"https:\/\/api.w.org\/{rel}","templated":true}]}}