{"id":461954,"date":"2026-04-30T05:33:01","date_gmt":"2026-04-30T08:33:01","guid":{"rendered":"https:\/\/portaltela.pt\/noticias\/2026\/04\/30\/autoridades-israelitas-detiveram-175-ativistas-da-flotilha-de-gaza\/"},"modified":"2026-04-30T05:33:01","modified_gmt":"2026-04-30T08:33:01","slug":"autoridades-israelitas-detiveram-175-ativistas-da-flotilha-de-gaza","status":"publish","type":"post","link":"https:\/\/portaltela.pt\/noticias\/internacional\/2026\/04\/30\/autoridades-israelitas-detiveram-175-ativistas-da-flotilha-de-gaza\/","title":{"rendered":"Autoridades israelitas detiveram 175 ativistas da Flotilha de Gaza"},"content":{"rendered":"<p>O Minist\u00e9rio dos Neg\u00f3cios Estrangeiros de Israel informou que a Marinha deteve hoje 175 ativistas associados \u00e0 Flotilha de Gaza. Os ativistas estavam a bordo de 20 embarca\u00e7\u00f5es, durante opera\u00e7\u00f5es de fiscaliza\u00e7\u00e3o mar\u00edtima no territ\u00f3rio de Israel.<\/p>\n<p>Segundo o comunicado oficial, as deten\u00e7\u00f5es ocorreram no \u00e2mbito de atividades ligadas \u00e0 Flotilha de Gaza, que visava provocar uma interven\u00e7\u00e3o internacional. N\u00e3o foram divulgados detalhes adicionais sobre o estado ou destino dos detidos.<\/p>\n<p>O Minist\u00e9rio confirmou ainda que a opera\u00e7\u00e3o seguiu os procedimentos legais aplic\u00e1veis e que os indiv\u00edduos ser\u00e3o processados de acordo com a legisla\u00e7\u00e3o vigente. N\u00e3o houve informa\u00e7\u00f5es oficiais sobre alternativas de liberta\u00e7\u00e3o ou condi\u00e7\u00f5es de deten\u00e7\u00e3o at\u00e9 ao momento.<\/p>\n","protected":false},"excerpt":{"rendered":"<ul>\n<li>Autoridades israelitas detiveram 175 ativistas da Flotilha de Gaza, que se encontravam a bordo de 20 embarca\u00e7\u00f5es.<\/li>\n<li>O an\u00fancio foi feito pelo Minist\u00e9rio dos Neg\u00f3cios Estrangeiros de Israel.<\/li>\n<li>A opera\u00e7\u00e3o ocorreu hoje, segundo a fonte oficial.<\/li>\n<li>N\u00e3o foram divulgados detalhes adicionais sobre o estado dos ativistas ou os pr\u00f3ximos passos.<\/li>\n<\/ul>\n","protected":false},"author":2,"featured_media":461959,"comment_status":"closed","ping_status":"closed","sticky":false,"template":"","format":"standard","meta":{"footnotes":""},"categories":[6790,4],"tags":[4139,3651,2108,3708,4298,2023],"class_list":["post-461954","post","type-post","status-publish","format-standard","has-post-thumbnail","hentry","category-conflitos","category-internacional","tag-detencao","tag-gaza","tag-intervencao-internacional","tag-israel","tag-marinha","tag-organizacoes-internacionais"],"yoast_head":"<!-- This site is optimized with the Yoast SEO plugin v27.2 - https:\/\/yoast.com\/product\/yoast-seo-wordpress\/ -->\n<title>Autoridades israelitas detiveram 175 ativistas da Flotilha de Gaza - Portal Tela Portugal<\/title>\n<meta name=\"robots\" content=\"index, follow, max-snippet:-1, max-image-preview:large, max-video-preview:-1\" \/>\n<meta property=\"og:locale\" content=\"pt_PT\" \/>\n<meta property=\"og:type\" content=\"article\" \/>\n<meta property=\"og:title\" content=\"Autoridades israelitas detiveram 175 ativistas da Flotilha de Gaza - Portal Tela Portugal\" \/>\n<meta property=\"og:description\" content=\"Autoridades israelitas detiveram 175 ativistas da Flotilha de Gaza, que se encontravam a bordo de 20 embarca\u00e7\u00f5es. O an\u00fancio foi feito pelo Minist\u00e9rio dos Neg\u00f3cios Estrangeiros de Israel. A opera\u00e7\u00e3o ocorreu hoje, segundo a fonte oficial. N\u00e3o foram divulgados detalhes adicionais sobre o estado dos ativistas ou os pr\u00f3ximos passos.\" \/>\n<meta property=\"og:url\" content=\"https:\/\/portaltela.pt\/noticias\/2026\/04\/30\/autoridades-israelitas-detiveram-175-ativistas-da-flotilha-de-gaza\/\" \/>\n<meta property=\"og:site_name\" content=\"Portal Tela Portugal\" \/>\n<meta property=\"article:published_time\" content=\"2026-04-30T08:33:01+00:00\" \/>\n<meta name=\"author\" content=\"Telinha\" \/>\n<meta name=\"twitter:card\" content=\"summary_large_image\" \/>\n<meta name=\"twitter:label1\" content=\"Escrito por\" \/>\n\t<meta name=\"twitter:data1\" content=\"Telinha\" \/>\n\t<meta name=\"twitter:label2\" content=\"Tempo estimado de leitura\" \/>\n\t<meta name=\"twitter:data2\" content=\"1 minuto\" \/>\n<script type=\"application\/ld+json\" class=\"yoast-schema-graph\">{\"@context\":\"https:\/\/schema.org\",\"@graph\":[{\"@type\":\"Article\",\"@id\":\"https:\/\/portaltela.pt\/noticias\/2026\/04\/30\/autoridades-israelitas-detiveram-175-ativistas-da-flotilha-de-gaza\/#article\",\"isPartOf\":{\"@id\":\"https:\/\/portaltela.pt\/noticias\/2026\/04\/30\/autoridades-israelitas-detiveram-175-ativistas-da-flotilha-de-gaza\/\"},\"author\":{\"name\":\"Telinha\",\"@id\":\"https:\/\/portaltela.pt\/#\/schema\/person\/c4278d4a6028830caff9ee44b42d32ed\"},\"headline\":\"Autoridades israelitas detiveram 175 ativistas da Flotilha de Gaza\",\"datePublished\":\"2026-04-30T08:33:01+00:00\",\"mainEntityOfPage\":{\"@id\":\"https:\/\/portaltela.pt\/noticias\/2026\/04\/30\/autoridades-israelitas-detiveram-175-ativistas-da-flotilha-de-gaza\/\"},\"wordCount\":135,\"image\":{\"@id\":\"https:\/\/portaltela.pt\/noticias\/2026\/04\/30\/autoridades-israelitas-detiveram-175-ativistas-da-flotilha-de-gaza\/#primaryimage\"},\"thumbnailUrl\":\"https:\/\/portaltela.pt\/s.01k8rhncp4jt1\/2026\/04\/CACHE_780X1200_ANALOG_WATERMARKED_46999424_12359855111653.jpg\",\"keywords\":[\"deten\u00e7\u00e3o\",\"Gaza\",\"interven\u00e7\u00e3o internacional\",\"Israel\",\"Marinha\",\"organiza\u00e7\u00f5es internacionais\"],\"articleSection\":[\"Conflitos\",\"Internacional\"],\"inLanguage\":\"pt-PT\"},{\"@type\":\"WebPage\",\"@id\":\"https:\/\/portaltela.pt\/noticias\/2026\/04\/30\/autoridades-israelitas-detiveram-175-ativistas-da-flotilha-de-gaza\/\",\"url\":\"https:\/\/portaltela.pt\/noticias\/2026\/04\/30\/autoridades-israelitas-detiveram-175-ativistas-da-flotilha-de-gaza\/\",\"name\":\"Autoridades israelitas detiveram 175 ativistas da Flotilha de Gaza - Portal Tela Portugal\",\"isPartOf\":{\"@id\":\"https:\/\/portaltela.pt\/#website\"},\"primaryImageOfPage\":{\"@id\":\"https:\/\/portaltela.pt\/noticias\/2026\/04\/30\/autoridades-israelitas-detiveram-175-ativistas-da-flotilha-de-gaza\/#primaryimage\"},\"image\":{\"@id\":\"https:\/\/portaltela.pt\/noticias\/2026\/04\/30\/autoridades-israelitas-detiveram-175-ativistas-da-flotilha-de-gaza\/#primaryimage\"},\"thumbnailUrl\":\"https:\/\/portaltela.pt\/s.01k8rhncp4jt1\/2026\/04\/CACHE_780X1200_ANALOG_WATERMARKED_46999424_12359855111653.jpg\",\"datePublished\":\"2026-04-30T08:33:01+00:00\",\"author\":{\"@id\":\"https:\/\/portaltela.pt\/#\/schema\/person\/c4278d4a6028830caff9ee44b42d32ed\"},\"breadcrumb\":{\"@id\":\"https:\/\/portaltela.pt\/noticias\/2026\/04\/30\/autoridades-israelitas-detiveram-175-ativistas-da-flotilha-de-gaza\/#breadcrumb\"},\"inLanguage\":\"pt-PT\",\"potentialAction\":[{\"@type\":\"ReadAction\",\"target\":[\"https:\/\/portaltela.pt\/noticias\/2026\/04\/30\/autoridades-israelitas-detiveram-175-ativistas-da-flotilha-de-gaza\/\"]}]},{\"@type\":\"ImageObject\",\"inLanguage\":\"pt-PT\",\"@id\":\"https:\/\/portaltela.pt\/noticias\/2026\/04\/30\/autoridades-israelitas-detiveram-175-ativistas-da-flotilha-de-gaza\/#primaryimage\",\"url\":\"https:\/\/portaltela.pt\/s.01k8rhncp4jt1\/2026\/04\/CACHE_780X1200_ANALOG_WATERMARKED_46999424_12359855111653.jpg\",\"contentUrl\":\"https:\/\/portaltela.pt\/s.01k8rhncp4jt1\/2026\/04\/CACHE_780X1200_ANALOG_WATERMARKED_46999424_12359855111653.jpg\",\"width\":768,\"height\":455,\"caption\":\"Photo\"},{\"@type\":\"BreadcrumbList\",\"@id\":\"https:\/\/portaltela.pt\/noticias\/2026\/04\/30\/autoridades-israelitas-detiveram-175-ativistas-da-flotilha-de-gaza\/#breadcrumb\",\"itemListElement\":[{\"@type\":\"ListItem\",\"position\":1,\"name\":\"In\u00edcio\",\"item\":\"https:\/\/portaltela.pt\/\"},{\"@type\":\"ListItem\",\"position\":2,\"name\":\"Autoridades israelitas detiveram 175 ativistas da Flotilha de Gaza\"}]},{\"@type\":\"WebSite\",\"@id\":\"https:\/\/portaltela.pt\/#website\",\"url\":\"https:\/\/portaltela.pt\/\",\"name\":\"Portal Tela Portugal\",\"description\":\"\",\"potentialAction\":[{\"@type\":\"SearchAction\",\"target\":{\"@type\":\"EntryPoint\",\"urlTemplate\":\"https:\/\/portaltela.pt\/?s={search_term_string}\"},\"query-input\":{\"@type\":\"PropertyValueSpecification\",\"valueRequired\":true,\"valueName\":\"search_term_string\"}}],\"inLanguage\":\"pt-PT\"},{\"@type\":\"Person\",\"@id\":\"https:\/\/portaltela.pt\/#\/schema\/person\/c4278d4a6028830caff9ee44b42d32ed\",\"name\":\"Telinha\",\"image\":{\"@type\":\"ImageObject\",\"inLanguage\":\"pt-PT\",\"@id\":\"https:\/\/portaltela.pt\/s.01k8rhncp4jt1\/2025\/11\/talking-bot-125x125.png\",\"url\":\"https:\/\/portaltela.pt\/s.01k8rhncp4jt1\/2025\/11\/talking-bot-125x125.png\",\"contentUrl\":\"https:\/\/portaltela.pt\/s.01k8rhncp4jt1\/2025\/11\/talking-bot-125x125.png\",\"caption\":\"Telinha\"},\"sameAs\":[\"https:\/\/portaltela.pt\/\"],\"url\":\"https:\/\/portaltela.pt\/por\/367410592786\/\"}]}<\/script>\n<!-- \/ Yoast SEO plugin. -->","yoast_head_json":{"title":"Autoridades israelitas detiveram 175 ativistas da Flotilha de Gaza - Portal Tela Portugal","robots":{"index":"index","follow":"follow","max-snippet":"max-snippet:-1","max-image-preview":"max-image-preview:large","max-video-preview":"max-video-preview:-1"},"og_locale":"pt_PT","og_type":"article","og_title":"Autoridades israelitas detiveram 175 ativistas da Flotilha de Gaza - Portal Tela Portugal","og_description":"Autoridades israelitas detiveram 175 ativistas da Flotilha de Gaza, que se encontravam a bordo de 20 embarca\u00e7\u00f5es. O an\u00fancio foi feito pelo Minist\u00e9rio dos Neg\u00f3cios Estrangeiros de Israel. A opera\u00e7\u00e3o ocorreu hoje, segundo a fonte oficial. N\u00e3o foram divulgados detalhes adicionais sobre o estado dos ativistas ou os pr\u00f3ximos passos.","og_url":"https:\/\/portaltela.pt\/noticias\/2026\/04\/30\/autoridades-israelitas-detiveram-175-ativistas-da-flotilha-de-gaza\/","og_site_name":"Portal Tela Portugal","article_published_time":"2026-04-30T08:33:01+00:00","author":"Telinha","twitter_card":"summary_large_image","twitter_misc":{"Escrito por":"Telinha","Tempo estimado de leitura":"1 minuto"},"schema":{"@context":"https:\/\/schema.org","@graph":[{"@type":"Article","@id":"https:\/\/portaltela.pt\/noticias\/2026\/04\/30\/autoridades-israelitas-detiveram-175-ativistas-da-flotilha-de-gaza\/#article","isPartOf":{"@id":"https:\/\/portaltela.pt\/noticias\/2026\/04\/30\/autoridades-israelitas-detiveram-175-ativistas-da-flotilha-de-gaza\/"},"author":{"name":"Telinha","@id":"https:\/\/portaltela.pt\/#\/schema\/person\/c4278d4a6028830caff9ee44b42d32ed"},"headline":"Autoridades israelitas detiveram 175 ativistas da Flotilha de Gaza","datePublished":"2026-04-30T08:33:01+00:00","mainEntityOfPage":{"@id":"https:\/\/portaltela.pt\/noticias\/2026\/04\/30\/autoridades-israelitas-detiveram-175-ativistas-da-flotilha-de-gaza\/"},"wordCount":135,"image":{"@id":"https:\/\/portaltela.pt\/noticias\/2026\/04\/30\/autoridades-israelitas-detiveram-175-ativistas-da-flotilha-de-gaza\/#primaryimage"},"thumbnailUrl":"https:\/\/portaltela.pt\/s.01k8rhncp4jt1\/2026\/04\/CACHE_780X1200_ANALOG_WATERMARKED_46999424_12359855111653.jpg","keywords":["deten\u00e7\u00e3o","Gaza","interven\u00e7\u00e3o internacional","Israel","Marinha","organiza\u00e7\u00f5es internacionais"],"articleSection":["Conflitos","Internacional"],"inLanguage":"pt-PT"},{"@type":"WebPage","@id":"https:\/\/portaltela.pt\/noticias\/2026\/04\/30\/autoridades-israelitas-detiveram-175-ativistas-da-flotilha-de-gaza\/","url":"https:\/\/portaltela.pt\/noticias\/2026\/04\/30\/autoridades-israelitas-detiveram-175-ativistas-da-flotilha-de-gaza\/","name":"Autoridades israelitas detiveram 175 ativistas da Flotilha de Gaza - Portal Tela Portugal","isPartOf":{"@id":"https:\/\/portaltela.pt\/#website"},"primaryImageOfPage":{"@id":"https:\/\/portaltela.pt\/noticias\/2026\/04\/30\/autoridades-israelitas-detiveram-175-ativistas-da-flotilha-de-gaza\/#primaryimage"},"image":{"@id":"https:\/\/portaltela.pt\/noticias\/2026\/04\/30\/autoridades-israelitas-detiveram-175-ativistas-da-flotilha-de-gaza\/#primaryimage"},"thumbnailUrl":"https:\/\/portaltela.pt\/s.01k8rhncp4jt1\/2026\/04\/CACHE_780X1200_ANALOG_WATERMARKED_46999424_12359855111653.jpg","datePublished":"2026-04-30T08:33:01+00:00","author":{"@id":"https:\/\/portaltela.pt\/#\/schema\/person\/c4278d4a6028830caff9ee44b42d32ed"},"breadcrumb":{"@id":"https:\/\/portaltela.pt\/noticias\/2026\/04\/30\/autoridades-israelitas-detiveram-175-ativistas-da-flotilha-de-gaza\/#breadcrumb"},"inLanguage":"pt-PT","potentialAction":[{"@type":"ReadAction","target":["https:\/\/portaltela.pt\/noticias\/2026\/04\/30\/autoridades-israelitas-detiveram-175-ativistas-da-flotilha-de-gaza\/"]}]},{"@type":"ImageObject","inLanguage":"pt-PT","@id":"https:\/\/portaltela.pt\/noticias\/2026\/04\/30\/autoridades-israelitas-detiveram-175-ativistas-da-flotilha-de-gaza\/#primaryimage","url":"https:\/\/portaltela.pt\/s.01k8rhncp4jt1\/2026\/04\/CACHE_780X1200_ANALOG_WATERMARKED_46999424_12359855111653.jpg","contentUrl":"https:\/\/portaltela.pt\/s.01k8rhncp4jt1\/2026\/04\/CACHE_780X1200_ANALOG_WATERMARKED_46999424_12359855111653.jpg","width":768,"height":455,"caption":"Photo"},{"@type":"BreadcrumbList","@id":"https:\/\/portaltela.pt\/noticias\/2026\/04\/30\/autoridades-israelitas-detiveram-175-ativistas-da-flotilha-de-gaza\/#breadcrumb","itemListElement":[{"@type":"ListItem","position":1,"name":"In\u00edcio","item":"https:\/\/portaltela.pt\/"},{"@type":"ListItem","position":2,"name":"Autoridades israelitas detiveram 175 ativistas da Flotilha de Gaza"}]},{"@type":"WebSite","@id":"https:\/\/portaltela.pt\/#website","url":"https:\/\/portaltela.pt\/","name":"Portal Tela Portugal","description":"","potentialAction":[{"@type":"SearchAction","target":{"@type":"EntryPoint","urlTemplate":"https:\/\/portaltela.pt\/?s={search_term_string}"},"query-input":{"@type":"PropertyValueSpecification","valueRequired":true,"valueName":"search_term_string"}}],"inLanguage":"pt-PT"},{"@type":"Person","@id":"https:\/\/portaltela.pt\/#\/schema\/person\/c4278d4a6028830caff9ee44b42d32ed","name":"Telinha","image":{"@type":"ImageObject","inLanguage":"pt-PT","@id":"https:\/\/portaltela.pt\/s.01k8rhncp4jt1\/2025\/11\/talking-bot-125x125.png","url":"https:\/\/portaltela.pt\/s.01k8rhncp4jt1\/2025\/11\/talking-bot-125x125.png","contentUrl":"https:\/\/portaltela.pt\/s.01k8rhncp4jt1\/2025\/11\/talking-bot-125x125.png","caption":"Telinha"},"sameAs":["https:\/\/portaltela.pt\/"],"url":"https:\/\/portaltela.pt\/por\/367410592786\/"}]}},"_links":{"self":[{"href":"https:\/\/portaltela.pt\/api\/wp\/v2\/posts\/461954","targetHints":{"allow":["GET"]}}],"collection":[{"href":"https:\/\/portaltela.pt\/api\/wp\/v2\/posts"}],"about":[{"href":"https:\/\/portaltela.pt\/api\/wp\/v2\/types\/post"}],"author":[{"embeddable":true,"href":"https:\/\/portaltela.pt\/api\/wp\/v2\/users\/2"}],"replies":[{"embeddable":true,"href":"https:\/\/portaltela.pt\/api\/wp\/v2\/comments?post=461954"}],"version-history":[{"count":0,"href":"https:\/\/portaltela.pt\/api\/wp\/v2\/posts\/461954\/revisions"}],"wp:featuredmedia":[{"embeddable":true,"href":"https:\/\/portaltela.pt\/api\/wp\/v2\/media\/461959"}],"wp:attachment":[{"href":"https:\/\/portaltela.pt\/api\/wp\/v2\/media?parent=461954"}],"wp:term":[{"taxonomy":"category","embeddable":true,"href":"https:\/\/portaltela.pt\/api\/wp\/v2\/categories?post=461954"},{"taxonomy":"post_tag","embeddable":true,"href":"https:\/\/portaltela.pt\/api\/wp\/v2\/tags?post=461954"}],"curies":[{"name":"wp","href":"https:\/\/api.w.org\/{rel}","templated":true}]}}