{"id":461953,"date":"2026-04-30T02:50:00","date_gmt":"2026-04-30T05:50:00","guid":{"rendered":"https:\/\/portaltela.pt\/noticias\/2026\/04\/30\/coreia-do-norte-enfrenta-grave-seca-em-grande-parte-do-territorio\/"},"modified":"2026-04-30T02:50:00","modified_gmt":"2026-04-30T05:50:00","slug":"coreia-do-norte-enfrenta-grave-seca-em-grande-parte-do-territorio","status":"publish","type":"post","link":"https:\/\/portaltela.pt\/tempo\/2026\/04\/30\/coreia-do-norte-enfrenta-grave-seca-em-grande-parte-do-territorio\/","title":{"rendered":"Coreia do Norte enfrenta grave seca em grande parte do territ\u00f3rio"},"content":{"rendered":"<p>A Coreia do Norte enfrenta uma grave seca que afeta uma grande parte do territ\u00f3rio, conforme anunciado pelas autoridades do pa\u00eds. A situa\u00e7\u00e3o \u00e9 descrita como prolongada e com impacto significativo na agricultura.<\/p>\n<p>Segundo o comunicado oficial, a seca persiste em v\u00e1rias regi\u00f5es, comprometendo a disponibilidade de \u00e1gua para uso agr\u00edcola e a produ\u00e7\u00e3o de culturas b\u00e1sicas. As autoridades acompanham o desenrolar do fen\u00f3meno e avaliam medidas de resposta.<\/p>\n<p>A not\u00edcia varia conforme \u00e1reas, mas o governo afirma estar a coordenar a\u00e7\u00f5es de gest\u00e3o de recursos h\u00eddricos e apoio \u00e0s zonas mais afetadas. Especialistas apontam riscos a curto e m\u00e9dio prazo para a seguran\u00e7a alimentar local.<\/p>\n<p>N\u00e3o foram divulgados dados detalhados sobre \u00e1reas espec\u00edficas, percentuais de perda de colheitas ou estimativas de impacto econ\u00f3mico. O acompanhamento internacional continua a observar a evolu\u00e7\u00e3o da seca no pa\u00eds.<\/p>\n","protected":false},"excerpt":{"rendered":"<ul>\n<li>Coreia do Norte enfrenta grave seca em grande parte do territ\u00f3rio.<\/li>\n<li>A informa\u00e7\u00e3o completa est\u00e1 dispon\u00edvel apenas para subscritores.<\/li>\n<li>O texto dispon\u00edvel n\u00e3o apresenta dados adicionais ou datas espec\u00edficas.<\/li>\n<\/ul>\n","protected":false},"author":2,"featured_media":461958,"comment_status":"closed","ping_status":"closed","sticky":false,"template":"","format":"standard","meta":{"footnotes":""},"categories":[7380,7365],"tags":[7883,7923,8238,7980,8961,7885],"class_list":["post-461953","post","type-post","status-publish","format-standard","has-post-thumbnail","hentry","category-clima","category-tempo","tag-_agricultura","tag-_agua","tag-_ambiente","tag-_asia","tag-_coreia-do-norte","tag-_seguranca-alimentar"],"yoast_head":"<!-- This site is optimized with the Yoast SEO plugin v27.2 - https:\/\/yoast.com\/product\/yoast-seo-wordpress\/ -->\n<title>Coreia do Norte enfrenta grave seca em grande parte do territ\u00f3rio - Portal Tela Portugal<\/title>\n<meta name=\"robots\" content=\"index, follow, max-snippet:-1, max-image-preview:large, max-video-preview:-1\" \/>\n<meta property=\"og:locale\" content=\"pt_PT\" \/>\n<meta property=\"og:type\" content=\"article\" \/>\n<meta property=\"og:title\" content=\"Coreia do Norte enfrenta grave seca em grande parte do territ\u00f3rio - Portal Tela Portugal\" \/>\n<meta property=\"og:description\" content=\"Coreia do Norte enfrenta grave seca em grande parte do territ\u00f3rio. A informa\u00e7\u00e3o completa est\u00e1 dispon\u00edvel apenas para subscritores. O texto dispon\u00edvel n\u00e3o apresenta dados adicionais ou datas espec\u00edficas.\" \/>\n<meta property=\"og:url\" content=\"https:\/\/portaltela.pt\/noticias\/2026\/04\/30\/coreia-do-norte-enfrenta-grave-seca-em-grande-parte-do-territorio\/\" \/>\n<meta property=\"og:site_name\" content=\"Portal Tela Portugal\" \/>\n<meta property=\"article:published_time\" content=\"2026-04-30T05:50:00+00:00\" \/>\n<meta name=\"author\" content=\"Telinha\" \/>\n<meta name=\"twitter:card\" content=\"summary_large_image\" \/>\n<meta name=\"twitter:label1\" content=\"Escrito por\" \/>\n\t<meta name=\"twitter:data1\" content=\"Telinha\" \/>\n\t<meta name=\"twitter:label2\" content=\"Tempo estimado de leitura\" \/>\n\t<meta name=\"twitter:data2\" content=\"1 minuto\" \/>\n<script type=\"application\/ld+json\" class=\"yoast-schema-graph\">{\"@context\":\"https:\/\/schema.org\",\"@graph\":[{\"@type\":\"Article\",\"@id\":\"https:\/\/portaltela.pt\/noticias\/2026\/04\/30\/coreia-do-norte-enfrenta-grave-seca-em-grande-parte-do-territorio\/#article\",\"isPartOf\":{\"@id\":\"https:\/\/portaltela.pt\/noticias\/2026\/04\/30\/coreia-do-norte-enfrenta-grave-seca-em-grande-parte-do-territorio\/\"},\"author\":{\"name\":\"Telinha\",\"@id\":\"https:\/\/portaltela.pt\/#\/schema\/person\/c4278d4a6028830caff9ee44b42d32ed\"},\"headline\":\"Coreia do Norte enfrenta grave seca em grande parte do territ\u00f3rio\",\"datePublished\":\"2026-04-30T05:50:00+00:00\",\"mainEntityOfPage\":{\"@id\":\"https:\/\/portaltela.pt\/noticias\/2026\/04\/30\/coreia-do-norte-enfrenta-grave-seca-em-grande-parte-do-territorio\/\"},\"wordCount\":167,\"image\":{\"@id\":\"https:\/\/portaltela.pt\/noticias\/2026\/04\/30\/coreia-do-norte-enfrenta-grave-seca-em-grande-parte-do-territorio\/#primaryimage\"},\"thumbnailUrl\":\"https:\/\/portaltela.pt\/s.01k8rhncp4jt1\/2026\/04\/CACHE_780X1200_ANALOG_WATERMARKED_14558168_1383337_13042019065651.jpg\",\"keywords\":[\"_agricultura\",\"_\u00e1gua\",\"_ambiente\",\"_\u00c1sia\",\"_Coreia do Norte\",\"_seguran\u00e7a alimentar\"],\"articleSection\":[\"Clima\",\"Tempo\"],\"inLanguage\":\"pt-PT\"},{\"@type\":\"WebPage\",\"@id\":\"https:\/\/portaltela.pt\/noticias\/2026\/04\/30\/coreia-do-norte-enfrenta-grave-seca-em-grande-parte-do-territorio\/\",\"url\":\"https:\/\/portaltela.pt\/noticias\/2026\/04\/30\/coreia-do-norte-enfrenta-grave-seca-em-grande-parte-do-territorio\/\",\"name\":\"Coreia do Norte enfrenta grave seca em grande parte do territ\u00f3rio - Portal Tela Portugal\",\"isPartOf\":{\"@id\":\"https:\/\/portaltela.pt\/#website\"},\"primaryImageOfPage\":{\"@id\":\"https:\/\/portaltela.pt\/noticias\/2026\/04\/30\/coreia-do-norte-enfrenta-grave-seca-em-grande-parte-do-territorio\/#primaryimage\"},\"image\":{\"@id\":\"https:\/\/portaltela.pt\/noticias\/2026\/04\/30\/coreia-do-norte-enfrenta-grave-seca-em-grande-parte-do-territorio\/#primaryimage\"},\"thumbnailUrl\":\"https:\/\/portaltela.pt\/s.01k8rhncp4jt1\/2026\/04\/CACHE_780X1200_ANALOG_WATERMARKED_14558168_1383337_13042019065651.jpg\",\"datePublished\":\"2026-04-30T05:50:00+00:00\",\"author\":{\"@id\":\"https:\/\/portaltela.pt\/#\/schema\/person\/c4278d4a6028830caff9ee44b42d32ed\"},\"breadcrumb\":{\"@id\":\"https:\/\/portaltela.pt\/noticias\/2026\/04\/30\/coreia-do-norte-enfrenta-grave-seca-em-grande-parte-do-territorio\/#breadcrumb\"},\"inLanguage\":\"pt-PT\",\"potentialAction\":[{\"@type\":\"ReadAction\",\"target\":[\"https:\/\/portaltela.pt\/noticias\/2026\/04\/30\/coreia-do-norte-enfrenta-grave-seca-em-grande-parte-do-territorio\/\"]}]},{\"@type\":\"ImageObject\",\"inLanguage\":\"pt-PT\",\"@id\":\"https:\/\/portaltela.pt\/noticias\/2026\/04\/30\/coreia-do-norte-enfrenta-grave-seca-em-grande-parte-do-territorio\/#primaryimage\",\"url\":\"https:\/\/portaltela.pt\/s.01k8rhncp4jt1\/2026\/04\/CACHE_780X1200_ANALOG_WATERMARKED_14558168_1383337_13042019065651.jpg\",\"contentUrl\":\"https:\/\/portaltela.pt\/s.01k8rhncp4jt1\/2026\/04\/CACHE_780X1200_ANALOG_WATERMARKED_14558168_1383337_13042019065651.jpg\",\"width\":768,\"height\":492,\"caption\":\"Coreia do Norte enfrenta grave seca em grande parte do territ\u00f3rio\"},{\"@type\":\"BreadcrumbList\",\"@id\":\"https:\/\/portaltela.pt\/noticias\/2026\/04\/30\/coreia-do-norte-enfrenta-grave-seca-em-grande-parte-do-territorio\/#breadcrumb\",\"itemListElement\":[{\"@type\":\"ListItem\",\"position\":1,\"name\":\"In\u00edcio\",\"item\":\"https:\/\/portaltela.pt\/\"},{\"@type\":\"ListItem\",\"position\":2,\"name\":\"Coreia do Norte enfrenta grave seca em grande parte do territ\u00f3rio\"}]},{\"@type\":\"WebSite\",\"@id\":\"https:\/\/portaltela.pt\/#website\",\"url\":\"https:\/\/portaltela.pt\/\",\"name\":\"Portal Tela Portugal\",\"description\":\"\",\"potentialAction\":[{\"@type\":\"SearchAction\",\"target\":{\"@type\":\"EntryPoint\",\"urlTemplate\":\"https:\/\/portaltela.pt\/?s={search_term_string}\"},\"query-input\":{\"@type\":\"PropertyValueSpecification\",\"valueRequired\":true,\"valueName\":\"search_term_string\"}}],\"inLanguage\":\"pt-PT\"},{\"@type\":\"Person\",\"@id\":\"https:\/\/portaltela.pt\/#\/schema\/person\/c4278d4a6028830caff9ee44b42d32ed\",\"name\":\"Telinha\",\"image\":{\"@type\":\"ImageObject\",\"inLanguage\":\"pt-PT\",\"@id\":\"https:\/\/portaltela.pt\/s.01k8rhncp4jt1\/2025\/11\/talking-bot-125x125.png\",\"url\":\"https:\/\/portaltela.pt\/s.01k8rhncp4jt1\/2025\/11\/talking-bot-125x125.png\",\"contentUrl\":\"https:\/\/portaltela.pt\/s.01k8rhncp4jt1\/2025\/11\/talking-bot-125x125.png\",\"caption\":\"Telinha\"},\"sameAs\":[\"https:\/\/portaltela.pt\/\"],\"url\":\"https:\/\/portaltela.pt\/por\/367410592786\/\"}]}<\/script>\n<!-- \/ Yoast SEO plugin. -->","yoast_head_json":{"title":"Coreia do Norte enfrenta grave seca em grande parte do territ\u00f3rio - Portal Tela Portugal","robots":{"index":"index","follow":"follow","max-snippet":"max-snippet:-1","max-image-preview":"max-image-preview:large","max-video-preview":"max-video-preview:-1"},"og_locale":"pt_PT","og_type":"article","og_title":"Coreia do Norte enfrenta grave seca em grande parte do territ\u00f3rio - Portal Tela Portugal","og_description":"Coreia do Norte enfrenta grave seca em grande parte do territ\u00f3rio. A informa\u00e7\u00e3o completa est\u00e1 dispon\u00edvel apenas para subscritores. O texto dispon\u00edvel n\u00e3o apresenta dados adicionais ou datas espec\u00edficas.","og_url":"https:\/\/portaltela.pt\/noticias\/2026\/04\/30\/coreia-do-norte-enfrenta-grave-seca-em-grande-parte-do-territorio\/","og_site_name":"Portal Tela Portugal","article_published_time":"2026-04-30T05:50:00+00:00","author":"Telinha","twitter_card":"summary_large_image","twitter_misc":{"Escrito por":"Telinha","Tempo estimado de leitura":"1 minuto"},"schema":{"@context":"https:\/\/schema.org","@graph":[{"@type":"Article","@id":"https:\/\/portaltela.pt\/noticias\/2026\/04\/30\/coreia-do-norte-enfrenta-grave-seca-em-grande-parte-do-territorio\/#article","isPartOf":{"@id":"https:\/\/portaltela.pt\/noticias\/2026\/04\/30\/coreia-do-norte-enfrenta-grave-seca-em-grande-parte-do-territorio\/"},"author":{"name":"Telinha","@id":"https:\/\/portaltela.pt\/#\/schema\/person\/c4278d4a6028830caff9ee44b42d32ed"},"headline":"Coreia do Norte enfrenta grave seca em grande parte do territ\u00f3rio","datePublished":"2026-04-30T05:50:00+00:00","mainEntityOfPage":{"@id":"https:\/\/portaltela.pt\/noticias\/2026\/04\/30\/coreia-do-norte-enfrenta-grave-seca-em-grande-parte-do-territorio\/"},"wordCount":167,"image":{"@id":"https:\/\/portaltela.pt\/noticias\/2026\/04\/30\/coreia-do-norte-enfrenta-grave-seca-em-grande-parte-do-territorio\/#primaryimage"},"thumbnailUrl":"https:\/\/portaltela.pt\/s.01k8rhncp4jt1\/2026\/04\/CACHE_780X1200_ANALOG_WATERMARKED_14558168_1383337_13042019065651.jpg","keywords":["_agricultura","_\u00e1gua","_ambiente","_\u00c1sia","_Coreia do Norte","_seguran\u00e7a alimentar"],"articleSection":["Clima","Tempo"],"inLanguage":"pt-PT"},{"@type":"WebPage","@id":"https:\/\/portaltela.pt\/noticias\/2026\/04\/30\/coreia-do-norte-enfrenta-grave-seca-em-grande-parte-do-territorio\/","url":"https:\/\/portaltela.pt\/noticias\/2026\/04\/30\/coreia-do-norte-enfrenta-grave-seca-em-grande-parte-do-territorio\/","name":"Coreia do Norte enfrenta grave seca em grande parte do territ\u00f3rio - Portal Tela Portugal","isPartOf":{"@id":"https:\/\/portaltela.pt\/#website"},"primaryImageOfPage":{"@id":"https:\/\/portaltela.pt\/noticias\/2026\/04\/30\/coreia-do-norte-enfrenta-grave-seca-em-grande-parte-do-territorio\/#primaryimage"},"image":{"@id":"https:\/\/portaltela.pt\/noticias\/2026\/04\/30\/coreia-do-norte-enfrenta-grave-seca-em-grande-parte-do-territorio\/#primaryimage"},"thumbnailUrl":"https:\/\/portaltela.pt\/s.01k8rhncp4jt1\/2026\/04\/CACHE_780X1200_ANALOG_WATERMARKED_14558168_1383337_13042019065651.jpg","datePublished":"2026-04-30T05:50:00+00:00","author":{"@id":"https:\/\/portaltela.pt\/#\/schema\/person\/c4278d4a6028830caff9ee44b42d32ed"},"breadcrumb":{"@id":"https:\/\/portaltela.pt\/noticias\/2026\/04\/30\/coreia-do-norte-enfrenta-grave-seca-em-grande-parte-do-territorio\/#breadcrumb"},"inLanguage":"pt-PT","potentialAction":[{"@type":"ReadAction","target":["https:\/\/portaltela.pt\/noticias\/2026\/04\/30\/coreia-do-norte-enfrenta-grave-seca-em-grande-parte-do-territorio\/"]}]},{"@type":"ImageObject","inLanguage":"pt-PT","@id":"https:\/\/portaltela.pt\/noticias\/2026\/04\/30\/coreia-do-norte-enfrenta-grave-seca-em-grande-parte-do-territorio\/#primaryimage","url":"https:\/\/portaltela.pt\/s.01k8rhncp4jt1\/2026\/04\/CACHE_780X1200_ANALOG_WATERMARKED_14558168_1383337_13042019065651.jpg","contentUrl":"https:\/\/portaltela.pt\/s.01k8rhncp4jt1\/2026\/04\/CACHE_780X1200_ANALOG_WATERMARKED_14558168_1383337_13042019065651.jpg","width":768,"height":492,"caption":"Coreia do Norte enfrenta grave seca em grande parte do territ\u00f3rio"},{"@type":"BreadcrumbList","@id":"https:\/\/portaltela.pt\/noticias\/2026\/04\/30\/coreia-do-norte-enfrenta-grave-seca-em-grande-parte-do-territorio\/#breadcrumb","itemListElement":[{"@type":"ListItem","position":1,"name":"In\u00edcio","item":"https:\/\/portaltela.pt\/"},{"@type":"ListItem","position":2,"name":"Coreia do Norte enfrenta grave seca em grande parte do territ\u00f3rio"}]},{"@type":"WebSite","@id":"https:\/\/portaltela.pt\/#website","url":"https:\/\/portaltela.pt\/","name":"Portal Tela Portugal","description":"","potentialAction":[{"@type":"SearchAction","target":{"@type":"EntryPoint","urlTemplate":"https:\/\/portaltela.pt\/?s={search_term_string}"},"query-input":{"@type":"PropertyValueSpecification","valueRequired":true,"valueName":"search_term_string"}}],"inLanguage":"pt-PT"},{"@type":"Person","@id":"https:\/\/portaltela.pt\/#\/schema\/person\/c4278d4a6028830caff9ee44b42d32ed","name":"Telinha","image":{"@type":"ImageObject","inLanguage":"pt-PT","@id":"https:\/\/portaltela.pt\/s.01k8rhncp4jt1\/2025\/11\/talking-bot-125x125.png","url":"https:\/\/portaltela.pt\/s.01k8rhncp4jt1\/2025\/11\/talking-bot-125x125.png","contentUrl":"https:\/\/portaltela.pt\/s.01k8rhncp4jt1\/2025\/11\/talking-bot-125x125.png","caption":"Telinha"},"sameAs":["https:\/\/portaltela.pt\/"],"url":"https:\/\/portaltela.pt\/por\/367410592786\/"}]}},"_links":{"self":[{"href":"https:\/\/portaltela.pt\/api\/wp\/v2\/posts\/461953","targetHints":{"allow":["GET"]}}],"collection":[{"href":"https:\/\/portaltela.pt\/api\/wp\/v2\/posts"}],"about":[{"href":"https:\/\/portaltela.pt\/api\/wp\/v2\/types\/post"}],"author":[{"embeddable":true,"href":"https:\/\/portaltela.pt\/api\/wp\/v2\/users\/2"}],"replies":[{"embeddable":true,"href":"https:\/\/portaltela.pt\/api\/wp\/v2\/comments?post=461953"}],"version-history":[{"count":0,"href":"https:\/\/portaltela.pt\/api\/wp\/v2\/posts\/461953\/revisions"}],"wp:featuredmedia":[{"embeddable":true,"href":"https:\/\/portaltela.pt\/api\/wp\/v2\/media\/461958"}],"wp:attachment":[{"href":"https:\/\/portaltela.pt\/api\/wp\/v2\/media?parent=461953"}],"wp:term":[{"taxonomy":"category","embeddable":true,"href":"https:\/\/portaltela.pt\/api\/wp\/v2\/categories?post=461953"},{"taxonomy":"post_tag","embeddable":true,"href":"https:\/\/portaltela.pt\/api\/wp\/v2\/tags?post=461953"}],"curies":[{"name":"wp","href":"https:\/\/api.w.org\/{rel}","templated":true}]}}