{"id":461944,"date":"2026-04-30T05:17:51","date_gmt":"2026-04-30T08:17:51","guid":{"rendered":"https:\/\/portaltela.pt\/noticias\/2026\/04\/30\/ong-denuncia-nova-morte-em-prisoes-venezuelanas\/"},"modified":"2026-04-30T05:17:51","modified_gmt":"2026-04-30T08:17:51","slug":"ong-denuncia-nova-morte-em-prisoes-venezuelanas","status":"publish","type":"post","link":"https:\/\/portaltela.pt\/noticias\/2026\/04\/30\/ong-denuncia-nova-morte-em-prisoes-venezuelanas\/","title":{"rendered":"ONG denuncia nova morte em pris\u00f5es venezuelanas"},"content":{"rendered":"<p>O Observat\u00f3rio Venezuelano de Pris\u00f5es (OVP) denunciou mais uma morte em pris\u00f5es da Venezuela, elevando para 10 as v\u00edtimas mortais em menos de duas semanas.<\/p>\n<p>O OVP informou que Ant\u00f3nio Jos\u00e9 Manzano faleceu na antiga pris\u00e3o de El Marite, em Maracaibo, no estado de Zulia, a cerca de 710 quil\u00f3metros a oeste de Caracas, ap\u00f3s o agravamento do seu estado de sa\u00fade sem cuidados m\u00e9dicos atempados.<\/p>\n<p>Segundo a organiza\u00e7\u00e3o, algumas das mortes resultaram de situa\u00e7\u00f5es de viol\u00eancia, enquanto outras decorreram de complica\u00e7\u00f5es de sa\u00fade n\u00e3o tratadas de forma expedita.<\/p>\n<h3>Contexto<\/h3>\n<p>Maracaibo alberga uma das maiores concentra\u00e7\u00f5es de institui\u00e7\u00f5es prisionais do pa\u00eds, onde v\u00e1rias den\u00fancias apontam para condi\u00e7\u00f5es prec\u00e1rias de higiene e acesso limitado a cuidados m\u00e9dicos.<\/p>\n<p>O OVP pediu \u00e0 comunidade internacional e \u00e0s autoridades venezuelanas que investiguem as condi\u00e7\u00f5es prisionais e garantam tratamento m\u00e9dico adequado a detidos, mantendo o foco na prote\u00e7\u00e3o dos direitos humanos.<\/p>\n<p>A organiza\u00e7\u00e3o n\u00e3o especificou as causas exatas de cada morto, limitando-se a indicar que o conjunto de incidentes se enquadra num padr\u00e3o de viol\u00eancia e falhas de assist\u00eancia m\u00e9dica.<\/p>\n","protected":false},"excerpt":{"rendered":"<ul>\n<li>O Observat\u00f3rio Venezuelano de Pris\u00f5es denunciou mais uma morte em pris\u00f5es da Venezuela, elevando para dez o n\u00famero de v\u00edtimas em menos de duas semanas.<\/li>\n<li>A organiza\u00e7\u00e3o aponta que algumas mortes resultam de viol\u00eancia, enquanto outras decorrem de complica\u00e7\u00f5es de sa\u00fade e da falta de cuidados m\u00e9dicos atempados.<\/li>\n<li>A v\u00edtima \u00e9 Ant\u00f3nio Jos\u00e9 Manzano, que faleceu na antiga pris\u00e3o de El Marite, em Maracaibo, estado de Zulia, a 710 quil\u00f3metros a oeste de Caracas.<\/li>\n<li>O comunicado aponta que a morte ocorreu sob cust\u00f3dia do Estado e acusa falta de tratamento m\u00e9dico adequado.<\/li>\n<\/ul>\n","protected":false},"author":2,"featured_media":461951,"comment_status":"closed","ping_status":"closed","sticky":false,"template":"","format":"standard","meta":{"footnotes":""},"categories":[6815,1],"tags":[7914,8432,8431,8717,7972,8273],"class_list":["post-461944","post","type-post","status-publish","format-standard","has-post-thumbnail","hentry","category-justica","category-noticias","tag-_direitos-humanos","tag-_organizacoes","tag-_organizacoes-internacionais","tag-_prisoes","tag-_venezuela","tag-_violencia"],"yoast_head":"<!-- This site is optimized with the Yoast SEO plugin v27.2 - https:\/\/yoast.com\/product\/yoast-seo-wordpress\/ -->\n<title>ONG denuncia nova morte em pris\u00f5es venezuelanas - Portal Tela Portugal<\/title>\n<meta name=\"robots\" content=\"index, follow, max-snippet:-1, max-image-preview:large, max-video-preview:-1\" \/>\n<meta property=\"og:locale\" content=\"pt_PT\" \/>\n<meta property=\"og:type\" content=\"article\" \/>\n<meta property=\"og:title\" content=\"ONG denuncia nova morte em pris\u00f5es venezuelanas - Portal Tela Portugal\" \/>\n<meta property=\"og:description\" content=\"O Observat\u00f3rio Venezuelano de Pris\u00f5es denunciou mais uma morte em pris\u00f5es da Venezuela, elevando para dez o n\u00famero de v\u00edtimas em menos de duas semanas. A organiza\u00e7\u00e3o aponta que algumas mortes resultam de viol\u00eancia, enquanto outras decorrem de complica\u00e7\u00f5es de sa\u00fade e da falta de cuidados m\u00e9dicos atempados. A v\u00edtima \u00e9 Ant\u00f3nio Jos\u00e9 Manzano, que faleceu na antiga pris\u00e3o de El Marite, em Maracaibo, estado de Zulia, a 710 quil\u00f3metros a oeste de Caracas. O comunicado aponta que a morte ocorreu sob cust\u00f3dia do Estado e acusa falta de tratamento m\u00e9dico adequado.\" \/>\n<meta property=\"og:url\" content=\"https:\/\/portaltela.pt\/noticias\/2026\/04\/30\/ong-denuncia-nova-morte-em-prisoes-venezuelanas\/\" \/>\n<meta property=\"og:site_name\" content=\"Portal Tela Portugal\" \/>\n<meta property=\"article:published_time\" content=\"2026-04-30T08:17:51+00:00\" \/>\n<meta name=\"author\" content=\"Telinha\" \/>\n<meta name=\"twitter:card\" content=\"summary_large_image\" \/>\n<meta name=\"twitter:label1\" content=\"Escrito por\" \/>\n\t<meta name=\"twitter:data1\" content=\"Telinha\" \/>\n\t<meta name=\"twitter:label2\" content=\"Tempo estimado de leitura\" \/>\n\t<meta name=\"twitter:data2\" content=\"1 minuto\" \/>\n<script type=\"application\/ld+json\" class=\"yoast-schema-graph\">{\"@context\":\"https:\/\/schema.org\",\"@graph\":[{\"@type\":\"Article\",\"@id\":\"https:\/\/portaltela.pt\/noticias\/2026\/04\/30\/ong-denuncia-nova-morte-em-prisoes-venezuelanas\/#article\",\"isPartOf\":{\"@id\":\"https:\/\/portaltela.pt\/noticias\/2026\/04\/30\/ong-denuncia-nova-morte-em-prisoes-venezuelanas\/\"},\"author\":{\"name\":\"Telinha\",\"@id\":\"https:\/\/portaltela.pt\/#\/schema\/person\/c4278d4a6028830caff9ee44b42d32ed\"},\"headline\":\"ONG denuncia nova morte em pris\u00f5es venezuelanas\",\"datePublished\":\"2026-04-30T08:17:51+00:00\",\"mainEntityOfPage\":{\"@id\":\"https:\/\/portaltela.pt\/noticias\/2026\/04\/30\/ong-denuncia-nova-morte-em-prisoes-venezuelanas\/\"},\"wordCount\":213,\"image\":{\"@id\":\"https:\/\/portaltela.pt\/noticias\/2026\/04\/30\/ong-denuncia-nova-morte-em-prisoes-venezuelanas\/#primaryimage\"},\"thumbnailUrl\":\"https:\/\/portaltela.pt\/s.01k8rhncp4jt1\/2026\/04\/img_1500x1000uu2021-02-16-16-35-20-1013564.jpg\",\"keywords\":[\"_direitos humanos\",\"_organiza\u00e7\u00f5es\",\"_organiza\u00e7\u00f5es internacionais\",\"_pris\u00f5es\",\"_Venezuela\",\"_viol\u00eancia\"],\"articleSection\":[\"Justi\u00e7a\",\"Not\u00edcias\"],\"inLanguage\":\"pt-PT\"},{\"@type\":\"WebPage\",\"@id\":\"https:\/\/portaltela.pt\/noticias\/2026\/04\/30\/ong-denuncia-nova-morte-em-prisoes-venezuelanas\/\",\"url\":\"https:\/\/portaltela.pt\/noticias\/2026\/04\/30\/ong-denuncia-nova-morte-em-prisoes-venezuelanas\/\",\"name\":\"ONG denuncia nova morte em pris\u00f5es venezuelanas - Portal Tela Portugal\",\"isPartOf\":{\"@id\":\"https:\/\/portaltela.pt\/#website\"},\"primaryImageOfPage\":{\"@id\":\"https:\/\/portaltela.pt\/noticias\/2026\/04\/30\/ong-denuncia-nova-morte-em-prisoes-venezuelanas\/#primaryimage\"},\"image\":{\"@id\":\"https:\/\/portaltela.pt\/noticias\/2026\/04\/30\/ong-denuncia-nova-morte-em-prisoes-venezuelanas\/#primaryimage\"},\"thumbnailUrl\":\"https:\/\/portaltela.pt\/s.01k8rhncp4jt1\/2026\/04\/img_1500x1000uu2021-02-16-16-35-20-1013564.jpg\",\"datePublished\":\"2026-04-30T08:17:51+00:00\",\"author\":{\"@id\":\"https:\/\/portaltela.pt\/#\/schema\/person\/c4278d4a6028830caff9ee44b42d32ed\"},\"breadcrumb\":{\"@id\":\"https:\/\/portaltela.pt\/noticias\/2026\/04\/30\/ong-denuncia-nova-morte-em-prisoes-venezuelanas\/#breadcrumb\"},\"inLanguage\":\"pt-PT\",\"potentialAction\":[{\"@type\":\"ReadAction\",\"target\":[\"https:\/\/portaltela.pt\/noticias\/2026\/04\/30\/ong-denuncia-nova-morte-em-prisoes-venezuelanas\/\"]}]},{\"@type\":\"ImageObject\",\"inLanguage\":\"pt-PT\",\"@id\":\"https:\/\/portaltela.pt\/noticias\/2026\/04\/30\/ong-denuncia-nova-morte-em-prisoes-venezuelanas\/#primaryimage\",\"url\":\"https:\/\/portaltela.pt\/s.01k8rhncp4jt1\/2026\/04\/img_1500x1000uu2021-02-16-16-35-20-1013564.jpg\",\"contentUrl\":\"https:\/\/portaltela.pt\/s.01k8rhncp4jt1\/2026\/04\/img_1500x1000uu2021-02-16-16-35-20-1013564.jpg\",\"width\":796,\"height\":448,\"caption\":\"Algemas\"},{\"@type\":\"BreadcrumbList\",\"@id\":\"https:\/\/portaltela.pt\/noticias\/2026\/04\/30\/ong-denuncia-nova-morte-em-prisoes-venezuelanas\/#breadcrumb\",\"itemListElement\":[{\"@type\":\"ListItem\",\"position\":1,\"name\":\"In\u00edcio\",\"item\":\"https:\/\/portaltela.pt\/\"},{\"@type\":\"ListItem\",\"position\":2,\"name\":\"ONG denuncia nova morte em pris\u00f5es venezuelanas\"}]},{\"@type\":\"WebSite\",\"@id\":\"https:\/\/portaltela.pt\/#website\",\"url\":\"https:\/\/portaltela.pt\/\",\"name\":\"Portal Tela Portugal\",\"description\":\"\",\"potentialAction\":[{\"@type\":\"SearchAction\",\"target\":{\"@type\":\"EntryPoint\",\"urlTemplate\":\"https:\/\/portaltela.pt\/?s={search_term_string}\"},\"query-input\":{\"@type\":\"PropertyValueSpecification\",\"valueRequired\":true,\"valueName\":\"search_term_string\"}}],\"inLanguage\":\"pt-PT\"},{\"@type\":\"Person\",\"@id\":\"https:\/\/portaltela.pt\/#\/schema\/person\/c4278d4a6028830caff9ee44b42d32ed\",\"name\":\"Telinha\",\"image\":{\"@type\":\"ImageObject\",\"inLanguage\":\"pt-PT\",\"@id\":\"https:\/\/portaltela.pt\/s.01k8rhncp4jt1\/2025\/11\/talking-bot-125x125.png\",\"url\":\"https:\/\/portaltela.pt\/s.01k8rhncp4jt1\/2025\/11\/talking-bot-125x125.png\",\"contentUrl\":\"https:\/\/portaltela.pt\/s.01k8rhncp4jt1\/2025\/11\/talking-bot-125x125.png\",\"caption\":\"Telinha\"},\"sameAs\":[\"https:\/\/portaltela.pt\/\"],\"url\":\"https:\/\/portaltela.pt\/por\/367410592786\/\"}]}<\/script>\n<!-- \/ Yoast SEO plugin. -->","yoast_head_json":{"title":"ONG denuncia nova morte em pris\u00f5es venezuelanas - Portal Tela Portugal","robots":{"index":"index","follow":"follow","max-snippet":"max-snippet:-1","max-image-preview":"max-image-preview:large","max-video-preview":"max-video-preview:-1"},"og_locale":"pt_PT","og_type":"article","og_title":"ONG denuncia nova morte em pris\u00f5es venezuelanas - Portal Tela Portugal","og_description":"O Observat\u00f3rio Venezuelano de Pris\u00f5es denunciou mais uma morte em pris\u00f5es da Venezuela, elevando para dez o n\u00famero de v\u00edtimas em menos de duas semanas. A organiza\u00e7\u00e3o aponta que algumas mortes resultam de viol\u00eancia, enquanto outras decorrem de complica\u00e7\u00f5es de sa\u00fade e da falta de cuidados m\u00e9dicos atempados. A v\u00edtima \u00e9 Ant\u00f3nio Jos\u00e9 Manzano, que faleceu na antiga pris\u00e3o de El Marite, em Maracaibo, estado de Zulia, a 710 quil\u00f3metros a oeste de Caracas. O comunicado aponta que a morte ocorreu sob cust\u00f3dia do Estado e acusa falta de tratamento m\u00e9dico adequado.","og_url":"https:\/\/portaltela.pt\/noticias\/2026\/04\/30\/ong-denuncia-nova-morte-em-prisoes-venezuelanas\/","og_site_name":"Portal Tela Portugal","article_published_time":"2026-04-30T08:17:51+00:00","author":"Telinha","twitter_card":"summary_large_image","twitter_misc":{"Escrito por":"Telinha","Tempo estimado de leitura":"1 minuto"},"schema":{"@context":"https:\/\/schema.org","@graph":[{"@type":"Article","@id":"https:\/\/portaltela.pt\/noticias\/2026\/04\/30\/ong-denuncia-nova-morte-em-prisoes-venezuelanas\/#article","isPartOf":{"@id":"https:\/\/portaltela.pt\/noticias\/2026\/04\/30\/ong-denuncia-nova-morte-em-prisoes-venezuelanas\/"},"author":{"name":"Telinha","@id":"https:\/\/portaltela.pt\/#\/schema\/person\/c4278d4a6028830caff9ee44b42d32ed"},"headline":"ONG denuncia nova morte em pris\u00f5es venezuelanas","datePublished":"2026-04-30T08:17:51+00:00","mainEntityOfPage":{"@id":"https:\/\/portaltela.pt\/noticias\/2026\/04\/30\/ong-denuncia-nova-morte-em-prisoes-venezuelanas\/"},"wordCount":213,"image":{"@id":"https:\/\/portaltela.pt\/noticias\/2026\/04\/30\/ong-denuncia-nova-morte-em-prisoes-venezuelanas\/#primaryimage"},"thumbnailUrl":"https:\/\/portaltela.pt\/s.01k8rhncp4jt1\/2026\/04\/img_1500x1000uu2021-02-16-16-35-20-1013564.jpg","keywords":["_direitos humanos","_organiza\u00e7\u00f5es","_organiza\u00e7\u00f5es internacionais","_pris\u00f5es","_Venezuela","_viol\u00eancia"],"articleSection":["Justi\u00e7a","Not\u00edcias"],"inLanguage":"pt-PT"},{"@type":"WebPage","@id":"https:\/\/portaltela.pt\/noticias\/2026\/04\/30\/ong-denuncia-nova-morte-em-prisoes-venezuelanas\/","url":"https:\/\/portaltela.pt\/noticias\/2026\/04\/30\/ong-denuncia-nova-morte-em-prisoes-venezuelanas\/","name":"ONG denuncia nova morte em pris\u00f5es venezuelanas - Portal Tela Portugal","isPartOf":{"@id":"https:\/\/portaltela.pt\/#website"},"primaryImageOfPage":{"@id":"https:\/\/portaltela.pt\/noticias\/2026\/04\/30\/ong-denuncia-nova-morte-em-prisoes-venezuelanas\/#primaryimage"},"image":{"@id":"https:\/\/portaltela.pt\/noticias\/2026\/04\/30\/ong-denuncia-nova-morte-em-prisoes-venezuelanas\/#primaryimage"},"thumbnailUrl":"https:\/\/portaltela.pt\/s.01k8rhncp4jt1\/2026\/04\/img_1500x1000uu2021-02-16-16-35-20-1013564.jpg","datePublished":"2026-04-30T08:17:51+00:00","author":{"@id":"https:\/\/portaltela.pt\/#\/schema\/person\/c4278d4a6028830caff9ee44b42d32ed"},"breadcrumb":{"@id":"https:\/\/portaltela.pt\/noticias\/2026\/04\/30\/ong-denuncia-nova-morte-em-prisoes-venezuelanas\/#breadcrumb"},"inLanguage":"pt-PT","potentialAction":[{"@type":"ReadAction","target":["https:\/\/portaltela.pt\/noticias\/2026\/04\/30\/ong-denuncia-nova-morte-em-prisoes-venezuelanas\/"]}]},{"@type":"ImageObject","inLanguage":"pt-PT","@id":"https:\/\/portaltela.pt\/noticias\/2026\/04\/30\/ong-denuncia-nova-morte-em-prisoes-venezuelanas\/#primaryimage","url":"https:\/\/portaltela.pt\/s.01k8rhncp4jt1\/2026\/04\/img_1500x1000uu2021-02-16-16-35-20-1013564.jpg","contentUrl":"https:\/\/portaltela.pt\/s.01k8rhncp4jt1\/2026\/04\/img_1500x1000uu2021-02-16-16-35-20-1013564.jpg","width":796,"height":448,"caption":"Algemas"},{"@type":"BreadcrumbList","@id":"https:\/\/portaltela.pt\/noticias\/2026\/04\/30\/ong-denuncia-nova-morte-em-prisoes-venezuelanas\/#breadcrumb","itemListElement":[{"@type":"ListItem","position":1,"name":"In\u00edcio","item":"https:\/\/portaltela.pt\/"},{"@type":"ListItem","position":2,"name":"ONG denuncia nova morte em pris\u00f5es venezuelanas"}]},{"@type":"WebSite","@id":"https:\/\/portaltela.pt\/#website","url":"https:\/\/portaltela.pt\/","name":"Portal Tela Portugal","description":"","potentialAction":[{"@type":"SearchAction","target":{"@type":"EntryPoint","urlTemplate":"https:\/\/portaltela.pt\/?s={search_term_string}"},"query-input":{"@type":"PropertyValueSpecification","valueRequired":true,"valueName":"search_term_string"}}],"inLanguage":"pt-PT"},{"@type":"Person","@id":"https:\/\/portaltela.pt\/#\/schema\/person\/c4278d4a6028830caff9ee44b42d32ed","name":"Telinha","image":{"@type":"ImageObject","inLanguage":"pt-PT","@id":"https:\/\/portaltela.pt\/s.01k8rhncp4jt1\/2025\/11\/talking-bot-125x125.png","url":"https:\/\/portaltela.pt\/s.01k8rhncp4jt1\/2025\/11\/talking-bot-125x125.png","contentUrl":"https:\/\/portaltela.pt\/s.01k8rhncp4jt1\/2025\/11\/talking-bot-125x125.png","caption":"Telinha"},"sameAs":["https:\/\/portaltela.pt\/"],"url":"https:\/\/portaltela.pt\/por\/367410592786\/"}]}},"_links":{"self":[{"href":"https:\/\/portaltela.pt\/api\/wp\/v2\/posts\/461944","targetHints":{"allow":["GET"]}}],"collection":[{"href":"https:\/\/portaltela.pt\/api\/wp\/v2\/posts"}],"about":[{"href":"https:\/\/portaltela.pt\/api\/wp\/v2\/types\/post"}],"author":[{"embeddable":true,"href":"https:\/\/portaltela.pt\/api\/wp\/v2\/users\/2"}],"replies":[{"embeddable":true,"href":"https:\/\/portaltela.pt\/api\/wp\/v2\/comments?post=461944"}],"version-history":[{"count":0,"href":"https:\/\/portaltela.pt\/api\/wp\/v2\/posts\/461944\/revisions"}],"wp:featuredmedia":[{"embeddable":true,"href":"https:\/\/portaltela.pt\/api\/wp\/v2\/media\/461951"}],"wp:attachment":[{"href":"https:\/\/portaltela.pt\/api\/wp\/v2\/media?parent=461944"}],"wp:term":[{"taxonomy":"category","embeddable":true,"href":"https:\/\/portaltela.pt\/api\/wp\/v2\/categories?post=461944"},{"taxonomy":"post_tag","embeddable":true,"href":"https:\/\/portaltela.pt\/api\/wp\/v2\/tags?post=461944"}],"curies":[{"name":"wp","href":"https:\/\/api.w.org\/{rel}","templated":true}]}}