{"id":461943,"date":"2026-04-30T05:17:57","date_gmt":"2026-04-30T08:17:57","guid":{"rendered":"https:\/\/portaltela.pt\/noticias\/2026\/04\/30\/trump-avalia-opcoes-militares-contra-o-irao\/"},"modified":"2026-04-30T05:17:57","modified_gmt":"2026-04-30T08:17:57","slug":"trump-avalia-opcoes-militares-contra-o-irao","status":"publish","type":"post","link":"https:\/\/portaltela.pt\/geopolitica\/2026\/04\/30\/trump-avalia-opcoes-militares-contra-o-irao\/","title":{"rendered":"Trump avalia op\u00e7\u00f5es militares contra o Ir\u00e3o"},"content":{"rendered":"<p>Donald Trump deixou na mem\u00f3ria p\u00fablica, atrav\u00e9s de uma publica\u00e7\u00e3o no Truth Social, que a tempestade est\u00e1 a chegar e que nada a deter\u00e1. O tema em torno de a\u00e7\u00f5es contra o Ir\u00e3o ganhou novo impulso com a divulga\u00e7\u00e3o de uma sondagem supostamente favor\u00e1vel \u00e0 suspens\u00e3o do programa nuclear iraniano.<\/p>\n<p>O Presidente dos EUA deve receber um briefing militar de alto n\u00edvel na quinta-feira, com planos que envolvem cen\u00e1rios para uma poss\u00edvel a\u00e7\u00e3o contra o Ir\u00e3o. O objetivo seria pressionar negocia\u00e7\u00f5es sobre o programa nuclear, segundo relatos citados pela imprensa.<\/p>\n<p>Planos para ataques cir\u00fargicos surgem como uma das hip\u00f3teses mais citadas. O Comando Central ter\u00e1 desenhado cen\u00e1rios que contemplam a\u00e7\u00f5es no interior do Ir\u00e3o, incluindo infraestruturas-chave, na tentativa de reativar negocia\u00e7\u00f5es sem abrir caminho a uma guerra prolongada.<\/p>\n<p>Al\u00e9m dos ataques a\u00e9reos, outros cen\u00e1rios consideram o controlo de partes do Estreito de Ormuz para reabrir a navega\u00e7\u00e3o. Fontes indicam que uma opera\u00e7\u00e3o pode exigir o envio de for\u00e7as terrestres, elevando o risco de confronto direto mais amplo.<\/p>\n<p>Outra linha analisada envolve uma opera\u00e7\u00e3o especial para proteger reservas de ur\u00e2nio altamente enriquecido. No entanto, tamb\u00e9m se avalia manter o uso de press\u00e3o econ\u00f4mica, com o bloqueio mar\u00edtimo visto como ferramenta potencial.<\/p>\n<p>Trump tem defendido o bloqueio naval como meio de press\u00e3o mais eficaz do que bombardeamentos, embora n\u00e3o descarte o recurso \u00e0 for\u00e7a se Teer\u00e3 n\u00e3o responder. A administra\u00e7\u00e3o ter\u00e1 sido instru\u00edda a preparar um bloqueio prolongado de portos iranianos.<\/p>\n<p>Relatos indicam que o CENTCOM pediu a instala\u00e7\u00e3o de m\u00edsseis hipers\u00f3nicos no M\u00e9dio Oriente para eventual uso contra o Ir\u00e3o. A Bloomberg afirma que a aprova\u00e7\u00e3o depende de decis\u00f5es futuras, com o objetivo de ampliar o alcance das opera\u00e7\u00f5es.<\/p>\n<p>Os custos de opera\u00e7\u00f5es militares contra o Ir\u00e3o desde o final de fevereiro chegam a valores estimados em cerca de 25 mil milh\u00f5es de d\u00f3lares, segundo um alto funcion\u00e1rio do Departamento de Guerra. Ainda n\u00e3o houve decis\u00e3o definitiva sobre o uso de armas hipers\u00f3nicas.<\/p>\n<p>O caso iraniano envolve tamb\u00e9m respostas prov\u00e1veis de Teer\u00e3 a n\u00edvel regional. O presidente do Parlamento iraniano, Mohammad Bagher Qalibaf, afirmou que os EUA tentam for\u00e7ar o Ir\u00e3o a render-se atrav\u00e9s de press\u00e3o econ\u00f3mica e de divis\u00f5es internas.<\/p>\n<p>Qalibaf pediu unidade ao povo iraniano e alertou para tentativas de desviar a aten\u00e7\u00e3o com cr\u00edticas internas. Foram feitas manifesta\u00e7\u00f5es p\u00fablicas para evitar ataques entre cidad\u00e3os e preservar a coes\u00e3o nacional.<\/p>\n","protected":false},"excerpt":{"rendered":"<ul>\n<li>O presidente dos EUA, Donald Trump, sinalizou op\u00e7\u00f5es militares contra o Ir\u00e3o, incluindo a possibilidade de uma ofensiva de ataques cir\u00fargicos para pressionar o desinserimento do programa nuclear.<\/li>\n<li>Trump dever\u00e1 receber um briefing militar de alto n\u00edvel na quinta-feira, com apresenta\u00e7\u00e3o de v\u00e1rios cen\u00e1rios pelo Comando Central dos EUA na presen\u00e7a do chefe do Estado-Maior Conjunto.<\/li>\n<li>Entre as op\u00e7\u00f5es est\u00e1 tamb\u00e9m o bloqueio mar\u00edtimo, considerado como instrumento de press\u00e3o, que poderia manter portos iranianos fechados se Teer\u00e3o n\u00e3o cumprir exig\u00eancias.<\/li>\n<li>Relatos indicam que o Comando Central discute ainda o eventual uso de m\u00edsseis hipers\u00f3nicos no M\u00e9dio Oriente, dependendo da autoriza\u00e7\u00e3o final.<\/li>\n<li>O Ir\u00e3o respondeu com cr\u00edticas \u00e0 press\u00e3o norte-americana: o presidente do Parlamento iraniano afirmou que os EUA tentam for\u00e7ar o Ir\u00e3o a render-se, apelando \u00e0 unidade interna e \u00e0 resist\u00eancia.<\/li>\n<\/ul>\n","protected":false},"author":2,"featured_media":461948,"comment_status":"closed","ping_status":"closed","sticky":false,"template":"","format":"standard","meta":{"footnotes":""},"categories":[6790,6814],"tags":[8333,7986,8195,8132,7962,8397],"class_list":["post-461943","post","type-post","status-publish","format-standard","has-post-thumbnail","hentry","category-conflitos","category-geopolitica","tag-_defesa-internacional","tag-_estados-unidos","tag-_guerra","tag-_iran","tag-_politica-externa","tag-_sancoes-internacionais"],"yoast_head":"<!-- This site is optimized with the Yoast SEO plugin v27.2 - https:\/\/yoast.com\/product\/yoast-seo-wordpress\/ -->\n<title>Trump avalia op\u00e7\u00f5es militares contra o Ir\u00e3o - Portal Tela Portugal<\/title>\n<meta name=\"robots\" content=\"index, follow, max-snippet:-1, max-image-preview:large, max-video-preview:-1\" \/>\n<meta property=\"og:locale\" content=\"pt_PT\" \/>\n<meta property=\"og:type\" content=\"article\" \/>\n<meta property=\"og:title\" content=\"Trump avalia op\u00e7\u00f5es militares contra o Ir\u00e3o - Portal Tela Portugal\" \/>\n<meta property=\"og:description\" content=\"O presidente dos EUA, Donald Trump, sinalizou op\u00e7\u00f5es militares contra o Ir\u00e3o, incluindo a possibilidade de uma ofensiva de ataques cir\u00fargicos para pressionar o desinserimento do programa nuclear. Trump dever\u00e1 receber um briefing militar de alto n\u00edvel na quinta-feira, com apresenta\u00e7\u00e3o de v\u00e1rios cen\u00e1rios pelo Comando Central dos EUA na presen\u00e7a do chefe do Estado-Maior Conjunto. Entre as op\u00e7\u00f5es est\u00e1 tamb\u00e9m o bloqueio mar\u00edtimo, considerado como instrumento de press\u00e3o, que poderia manter portos iranianos fechados se Teer\u00e3o n\u00e3o cumprir exig\u00eancias. Relatos indicam que o Comando Central discute ainda o eventual uso de m\u00edsseis hipers\u00f3nicos no M\u00e9dio Oriente, dependendo da autoriza\u00e7\u00e3o final. O Ir\u00e3o respondeu com cr\u00edticas \u00e0 press\u00e3o norte-americana: o presidente do Parlamento iraniano afirmou que os EUA tentam for\u00e7ar o Ir\u00e3o a render-se, apelando \u00e0 unidade interna e \u00e0 resist\u00eancia.\" \/>\n<meta property=\"og:url\" content=\"https:\/\/portaltela.pt\/noticias\/2026\/04\/30\/trump-avalia-opcoes-militares-contra-o-irao\/\" \/>\n<meta property=\"og:site_name\" content=\"Portal Tela Portugal\" \/>\n<meta property=\"article:published_time\" content=\"2026-04-30T08:17:57+00:00\" \/>\n<meta name=\"author\" content=\"Telinha\" \/>\n<meta name=\"twitter:card\" content=\"summary_large_image\" \/>\n<meta name=\"twitter:label1\" content=\"Escrito por\" \/>\n\t<meta name=\"twitter:data1\" content=\"Telinha\" \/>\n\t<meta name=\"twitter:label2\" content=\"Tempo estimado de leitura\" \/>\n\t<meta name=\"twitter:data2\" content=\"2 minutos\" \/>\n<script type=\"application\/ld+json\" class=\"yoast-schema-graph\">{\"@context\":\"https:\/\/schema.org\",\"@graph\":[{\"@type\":\"Article\",\"@id\":\"https:\/\/portaltela.pt\/noticias\/2026\/04\/30\/trump-avalia-opcoes-militares-contra-o-irao\/#article\",\"isPartOf\":{\"@id\":\"https:\/\/portaltela.pt\/noticias\/2026\/04\/30\/trump-avalia-opcoes-militares-contra-o-irao\/\"},\"author\":{\"name\":\"Telinha\",\"@id\":\"https:\/\/portaltela.pt\/#\/schema\/person\/c4278d4a6028830caff9ee44b42d32ed\"},\"headline\":\"Trump avalia op\u00e7\u00f5es militares contra o Ir\u00e3o\",\"datePublished\":\"2026-04-30T08:17:57+00:00\",\"mainEntityOfPage\":{\"@id\":\"https:\/\/portaltela.pt\/noticias\/2026\/04\/30\/trump-avalia-opcoes-militares-contra-o-irao\/\"},\"wordCount\":467,\"image\":{\"@id\":\"https:\/\/portaltela.pt\/noticias\/2026\/04\/30\/trump-avalia-opcoes-militares-contra-o-irao\/#primaryimage\"},\"thumbnailUrl\":\"https:\/\/portaltela.pt\/s.01k8rhncp4jt1\/2026\/04\/1536x864_cmsv2_a6fda224-ebf3-5424-802a-bba621bb6dd3-9741585.jpg\",\"keywords\":[\"_defesa internacional\",\"_Estados Unidos\",\"_guerra\",\"_\u00cdr\u00e1n\",\"_pol\u00edtica externa\",\"_san\u00e7\u00f5es internacionais\"],\"articleSection\":[\"Conflitos\",\"Geopol\u00edtica\"],\"inLanguage\":\"pt-PT\"},{\"@type\":\"WebPage\",\"@id\":\"https:\/\/portaltela.pt\/noticias\/2026\/04\/30\/trump-avalia-opcoes-militares-contra-o-irao\/\",\"url\":\"https:\/\/portaltela.pt\/noticias\/2026\/04\/30\/trump-avalia-opcoes-militares-contra-o-irao\/\",\"name\":\"Trump avalia op\u00e7\u00f5es militares contra o Ir\u00e3o - Portal Tela Portugal\",\"isPartOf\":{\"@id\":\"https:\/\/portaltela.pt\/#website\"},\"primaryImageOfPage\":{\"@id\":\"https:\/\/portaltela.pt\/noticias\/2026\/04\/30\/trump-avalia-opcoes-militares-contra-o-irao\/#primaryimage\"},\"image\":{\"@id\":\"https:\/\/portaltela.pt\/noticias\/2026\/04\/30\/trump-avalia-opcoes-militares-contra-o-irao\/#primaryimage\"},\"thumbnailUrl\":\"https:\/\/portaltela.pt\/s.01k8rhncp4jt1\/2026\/04\/1536x864_cmsv2_a6fda224-ebf3-5424-802a-bba621bb6dd3-9741585.jpg\",\"datePublished\":\"2026-04-30T08:17:57+00:00\",\"author\":{\"@id\":\"https:\/\/portaltela.pt\/#\/schema\/person\/c4278d4a6028830caff9ee44b42d32ed\"},\"breadcrumb\":{\"@id\":\"https:\/\/portaltela.pt\/noticias\/2026\/04\/30\/trump-avalia-opcoes-militares-contra-o-irao\/#breadcrumb\"},\"inLanguage\":\"pt-PT\",\"potentialAction\":[{\"@type\":\"ReadAction\",\"target\":[\"https:\/\/portaltela.pt\/noticias\/2026\/04\/30\/trump-avalia-opcoes-militares-contra-o-irao\/\"]}]},{\"@type\":\"ImageObject\",\"inLanguage\":\"pt-PT\",\"@id\":\"https:\/\/portaltela.pt\/noticias\/2026\/04\/30\/trump-avalia-opcoes-militares-contra-o-irao\/#primaryimage\",\"url\":\"https:\/\/portaltela.pt\/s.01k8rhncp4jt1\/2026\/04\/1536x864_cmsv2_a6fda224-ebf3-5424-802a-bba621bb6dd3-9741585.jpg\",\"contentUrl\":\"https:\/\/portaltela.pt\/s.01k8rhncp4jt1\/2026\/04\/1536x864_cmsv2_a6fda224-ebf3-5424-802a-bba621bb6dd3-9741585.jpg\",\"width\":796,\"height\":448,\"caption\":\"O Presidente Donald Trump fala aos jornalistas enquanto se re\u00fane com os astronautas da NASA Artemis 2, Victor Glover, Christina Koch, Reid Wiseman e Jeremy Hansen, na Sala Oval da Casa Branca\"},{\"@type\":\"BreadcrumbList\",\"@id\":\"https:\/\/portaltela.pt\/noticias\/2026\/04\/30\/trump-avalia-opcoes-militares-contra-o-irao\/#breadcrumb\",\"itemListElement\":[{\"@type\":\"ListItem\",\"position\":1,\"name\":\"In\u00edcio\",\"item\":\"https:\/\/portaltela.pt\/\"},{\"@type\":\"ListItem\",\"position\":2,\"name\":\"Trump avalia op\u00e7\u00f5es militares contra o Ir\u00e3o\"}]},{\"@type\":\"WebSite\",\"@id\":\"https:\/\/portaltela.pt\/#website\",\"url\":\"https:\/\/portaltela.pt\/\",\"name\":\"Portal Tela Portugal\",\"description\":\"\",\"potentialAction\":[{\"@type\":\"SearchAction\",\"target\":{\"@type\":\"EntryPoint\",\"urlTemplate\":\"https:\/\/portaltela.pt\/?s={search_term_string}\"},\"query-input\":{\"@type\":\"PropertyValueSpecification\",\"valueRequired\":true,\"valueName\":\"search_term_string\"}}],\"inLanguage\":\"pt-PT\"},{\"@type\":\"Person\",\"@id\":\"https:\/\/portaltela.pt\/#\/schema\/person\/c4278d4a6028830caff9ee44b42d32ed\",\"name\":\"Telinha\",\"image\":{\"@type\":\"ImageObject\",\"inLanguage\":\"pt-PT\",\"@id\":\"https:\/\/portaltela.pt\/s.01k8rhncp4jt1\/2025\/11\/talking-bot-125x125.png\",\"url\":\"https:\/\/portaltela.pt\/s.01k8rhncp4jt1\/2025\/11\/talking-bot-125x125.png\",\"contentUrl\":\"https:\/\/portaltela.pt\/s.01k8rhncp4jt1\/2025\/11\/talking-bot-125x125.png\",\"caption\":\"Telinha\"},\"sameAs\":[\"https:\/\/portaltela.pt\/\"],\"url\":\"https:\/\/portaltela.pt\/por\/367410592786\/\"}]}<\/script>\n<!-- \/ Yoast SEO plugin. -->","yoast_head_json":{"title":"Trump avalia op\u00e7\u00f5es militares contra o Ir\u00e3o - Portal Tela Portugal","robots":{"index":"index","follow":"follow","max-snippet":"max-snippet:-1","max-image-preview":"max-image-preview:large","max-video-preview":"max-video-preview:-1"},"og_locale":"pt_PT","og_type":"article","og_title":"Trump avalia op\u00e7\u00f5es militares contra o Ir\u00e3o - Portal Tela Portugal","og_description":"O presidente dos EUA, Donald Trump, sinalizou op\u00e7\u00f5es militares contra o Ir\u00e3o, incluindo a possibilidade de uma ofensiva de ataques cir\u00fargicos para pressionar o desinserimento do programa nuclear. Trump dever\u00e1 receber um briefing militar de alto n\u00edvel na quinta-feira, com apresenta\u00e7\u00e3o de v\u00e1rios cen\u00e1rios pelo Comando Central dos EUA na presen\u00e7a do chefe do Estado-Maior Conjunto. Entre as op\u00e7\u00f5es est\u00e1 tamb\u00e9m o bloqueio mar\u00edtimo, considerado como instrumento de press\u00e3o, que poderia manter portos iranianos fechados se Teer\u00e3o n\u00e3o cumprir exig\u00eancias. Relatos indicam que o Comando Central discute ainda o eventual uso de m\u00edsseis hipers\u00f3nicos no M\u00e9dio Oriente, dependendo da autoriza\u00e7\u00e3o final. O Ir\u00e3o respondeu com cr\u00edticas \u00e0 press\u00e3o norte-americana: o presidente do Parlamento iraniano afirmou que os EUA tentam for\u00e7ar o Ir\u00e3o a render-se, apelando \u00e0 unidade interna e \u00e0 resist\u00eancia.","og_url":"https:\/\/portaltela.pt\/noticias\/2026\/04\/30\/trump-avalia-opcoes-militares-contra-o-irao\/","og_site_name":"Portal Tela Portugal","article_published_time":"2026-04-30T08:17:57+00:00","author":"Telinha","twitter_card":"summary_large_image","twitter_misc":{"Escrito por":"Telinha","Tempo estimado de leitura":"2 minutos"},"schema":{"@context":"https:\/\/schema.org","@graph":[{"@type":"Article","@id":"https:\/\/portaltela.pt\/noticias\/2026\/04\/30\/trump-avalia-opcoes-militares-contra-o-irao\/#article","isPartOf":{"@id":"https:\/\/portaltela.pt\/noticias\/2026\/04\/30\/trump-avalia-opcoes-militares-contra-o-irao\/"},"author":{"name":"Telinha","@id":"https:\/\/portaltela.pt\/#\/schema\/person\/c4278d4a6028830caff9ee44b42d32ed"},"headline":"Trump avalia op\u00e7\u00f5es militares contra o Ir\u00e3o","datePublished":"2026-04-30T08:17:57+00:00","mainEntityOfPage":{"@id":"https:\/\/portaltela.pt\/noticias\/2026\/04\/30\/trump-avalia-opcoes-militares-contra-o-irao\/"},"wordCount":467,"image":{"@id":"https:\/\/portaltela.pt\/noticias\/2026\/04\/30\/trump-avalia-opcoes-militares-contra-o-irao\/#primaryimage"},"thumbnailUrl":"https:\/\/portaltela.pt\/s.01k8rhncp4jt1\/2026\/04\/1536x864_cmsv2_a6fda224-ebf3-5424-802a-bba621bb6dd3-9741585.jpg","keywords":["_defesa internacional","_Estados Unidos","_guerra","_\u00cdr\u00e1n","_pol\u00edtica externa","_san\u00e7\u00f5es internacionais"],"articleSection":["Conflitos","Geopol\u00edtica"],"inLanguage":"pt-PT"},{"@type":"WebPage","@id":"https:\/\/portaltela.pt\/noticias\/2026\/04\/30\/trump-avalia-opcoes-militares-contra-o-irao\/","url":"https:\/\/portaltela.pt\/noticias\/2026\/04\/30\/trump-avalia-opcoes-militares-contra-o-irao\/","name":"Trump avalia op\u00e7\u00f5es militares contra o Ir\u00e3o - Portal Tela Portugal","isPartOf":{"@id":"https:\/\/portaltela.pt\/#website"},"primaryImageOfPage":{"@id":"https:\/\/portaltela.pt\/noticias\/2026\/04\/30\/trump-avalia-opcoes-militares-contra-o-irao\/#primaryimage"},"image":{"@id":"https:\/\/portaltela.pt\/noticias\/2026\/04\/30\/trump-avalia-opcoes-militares-contra-o-irao\/#primaryimage"},"thumbnailUrl":"https:\/\/portaltela.pt\/s.01k8rhncp4jt1\/2026\/04\/1536x864_cmsv2_a6fda224-ebf3-5424-802a-bba621bb6dd3-9741585.jpg","datePublished":"2026-04-30T08:17:57+00:00","author":{"@id":"https:\/\/portaltela.pt\/#\/schema\/person\/c4278d4a6028830caff9ee44b42d32ed"},"breadcrumb":{"@id":"https:\/\/portaltela.pt\/noticias\/2026\/04\/30\/trump-avalia-opcoes-militares-contra-o-irao\/#breadcrumb"},"inLanguage":"pt-PT","potentialAction":[{"@type":"ReadAction","target":["https:\/\/portaltela.pt\/noticias\/2026\/04\/30\/trump-avalia-opcoes-militares-contra-o-irao\/"]}]},{"@type":"ImageObject","inLanguage":"pt-PT","@id":"https:\/\/portaltela.pt\/noticias\/2026\/04\/30\/trump-avalia-opcoes-militares-contra-o-irao\/#primaryimage","url":"https:\/\/portaltela.pt\/s.01k8rhncp4jt1\/2026\/04\/1536x864_cmsv2_a6fda224-ebf3-5424-802a-bba621bb6dd3-9741585.jpg","contentUrl":"https:\/\/portaltela.pt\/s.01k8rhncp4jt1\/2026\/04\/1536x864_cmsv2_a6fda224-ebf3-5424-802a-bba621bb6dd3-9741585.jpg","width":796,"height":448,"caption":"O Presidente Donald Trump fala aos jornalistas enquanto se re\u00fane com os astronautas da NASA Artemis 2, Victor Glover, Christina Koch, Reid Wiseman e Jeremy Hansen, na Sala Oval da Casa Branca"},{"@type":"BreadcrumbList","@id":"https:\/\/portaltela.pt\/noticias\/2026\/04\/30\/trump-avalia-opcoes-militares-contra-o-irao\/#breadcrumb","itemListElement":[{"@type":"ListItem","position":1,"name":"In\u00edcio","item":"https:\/\/portaltela.pt\/"},{"@type":"ListItem","position":2,"name":"Trump avalia op\u00e7\u00f5es militares contra o Ir\u00e3o"}]},{"@type":"WebSite","@id":"https:\/\/portaltela.pt\/#website","url":"https:\/\/portaltela.pt\/","name":"Portal Tela Portugal","description":"","potentialAction":[{"@type":"SearchAction","target":{"@type":"EntryPoint","urlTemplate":"https:\/\/portaltela.pt\/?s={search_term_string}"},"query-input":{"@type":"PropertyValueSpecification","valueRequired":true,"valueName":"search_term_string"}}],"inLanguage":"pt-PT"},{"@type":"Person","@id":"https:\/\/portaltela.pt\/#\/schema\/person\/c4278d4a6028830caff9ee44b42d32ed","name":"Telinha","image":{"@type":"ImageObject","inLanguage":"pt-PT","@id":"https:\/\/portaltela.pt\/s.01k8rhncp4jt1\/2025\/11\/talking-bot-125x125.png","url":"https:\/\/portaltela.pt\/s.01k8rhncp4jt1\/2025\/11\/talking-bot-125x125.png","contentUrl":"https:\/\/portaltela.pt\/s.01k8rhncp4jt1\/2025\/11\/talking-bot-125x125.png","caption":"Telinha"},"sameAs":["https:\/\/portaltela.pt\/"],"url":"https:\/\/portaltela.pt\/por\/367410592786\/"}]}},"_links":{"self":[{"href":"https:\/\/portaltela.pt\/api\/wp\/v2\/posts\/461943","targetHints":{"allow":["GET"]}}],"collection":[{"href":"https:\/\/portaltela.pt\/api\/wp\/v2\/posts"}],"about":[{"href":"https:\/\/portaltela.pt\/api\/wp\/v2\/types\/post"}],"author":[{"embeddable":true,"href":"https:\/\/portaltela.pt\/api\/wp\/v2\/users\/2"}],"replies":[{"embeddable":true,"href":"https:\/\/portaltela.pt\/api\/wp\/v2\/comments?post=461943"}],"version-history":[{"count":0,"href":"https:\/\/portaltela.pt\/api\/wp\/v2\/posts\/461943\/revisions"}],"wp:featuredmedia":[{"embeddable":true,"href":"https:\/\/portaltela.pt\/api\/wp\/v2\/media\/461948"}],"wp:attachment":[{"href":"https:\/\/portaltela.pt\/api\/wp\/v2\/media?parent=461943"}],"wp:term":[{"taxonomy":"category","embeddable":true,"href":"https:\/\/portaltela.pt\/api\/wp\/v2\/categories?post=461943"},{"taxonomy":"post_tag","embeddable":true,"href":"https:\/\/portaltela.pt\/api\/wp\/v2\/tags?post=461943"}],"curies":[{"name":"wp","href":"https:\/\/api.w.org\/{rel}","templated":true}]}}