{"id":461940,"date":"2026-04-30T05:17:48","date_gmt":"2026-04-30T08:17:48","guid":{"rendered":"https:\/\/portaltela.pt\/noticias\/2026\/04\/30\/arteta-indignado-com-arbitro-recebe-resposta-de-simeone-sobre-penalti\/"},"modified":"2026-04-30T05:17:48","modified_gmt":"2026-04-30T08:17:48","slug":"arteta-indignado-com-arbitro-recebe-resposta-de-simeone-sobre-penalti","status":"publish","type":"post","link":"https:\/\/portaltela.pt\/desporto\/futebol\/2026\/04\/30\/arteta-indignado-com-arbitro-recebe-resposta-de-simeone-sobre-penalti\/","title":{"rendered":"Arteta indignado com \u00e1rbitro recebe resposta de Simeone sobre pen\u00e1lti"},"content":{"rendered":"<p>O Atl\u00e9tico de Madrid empatou 1-1 com o Arsenal no Metropolitano, na segunda m\u00e3o da meia-final da Liga dos Campe\u00f5es. Gy\u00f6keres abriu o marcador j\u00e1 perto do intervalo, aos 45 minutos, de pen\u00e1lti, respondendo \u00e0 press\u00e3o dos anfitri\u00f5es. No segundo tempo, Juli\u00e1n \u00c1lvarez empatou a partida j\u00e1 perto do fim, marcando o 20\u00ba golo da \u00e9poca e o 10\u00ba na competi\u00e7\u00e3o, antes de se vir a ausentar por les\u00e3o. O encontro teve ainda interven\u00e7\u00e3o policial junto aos adeptos antes do pontap\u00e9 de sa\u00edda.<\/p>\n<p>O jogo foi disputado sob forte presen\u00e7a de apoio das bancadas e com o Rei Felipe VI entre os presentes, numa noite em que o Atl\u00e9tico tentou impor o ritmo, mas n\u00e3o conseguiu converter as oportunidades iniciais em vantagem. Griezmann acertou na barra no que foi o seu \u00faltimo duelo em casa pela Liga dos Campe\u00f5es, antes de o \u00e1rbitro assinalar um segundo pen\u00e1lti para o Atl\u00e9tico, por alegado pis\u00e3o de Hancko sobre Eze, mas a decis\u00e3o foi revertida ap\u00f3s consulta ao monitor.<\/p>\n<p>A arbitragem voltou a ser tema de discuss\u00e3o no final do encontro. Arteta afirmou, no p\u00f3s-jogo, que o lance de pen\u00e1lti n\u00e3o deveria ter sido marcado, enquanto Simeone comentou que \u201cpara se marcar um pen\u00e1lti na Champions, tem de ser a s\u00e9rio\u201d. O equil\u00edbrio deixa tudo em aberto para a decis\u00e3o em Londres, na ter\u00e7a-feira, que definir\u00e1 o finalista da competi\u00e7\u00e3o.<\/p>\n","protected":false},"excerpt":{"rendered":"<ul>\n<li>Atl\u00e9tico de Madrid e Arsenal empataram 1-1 na segunda m\u00e3o da meia-final da Champions, no Metropolitano, com o \u00e1rbitro a ter revis\u00e3o no monitor para um pen\u00e1lti.<\/li>\n<li>Gyokeres abriu o marcador a poucos minutos do intervalo, de pen\u00e1lti, dando vantagem ao Arsenal.<\/li>\n<li>No segundo tempo, Juli\u00e1n \u00c1lvarez empatou a recarga de pen\u00e1lti, atingindo a marca dos 20 golos na \u00e9poca e o 10\u00ba na Champions; acabou por sair lesionado.<\/li>\n<li>Griezmann apareceu na barra (no seu \u00faltimo jogo em casa na Champions pelo Atl\u00e9tico) e houve nova penalidade para o Atl\u00e9tico por pis\u00e3o de Hancko sobre Eze, mas a decis\u00e3o foi revertida ap\u00f3s revis\u00e3o no monitor.<\/li>\n<li>No final, Arteta criticou a decis\u00e3o, dizendo que \u201cpara se marcar um pen\u00e1lti na Champions, tem de ser a s\u00e9rio\u201d; o encontro fica decidido em Londres na ter\u00e7a-feira.<\/li>\n<\/ul>\n","protected":false},"author":2,"featured_media":461942,"comment_status":"closed","ping_status":"closed","sticky":false,"template":"","format":"standard","meta":{"footnotes":""},"categories":[21,24],"tags":[6920,1109,3577,32,3338,1885],"class_list":["post-461940","post","type-post","status-publish","format-standard","has-post-thumbnail","hentry","category-desporto","category-futebol","tag-arbitros","tag-atletico-de-madrid","tag-champions-league","tag-futebol","tag-futebol-internacional","tag-penalti"],"yoast_head":"<!-- This site is optimized with the Yoast SEO plugin v27.2 - https:\/\/yoast.com\/product\/yoast-seo-wordpress\/ -->\n<title>Arteta indignado com \u00e1rbitro recebe resposta de Simeone sobre pen\u00e1lti - Portal Tela Portugal<\/title>\n<meta name=\"robots\" content=\"index, follow, max-snippet:-1, max-image-preview:large, max-video-preview:-1\" \/>\n<meta property=\"og:locale\" content=\"pt_PT\" \/>\n<meta property=\"og:type\" content=\"article\" \/>\n<meta property=\"og:title\" content=\"Arteta indignado com \u00e1rbitro recebe resposta de Simeone sobre pen\u00e1lti - Portal Tela Portugal\" \/>\n<meta property=\"og:description\" content=\"Atl\u00e9tico de Madrid e Arsenal empataram 1-1 na segunda m\u00e3o da meia-final da Champions, no Metropolitano, com o \u00e1rbitro a ter revis\u00e3o no monitor para um pen\u00e1lti. Gyokeres abriu o marcador a poucos minutos do intervalo, de pen\u00e1lti, dando vantagem ao Arsenal. No segundo tempo, Juli\u00e1n \u00c1lvarez empatou a recarga de pen\u00e1lti, atingindo a marca dos 20 golos na \u00e9poca e o 10\u00ba na Champions; acabou por sair lesionado. Griezmann apareceu na barra (no seu \u00faltimo jogo em casa na Champions pelo Atl\u00e9tico) e houve nova penalidade para o Atl\u00e9tico por pis\u00e3o de Hancko sobre Eze, mas a decis\u00e3o foi revertida ap\u00f3s revis\u00e3o no monitor. No final, Arteta criticou a decis\u00e3o, dizendo que \u201cpara se marcar um pen\u00e1lti na Champions, tem de ser a s\u00e9rio\u201d; o encontro fica decidido em Londres na ter\u00e7a-feira.\" \/>\n<meta property=\"og:url\" content=\"https:\/\/portaltela.pt\/noticias\/2026\/04\/30\/arteta-indignado-com-arbitro-recebe-resposta-de-simeone-sobre-penalti\/\" \/>\n<meta property=\"og:site_name\" content=\"Portal Tela Portugal\" \/>\n<meta property=\"article:published_time\" content=\"2026-04-30T08:17:48+00:00\" \/>\n<meta name=\"author\" content=\"Telinha\" \/>\n<meta name=\"twitter:card\" content=\"summary_large_image\" \/>\n<meta name=\"twitter:label1\" content=\"Escrito por\" \/>\n\t<meta name=\"twitter:data1\" content=\"Telinha\" \/>\n\t<meta name=\"twitter:label2\" content=\"Tempo estimado de leitura\" \/>\n\t<meta name=\"twitter:data2\" content=\"1 minuto\" \/>\n<script type=\"application\/ld+json\" class=\"yoast-schema-graph\">{\"@context\":\"https:\/\/schema.org\",\"@graph\":[{\"@type\":\"Article\",\"@id\":\"https:\/\/portaltela.pt\/noticias\/2026\/04\/30\/arteta-indignado-com-arbitro-recebe-resposta-de-simeone-sobre-penalti\/#article\",\"isPartOf\":{\"@id\":\"https:\/\/portaltela.pt\/noticias\/2026\/04\/30\/arteta-indignado-com-arbitro-recebe-resposta-de-simeone-sobre-penalti\/\"},\"author\":{\"name\":\"Telinha\",\"@id\":\"https:\/\/portaltela.pt\/#\/schema\/person\/c4278d4a6028830caff9ee44b42d32ed\"},\"headline\":\"Arteta indignado com \u00e1rbitro recebe resposta de Simeone sobre pen\u00e1lti\",\"datePublished\":\"2026-04-30T08:17:48+00:00\",\"mainEntityOfPage\":{\"@id\":\"https:\/\/portaltela.pt\/noticias\/2026\/04\/30\/arteta-indignado-com-arbitro-recebe-resposta-de-simeone-sobre-penalti\/\"},\"wordCount\":265,\"image\":{\"@id\":\"https:\/\/portaltela.pt\/noticias\/2026\/04\/30\/arteta-indignado-com-arbitro-recebe-resposta-de-simeone-sobre-penalti\/#primaryimage\"},\"thumbnailUrl\":\"https:\/\/portaltela.pt\/s.01k8rhncp4jt1\/2026\/04\/img_1200x721uu2026-04-30-09-12-27-2436067.jpg\",\"keywords\":[\"\u00e1rbitros\",\"Atl\u00e9tico de Madrid\",\"Champions League\",\"futebol\",\"futebol internacional\",\"pen\u00e1lti\"],\"articleSection\":[\"Desporto\",\"Futebol\"],\"inLanguage\":\"pt-PT\"},{\"@type\":\"WebPage\",\"@id\":\"https:\/\/portaltela.pt\/noticias\/2026\/04\/30\/arteta-indignado-com-arbitro-recebe-resposta-de-simeone-sobre-penalti\/\",\"url\":\"https:\/\/portaltela.pt\/noticias\/2026\/04\/30\/arteta-indignado-com-arbitro-recebe-resposta-de-simeone-sobre-penalti\/\",\"name\":\"Arteta indignado com \u00e1rbitro recebe resposta de Simeone sobre pen\u00e1lti - Portal Tela Portugal\",\"isPartOf\":{\"@id\":\"https:\/\/portaltela.pt\/#website\"},\"primaryImageOfPage\":{\"@id\":\"https:\/\/portaltela.pt\/noticias\/2026\/04\/30\/arteta-indignado-com-arbitro-recebe-resposta-de-simeone-sobre-penalti\/#primaryimage\"},\"image\":{\"@id\":\"https:\/\/portaltela.pt\/noticias\/2026\/04\/30\/arteta-indignado-com-arbitro-recebe-resposta-de-simeone-sobre-penalti\/#primaryimage\"},\"thumbnailUrl\":\"https:\/\/portaltela.pt\/s.01k8rhncp4jt1\/2026\/04\/img_1200x721uu2026-04-30-09-12-27-2436067.jpg\",\"datePublished\":\"2026-04-30T08:17:48+00:00\",\"author\":{\"@id\":\"https:\/\/portaltela.pt\/#\/schema\/person\/c4278d4a6028830caff9ee44b42d32ed\"},\"breadcrumb\":{\"@id\":\"https:\/\/portaltela.pt\/noticias\/2026\/04\/30\/arteta-indignado-com-arbitro-recebe-resposta-de-simeone-sobre-penalti\/#breadcrumb\"},\"inLanguage\":\"pt-PT\",\"potentialAction\":[{\"@type\":\"ReadAction\",\"target\":[\"https:\/\/portaltela.pt\/noticias\/2026\/04\/30\/arteta-indignado-com-arbitro-recebe-resposta-de-simeone-sobre-penalti\/\"]}]},{\"@type\":\"ImageObject\",\"inLanguage\":\"pt-PT\",\"@id\":\"https:\/\/portaltela.pt\/noticias\/2026\/04\/30\/arteta-indignado-com-arbitro-recebe-resposta-de-simeone-sobre-penalti\/#primaryimage\",\"url\":\"https:\/\/portaltela.pt\/s.01k8rhncp4jt1\/2026\/04\/img_1200x721uu2026-04-30-09-12-27-2436067.jpg\",\"contentUrl\":\"https:\/\/portaltela.pt\/s.01k8rhncp4jt1\/2026\/04\/img_1200x721uu2026-04-30-09-12-27-2436067.jpg\",\"width\":796,\"height\":448,\"caption\":\"Arteta contesta decis\u00e3o do \u00e1rbitro\"},{\"@type\":\"BreadcrumbList\",\"@id\":\"https:\/\/portaltela.pt\/noticias\/2026\/04\/30\/arteta-indignado-com-arbitro-recebe-resposta-de-simeone-sobre-penalti\/#breadcrumb\",\"itemListElement\":[{\"@type\":\"ListItem\",\"position\":1,\"name\":\"In\u00edcio\",\"item\":\"https:\/\/portaltela.pt\/\"},{\"@type\":\"ListItem\",\"position\":2,\"name\":\"Arteta indignado com \u00e1rbitro recebe resposta de Simeone sobre pen\u00e1lti\"}]},{\"@type\":\"WebSite\",\"@id\":\"https:\/\/portaltela.pt\/#website\",\"url\":\"https:\/\/portaltela.pt\/\",\"name\":\"Portal Tela Portugal\",\"description\":\"\",\"potentialAction\":[{\"@type\":\"SearchAction\",\"target\":{\"@type\":\"EntryPoint\",\"urlTemplate\":\"https:\/\/portaltela.pt\/?s={search_term_string}\"},\"query-input\":{\"@type\":\"PropertyValueSpecification\",\"valueRequired\":true,\"valueName\":\"search_term_string\"}}],\"inLanguage\":\"pt-PT\"},{\"@type\":\"Person\",\"@id\":\"https:\/\/portaltela.pt\/#\/schema\/person\/c4278d4a6028830caff9ee44b42d32ed\",\"name\":\"Telinha\",\"image\":{\"@type\":\"ImageObject\",\"inLanguage\":\"pt-PT\",\"@id\":\"https:\/\/portaltela.pt\/s.01k8rhncp4jt1\/2025\/11\/talking-bot-125x125.png\",\"url\":\"https:\/\/portaltela.pt\/s.01k8rhncp4jt1\/2025\/11\/talking-bot-125x125.png\",\"contentUrl\":\"https:\/\/portaltela.pt\/s.01k8rhncp4jt1\/2025\/11\/talking-bot-125x125.png\",\"caption\":\"Telinha\"},\"sameAs\":[\"https:\/\/portaltela.pt\/\"],\"url\":\"https:\/\/portaltela.pt\/por\/367410592786\/\"}]}<\/script>\n<!-- \/ Yoast SEO plugin. -->","yoast_head_json":{"title":"Arteta indignado com \u00e1rbitro recebe resposta de Simeone sobre pen\u00e1lti - Portal Tela Portugal","robots":{"index":"index","follow":"follow","max-snippet":"max-snippet:-1","max-image-preview":"max-image-preview:large","max-video-preview":"max-video-preview:-1"},"og_locale":"pt_PT","og_type":"article","og_title":"Arteta indignado com \u00e1rbitro recebe resposta de Simeone sobre pen\u00e1lti - Portal Tela Portugal","og_description":"Atl\u00e9tico de Madrid e Arsenal empataram 1-1 na segunda m\u00e3o da meia-final da Champions, no Metropolitano, com o \u00e1rbitro a ter revis\u00e3o no monitor para um pen\u00e1lti. Gyokeres abriu o marcador a poucos minutos do intervalo, de pen\u00e1lti, dando vantagem ao Arsenal. No segundo tempo, Juli\u00e1n \u00c1lvarez empatou a recarga de pen\u00e1lti, atingindo a marca dos 20 golos na \u00e9poca e o 10\u00ba na Champions; acabou por sair lesionado. Griezmann apareceu na barra (no seu \u00faltimo jogo em casa na Champions pelo Atl\u00e9tico) e houve nova penalidade para o Atl\u00e9tico por pis\u00e3o de Hancko sobre Eze, mas a decis\u00e3o foi revertida ap\u00f3s revis\u00e3o no monitor. No final, Arteta criticou a decis\u00e3o, dizendo que \u201cpara se marcar um pen\u00e1lti na Champions, tem de ser a s\u00e9rio\u201d; o encontro fica decidido em Londres na ter\u00e7a-feira.","og_url":"https:\/\/portaltela.pt\/noticias\/2026\/04\/30\/arteta-indignado-com-arbitro-recebe-resposta-de-simeone-sobre-penalti\/","og_site_name":"Portal Tela Portugal","article_published_time":"2026-04-30T08:17:48+00:00","author":"Telinha","twitter_card":"summary_large_image","twitter_misc":{"Escrito por":"Telinha","Tempo estimado de leitura":"1 minuto"},"schema":{"@context":"https:\/\/schema.org","@graph":[{"@type":"Article","@id":"https:\/\/portaltela.pt\/noticias\/2026\/04\/30\/arteta-indignado-com-arbitro-recebe-resposta-de-simeone-sobre-penalti\/#article","isPartOf":{"@id":"https:\/\/portaltela.pt\/noticias\/2026\/04\/30\/arteta-indignado-com-arbitro-recebe-resposta-de-simeone-sobre-penalti\/"},"author":{"name":"Telinha","@id":"https:\/\/portaltela.pt\/#\/schema\/person\/c4278d4a6028830caff9ee44b42d32ed"},"headline":"Arteta indignado com \u00e1rbitro recebe resposta de Simeone sobre pen\u00e1lti","datePublished":"2026-04-30T08:17:48+00:00","mainEntityOfPage":{"@id":"https:\/\/portaltela.pt\/noticias\/2026\/04\/30\/arteta-indignado-com-arbitro-recebe-resposta-de-simeone-sobre-penalti\/"},"wordCount":265,"image":{"@id":"https:\/\/portaltela.pt\/noticias\/2026\/04\/30\/arteta-indignado-com-arbitro-recebe-resposta-de-simeone-sobre-penalti\/#primaryimage"},"thumbnailUrl":"https:\/\/portaltela.pt\/s.01k8rhncp4jt1\/2026\/04\/img_1200x721uu2026-04-30-09-12-27-2436067.jpg","keywords":["\u00e1rbitros","Atl\u00e9tico de Madrid","Champions League","futebol","futebol internacional","pen\u00e1lti"],"articleSection":["Desporto","Futebol"],"inLanguage":"pt-PT"},{"@type":"WebPage","@id":"https:\/\/portaltela.pt\/noticias\/2026\/04\/30\/arteta-indignado-com-arbitro-recebe-resposta-de-simeone-sobre-penalti\/","url":"https:\/\/portaltela.pt\/noticias\/2026\/04\/30\/arteta-indignado-com-arbitro-recebe-resposta-de-simeone-sobre-penalti\/","name":"Arteta indignado com \u00e1rbitro recebe resposta de Simeone sobre pen\u00e1lti - Portal Tela Portugal","isPartOf":{"@id":"https:\/\/portaltela.pt\/#website"},"primaryImageOfPage":{"@id":"https:\/\/portaltela.pt\/noticias\/2026\/04\/30\/arteta-indignado-com-arbitro-recebe-resposta-de-simeone-sobre-penalti\/#primaryimage"},"image":{"@id":"https:\/\/portaltela.pt\/noticias\/2026\/04\/30\/arteta-indignado-com-arbitro-recebe-resposta-de-simeone-sobre-penalti\/#primaryimage"},"thumbnailUrl":"https:\/\/portaltela.pt\/s.01k8rhncp4jt1\/2026\/04\/img_1200x721uu2026-04-30-09-12-27-2436067.jpg","datePublished":"2026-04-30T08:17:48+00:00","author":{"@id":"https:\/\/portaltela.pt\/#\/schema\/person\/c4278d4a6028830caff9ee44b42d32ed"},"breadcrumb":{"@id":"https:\/\/portaltela.pt\/noticias\/2026\/04\/30\/arteta-indignado-com-arbitro-recebe-resposta-de-simeone-sobre-penalti\/#breadcrumb"},"inLanguage":"pt-PT","potentialAction":[{"@type":"ReadAction","target":["https:\/\/portaltela.pt\/noticias\/2026\/04\/30\/arteta-indignado-com-arbitro-recebe-resposta-de-simeone-sobre-penalti\/"]}]},{"@type":"ImageObject","inLanguage":"pt-PT","@id":"https:\/\/portaltela.pt\/noticias\/2026\/04\/30\/arteta-indignado-com-arbitro-recebe-resposta-de-simeone-sobre-penalti\/#primaryimage","url":"https:\/\/portaltela.pt\/s.01k8rhncp4jt1\/2026\/04\/img_1200x721uu2026-04-30-09-12-27-2436067.jpg","contentUrl":"https:\/\/portaltela.pt\/s.01k8rhncp4jt1\/2026\/04\/img_1200x721uu2026-04-30-09-12-27-2436067.jpg","width":796,"height":448,"caption":"Arteta contesta decis\u00e3o do \u00e1rbitro"},{"@type":"BreadcrumbList","@id":"https:\/\/portaltela.pt\/noticias\/2026\/04\/30\/arteta-indignado-com-arbitro-recebe-resposta-de-simeone-sobre-penalti\/#breadcrumb","itemListElement":[{"@type":"ListItem","position":1,"name":"In\u00edcio","item":"https:\/\/portaltela.pt\/"},{"@type":"ListItem","position":2,"name":"Arteta indignado com \u00e1rbitro recebe resposta de Simeone sobre pen\u00e1lti"}]},{"@type":"WebSite","@id":"https:\/\/portaltela.pt\/#website","url":"https:\/\/portaltela.pt\/","name":"Portal Tela Portugal","description":"","potentialAction":[{"@type":"SearchAction","target":{"@type":"EntryPoint","urlTemplate":"https:\/\/portaltela.pt\/?s={search_term_string}"},"query-input":{"@type":"PropertyValueSpecification","valueRequired":true,"valueName":"search_term_string"}}],"inLanguage":"pt-PT"},{"@type":"Person","@id":"https:\/\/portaltela.pt\/#\/schema\/person\/c4278d4a6028830caff9ee44b42d32ed","name":"Telinha","image":{"@type":"ImageObject","inLanguage":"pt-PT","@id":"https:\/\/portaltela.pt\/s.01k8rhncp4jt1\/2025\/11\/talking-bot-125x125.png","url":"https:\/\/portaltela.pt\/s.01k8rhncp4jt1\/2025\/11\/talking-bot-125x125.png","contentUrl":"https:\/\/portaltela.pt\/s.01k8rhncp4jt1\/2025\/11\/talking-bot-125x125.png","caption":"Telinha"},"sameAs":["https:\/\/portaltela.pt\/"],"url":"https:\/\/portaltela.pt\/por\/367410592786\/"}]}},"_links":{"self":[{"href":"https:\/\/portaltela.pt\/api\/wp\/v2\/posts\/461940","targetHints":{"allow":["GET"]}}],"collection":[{"href":"https:\/\/portaltela.pt\/api\/wp\/v2\/posts"}],"about":[{"href":"https:\/\/portaltela.pt\/api\/wp\/v2\/types\/post"}],"author":[{"embeddable":true,"href":"https:\/\/portaltela.pt\/api\/wp\/v2\/users\/2"}],"replies":[{"embeddable":true,"href":"https:\/\/portaltela.pt\/api\/wp\/v2\/comments?post=461940"}],"version-history":[{"count":0,"href":"https:\/\/portaltela.pt\/api\/wp\/v2\/posts\/461940\/revisions"}],"wp:featuredmedia":[{"embeddable":true,"href":"https:\/\/portaltela.pt\/api\/wp\/v2\/media\/461942"}],"wp:attachment":[{"href":"https:\/\/portaltela.pt\/api\/wp\/v2\/media?parent=461940"}],"wp:term":[{"taxonomy":"category","embeddable":true,"href":"https:\/\/portaltela.pt\/api\/wp\/v2\/categories?post=461940"},{"taxonomy":"post_tag","embeddable":true,"href":"https:\/\/portaltela.pt\/api\/wp\/v2\/tags?post=461940"}],"curies":[{"name":"wp","href":"https:\/\/api.w.org\/{rel}","templated":true}]}}