{"id":461936,"date":"2026-04-30T05:17:41","date_gmt":"2026-04-30T08:17:41","guid":{"rendered":"https:\/\/portaltela.pt\/noticias\/2026\/04\/30\/lixo-acumula-se-em-bali-e-proibicao-de-aterros-agrava-crise\/"},"modified":"2026-04-30T05:17:41","modified_gmt":"2026-04-30T08:17:41","slug":"lixo-acumula-se-em-bali-e-proibicao-de-aterros-agrava-crise","status":"publish","type":"post","link":"https:\/\/portaltela.pt\/meio-ambiente\/2026\/04\/30\/lixo-acumula-se-em-bali-e-proibicao-de-aterros-agrava-crise\/","title":{"rendered":"Lixo acumula-se em Bali e proibi\u00e7\u00e3o de aterros agrava crise"},"content":{"rendered":"<p>Indon\u00e9sia enfrenta uma crise de gest\u00e3o de res\u00edduos em Bali ap\u00f3s a proibi\u00e7\u00e3o de aterros a c\u00e9u aberto. Desde in\u00edcio de abril, o maior aterro da ilha foi interditado para res\u00edduos org\u00e2nicos, como parte de uma aplica\u00e7\u00e3o mais r\u00edgida da regra antiga. O objetivo \u00e9 impedir o despejo indevido de lixo ao ar livre.<\/p>\n<p>A medida, anunciada pelo governo regional, deixou autoridades locais sem op\u00e7\u00f5es r\u00e1pidas. Sem locais de dep\u00f3sito dispon\u00edveis, o lixo acumula-se em v\u00e1rias zonas da ilha, gerando condi\u00e7\u00f5es inseguras e press\u00e3o sobre servi\u00e7os de limpeza e comerciantes locais.<\/p>\n<p>Alguns residentes optam por queimar res\u00edduos, o que aumenta a exposi\u00e7\u00e3o a fumos e potenciais riscos \u00e0 sa\u00fade. Outros recorrem a empresas privadas para remover o lixo, elevando custos para pequenos neg\u00f3cios j\u00e1 pressionados pela crise.<\/p>\n<h3>Situa\u00e7\u00e3o atual em Bali<\/h3>\n<p>A Indon\u00e9sia proibiu aterros a c\u00e9u aberto formalmente em 2013, mas a aplica\u00e7\u00e3o tem sido irregular. Bali recebeu cerca de sete milh\u00f5es de turistas no \u00faltimo ano e produz significativamente mais res\u00edduos do que a capacidade da popula\u00e7\u00e3o local de 4,4 milh\u00f5es consegue gerir.<\/p>\n<p>O governo planeia utilizar res\u00edduos para gerar energia, com centrais em constru\u00e7\u00e3o. Uma grande instala\u00e7\u00e3o deve processar 1 200 toneladas por dia, mas esses projetos devem demorar v\u00e1rios anos a ficar operacionais.<\/p>\n","protected":false},"excerpt":{"rendered":"<ul>\n<li>Aterro mais antigo de Bali foi interditado a res\u00edduos org\u00e2nicos desde o in\u00edcio de abril, como parte da aplica\u00e7\u00e3o da proibi\u00e7\u00e3o de aterros a c\u00e9u aberto.<\/li>\n<li>O lixo acumula-se nas ruas em v\u00e1rias zonas da ilha, com alguns residentes a queim\u00e1-lo, gerando fumo e levantando preocupa\u00e7\u00f5es de sa\u00fade p\u00fablica.<\/li>\n<li>Outros recorrem a empresas privadas de recolha para remover os res\u00edduos, o que aumenta os custos dos pequenos comerciantes.<\/li>\n<li>A Indon\u00e9sia proibiu formalmente os aterros a c\u00e9u aberto em dois mil e treze, mas a aplica\u00e7\u00e3o tem sido irregular; Bali recebe cerca de sete milh\u00f5es de turistas por ano e tem 4,4 milh\u00f5es de habitantes.<\/li>\n<li>O governo planeia centrais de produ\u00e7\u00e3o de energia a partir de res\u00edduos, incluindo uma instala\u00e7\u00e3o que dever\u00e1 processar 1 200 toneladas por dia, mas estes projetos v\u00e3o levar anos a ficar prontos.<\/li>\n<\/ul>\n","protected":false},"author":2,"featured_media":461939,"comment_status":"closed","ping_status":"closed","sticky":false,"template":"","format":"standard","meta":{"footnotes":""},"categories":[6725],"tags":[167,5342,2667,45,3750,645],"class_list":["post-461936","post","type-post","status-publish","format-standard","has-post-thumbnail","hentry","category-meio-ambiente","tag-ambiente","tag-asia","tag-gestao-de-residuos","tag-meio-ambiente","tag-poluicao-ambiental","tag-residuos"],"yoast_head":"<!-- This site is optimized with the Yoast SEO plugin v27.2 - https:\/\/yoast.com\/product\/yoast-seo-wordpress\/ -->\n<title>Lixo acumula-se em Bali e proibi\u00e7\u00e3o de aterros agrava crise - Portal Tela Portugal<\/title>\n<meta name=\"robots\" content=\"index, follow, max-snippet:-1, max-image-preview:large, max-video-preview:-1\" \/>\n<meta property=\"og:locale\" content=\"pt_PT\" \/>\n<meta property=\"og:type\" content=\"article\" \/>\n<meta property=\"og:title\" content=\"Lixo acumula-se em Bali e proibi\u00e7\u00e3o de aterros agrava crise - Portal Tela Portugal\" \/>\n<meta property=\"og:description\" content=\"Aterro mais antigo de Bali foi interditado a res\u00edduos org\u00e2nicos desde o in\u00edcio de abril, como parte da aplica\u00e7\u00e3o da proibi\u00e7\u00e3o de aterros a c\u00e9u aberto. O lixo acumula-se nas ruas em v\u00e1rias zonas da ilha, com alguns residentes a queim\u00e1-lo, gerando fumo e levantando preocupa\u00e7\u00f5es de sa\u00fade p\u00fablica. Outros recorrem a empresas privadas de recolha para remover os res\u00edduos, o que aumenta os custos dos pequenos comerciantes. A Indon\u00e9sia proibiu formalmente os aterros a c\u00e9u aberto em dois mil e treze, mas a aplica\u00e7\u00e3o tem sido irregular; Bali recebe cerca de sete milh\u00f5es de turistas por ano e tem 4,4 milh\u00f5es de habitantes. O governo planeia centrais de produ\u00e7\u00e3o de energia a partir de res\u00edduos, incluindo uma instala\u00e7\u00e3o que dever\u00e1 processar 1 200 toneladas por dia, mas estes projetos v\u00e3o levar anos a ficar prontos.\" \/>\n<meta property=\"og:url\" content=\"https:\/\/portaltela.pt\/noticias\/2026\/04\/30\/lixo-acumula-se-em-bali-e-proibicao-de-aterros-agrava-crise\/\" \/>\n<meta property=\"og:site_name\" content=\"Portal Tela Portugal\" \/>\n<meta property=\"article:published_time\" content=\"2026-04-30T08:17:41+00:00\" \/>\n<meta name=\"author\" content=\"Telinha\" \/>\n<meta name=\"twitter:card\" content=\"summary_large_image\" \/>\n<meta name=\"twitter:label1\" content=\"Escrito por\" \/>\n\t<meta name=\"twitter:data1\" content=\"Telinha\" \/>\n\t<meta name=\"twitter:label2\" content=\"Tempo estimado de leitura\" \/>\n\t<meta name=\"twitter:data2\" content=\"1 minuto\" \/>\n<script type=\"application\/ld+json\" class=\"yoast-schema-graph\">{\"@context\":\"https:\/\/schema.org\",\"@graph\":[{\"@type\":\"Article\",\"@id\":\"https:\/\/portaltela.pt\/noticias\/2026\/04\/30\/lixo-acumula-se-em-bali-e-proibicao-de-aterros-agrava-crise\/#article\",\"isPartOf\":{\"@id\":\"https:\/\/portaltela.pt\/noticias\/2026\/04\/30\/lixo-acumula-se-em-bali-e-proibicao-de-aterros-agrava-crise\/\"},\"author\":{\"name\":\"Telinha\",\"@id\":\"https:\/\/portaltela.pt\/#\/schema\/person\/c4278d4a6028830caff9ee44b42d32ed\"},\"headline\":\"Lixo acumula-se em Bali e proibi\u00e7\u00e3o de aterros agrava crise\",\"datePublished\":\"2026-04-30T08:17:41+00:00\",\"mainEntityOfPage\":{\"@id\":\"https:\/\/portaltela.pt\/noticias\/2026\/04\/30\/lixo-acumula-se-em-bali-e-proibicao-de-aterros-agrava-crise\/\"},\"wordCount\":247,\"image\":{\"@id\":\"https:\/\/portaltela.pt\/noticias\/2026\/04\/30\/lixo-acumula-se-em-bali-e-proibicao-de-aterros-agrava-crise\/#primaryimage\"},\"thumbnailUrl\":\"https:\/\/portaltela.pt\/s.01k8rhncp4jt1\/2026\/04\/1536x864_cmsv2_fa3d0f82-0cb8-55cd-9072-e7a749fc915e-9741630.jpg\",\"keywords\":[\"ambiente\",\"\u00c1sia\",\"gest\u00e3o de res\u00edduos\",\"meio-ambiente\",\"polui\u00e7\u00e3o ambiental\",\"res\u00edduos\"],\"articleSection\":[\"Meio Ambiente\"],\"inLanguage\":\"pt-PT\"},{\"@type\":\"WebPage\",\"@id\":\"https:\/\/portaltela.pt\/noticias\/2026\/04\/30\/lixo-acumula-se-em-bali-e-proibicao-de-aterros-agrava-crise\/\",\"url\":\"https:\/\/portaltela.pt\/noticias\/2026\/04\/30\/lixo-acumula-se-em-bali-e-proibicao-de-aterros-agrava-crise\/\",\"name\":\"Lixo acumula-se em Bali e proibi\u00e7\u00e3o de aterros agrava crise - Portal Tela Portugal\",\"isPartOf\":{\"@id\":\"https:\/\/portaltela.pt\/#website\"},\"primaryImageOfPage\":{\"@id\":\"https:\/\/portaltela.pt\/noticias\/2026\/04\/30\/lixo-acumula-se-em-bali-e-proibicao-de-aterros-agrava-crise\/#primaryimage\"},\"image\":{\"@id\":\"https:\/\/portaltela.pt\/noticias\/2026\/04\/30\/lixo-acumula-se-em-bali-e-proibicao-de-aterros-agrava-crise\/#primaryimage\"},\"thumbnailUrl\":\"https:\/\/portaltela.pt\/s.01k8rhncp4jt1\/2026\/04\/1536x864_cmsv2_fa3d0f82-0cb8-55cd-9072-e7a749fc915e-9741630.jpg\",\"datePublished\":\"2026-04-30T08:17:41+00:00\",\"author\":{\"@id\":\"https:\/\/portaltela.pt\/#\/schema\/person\/c4278d4a6028830caff9ee44b42d32ed\"},\"breadcrumb\":{\"@id\":\"https:\/\/portaltela.pt\/noticias\/2026\/04\/30\/lixo-acumula-se-em-bali-e-proibicao-de-aterros-agrava-crise\/#breadcrumb\"},\"inLanguage\":\"pt-PT\",\"potentialAction\":[{\"@type\":\"ReadAction\",\"target\":[\"https:\/\/portaltela.pt\/noticias\/2026\/04\/30\/lixo-acumula-se-em-bali-e-proibicao-de-aterros-agrava-crise\/\"]}]},{\"@type\":\"ImageObject\",\"inLanguage\":\"pt-PT\",\"@id\":\"https:\/\/portaltela.pt\/noticias\/2026\/04\/30\/lixo-acumula-se-em-bali-e-proibicao-de-aterros-agrava-crise\/#primaryimage\",\"url\":\"https:\/\/portaltela.pt\/s.01k8rhncp4jt1\/2026\/04\/1536x864_cmsv2_fa3d0f82-0cb8-55cd-9072-e7a749fc915e-9741630.jpg\",\"contentUrl\":\"https:\/\/portaltela.pt\/s.01k8rhncp4jt1\/2026\/04\/1536x864_cmsv2_fa3d0f82-0cb8-55cd-9072-e7a749fc915e-9741630.jpg\",\"width\":796,\"height\":448,\"caption\":\"Na sequ\u00eancia da proibi\u00e7\u00e3o dos aterros a c\u00e9u aberto, o lixo tem-se acumulado nas ruas de Kuta, Bali, Indon\u00e9sia, em 18 de abril de 2026\"},{\"@type\":\"BreadcrumbList\",\"@id\":\"https:\/\/portaltela.pt\/noticias\/2026\/04\/30\/lixo-acumula-se-em-bali-e-proibicao-de-aterros-agrava-crise\/#breadcrumb\",\"itemListElement\":[{\"@type\":\"ListItem\",\"position\":1,\"name\":\"In\u00edcio\",\"item\":\"https:\/\/portaltela.pt\/\"},{\"@type\":\"ListItem\",\"position\":2,\"name\":\"Lixo acumula-se em Bali e proibi\u00e7\u00e3o de aterros agrava crise\"}]},{\"@type\":\"WebSite\",\"@id\":\"https:\/\/portaltela.pt\/#website\",\"url\":\"https:\/\/portaltela.pt\/\",\"name\":\"Portal Tela Portugal\",\"description\":\"\",\"potentialAction\":[{\"@type\":\"SearchAction\",\"target\":{\"@type\":\"EntryPoint\",\"urlTemplate\":\"https:\/\/portaltela.pt\/?s={search_term_string}\"},\"query-input\":{\"@type\":\"PropertyValueSpecification\",\"valueRequired\":true,\"valueName\":\"search_term_string\"}}],\"inLanguage\":\"pt-PT\"},{\"@type\":\"Person\",\"@id\":\"https:\/\/portaltela.pt\/#\/schema\/person\/c4278d4a6028830caff9ee44b42d32ed\",\"name\":\"Telinha\",\"image\":{\"@type\":\"ImageObject\",\"inLanguage\":\"pt-PT\",\"@id\":\"https:\/\/portaltela.pt\/s.01k8rhncp4jt1\/2025\/11\/talking-bot-125x125.png\",\"url\":\"https:\/\/portaltela.pt\/s.01k8rhncp4jt1\/2025\/11\/talking-bot-125x125.png\",\"contentUrl\":\"https:\/\/portaltela.pt\/s.01k8rhncp4jt1\/2025\/11\/talking-bot-125x125.png\",\"caption\":\"Telinha\"},\"sameAs\":[\"https:\/\/portaltela.pt\/\"],\"url\":\"https:\/\/portaltela.pt\/por\/367410592786\/\"}]}<\/script>\n<!-- \/ Yoast SEO plugin. -->","yoast_head_json":{"title":"Lixo acumula-se em Bali e proibi\u00e7\u00e3o de aterros agrava crise - Portal Tela Portugal","robots":{"index":"index","follow":"follow","max-snippet":"max-snippet:-1","max-image-preview":"max-image-preview:large","max-video-preview":"max-video-preview:-1"},"og_locale":"pt_PT","og_type":"article","og_title":"Lixo acumula-se em Bali e proibi\u00e7\u00e3o de aterros agrava crise - Portal Tela Portugal","og_description":"Aterro mais antigo de Bali foi interditado a res\u00edduos org\u00e2nicos desde o in\u00edcio de abril, como parte da aplica\u00e7\u00e3o da proibi\u00e7\u00e3o de aterros a c\u00e9u aberto. O lixo acumula-se nas ruas em v\u00e1rias zonas da ilha, com alguns residentes a queim\u00e1-lo, gerando fumo e levantando preocupa\u00e7\u00f5es de sa\u00fade p\u00fablica. Outros recorrem a empresas privadas de recolha para remover os res\u00edduos, o que aumenta os custos dos pequenos comerciantes. A Indon\u00e9sia proibiu formalmente os aterros a c\u00e9u aberto em dois mil e treze, mas a aplica\u00e7\u00e3o tem sido irregular; Bali recebe cerca de sete milh\u00f5es de turistas por ano e tem 4,4 milh\u00f5es de habitantes. O governo planeia centrais de produ\u00e7\u00e3o de energia a partir de res\u00edduos, incluindo uma instala\u00e7\u00e3o que dever\u00e1 processar 1 200 toneladas por dia, mas estes projetos v\u00e3o levar anos a ficar prontos.","og_url":"https:\/\/portaltela.pt\/noticias\/2026\/04\/30\/lixo-acumula-se-em-bali-e-proibicao-de-aterros-agrava-crise\/","og_site_name":"Portal Tela Portugal","article_published_time":"2026-04-30T08:17:41+00:00","author":"Telinha","twitter_card":"summary_large_image","twitter_misc":{"Escrito por":"Telinha","Tempo estimado de leitura":"1 minuto"},"schema":{"@context":"https:\/\/schema.org","@graph":[{"@type":"Article","@id":"https:\/\/portaltela.pt\/noticias\/2026\/04\/30\/lixo-acumula-se-em-bali-e-proibicao-de-aterros-agrava-crise\/#article","isPartOf":{"@id":"https:\/\/portaltela.pt\/noticias\/2026\/04\/30\/lixo-acumula-se-em-bali-e-proibicao-de-aterros-agrava-crise\/"},"author":{"name":"Telinha","@id":"https:\/\/portaltela.pt\/#\/schema\/person\/c4278d4a6028830caff9ee44b42d32ed"},"headline":"Lixo acumula-se em Bali e proibi\u00e7\u00e3o de aterros agrava crise","datePublished":"2026-04-30T08:17:41+00:00","mainEntityOfPage":{"@id":"https:\/\/portaltela.pt\/noticias\/2026\/04\/30\/lixo-acumula-se-em-bali-e-proibicao-de-aterros-agrava-crise\/"},"wordCount":247,"image":{"@id":"https:\/\/portaltela.pt\/noticias\/2026\/04\/30\/lixo-acumula-se-em-bali-e-proibicao-de-aterros-agrava-crise\/#primaryimage"},"thumbnailUrl":"https:\/\/portaltela.pt\/s.01k8rhncp4jt1\/2026\/04\/1536x864_cmsv2_fa3d0f82-0cb8-55cd-9072-e7a749fc915e-9741630.jpg","keywords":["ambiente","\u00c1sia","gest\u00e3o de res\u00edduos","meio-ambiente","polui\u00e7\u00e3o ambiental","res\u00edduos"],"articleSection":["Meio Ambiente"],"inLanguage":"pt-PT"},{"@type":"WebPage","@id":"https:\/\/portaltela.pt\/noticias\/2026\/04\/30\/lixo-acumula-se-em-bali-e-proibicao-de-aterros-agrava-crise\/","url":"https:\/\/portaltela.pt\/noticias\/2026\/04\/30\/lixo-acumula-se-em-bali-e-proibicao-de-aterros-agrava-crise\/","name":"Lixo acumula-se em Bali e proibi\u00e7\u00e3o de aterros agrava crise - Portal Tela Portugal","isPartOf":{"@id":"https:\/\/portaltela.pt\/#website"},"primaryImageOfPage":{"@id":"https:\/\/portaltela.pt\/noticias\/2026\/04\/30\/lixo-acumula-se-em-bali-e-proibicao-de-aterros-agrava-crise\/#primaryimage"},"image":{"@id":"https:\/\/portaltela.pt\/noticias\/2026\/04\/30\/lixo-acumula-se-em-bali-e-proibicao-de-aterros-agrava-crise\/#primaryimage"},"thumbnailUrl":"https:\/\/portaltela.pt\/s.01k8rhncp4jt1\/2026\/04\/1536x864_cmsv2_fa3d0f82-0cb8-55cd-9072-e7a749fc915e-9741630.jpg","datePublished":"2026-04-30T08:17:41+00:00","author":{"@id":"https:\/\/portaltela.pt\/#\/schema\/person\/c4278d4a6028830caff9ee44b42d32ed"},"breadcrumb":{"@id":"https:\/\/portaltela.pt\/noticias\/2026\/04\/30\/lixo-acumula-se-em-bali-e-proibicao-de-aterros-agrava-crise\/#breadcrumb"},"inLanguage":"pt-PT","potentialAction":[{"@type":"ReadAction","target":["https:\/\/portaltela.pt\/noticias\/2026\/04\/30\/lixo-acumula-se-em-bali-e-proibicao-de-aterros-agrava-crise\/"]}]},{"@type":"ImageObject","inLanguage":"pt-PT","@id":"https:\/\/portaltela.pt\/noticias\/2026\/04\/30\/lixo-acumula-se-em-bali-e-proibicao-de-aterros-agrava-crise\/#primaryimage","url":"https:\/\/portaltela.pt\/s.01k8rhncp4jt1\/2026\/04\/1536x864_cmsv2_fa3d0f82-0cb8-55cd-9072-e7a749fc915e-9741630.jpg","contentUrl":"https:\/\/portaltela.pt\/s.01k8rhncp4jt1\/2026\/04\/1536x864_cmsv2_fa3d0f82-0cb8-55cd-9072-e7a749fc915e-9741630.jpg","width":796,"height":448,"caption":"Na sequ\u00eancia da proibi\u00e7\u00e3o dos aterros a c\u00e9u aberto, o lixo tem-se acumulado nas ruas de Kuta, Bali, Indon\u00e9sia, em 18 de abril de 2026"},{"@type":"BreadcrumbList","@id":"https:\/\/portaltela.pt\/noticias\/2026\/04\/30\/lixo-acumula-se-em-bali-e-proibicao-de-aterros-agrava-crise\/#breadcrumb","itemListElement":[{"@type":"ListItem","position":1,"name":"In\u00edcio","item":"https:\/\/portaltela.pt\/"},{"@type":"ListItem","position":2,"name":"Lixo acumula-se em Bali e proibi\u00e7\u00e3o de aterros agrava crise"}]},{"@type":"WebSite","@id":"https:\/\/portaltela.pt\/#website","url":"https:\/\/portaltela.pt\/","name":"Portal Tela Portugal","description":"","potentialAction":[{"@type":"SearchAction","target":{"@type":"EntryPoint","urlTemplate":"https:\/\/portaltela.pt\/?s={search_term_string}"},"query-input":{"@type":"PropertyValueSpecification","valueRequired":true,"valueName":"search_term_string"}}],"inLanguage":"pt-PT"},{"@type":"Person","@id":"https:\/\/portaltela.pt\/#\/schema\/person\/c4278d4a6028830caff9ee44b42d32ed","name":"Telinha","image":{"@type":"ImageObject","inLanguage":"pt-PT","@id":"https:\/\/portaltela.pt\/s.01k8rhncp4jt1\/2025\/11\/talking-bot-125x125.png","url":"https:\/\/portaltela.pt\/s.01k8rhncp4jt1\/2025\/11\/talking-bot-125x125.png","contentUrl":"https:\/\/portaltela.pt\/s.01k8rhncp4jt1\/2025\/11\/talking-bot-125x125.png","caption":"Telinha"},"sameAs":["https:\/\/portaltela.pt\/"],"url":"https:\/\/portaltela.pt\/por\/367410592786\/"}]}},"_links":{"self":[{"href":"https:\/\/portaltela.pt\/api\/wp\/v2\/posts\/461936","targetHints":{"allow":["GET"]}}],"collection":[{"href":"https:\/\/portaltela.pt\/api\/wp\/v2\/posts"}],"about":[{"href":"https:\/\/portaltela.pt\/api\/wp\/v2\/types\/post"}],"author":[{"embeddable":true,"href":"https:\/\/portaltela.pt\/api\/wp\/v2\/users\/2"}],"replies":[{"embeddable":true,"href":"https:\/\/portaltela.pt\/api\/wp\/v2\/comments?post=461936"}],"version-history":[{"count":0,"href":"https:\/\/portaltela.pt\/api\/wp\/v2\/posts\/461936\/revisions"}],"wp:featuredmedia":[{"embeddable":true,"href":"https:\/\/portaltela.pt\/api\/wp\/v2\/media\/461939"}],"wp:attachment":[{"href":"https:\/\/portaltela.pt\/api\/wp\/v2\/media?parent=461936"}],"wp:term":[{"taxonomy":"category","embeddable":true,"href":"https:\/\/portaltela.pt\/api\/wp\/v2\/categories?post=461936"},{"taxonomy":"post_tag","embeddable":true,"href":"https:\/\/portaltela.pt\/api\/wp\/v2\/tags?post=461936"}],"curies":[{"name":"wp","href":"https:\/\/api.w.org\/{rel}","templated":true}]}}