{"id":461933,"date":"2026-04-30T05:17:39","date_gmt":"2026-04-30T08:17:39","guid":{"rendered":"https:\/\/portaltela.pt\/noticias\/2026\/04\/30\/como-adormecer-naturalmente-tecnicas-e-habitos-para-dormir-melhor\/"},"modified":"2026-04-30T05:17:39","modified_gmt":"2026-04-30T08:17:39","slug":"como-adormecer-naturalmente-tecnicas-e-habitos-para-dormir-melhor","status":"publish","type":"post","link":"https:\/\/portaltela.pt\/saude\/2026\/04\/30\/como-adormecer-naturalmente-tecnicas-e-habitos-para-dormir-melhor\/","title":{"rendered":"Como adormecer naturalmente: t\u00e9cnicas e h\u00e1bitos para dormir melhor"},"content":{"rendered":"<p>O Consult\u00f3rio M\u00e9dico desta semana traz orienta\u00e7\u00f5es sobre dormir melhor sem recorrer a rem\u00e9dios qu\u00edmicos. A quest\u00e3o central \u00e9 apresentada por uma leitora identificada como M\u00e1rcia, que pergunta como adormecer naturalmente.<\/p>\n<p>O epis\u00f3dio envolve o m\u00e9dico ortomolecular Rodrigo Ayoub, criador do M\u00e9todo Emagrecimento Saud\u00e1vel, que tem a sua interven\u00e7\u00e3o como foco da edi\u00e7\u00e3o. O objetivo \u00e9 apresentar caminhos pr\u00e1ticos para melhorar o sono de forma n\u00e3o farmacol\u00f3gica.<\/p>\n<p>A pergunta de M\u00e1rcia abre o espa\u00e7o para uma abordagem baseada em h\u00e1bitos, rotinas e estrat\u00e9gias naturais. O conte\u00fado procura esclarecer m\u00e9todos que ajudem a facilitar o adormecer sem depender de medicamentos, mantendo a orienta\u00e7\u00e3o de sa\u00fade como prioridade.<\/p>\n","protected":false},"excerpt":{"rendered":"<ul>\n<li>Como adormecer naturalmente, sem rem\u00e9dios qu\u00edmicos.<\/li>\n<li>Pergunta de M\u00e1rcia sobre dormir melhor sem f\u00e1rmacos.<\/li>\n<li>Conte\u00fado apresentado no Consult\u00f3rio M\u00e9dico desta semana.<\/li>\n<li>Apresentado por Rodrigo Ayoub, m\u00e9dico ortomolecular.<\/li>\n<li>Ayoub \u00e9 tamb\u00e9m criador do M\u00e9todo Emagrecimento Saud\u00e1vel.<\/li>\n<\/ul>\n","protected":false},"author":2,"featured_media":461938,"comment_status":"closed","ping_status":"closed","sticky":false,"template":"","format":"standard","meta":{"footnotes":""},"categories":[1,6745],"tags":[8750,7998,8115,9455,7889],"class_list":["post-461933","post","type-post","status-publish","format-standard","has-post-thumbnail","hentry","category-noticias","category-saude","tag-_informacao-institucional","tag-_informacao-publica","tag-_medicina","tag-_medicina-geral-e-familiar","tag-_saude"],"yoast_head":"<!-- This site is optimized with the Yoast SEO plugin v27.2 - https:\/\/yoast.com\/product\/yoast-seo-wordpress\/ -->\n<title>Como adormecer naturalmente: t\u00e9cnicas e h\u00e1bitos para dormir melhor - Portal Tela Portugal<\/title>\n<meta name=\"robots\" content=\"index, follow, max-snippet:-1, max-image-preview:large, max-video-preview:-1\" \/>\n<meta property=\"og:locale\" content=\"pt_PT\" \/>\n<meta property=\"og:type\" content=\"article\" \/>\n<meta property=\"og:title\" content=\"Como adormecer naturalmente: t\u00e9cnicas e h\u00e1bitos para dormir melhor - Portal Tela Portugal\" \/>\n<meta property=\"og:description\" content=\"Como adormecer naturalmente, sem rem\u00e9dios qu\u00edmicos. Pergunta de M\u00e1rcia sobre dormir melhor sem f\u00e1rmacos. Conte\u00fado apresentado no Consult\u00f3rio M\u00e9dico desta semana. Apresentado por Rodrigo Ayoub, m\u00e9dico ortomolecular. Ayoub \u00e9 tamb\u00e9m criador do M\u00e9todo Emagrecimento Saud\u00e1vel.\" \/>\n<meta property=\"og:url\" content=\"https:\/\/portaltela.pt\/noticias\/2026\/04\/30\/como-adormecer-naturalmente-tecnicas-e-habitos-para-dormir-melhor\/\" \/>\n<meta property=\"og:site_name\" content=\"Portal Tela Portugal\" \/>\n<meta property=\"article:published_time\" content=\"2026-04-30T08:17:39+00:00\" \/>\n<meta name=\"author\" content=\"Telinha\" \/>\n<meta name=\"twitter:card\" content=\"summary_large_image\" \/>\n<meta name=\"twitter:label1\" content=\"Escrito por\" \/>\n\t<meta name=\"twitter:data1\" content=\"Telinha\" \/>\n\t<meta name=\"twitter:label2\" content=\"Tempo estimado de leitura\" \/>\n\t<meta name=\"twitter:data2\" content=\"1 minuto\" \/>\n<script type=\"application\/ld+json\" class=\"yoast-schema-graph\">{\"@context\":\"https:\/\/schema.org\",\"@graph\":[{\"@type\":\"Article\",\"@id\":\"https:\/\/portaltela.pt\/noticias\/2026\/04\/30\/como-adormecer-naturalmente-tecnicas-e-habitos-para-dormir-melhor\/#article\",\"isPartOf\":{\"@id\":\"https:\/\/portaltela.pt\/noticias\/2026\/04\/30\/como-adormecer-naturalmente-tecnicas-e-habitos-para-dormir-melhor\/\"},\"author\":{\"name\":\"Telinha\",\"@id\":\"https:\/\/portaltela.pt\/#\/schema\/person\/c4278d4a6028830caff9ee44b42d32ed\"},\"headline\":\"Como adormecer naturalmente: t\u00e9cnicas e h\u00e1bitos para dormir melhor\",\"datePublished\":\"2026-04-30T08:17:39+00:00\",\"mainEntityOfPage\":{\"@id\":\"https:\/\/portaltela.pt\/noticias\/2026\/04\/30\/como-adormecer-naturalmente-tecnicas-e-habitos-para-dormir-melhor\/\"},\"wordCount\":139,\"image\":{\"@id\":\"https:\/\/portaltela.pt\/noticias\/2026\/04\/30\/como-adormecer-naturalmente-tecnicas-e-habitos-para-dormir-melhor\/#primaryimage\"},\"thumbnailUrl\":\"https:\/\/portaltela.pt\/s.01k8rhncp4jt1\/2026\/04\/81a21853-b87c-4ce3-93d6-0342afd6cf4b_1200x675.jpg\",\"keywords\":[\"_informa\u00e7\u00e3o institucional\",\"_informa\u00e7\u00e3o p\u00fablica\",\"_medicina\",\"_Medicina Geral e Familiar\",\"_sa\u00fade\"],\"articleSection\":[\"Not\u00edcias\",\"Sa\u00fade\"],\"inLanguage\":\"pt-PT\"},{\"@type\":\"WebPage\",\"@id\":\"https:\/\/portaltela.pt\/noticias\/2026\/04\/30\/como-adormecer-naturalmente-tecnicas-e-habitos-para-dormir-melhor\/\",\"url\":\"https:\/\/portaltela.pt\/noticias\/2026\/04\/30\/como-adormecer-naturalmente-tecnicas-e-habitos-para-dormir-melhor\/\",\"name\":\"Como adormecer naturalmente: t\u00e9cnicas e h\u00e1bitos para dormir melhor - Portal Tela Portugal\",\"isPartOf\":{\"@id\":\"https:\/\/portaltela.pt\/#website\"},\"primaryImageOfPage\":{\"@id\":\"https:\/\/portaltela.pt\/noticias\/2026\/04\/30\/como-adormecer-naturalmente-tecnicas-e-habitos-para-dormir-melhor\/#primaryimage\"},\"image\":{\"@id\":\"https:\/\/portaltela.pt\/noticias\/2026\/04\/30\/como-adormecer-naturalmente-tecnicas-e-habitos-para-dormir-melhor\/#primaryimage\"},\"thumbnailUrl\":\"https:\/\/portaltela.pt\/s.01k8rhncp4jt1\/2026\/04\/81a21853-b87c-4ce3-93d6-0342afd6cf4b_1200x675.jpg\",\"datePublished\":\"2026-04-30T08:17:39+00:00\",\"author\":{\"@id\":\"https:\/\/portaltela.pt\/#\/schema\/person\/c4278d4a6028830caff9ee44b42d32ed\"},\"breadcrumb\":{\"@id\":\"https:\/\/portaltela.pt\/noticias\/2026\/04\/30\/como-adormecer-naturalmente-tecnicas-e-habitos-para-dormir-melhor\/#breadcrumb\"},\"inLanguage\":\"pt-PT\",\"potentialAction\":[{\"@type\":\"ReadAction\",\"target\":[\"https:\/\/portaltela.pt\/noticias\/2026\/04\/30\/como-adormecer-naturalmente-tecnicas-e-habitos-para-dormir-melhor\/\"]}]},{\"@type\":\"ImageObject\",\"inLanguage\":\"pt-PT\",\"@id\":\"https:\/\/portaltela.pt\/noticias\/2026\/04\/30\/como-adormecer-naturalmente-tecnicas-e-habitos-para-dormir-melhor\/#primaryimage\",\"url\":\"https:\/\/portaltela.pt\/s.01k8rhncp4jt1\/2026\/04\/81a21853-b87c-4ce3-93d6-0342afd6cf4b_1200x675.jpg\",\"contentUrl\":\"https:\/\/portaltela.pt\/s.01k8rhncp4jt1\/2026\/04\/81a21853-b87c-4ce3-93d6-0342afd6cf4b_1200x675.jpg\",\"width\":796,\"height\":448,\"caption\":\"Photo\"},{\"@type\":\"BreadcrumbList\",\"@id\":\"https:\/\/portaltela.pt\/noticias\/2026\/04\/30\/como-adormecer-naturalmente-tecnicas-e-habitos-para-dormir-melhor\/#breadcrumb\",\"itemListElement\":[{\"@type\":\"ListItem\",\"position\":1,\"name\":\"In\u00edcio\",\"item\":\"https:\/\/portaltela.pt\/\"},{\"@type\":\"ListItem\",\"position\":2,\"name\":\"Como adormecer naturalmente: t\u00e9cnicas e h\u00e1bitos para dormir melhor\"}]},{\"@type\":\"WebSite\",\"@id\":\"https:\/\/portaltela.pt\/#website\",\"url\":\"https:\/\/portaltela.pt\/\",\"name\":\"Portal Tela Portugal\",\"description\":\"\",\"potentialAction\":[{\"@type\":\"SearchAction\",\"target\":{\"@type\":\"EntryPoint\",\"urlTemplate\":\"https:\/\/portaltela.pt\/?s={search_term_string}\"},\"query-input\":{\"@type\":\"PropertyValueSpecification\",\"valueRequired\":true,\"valueName\":\"search_term_string\"}}],\"inLanguage\":\"pt-PT\"},{\"@type\":\"Person\",\"@id\":\"https:\/\/portaltela.pt\/#\/schema\/person\/c4278d4a6028830caff9ee44b42d32ed\",\"name\":\"Telinha\",\"image\":{\"@type\":\"ImageObject\",\"inLanguage\":\"pt-PT\",\"@id\":\"https:\/\/portaltela.pt\/s.01k8rhncp4jt1\/2025\/11\/talking-bot-125x125.png\",\"url\":\"https:\/\/portaltela.pt\/s.01k8rhncp4jt1\/2025\/11\/talking-bot-125x125.png\",\"contentUrl\":\"https:\/\/portaltela.pt\/s.01k8rhncp4jt1\/2025\/11\/talking-bot-125x125.png\",\"caption\":\"Telinha\"},\"sameAs\":[\"https:\/\/portaltela.pt\/\"],\"url\":\"https:\/\/portaltela.pt\/por\/367410592786\/\"}]}<\/script>\n<!-- \/ Yoast SEO plugin. -->","yoast_head_json":{"title":"Como adormecer naturalmente: t\u00e9cnicas e h\u00e1bitos para dormir melhor - Portal Tela Portugal","robots":{"index":"index","follow":"follow","max-snippet":"max-snippet:-1","max-image-preview":"max-image-preview:large","max-video-preview":"max-video-preview:-1"},"og_locale":"pt_PT","og_type":"article","og_title":"Como adormecer naturalmente: t\u00e9cnicas e h\u00e1bitos para dormir melhor - Portal Tela Portugal","og_description":"Como adormecer naturalmente, sem rem\u00e9dios qu\u00edmicos. Pergunta de M\u00e1rcia sobre dormir melhor sem f\u00e1rmacos. Conte\u00fado apresentado no Consult\u00f3rio M\u00e9dico desta semana. Apresentado por Rodrigo Ayoub, m\u00e9dico ortomolecular. Ayoub \u00e9 tamb\u00e9m criador do M\u00e9todo Emagrecimento Saud\u00e1vel.","og_url":"https:\/\/portaltela.pt\/noticias\/2026\/04\/30\/como-adormecer-naturalmente-tecnicas-e-habitos-para-dormir-melhor\/","og_site_name":"Portal Tela Portugal","article_published_time":"2026-04-30T08:17:39+00:00","author":"Telinha","twitter_card":"summary_large_image","twitter_misc":{"Escrito por":"Telinha","Tempo estimado de leitura":"1 minuto"},"schema":{"@context":"https:\/\/schema.org","@graph":[{"@type":"Article","@id":"https:\/\/portaltela.pt\/noticias\/2026\/04\/30\/como-adormecer-naturalmente-tecnicas-e-habitos-para-dormir-melhor\/#article","isPartOf":{"@id":"https:\/\/portaltela.pt\/noticias\/2026\/04\/30\/como-adormecer-naturalmente-tecnicas-e-habitos-para-dormir-melhor\/"},"author":{"name":"Telinha","@id":"https:\/\/portaltela.pt\/#\/schema\/person\/c4278d4a6028830caff9ee44b42d32ed"},"headline":"Como adormecer naturalmente: t\u00e9cnicas e h\u00e1bitos para dormir melhor","datePublished":"2026-04-30T08:17:39+00:00","mainEntityOfPage":{"@id":"https:\/\/portaltela.pt\/noticias\/2026\/04\/30\/como-adormecer-naturalmente-tecnicas-e-habitos-para-dormir-melhor\/"},"wordCount":139,"image":{"@id":"https:\/\/portaltela.pt\/noticias\/2026\/04\/30\/como-adormecer-naturalmente-tecnicas-e-habitos-para-dormir-melhor\/#primaryimage"},"thumbnailUrl":"https:\/\/portaltela.pt\/s.01k8rhncp4jt1\/2026\/04\/81a21853-b87c-4ce3-93d6-0342afd6cf4b_1200x675.jpg","keywords":["_informa\u00e7\u00e3o institucional","_informa\u00e7\u00e3o p\u00fablica","_medicina","_Medicina Geral e Familiar","_sa\u00fade"],"articleSection":["Not\u00edcias","Sa\u00fade"],"inLanguage":"pt-PT"},{"@type":"WebPage","@id":"https:\/\/portaltela.pt\/noticias\/2026\/04\/30\/como-adormecer-naturalmente-tecnicas-e-habitos-para-dormir-melhor\/","url":"https:\/\/portaltela.pt\/noticias\/2026\/04\/30\/como-adormecer-naturalmente-tecnicas-e-habitos-para-dormir-melhor\/","name":"Como adormecer naturalmente: t\u00e9cnicas e h\u00e1bitos para dormir melhor - Portal Tela Portugal","isPartOf":{"@id":"https:\/\/portaltela.pt\/#website"},"primaryImageOfPage":{"@id":"https:\/\/portaltela.pt\/noticias\/2026\/04\/30\/como-adormecer-naturalmente-tecnicas-e-habitos-para-dormir-melhor\/#primaryimage"},"image":{"@id":"https:\/\/portaltela.pt\/noticias\/2026\/04\/30\/como-adormecer-naturalmente-tecnicas-e-habitos-para-dormir-melhor\/#primaryimage"},"thumbnailUrl":"https:\/\/portaltela.pt\/s.01k8rhncp4jt1\/2026\/04\/81a21853-b87c-4ce3-93d6-0342afd6cf4b_1200x675.jpg","datePublished":"2026-04-30T08:17:39+00:00","author":{"@id":"https:\/\/portaltela.pt\/#\/schema\/person\/c4278d4a6028830caff9ee44b42d32ed"},"breadcrumb":{"@id":"https:\/\/portaltela.pt\/noticias\/2026\/04\/30\/como-adormecer-naturalmente-tecnicas-e-habitos-para-dormir-melhor\/#breadcrumb"},"inLanguage":"pt-PT","potentialAction":[{"@type":"ReadAction","target":["https:\/\/portaltela.pt\/noticias\/2026\/04\/30\/como-adormecer-naturalmente-tecnicas-e-habitos-para-dormir-melhor\/"]}]},{"@type":"ImageObject","inLanguage":"pt-PT","@id":"https:\/\/portaltela.pt\/noticias\/2026\/04\/30\/como-adormecer-naturalmente-tecnicas-e-habitos-para-dormir-melhor\/#primaryimage","url":"https:\/\/portaltela.pt\/s.01k8rhncp4jt1\/2026\/04\/81a21853-b87c-4ce3-93d6-0342afd6cf4b_1200x675.jpg","contentUrl":"https:\/\/portaltela.pt\/s.01k8rhncp4jt1\/2026\/04\/81a21853-b87c-4ce3-93d6-0342afd6cf4b_1200x675.jpg","width":796,"height":448,"caption":"Photo"},{"@type":"BreadcrumbList","@id":"https:\/\/portaltela.pt\/noticias\/2026\/04\/30\/como-adormecer-naturalmente-tecnicas-e-habitos-para-dormir-melhor\/#breadcrumb","itemListElement":[{"@type":"ListItem","position":1,"name":"In\u00edcio","item":"https:\/\/portaltela.pt\/"},{"@type":"ListItem","position":2,"name":"Como adormecer naturalmente: t\u00e9cnicas e h\u00e1bitos para dormir melhor"}]},{"@type":"WebSite","@id":"https:\/\/portaltela.pt\/#website","url":"https:\/\/portaltela.pt\/","name":"Portal Tela Portugal","description":"","potentialAction":[{"@type":"SearchAction","target":{"@type":"EntryPoint","urlTemplate":"https:\/\/portaltela.pt\/?s={search_term_string}"},"query-input":{"@type":"PropertyValueSpecification","valueRequired":true,"valueName":"search_term_string"}}],"inLanguage":"pt-PT"},{"@type":"Person","@id":"https:\/\/portaltela.pt\/#\/schema\/person\/c4278d4a6028830caff9ee44b42d32ed","name":"Telinha","image":{"@type":"ImageObject","inLanguage":"pt-PT","@id":"https:\/\/portaltela.pt\/s.01k8rhncp4jt1\/2025\/11\/talking-bot-125x125.png","url":"https:\/\/portaltela.pt\/s.01k8rhncp4jt1\/2025\/11\/talking-bot-125x125.png","contentUrl":"https:\/\/portaltela.pt\/s.01k8rhncp4jt1\/2025\/11\/talking-bot-125x125.png","caption":"Telinha"},"sameAs":["https:\/\/portaltela.pt\/"],"url":"https:\/\/portaltela.pt\/por\/367410592786\/"}]}},"_links":{"self":[{"href":"https:\/\/portaltela.pt\/api\/wp\/v2\/posts\/461933","targetHints":{"allow":["GET"]}}],"collection":[{"href":"https:\/\/portaltela.pt\/api\/wp\/v2\/posts"}],"about":[{"href":"https:\/\/portaltela.pt\/api\/wp\/v2\/types\/post"}],"author":[{"embeddable":true,"href":"https:\/\/portaltela.pt\/api\/wp\/v2\/users\/2"}],"replies":[{"embeddable":true,"href":"https:\/\/portaltela.pt\/api\/wp\/v2\/comments?post=461933"}],"version-history":[{"count":0,"href":"https:\/\/portaltela.pt\/api\/wp\/v2\/posts\/461933\/revisions"}],"wp:featuredmedia":[{"embeddable":true,"href":"https:\/\/portaltela.pt\/api\/wp\/v2\/media\/461938"}],"wp:attachment":[{"href":"https:\/\/portaltela.pt\/api\/wp\/v2\/media?parent=461933"}],"wp:term":[{"taxonomy":"category","embeddable":true,"href":"https:\/\/portaltela.pt\/api\/wp\/v2\/categories?post=461933"},{"taxonomy":"post_tag","embeddable":true,"href":"https:\/\/portaltela.pt\/api\/wp\/v2\/tags?post=461933"}],"curies":[{"name":"wp","href":"https:\/\/api.w.org\/{rel}","templated":true}]}}