{"id":461930,"date":"2026-04-30T05:03:07","date_gmt":"2026-04-30T08:03:07","guid":{"rendered":"https:\/\/portaltela.pt\/noticias\/2026\/04\/30\/carlos-vinicius-falha-tres-penaltis-numa-noite-dificil\/"},"modified":"2026-04-30T05:03:07","modified_gmt":"2026-04-30T08:03:07","slug":"carlos-vinicius-falha-tres-penaltis-numa-noite-dificil","status":"publish","type":"post","link":"https:\/\/portaltela.pt\/desporto\/futebol\/2026\/04\/30\/carlos-vinicius-falha-tres-penaltis-numa-noite-dificil\/","title":{"rendered":"Carlos Vin\u00edcius falha tr\u00eas p\u00eanaltis numa noite dif\u00edcil"},"content":{"rendered":"<p>O avan\u00e7ado brasileiro Carlos Vin\u00edcius falhou tr\u00eas pen\u00e1ltis numa partida da 3.\u00aa jornada da Ta\u00e7a Sul-Americana, que terminou 0-0 entre Palestino e Gr\u00eamio. O resultado evita golos e deixa o jogo sem vencedores.<\/p>\n<p>A derrota para Vin\u00edcius foi sentida ap\u00f3s o apito final. O jogador afirmou \u00e0 ESPN que a noite foi frustrante, mas que n\u00e3o vai baixar os bra\u00e7os e que o grupo deve seguir em frente, preparando j\u00e1 o pr\u00f3ximo encontro.<\/p>\n<h3>Situa\u00e7\u00e3o do Grupo e pr\u00f3ximos jogos<\/h3>\n<p>Com o empate, o Gr\u00eamio fica na vice-lideran\u00e7a do Grupo F, com quatro pontos, dois abaixo do l\u00edder Montevideo City Torque. O Deportivo Riestra, da Argentina, ocupa a terceira posi\u00e7\u00e3o, com pontos id\u00eanticos aos ga\u00fachos. A pr\u00f3xima jornada realiza-se a 6 de maio.<\/p>\n<p>Na pr\u00f3xima ronda, o Gr\u00eamio visita o Deportivo Riestra, na Argentina, numa sa\u00edda que pode definir a posi\u00e7\u00e3o da equipa no grupo. A forma\u00e7\u00e3o brasileira tenta manter-se na luta pela passagem aos andares seguintes da competi\u00e7\u00e3o.<\/p>\n","protected":false},"excerpt":{"rendered":"<ul>\n<li>O Gr\u00eamio empatou 0-0 com o Palestino na 3.\u00aa jornada da fase de grupos da Ta\u00e7a Sul-Americana.<\/li>\n<li>Carlos Vin\u00edcius desperdi\u00e7ou tr\u00eas pen\u00e1ltis na partida, deixando o brasileiro frustrado com o resultado.<\/li>\n<li>Com o empate, o Gr\u00eamio fica na vice-lideran\u00e7a do Grupo F, com quatro pontos, dois a menos que o l\u00edder Montevideo City Torque.<\/li>\n<li>A pr\u00f3xima jornada \u00e9 a 6 de maio, quando o Gr\u00eamio visitar\u00e1 o Deportivo Riestra, na Argentina, que ocupa a 3.\u00aa posi\u00e7\u00e3o do grupo.<\/li>\n<li>O Riestra est\u00e1 empatado na terceira posi\u00e7\u00e3o em pontos com o Gr\u00eamio.<\/li>\n<\/ul>\n","protected":false},"author":2,"featured_media":461931,"comment_status":"closed","ping_status":"closed","sticky":false,"template":"","format":"standard","meta":{"footnotes":""},"categories":[21,24],"tags":[7755,7929,7907,2732,2463,1885],"class_list":["post-461930","post","type-post","status-publish","format-standard","has-post-thumbnail","hentry","category-desporto","category-futebol","tag-_futebol","tag-_futebol-brasileiro","tag-_futebol-internacional","tag-argentina","tag-competicao-internacional","tag-penalti"],"yoast_head":"<!-- This site is optimized with the Yoast SEO plugin v27.2 - https:\/\/yoast.com\/product\/yoast-seo-wordpress\/ -->\n<title>Carlos Vin\u00edcius falha tr\u00eas p\u00eanaltis numa noite dif\u00edcil - Portal Tela Portugal<\/title>\n<meta name=\"robots\" content=\"index, follow, max-snippet:-1, max-image-preview:large, max-video-preview:-1\" \/>\n<meta property=\"og:locale\" content=\"pt_PT\" \/>\n<meta property=\"og:type\" content=\"article\" \/>\n<meta property=\"og:title\" content=\"Carlos Vin\u00edcius falha tr\u00eas p\u00eanaltis numa noite dif\u00edcil - Portal Tela Portugal\" \/>\n<meta property=\"og:description\" content=\"O Gr\u00eamio empatou 0-0 com o Palestino na 3.\u00aa jornada da fase de grupos da Ta\u00e7a Sul-Americana. Carlos Vin\u00edcius desperdi\u00e7ou tr\u00eas pen\u00e1ltis na partida, deixando o brasileiro frustrado com o resultado. Com o empate, o Gr\u00eamio fica na vice-lideran\u00e7a do Grupo F, com quatro pontos, dois a menos que o l\u00edder Montevideo City Torque. A pr\u00f3xima jornada \u00e9 a 6 de maio, quando o Gr\u00eamio visitar\u00e1 o Deportivo Riestra, na Argentina, que ocupa a 3.\u00aa posi\u00e7\u00e3o do grupo. O Riestra est\u00e1 empatado na terceira posi\u00e7\u00e3o em pontos com o Gr\u00eamio.\" \/>\n<meta property=\"og:url\" content=\"https:\/\/portaltela.pt\/noticias\/2026\/04\/30\/carlos-vinicius-falha-tres-penaltis-numa-noite-dificil\/\" \/>\n<meta property=\"og:site_name\" content=\"Portal Tela Portugal\" \/>\n<meta property=\"article:published_time\" content=\"2026-04-30T08:03:07+00:00\" \/>\n<meta name=\"author\" content=\"Telinha\" \/>\n<meta name=\"twitter:card\" content=\"summary_large_image\" \/>\n<meta name=\"twitter:label1\" content=\"Escrito por\" \/>\n\t<meta name=\"twitter:data1\" content=\"Telinha\" \/>\n\t<meta name=\"twitter:label2\" content=\"Tempo estimado de leitura\" \/>\n\t<meta name=\"twitter:data2\" content=\"1 minuto\" \/>\n<script type=\"application\/ld+json\" class=\"yoast-schema-graph\">{\"@context\":\"https:\/\/schema.org\",\"@graph\":[{\"@type\":\"Article\",\"@id\":\"https:\/\/portaltela.pt\/noticias\/2026\/04\/30\/carlos-vinicius-falha-tres-penaltis-numa-noite-dificil\/#article\",\"isPartOf\":{\"@id\":\"https:\/\/portaltela.pt\/noticias\/2026\/04\/30\/carlos-vinicius-falha-tres-penaltis-numa-noite-dificil\/\"},\"author\":{\"name\":\"Telinha\",\"@id\":\"https:\/\/portaltela.pt\/#\/schema\/person\/c4278d4a6028830caff9ee44b42d32ed\"},\"headline\":\"Carlos Vin\u00edcius falha tr\u00eas p\u00eanaltis numa noite dif\u00edcil\",\"datePublished\":\"2026-04-30T08:03:07+00:00\",\"mainEntityOfPage\":{\"@id\":\"https:\/\/portaltela.pt\/noticias\/2026\/04\/30\/carlos-vinicius-falha-tres-penaltis-numa-noite-dificil\/\"},\"wordCount\":193,\"image\":{\"@id\":\"https:\/\/portaltela.pt\/noticias\/2026\/04\/30\/carlos-vinicius-falha-tres-penaltis-numa-noite-dificil\/#primaryimage\"},\"thumbnailUrl\":\"https:\/\/portaltela.pt\/s.01k8rhncp4jt1\/2026\/04\/img_293x165uu2026-04-30-08-31-28-2436064.jpg\",\"keywords\":[\"_futebol\",\"_futebol brasileiro\",\"_futebol internacional\",\"Argentina\",\"competi\u00e7\u00e3o internacional\",\"pen\u00e1lti\"],\"articleSection\":[\"Desporto\",\"Futebol\"],\"inLanguage\":\"pt-PT\"},{\"@type\":\"WebPage\",\"@id\":\"https:\/\/portaltela.pt\/noticias\/2026\/04\/30\/carlos-vinicius-falha-tres-penaltis-numa-noite-dificil\/\",\"url\":\"https:\/\/portaltela.pt\/noticias\/2026\/04\/30\/carlos-vinicius-falha-tres-penaltis-numa-noite-dificil\/\",\"name\":\"Carlos Vin\u00edcius falha tr\u00eas p\u00eanaltis numa noite dif\u00edcil - Portal Tela Portugal\",\"isPartOf\":{\"@id\":\"https:\/\/portaltela.pt\/#website\"},\"primaryImageOfPage\":{\"@id\":\"https:\/\/portaltela.pt\/noticias\/2026\/04\/30\/carlos-vinicius-falha-tres-penaltis-numa-noite-dificil\/#primaryimage\"},\"image\":{\"@id\":\"https:\/\/portaltela.pt\/noticias\/2026\/04\/30\/carlos-vinicius-falha-tres-penaltis-numa-noite-dificil\/#primaryimage\"},\"thumbnailUrl\":\"https:\/\/portaltela.pt\/s.01k8rhncp4jt1\/2026\/04\/img_293x165uu2026-04-30-08-31-28-2436064.jpg\",\"datePublished\":\"2026-04-30T08:03:07+00:00\",\"author\":{\"@id\":\"https:\/\/portaltela.pt\/#\/schema\/person\/c4278d4a6028830caff9ee44b42d32ed\"},\"breadcrumb\":{\"@id\":\"https:\/\/portaltela.pt\/noticias\/2026\/04\/30\/carlos-vinicius-falha-tres-penaltis-numa-noite-dificil\/#breadcrumb\"},\"inLanguage\":\"pt-PT\",\"potentialAction\":[{\"@type\":\"ReadAction\",\"target\":[\"https:\/\/portaltela.pt\/noticias\/2026\/04\/30\/carlos-vinicius-falha-tres-penaltis-numa-noite-dificil\/\"]}]},{\"@type\":\"ImageObject\",\"inLanguage\":\"pt-PT\",\"@id\":\"https:\/\/portaltela.pt\/noticias\/2026\/04\/30\/carlos-vinicius-falha-tres-penaltis-numa-noite-dificil\/#primaryimage\",\"url\":\"https:\/\/portaltela.pt\/s.01k8rhncp4jt1\/2026\/04\/img_293x165uu2026-04-30-08-31-28-2436064.jpg\",\"contentUrl\":\"https:\/\/portaltela.pt\/s.01k8rhncp4jt1\/2026\/04\/img_293x165uu2026-04-30-08-31-28-2436064.jpg\",\"width\":796,\"height\":448,\"caption\":\"Carlos Vin\u00edcius ap\u00f3s falhar tr\u00eas pen\u00e1ltis: \u00abUma daquelas noites que s\u00f3 queremos que passe depressa\u00bb\"},{\"@type\":\"BreadcrumbList\",\"@id\":\"https:\/\/portaltela.pt\/noticias\/2026\/04\/30\/carlos-vinicius-falha-tres-penaltis-numa-noite-dificil\/#breadcrumb\",\"itemListElement\":[{\"@type\":\"ListItem\",\"position\":1,\"name\":\"In\u00edcio\",\"item\":\"https:\/\/portaltela.pt\/\"},{\"@type\":\"ListItem\",\"position\":2,\"name\":\"Carlos Vin\u00edcius falha tr\u00eas p\u00eanaltis numa noite dif\u00edcil\"}]},{\"@type\":\"WebSite\",\"@id\":\"https:\/\/portaltela.pt\/#website\",\"url\":\"https:\/\/portaltela.pt\/\",\"name\":\"Portal Tela Portugal\",\"description\":\"\",\"potentialAction\":[{\"@type\":\"SearchAction\",\"target\":{\"@type\":\"EntryPoint\",\"urlTemplate\":\"https:\/\/portaltela.pt\/?s={search_term_string}\"},\"query-input\":{\"@type\":\"PropertyValueSpecification\",\"valueRequired\":true,\"valueName\":\"search_term_string\"}}],\"inLanguage\":\"pt-PT\"},{\"@type\":\"Person\",\"@id\":\"https:\/\/portaltela.pt\/#\/schema\/person\/c4278d4a6028830caff9ee44b42d32ed\",\"name\":\"Telinha\",\"image\":{\"@type\":\"ImageObject\",\"inLanguage\":\"pt-PT\",\"@id\":\"https:\/\/portaltela.pt\/s.01k8rhncp4jt1\/2025\/11\/talking-bot-125x125.png\",\"url\":\"https:\/\/portaltela.pt\/s.01k8rhncp4jt1\/2025\/11\/talking-bot-125x125.png\",\"contentUrl\":\"https:\/\/portaltela.pt\/s.01k8rhncp4jt1\/2025\/11\/talking-bot-125x125.png\",\"caption\":\"Telinha\"},\"sameAs\":[\"https:\/\/portaltela.pt\/\"],\"url\":\"https:\/\/portaltela.pt\/por\/367410592786\/\"}]}<\/script>\n<!-- \/ Yoast SEO plugin. -->","yoast_head_json":{"title":"Carlos Vin\u00edcius falha tr\u00eas p\u00eanaltis numa noite dif\u00edcil - Portal Tela Portugal","robots":{"index":"index","follow":"follow","max-snippet":"max-snippet:-1","max-image-preview":"max-image-preview:large","max-video-preview":"max-video-preview:-1"},"og_locale":"pt_PT","og_type":"article","og_title":"Carlos Vin\u00edcius falha tr\u00eas p\u00eanaltis numa noite dif\u00edcil - Portal Tela Portugal","og_description":"O Gr\u00eamio empatou 0-0 com o Palestino na 3.\u00aa jornada da fase de grupos da Ta\u00e7a Sul-Americana. Carlos Vin\u00edcius desperdi\u00e7ou tr\u00eas pen\u00e1ltis na partida, deixando o brasileiro frustrado com o resultado. Com o empate, o Gr\u00eamio fica na vice-lideran\u00e7a do Grupo F, com quatro pontos, dois a menos que o l\u00edder Montevideo City Torque. A pr\u00f3xima jornada \u00e9 a 6 de maio, quando o Gr\u00eamio visitar\u00e1 o Deportivo Riestra, na Argentina, que ocupa a 3.\u00aa posi\u00e7\u00e3o do grupo. O Riestra est\u00e1 empatado na terceira posi\u00e7\u00e3o em pontos com o Gr\u00eamio.","og_url":"https:\/\/portaltela.pt\/noticias\/2026\/04\/30\/carlos-vinicius-falha-tres-penaltis-numa-noite-dificil\/","og_site_name":"Portal Tela Portugal","article_published_time":"2026-04-30T08:03:07+00:00","author":"Telinha","twitter_card":"summary_large_image","twitter_misc":{"Escrito por":"Telinha","Tempo estimado de leitura":"1 minuto"},"schema":{"@context":"https:\/\/schema.org","@graph":[{"@type":"Article","@id":"https:\/\/portaltela.pt\/noticias\/2026\/04\/30\/carlos-vinicius-falha-tres-penaltis-numa-noite-dificil\/#article","isPartOf":{"@id":"https:\/\/portaltela.pt\/noticias\/2026\/04\/30\/carlos-vinicius-falha-tres-penaltis-numa-noite-dificil\/"},"author":{"name":"Telinha","@id":"https:\/\/portaltela.pt\/#\/schema\/person\/c4278d4a6028830caff9ee44b42d32ed"},"headline":"Carlos Vin\u00edcius falha tr\u00eas p\u00eanaltis numa noite dif\u00edcil","datePublished":"2026-04-30T08:03:07+00:00","mainEntityOfPage":{"@id":"https:\/\/portaltela.pt\/noticias\/2026\/04\/30\/carlos-vinicius-falha-tres-penaltis-numa-noite-dificil\/"},"wordCount":193,"image":{"@id":"https:\/\/portaltela.pt\/noticias\/2026\/04\/30\/carlos-vinicius-falha-tres-penaltis-numa-noite-dificil\/#primaryimage"},"thumbnailUrl":"https:\/\/portaltela.pt\/s.01k8rhncp4jt1\/2026\/04\/img_293x165uu2026-04-30-08-31-28-2436064.jpg","keywords":["_futebol","_futebol brasileiro","_futebol internacional","Argentina","competi\u00e7\u00e3o internacional","pen\u00e1lti"],"articleSection":["Desporto","Futebol"],"inLanguage":"pt-PT"},{"@type":"WebPage","@id":"https:\/\/portaltela.pt\/noticias\/2026\/04\/30\/carlos-vinicius-falha-tres-penaltis-numa-noite-dificil\/","url":"https:\/\/portaltela.pt\/noticias\/2026\/04\/30\/carlos-vinicius-falha-tres-penaltis-numa-noite-dificil\/","name":"Carlos Vin\u00edcius falha tr\u00eas p\u00eanaltis numa noite dif\u00edcil - Portal Tela Portugal","isPartOf":{"@id":"https:\/\/portaltela.pt\/#website"},"primaryImageOfPage":{"@id":"https:\/\/portaltela.pt\/noticias\/2026\/04\/30\/carlos-vinicius-falha-tres-penaltis-numa-noite-dificil\/#primaryimage"},"image":{"@id":"https:\/\/portaltela.pt\/noticias\/2026\/04\/30\/carlos-vinicius-falha-tres-penaltis-numa-noite-dificil\/#primaryimage"},"thumbnailUrl":"https:\/\/portaltela.pt\/s.01k8rhncp4jt1\/2026\/04\/img_293x165uu2026-04-30-08-31-28-2436064.jpg","datePublished":"2026-04-30T08:03:07+00:00","author":{"@id":"https:\/\/portaltela.pt\/#\/schema\/person\/c4278d4a6028830caff9ee44b42d32ed"},"breadcrumb":{"@id":"https:\/\/portaltela.pt\/noticias\/2026\/04\/30\/carlos-vinicius-falha-tres-penaltis-numa-noite-dificil\/#breadcrumb"},"inLanguage":"pt-PT","potentialAction":[{"@type":"ReadAction","target":["https:\/\/portaltela.pt\/noticias\/2026\/04\/30\/carlos-vinicius-falha-tres-penaltis-numa-noite-dificil\/"]}]},{"@type":"ImageObject","inLanguage":"pt-PT","@id":"https:\/\/portaltela.pt\/noticias\/2026\/04\/30\/carlos-vinicius-falha-tres-penaltis-numa-noite-dificil\/#primaryimage","url":"https:\/\/portaltela.pt\/s.01k8rhncp4jt1\/2026\/04\/img_293x165uu2026-04-30-08-31-28-2436064.jpg","contentUrl":"https:\/\/portaltela.pt\/s.01k8rhncp4jt1\/2026\/04\/img_293x165uu2026-04-30-08-31-28-2436064.jpg","width":796,"height":448,"caption":"Carlos Vin\u00edcius ap\u00f3s falhar tr\u00eas pen\u00e1ltis: \u00abUma daquelas noites que s\u00f3 queremos que passe depressa\u00bb"},{"@type":"BreadcrumbList","@id":"https:\/\/portaltela.pt\/noticias\/2026\/04\/30\/carlos-vinicius-falha-tres-penaltis-numa-noite-dificil\/#breadcrumb","itemListElement":[{"@type":"ListItem","position":1,"name":"In\u00edcio","item":"https:\/\/portaltela.pt\/"},{"@type":"ListItem","position":2,"name":"Carlos Vin\u00edcius falha tr\u00eas p\u00eanaltis numa noite dif\u00edcil"}]},{"@type":"WebSite","@id":"https:\/\/portaltela.pt\/#website","url":"https:\/\/portaltela.pt\/","name":"Portal Tela Portugal","description":"","potentialAction":[{"@type":"SearchAction","target":{"@type":"EntryPoint","urlTemplate":"https:\/\/portaltela.pt\/?s={search_term_string}"},"query-input":{"@type":"PropertyValueSpecification","valueRequired":true,"valueName":"search_term_string"}}],"inLanguage":"pt-PT"},{"@type":"Person","@id":"https:\/\/portaltela.pt\/#\/schema\/person\/c4278d4a6028830caff9ee44b42d32ed","name":"Telinha","image":{"@type":"ImageObject","inLanguage":"pt-PT","@id":"https:\/\/portaltela.pt\/s.01k8rhncp4jt1\/2025\/11\/talking-bot-125x125.png","url":"https:\/\/portaltela.pt\/s.01k8rhncp4jt1\/2025\/11\/talking-bot-125x125.png","contentUrl":"https:\/\/portaltela.pt\/s.01k8rhncp4jt1\/2025\/11\/talking-bot-125x125.png","caption":"Telinha"},"sameAs":["https:\/\/portaltela.pt\/"],"url":"https:\/\/portaltela.pt\/por\/367410592786\/"}]}},"_links":{"self":[{"href":"https:\/\/portaltela.pt\/api\/wp\/v2\/posts\/461930","targetHints":{"allow":["GET"]}}],"collection":[{"href":"https:\/\/portaltela.pt\/api\/wp\/v2\/posts"}],"about":[{"href":"https:\/\/portaltela.pt\/api\/wp\/v2\/types\/post"}],"author":[{"embeddable":true,"href":"https:\/\/portaltela.pt\/api\/wp\/v2\/users\/2"}],"replies":[{"embeddable":true,"href":"https:\/\/portaltela.pt\/api\/wp\/v2\/comments?post=461930"}],"version-history":[{"count":0,"href":"https:\/\/portaltela.pt\/api\/wp\/v2\/posts\/461930\/revisions"}],"wp:featuredmedia":[{"embeddable":true,"href":"https:\/\/portaltela.pt\/api\/wp\/v2\/media\/461931"}],"wp:attachment":[{"href":"https:\/\/portaltela.pt\/api\/wp\/v2\/media?parent=461930"}],"wp:term":[{"taxonomy":"category","embeddable":true,"href":"https:\/\/portaltela.pt\/api\/wp\/v2\/categories?post=461930"},{"taxonomy":"post_tag","embeddable":true,"href":"https:\/\/portaltela.pt\/api\/wp\/v2\/tags?post=461930"}],"curies":[{"name":"wp","href":"https:\/\/api.w.org\/{rel}","templated":true}]}}