{"id":461924,"date":"2026-04-30T05:02:55","date_gmt":"2026-04-30T08:02:55","guid":{"rendered":"https:\/\/portaltela.pt\/noticias\/2026\/04\/30\/fbi-diz-que-ressentimentos-acumulados-motivaram-o-homicidio-de-nuno-loureiro\/"},"modified":"2026-04-30T05:02:55","modified_gmt":"2026-04-30T08:02:55","slug":"fbi-diz-que-ressentimentos-acumulados-motivaram-o-homicidio-de-nuno-loureiro","status":"publish","type":"post","link":"https:\/\/portaltela.pt\/justica\/2026\/04\/30\/fbi-diz-que-ressentimentos-acumulados-motivaram-o-homicidio-de-nuno-loureiro\/","title":{"rendered":"FBI diz que ressentimentos acumulados motivaram o homic\u00eddio de Nuno Loureiro"},"content":{"rendered":"<p>Cl\u00e1udio Valente, j\u00e1 identificado pelas autoridades como autor do tiroteio em dezembro de 2025 contra o f\u00edsico portugu\u00eas Nuno Loureiro, no Massachusetts, continua a ser alvo de investiga\u00e7\u00e3o federal. Loureiro era professor no Instituto de Tecnologia de Massachusetts (MIT).<\/p>\n<p>Segundo o FBI, o suspeito tinha em mente \u201cfracassos pessoais\u201d e vias de vingan\u00e7a contra quem considerava respons\u00e1veis. A conclus\u00e3o faz parte de uma avalia\u00e7\u00e3o parcial da investiga\u00e7\u00e3o em curso.<\/p>\n<p>A informa\u00e7\u00e3o foi partilhada pela pr\u00f3pria Unidade Federal na noite de quarta-feira, 29 de Abril. O FBI indicou que o caso envolve tamb\u00e9m o atentado \u00e0 Universidade de Brown, que resultou na morte de dois estudantes.<\/p>\n<p>De acordo com as autoridades, Valente associava o que interpretava como injusti\u00e7as a um conjunto de indiv\u00edduos ligados a institui\u00e7\u00f5es acad\u00e9micas e a c\u00edrculos de influ\u00eancia. O foco do inqu\u00e9rito permanece no contexto psicol\u00f3gico do suspeito.<\/p>\n<p>Ainda n\u00e3o foi divulgado um perfil completo de Valente nem detalhes de eventuais motiva\u00e7\u00f5es adicionais ou contatos que tenham precedido os atos. As investiga\u00e7\u00f5es continuam a avan\u00e7ar.<\/p>\n<p>Autoridades reiteram que n\u00e3o v\u00e3o adiantar conclus\u00f5es finais enquanto o processo estiver em curso, mantendo o sigilo necess\u00e1rio \u00e0s dilig\u00eancias. O objetivo \u00e9 esclarecer a rela\u00e7\u00e3o entre os ataques e os supostos respons\u00e1veis mencionados.<\/p>\n","protected":false},"excerpt":{"rendered":"<ul>\n<li>O FBI informou ter conclu\u00eddo parte significativa da investiga\u00e7\u00e3o sobre Cl\u00e1udio Valente, que em dezembro de dois mil e vinte e cinco disparou quatro tiros contra o f\u00edsico portugu\u00eas Nuno Loureiro, professor do MIT.<\/li>\n<li>Valente foi apontado como respons\u00e1vel pelo ataque \u00e0 Universidade de Brown, em que morreram dois estudantes.<\/li>\n<li>As autoridades indicam que Valente acumulava ressentimentos por fracassos pessoais e procurava vingan\u00e7a contra quem considerava respons\u00e1vel.<\/li>\n<li>Segundo as autoridades, Brown e Loureiro representavam, para Valente, as injusti\u00e7as que ele alegadamente teve de suportar.<\/li>\n<li>A informa\u00e7\u00e3o foi revelada na noite de quarta-feira, dezenove? n\u00e3o, corregir: 29 de abril, pelas autoridades federais.<\/li>\n<\/ul>\n","protected":false},"author":2,"featured_media":461926,"comment_status":"closed","ping_status":"closed","sticky":false,"template":"","format":"standard","meta":{"footnotes":""},"categories":[6907,6815],"tags":[8086,7921,8075,7960,8884],"class_list":["post-461924","post","type-post","status-publish","format-standard","has-post-thumbnail","hentry","category-crime","category-justica","tag-_ataques","tag-_crime","tag-_homicidio","tag-_investigacao-criminal","tag-_universidades"],"yoast_head":"<!-- This site is optimized with the Yoast SEO plugin v27.2 - https:\/\/yoast.com\/product\/yoast-seo-wordpress\/ -->\n<title>FBI diz que ressentimentos acumulados motivaram o homic\u00eddio de Nuno Loureiro - Portal Tela Portugal<\/title>\n<meta name=\"robots\" content=\"index, follow, max-snippet:-1, max-image-preview:large, max-video-preview:-1\" \/>\n<meta property=\"og:locale\" content=\"pt_PT\" \/>\n<meta property=\"og:type\" content=\"article\" \/>\n<meta property=\"og:title\" content=\"FBI diz que ressentimentos acumulados motivaram o homic\u00eddio de Nuno Loureiro - Portal Tela Portugal\" \/>\n<meta property=\"og:description\" content=\"O FBI informou ter conclu\u00eddo parte significativa da investiga\u00e7\u00e3o sobre Cl\u00e1udio Valente, que em dezembro de dois mil e vinte e cinco disparou quatro tiros contra o f\u00edsico portugu\u00eas Nuno Loureiro, professor do MIT. Valente foi apontado como respons\u00e1vel pelo ataque \u00e0 Universidade de Brown, em que morreram dois estudantes. As autoridades indicam que Valente acumulava ressentimentos por fracassos pessoais e procurava vingan\u00e7a contra quem considerava respons\u00e1vel. Segundo as autoridades, Brown e Loureiro representavam, para Valente, as injusti\u00e7as que ele alegadamente teve de suportar. A informa\u00e7\u00e3o foi revelada na noite de quarta-feira, dezenove? n\u00e3o, corregir: 29 de abril, pelas autoridades federais.\" \/>\n<meta property=\"og:url\" content=\"https:\/\/portaltela.pt\/noticias\/2026\/04\/30\/fbi-diz-que-ressentimentos-acumulados-motivaram-o-homicidio-de-nuno-loureiro\/\" \/>\n<meta property=\"og:site_name\" content=\"Portal Tela Portugal\" \/>\n<meta property=\"article:published_time\" content=\"2026-04-30T08:02:55+00:00\" \/>\n<meta name=\"author\" content=\"Telinha\" \/>\n<meta name=\"twitter:card\" content=\"summary_large_image\" \/>\n<meta name=\"twitter:label1\" content=\"Escrito por\" \/>\n\t<meta name=\"twitter:data1\" content=\"Telinha\" \/>\n\t<meta name=\"twitter:label2\" content=\"Tempo estimado de leitura\" \/>\n\t<meta name=\"twitter:data2\" content=\"1 minuto\" \/>\n<script type=\"application\/ld+json\" class=\"yoast-schema-graph\">{\"@context\":\"https:\/\/schema.org\",\"@graph\":[{\"@type\":\"Article\",\"@id\":\"https:\/\/portaltela.pt\/noticias\/2026\/04\/30\/fbi-diz-que-ressentimentos-acumulados-motivaram-o-homicidio-de-nuno-loureiro\/#article\",\"isPartOf\":{\"@id\":\"https:\/\/portaltela.pt\/noticias\/2026\/04\/30\/fbi-diz-que-ressentimentos-acumulados-motivaram-o-homicidio-de-nuno-loureiro\/\"},\"author\":{\"name\":\"Telinha\",\"@id\":\"https:\/\/portaltela.pt\/#\/schema\/person\/c4278d4a6028830caff9ee44b42d32ed\"},\"headline\":\"FBI diz que ressentimentos acumulados motivaram o homic\u00eddio de Nuno Loureiro\",\"datePublished\":\"2026-04-30T08:02:55+00:00\",\"mainEntityOfPage\":{\"@id\":\"https:\/\/portaltela.pt\/noticias\/2026\/04\/30\/fbi-diz-que-ressentimentos-acumulados-motivaram-o-homicidio-de-nuno-loureiro\/\"},\"wordCount\":241,\"image\":{\"@id\":\"https:\/\/portaltela.pt\/noticias\/2026\/04\/30\/fbi-diz-que-ressentimentos-acumulados-motivaram-o-homicidio-de-nuno-loureiro\/#primaryimage\"},\"thumbnailUrl\":\"https:\/\/portaltela.pt\/s.01k8rhncp4jt1\/2026\/04\/2085117.jpg\",\"keywords\":[\"_ataques\",\"_crime\",\"_homic\u00eddio\",\"_investiga\u00e7\u00e3o criminal\",\"_universidades\"],\"articleSection\":[\"Crime\",\"Justi\u00e7a\"],\"inLanguage\":\"pt-PT\"},{\"@type\":\"WebPage\",\"@id\":\"https:\/\/portaltela.pt\/noticias\/2026\/04\/30\/fbi-diz-que-ressentimentos-acumulados-motivaram-o-homicidio-de-nuno-loureiro\/\",\"url\":\"https:\/\/portaltela.pt\/noticias\/2026\/04\/30\/fbi-diz-que-ressentimentos-acumulados-motivaram-o-homicidio-de-nuno-loureiro\/\",\"name\":\"FBI diz que ressentimentos acumulados motivaram o homic\u00eddio de Nuno Loureiro - Portal Tela Portugal\",\"isPartOf\":{\"@id\":\"https:\/\/portaltela.pt\/#website\"},\"primaryImageOfPage\":{\"@id\":\"https:\/\/portaltela.pt\/noticias\/2026\/04\/30\/fbi-diz-que-ressentimentos-acumulados-motivaram-o-homicidio-de-nuno-loureiro\/#primaryimage\"},\"image\":{\"@id\":\"https:\/\/portaltela.pt\/noticias\/2026\/04\/30\/fbi-diz-que-ressentimentos-acumulados-motivaram-o-homicidio-de-nuno-loureiro\/#primaryimage\"},\"thumbnailUrl\":\"https:\/\/portaltela.pt\/s.01k8rhncp4jt1\/2026\/04\/2085117.jpg\",\"datePublished\":\"2026-04-30T08:02:55+00:00\",\"author\":{\"@id\":\"https:\/\/portaltela.pt\/#\/schema\/person\/c4278d4a6028830caff9ee44b42d32ed\"},\"breadcrumb\":{\"@id\":\"https:\/\/portaltela.pt\/noticias\/2026\/04\/30\/fbi-diz-que-ressentimentos-acumulados-motivaram-o-homicidio-de-nuno-loureiro\/#breadcrumb\"},\"inLanguage\":\"pt-PT\",\"potentialAction\":[{\"@type\":\"ReadAction\",\"target\":[\"https:\/\/portaltela.pt\/noticias\/2026\/04\/30\/fbi-diz-que-ressentimentos-acumulados-motivaram-o-homicidio-de-nuno-loureiro\/\"]}]},{\"@type\":\"ImageObject\",\"inLanguage\":\"pt-PT\",\"@id\":\"https:\/\/portaltela.pt\/noticias\/2026\/04\/30\/fbi-diz-que-ressentimentos-acumulados-motivaram-o-homicidio-de-nuno-loureiro\/#primaryimage\",\"url\":\"https:\/\/portaltela.pt\/s.01k8rhncp4jt1\/2026\/04\/2085117.jpg\",\"contentUrl\":\"https:\/\/portaltela.pt\/s.01k8rhncp4jt1\/2026\/04\/2085117.jpg\",\"width\":796,\"height\":448,\"caption\":\"Cl\u00e1udio Valente numa ag\u00eancia de aluguer de carros em Boston, no Massachusetts, a 1 de Dezembro de 2025\"},{\"@type\":\"BreadcrumbList\",\"@id\":\"https:\/\/portaltela.pt\/noticias\/2026\/04\/30\/fbi-diz-que-ressentimentos-acumulados-motivaram-o-homicidio-de-nuno-loureiro\/#breadcrumb\",\"itemListElement\":[{\"@type\":\"ListItem\",\"position\":1,\"name\":\"In\u00edcio\",\"item\":\"https:\/\/portaltela.pt\/\"},{\"@type\":\"ListItem\",\"position\":2,\"name\":\"FBI diz que ressentimentos acumulados motivaram o homic\u00eddio de Nuno Loureiro\"}]},{\"@type\":\"WebSite\",\"@id\":\"https:\/\/portaltela.pt\/#website\",\"url\":\"https:\/\/portaltela.pt\/\",\"name\":\"Portal Tela Portugal\",\"description\":\"\",\"potentialAction\":[{\"@type\":\"SearchAction\",\"target\":{\"@type\":\"EntryPoint\",\"urlTemplate\":\"https:\/\/portaltela.pt\/?s={search_term_string}\"},\"query-input\":{\"@type\":\"PropertyValueSpecification\",\"valueRequired\":true,\"valueName\":\"search_term_string\"}}],\"inLanguage\":\"pt-PT\"},{\"@type\":\"Person\",\"@id\":\"https:\/\/portaltela.pt\/#\/schema\/person\/c4278d4a6028830caff9ee44b42d32ed\",\"name\":\"Telinha\",\"image\":{\"@type\":\"ImageObject\",\"inLanguage\":\"pt-PT\",\"@id\":\"https:\/\/portaltela.pt\/s.01k8rhncp4jt1\/2025\/11\/talking-bot-125x125.png\",\"url\":\"https:\/\/portaltela.pt\/s.01k8rhncp4jt1\/2025\/11\/talking-bot-125x125.png\",\"contentUrl\":\"https:\/\/portaltela.pt\/s.01k8rhncp4jt1\/2025\/11\/talking-bot-125x125.png\",\"caption\":\"Telinha\"},\"sameAs\":[\"https:\/\/portaltela.pt\/\"],\"url\":\"https:\/\/portaltela.pt\/por\/367410592786\/\"}]}<\/script>\n<!-- \/ Yoast SEO plugin. -->","yoast_head_json":{"title":"FBI diz que ressentimentos acumulados motivaram o homic\u00eddio de Nuno Loureiro - Portal Tela Portugal","robots":{"index":"index","follow":"follow","max-snippet":"max-snippet:-1","max-image-preview":"max-image-preview:large","max-video-preview":"max-video-preview:-1"},"og_locale":"pt_PT","og_type":"article","og_title":"FBI diz que ressentimentos acumulados motivaram o homic\u00eddio de Nuno Loureiro - Portal Tela Portugal","og_description":"O FBI informou ter conclu\u00eddo parte significativa da investiga\u00e7\u00e3o sobre Cl\u00e1udio Valente, que em dezembro de dois mil e vinte e cinco disparou quatro tiros contra o f\u00edsico portugu\u00eas Nuno Loureiro, professor do MIT. Valente foi apontado como respons\u00e1vel pelo ataque \u00e0 Universidade de Brown, em que morreram dois estudantes. As autoridades indicam que Valente acumulava ressentimentos por fracassos pessoais e procurava vingan\u00e7a contra quem considerava respons\u00e1vel. Segundo as autoridades, Brown e Loureiro representavam, para Valente, as injusti\u00e7as que ele alegadamente teve de suportar. A informa\u00e7\u00e3o foi revelada na noite de quarta-feira, dezenove? n\u00e3o, corregir: 29 de abril, pelas autoridades federais.","og_url":"https:\/\/portaltela.pt\/noticias\/2026\/04\/30\/fbi-diz-que-ressentimentos-acumulados-motivaram-o-homicidio-de-nuno-loureiro\/","og_site_name":"Portal Tela Portugal","article_published_time":"2026-04-30T08:02:55+00:00","author":"Telinha","twitter_card":"summary_large_image","twitter_misc":{"Escrito por":"Telinha","Tempo estimado de leitura":"1 minuto"},"schema":{"@context":"https:\/\/schema.org","@graph":[{"@type":"Article","@id":"https:\/\/portaltela.pt\/noticias\/2026\/04\/30\/fbi-diz-que-ressentimentos-acumulados-motivaram-o-homicidio-de-nuno-loureiro\/#article","isPartOf":{"@id":"https:\/\/portaltela.pt\/noticias\/2026\/04\/30\/fbi-diz-que-ressentimentos-acumulados-motivaram-o-homicidio-de-nuno-loureiro\/"},"author":{"name":"Telinha","@id":"https:\/\/portaltela.pt\/#\/schema\/person\/c4278d4a6028830caff9ee44b42d32ed"},"headline":"FBI diz que ressentimentos acumulados motivaram o homic\u00eddio de Nuno Loureiro","datePublished":"2026-04-30T08:02:55+00:00","mainEntityOfPage":{"@id":"https:\/\/portaltela.pt\/noticias\/2026\/04\/30\/fbi-diz-que-ressentimentos-acumulados-motivaram-o-homicidio-de-nuno-loureiro\/"},"wordCount":241,"image":{"@id":"https:\/\/portaltela.pt\/noticias\/2026\/04\/30\/fbi-diz-que-ressentimentos-acumulados-motivaram-o-homicidio-de-nuno-loureiro\/#primaryimage"},"thumbnailUrl":"https:\/\/portaltela.pt\/s.01k8rhncp4jt1\/2026\/04\/2085117.jpg","keywords":["_ataques","_crime","_homic\u00eddio","_investiga\u00e7\u00e3o criminal","_universidades"],"articleSection":["Crime","Justi\u00e7a"],"inLanguage":"pt-PT"},{"@type":"WebPage","@id":"https:\/\/portaltela.pt\/noticias\/2026\/04\/30\/fbi-diz-que-ressentimentos-acumulados-motivaram-o-homicidio-de-nuno-loureiro\/","url":"https:\/\/portaltela.pt\/noticias\/2026\/04\/30\/fbi-diz-que-ressentimentos-acumulados-motivaram-o-homicidio-de-nuno-loureiro\/","name":"FBI diz que ressentimentos acumulados motivaram o homic\u00eddio de Nuno Loureiro - Portal Tela Portugal","isPartOf":{"@id":"https:\/\/portaltela.pt\/#website"},"primaryImageOfPage":{"@id":"https:\/\/portaltela.pt\/noticias\/2026\/04\/30\/fbi-diz-que-ressentimentos-acumulados-motivaram-o-homicidio-de-nuno-loureiro\/#primaryimage"},"image":{"@id":"https:\/\/portaltela.pt\/noticias\/2026\/04\/30\/fbi-diz-que-ressentimentos-acumulados-motivaram-o-homicidio-de-nuno-loureiro\/#primaryimage"},"thumbnailUrl":"https:\/\/portaltela.pt\/s.01k8rhncp4jt1\/2026\/04\/2085117.jpg","datePublished":"2026-04-30T08:02:55+00:00","author":{"@id":"https:\/\/portaltela.pt\/#\/schema\/person\/c4278d4a6028830caff9ee44b42d32ed"},"breadcrumb":{"@id":"https:\/\/portaltela.pt\/noticias\/2026\/04\/30\/fbi-diz-que-ressentimentos-acumulados-motivaram-o-homicidio-de-nuno-loureiro\/#breadcrumb"},"inLanguage":"pt-PT","potentialAction":[{"@type":"ReadAction","target":["https:\/\/portaltela.pt\/noticias\/2026\/04\/30\/fbi-diz-que-ressentimentos-acumulados-motivaram-o-homicidio-de-nuno-loureiro\/"]}]},{"@type":"ImageObject","inLanguage":"pt-PT","@id":"https:\/\/portaltela.pt\/noticias\/2026\/04\/30\/fbi-diz-que-ressentimentos-acumulados-motivaram-o-homicidio-de-nuno-loureiro\/#primaryimage","url":"https:\/\/portaltela.pt\/s.01k8rhncp4jt1\/2026\/04\/2085117.jpg","contentUrl":"https:\/\/portaltela.pt\/s.01k8rhncp4jt1\/2026\/04\/2085117.jpg","width":796,"height":448,"caption":"Cl\u00e1udio Valente numa ag\u00eancia de aluguer de carros em Boston, no Massachusetts, a 1 de Dezembro de 2025"},{"@type":"BreadcrumbList","@id":"https:\/\/portaltela.pt\/noticias\/2026\/04\/30\/fbi-diz-que-ressentimentos-acumulados-motivaram-o-homicidio-de-nuno-loureiro\/#breadcrumb","itemListElement":[{"@type":"ListItem","position":1,"name":"In\u00edcio","item":"https:\/\/portaltela.pt\/"},{"@type":"ListItem","position":2,"name":"FBI diz que ressentimentos acumulados motivaram o homic\u00eddio de Nuno Loureiro"}]},{"@type":"WebSite","@id":"https:\/\/portaltela.pt\/#website","url":"https:\/\/portaltela.pt\/","name":"Portal Tela Portugal","description":"","potentialAction":[{"@type":"SearchAction","target":{"@type":"EntryPoint","urlTemplate":"https:\/\/portaltela.pt\/?s={search_term_string}"},"query-input":{"@type":"PropertyValueSpecification","valueRequired":true,"valueName":"search_term_string"}}],"inLanguage":"pt-PT"},{"@type":"Person","@id":"https:\/\/portaltela.pt\/#\/schema\/person\/c4278d4a6028830caff9ee44b42d32ed","name":"Telinha","image":{"@type":"ImageObject","inLanguage":"pt-PT","@id":"https:\/\/portaltela.pt\/s.01k8rhncp4jt1\/2025\/11\/talking-bot-125x125.png","url":"https:\/\/portaltela.pt\/s.01k8rhncp4jt1\/2025\/11\/talking-bot-125x125.png","contentUrl":"https:\/\/portaltela.pt\/s.01k8rhncp4jt1\/2025\/11\/talking-bot-125x125.png","caption":"Telinha"},"sameAs":["https:\/\/portaltela.pt\/"],"url":"https:\/\/portaltela.pt\/por\/367410592786\/"}]}},"_links":{"self":[{"href":"https:\/\/portaltela.pt\/api\/wp\/v2\/posts\/461924","targetHints":{"allow":["GET"]}}],"collection":[{"href":"https:\/\/portaltela.pt\/api\/wp\/v2\/posts"}],"about":[{"href":"https:\/\/portaltela.pt\/api\/wp\/v2\/types\/post"}],"author":[{"embeddable":true,"href":"https:\/\/portaltela.pt\/api\/wp\/v2\/users\/2"}],"replies":[{"embeddable":true,"href":"https:\/\/portaltela.pt\/api\/wp\/v2\/comments?post=461924"}],"version-history":[{"count":0,"href":"https:\/\/portaltela.pt\/api\/wp\/v2\/posts\/461924\/revisions"}],"wp:featuredmedia":[{"embeddable":true,"href":"https:\/\/portaltela.pt\/api\/wp\/v2\/media\/461926"}],"wp:attachment":[{"href":"https:\/\/portaltela.pt\/api\/wp\/v2\/media?parent=461924"}],"wp:term":[{"taxonomy":"category","embeddable":true,"href":"https:\/\/portaltela.pt\/api\/wp\/v2\/categories?post=461924"},{"taxonomy":"post_tag","embeddable":true,"href":"https:\/\/portaltela.pt\/api\/wp\/v2\/tags?post=461924"}],"curies":[{"name":"wp","href":"https:\/\/api.w.org\/{rel}","templated":true}]}}