{"id":461916,"date":"2026-04-30T04:34:03","date_gmt":"2026-04-30T07:34:03","guid":{"rendered":"https:\/\/portaltela.pt\/noticias\/2026\/04\/30\/liberdade-de-imprensa-em-portugal-cai-dois-lugares-nivel-mais-baixo-em-25-anos\/"},"modified":"2026-04-30T04:34:03","modified_gmt":"2026-04-30T07:34:03","slug":"liberdade-de-imprensa-em-portugal-cai-dois-lugares-nivel-mais-baixo-em-25-anos","status":"publish","type":"post","link":"https:\/\/portaltela.pt\/noticias\/politica\/2026\/04\/30\/liberdade-de-imprensa-em-portugal-cai-dois-lugares-nivel-mais-baixo-em-25-anos\/","title":{"rendered":"Liberdade de imprensa em Portugal cai dois lugares, n\u00edvel mais baixo em 25 anos"},"content":{"rendered":"<p>A liberdade de imprensa global est\u00e1 no n\u00edvel mais baixo dos \u00faltimos 25 anos, segundo a Rep\u00f3rteres Sem Fronteiras (RSF). Portugal cai duas posi\u00e7\u00f5es para o 10.\u00ba lugar, na avalia\u00e7\u00e3o de 2026, com classifica\u00e7\u00e3o considerada \u201csatisfat\u00f3ria\u201d.<\/p>\n<p>A RSF assinala que a pontua\u00e7\u00e3o m\u00e9dia de 180 pa\u00edses analisados nunca foi t\u00e3o baixa neste \u00faltimo quartel do s\u00e9culo. Em Portugal, a nota \u00e9 83,71 em 100, refletindo a tend\u00eancia global de endurecimento sobre o jornalismo.<\/p>\n<p>No topo da lista, a Noruega mant\u00e9m-se em primeiro lugar com classifica\u00e7\u00e3o de \u201cexcelente\u201d (92,72). Seguem-se Pa\u00edses Baixos, Est\u00f3nia, Dinamarca, Su\u00e9cia e Finl\u00e2ndia, numa frente comum de liberdade de imprensa.<\/p>\n<p>N\u00e3o tarda, menos de 1% da popula\u00e7\u00e3o mundial tem o que a RSF designa como situa\u00e7\u00e3o \u201cboa\u201d; em 2002 esse valor era de 20%. Por outro lado, 52,2% dos pa\u00edses est\u00e3o em posi\u00e7\u00f5es \u201cdif\u00edceis\u201d ou \u201cmuito dif\u00edceis\u201d.<\/p>\n<h3>No fundo da lista<\/h3>\n<p>A RSF aponta para o encerramento da lista com Ar\u00e1bia Saudita (176.\u00ba), Ir\u00e3o (177.\u00ba), China (178.\u00ba), Coreia do Norte (179.\u00ba) e Eritreia (180.\u00ba). A R\u00fassia mant\u00e9m-se em posi\u00e7\u00e3o 172.\u00ba, com restri\u00e7\u00f5es associadas a leis contra terrorismo, separatismo ou extremismo.<\/p>\n<p>A maior queda de 2026 pertence ao N\u00edger, recuando 37 lugares para o 120.\u00ba. A deteriora\u00e7\u00e3o resulta de ataques Armados e de interven\u00e7\u00f5es militares na regi\u00e3o Sahel.<\/p>\n<h3>Desloca\u00e7\u00f5es regionais e casos espec\u00edficos<\/h3>\n<p>A S\u00edria sobe da 177.\u00aa para a 144.\u00aa posi\u00e7\u00e3o, acompanhando altera\u00e7\u00f5es no cen\u00e1rio pol\u00edtico. Na Am\u00e9rica Latina, o Equador perde 31 lugares, fixando-se no 125.\u00ba, em contexto de criminalidade organizada e assassinatos de jornalistas.<\/p>\n<p>O Peru recua 14 posi\u00e7\u00f5es, para o 144.\u00ba, ap\u00f3s ataques e assassinatos de profissionais de comunica\u00e7\u00e3o. Argentina cai 11 posi\u00e7\u00f5es para o 98.\u00ba; El Salvador desce 8 lugares para o 143.\u00ba.<\/p>\n<p>Na regi\u00e3o, a Venezuela figura no 159.\u00ba, a Margarina 160.\u00ba na sequ\u00eancia de incertezas quanto a garantias da imprensa. Cuba fica no 160.\u00ba, com repress\u00e3o e opera\u00e7\u00e3o de jornalistas independentes. Nicar\u00e1gua ocupa o 168.\u00ba, com um panorama medi\u00e1tico em ru\u00ednas.<\/p>\n<p>J\u00e1 a Col\u00f4mbia destaca-se pela subida de 13 posi\u00e7\u00f5es, fixando-se no 102.\u00ba lugar. O Brasil, por sua vez, avan\u00e7a de 63.\u00ba para 52.\u00ba, mantendo a tend\u00eancia de melhoria entre os pa\u00edses da regi\u00e3o.<\/p>\n<p>Fonte: Rep\u00f3rteres Sem Fronteiras (RSF), avalia\u00e7\u00e3o de 2026.<\/p>\n","protected":false},"excerpt":{"rendered":"<ul>\n<li>A Rep\u00f3rteres Sem Fronteiras (RSF) diz que a liberdade de imprensa global atingiu o n\u00edvel mais baixo em vinte e cinco anos, com 180 pa\u00edses analisados.<\/li>\n<li>Portugal desce dois lugares e fica em 10.\u00ba, com uma classifica\u00e7\u00e3o de satisfat\u00f3rio (83,71 em 100).<\/li>\n<li>No topo da lista est\u00e1 a Noruega, com classifica\u00e7\u00e3o de excelente (92,72 em 100; \u00e9 o \u00fanico pa\u00eds com esse r\u00f3tulo), seguida pelos Pa\u00edses Baixos, Est\u00f3nia, Dinamarca, Su\u00e9cia e Finl\u00e2ndia.<\/li>\n<li>A RSF aponta v\u00e1rias quedas na regi\u00e3o, incluindo o N\u00edger (queda de 37 posi\u00e7\u00f5es, at\u00e9 120.\u00ba) e a S\u00edria a subir at\u00e9 ao 144.\u00ba; entre os latino-americanos, Equador desceu para 125.\u00ba e o Peru para 144.\u00ba, enquanto o Brasil subiu para 52.\u00ba.<\/li>\n<li>No fundo da tabela permanecem Ar\u00e1bia Saudita, Ir\u00e3o, China, Coreia do Norte e Eritreia; a R\u00fassia mant\u00e9m-se entre os menos livres, com restri\u00e7\u00f5es legais para limitar a imprensa.<\/li>\n<\/ul>\n","protected":false},"author":2,"featured_media":461917,"comment_status":"closed","ping_status":"closed","sticky":false,"template":"","format":"standard","meta":{"footnotes":""},"categories":[6912,5],"tags":[8421,8417,8067,7988,8062,7946],"class_list":["post-461916","post","type-post","status-publish","format-standard","has-post-thumbnail","hentry","category-internacionais","category-politica","tag-_jornalistas","tag-_liberdade-de-expressao","tag-_liberdade-de-imprensa","tag-_organizacao-internacional","tag-_portugal","tag-_relacoes-internacionais"],"yoast_head":"<!-- This site is optimized with the Yoast SEO plugin v27.2 - https:\/\/yoast.com\/product\/yoast-seo-wordpress\/ -->\n<title>Liberdade de imprensa em Portugal cai dois lugares, n\u00edvel mais baixo em 25 anos - Portal Tela Portugal<\/title>\n<meta name=\"robots\" content=\"index, follow, max-snippet:-1, max-image-preview:large, max-video-preview:-1\" \/>\n<meta property=\"og:locale\" content=\"pt_PT\" \/>\n<meta property=\"og:type\" content=\"article\" \/>\n<meta property=\"og:title\" content=\"Liberdade de imprensa em Portugal cai dois lugares, n\u00edvel mais baixo em 25 anos - Portal Tela Portugal\" \/>\n<meta property=\"og:description\" content=\"A Rep\u00f3rteres Sem Fronteiras (RSF) diz que a liberdade de imprensa global atingiu o n\u00edvel mais baixo em vinte e cinco anos, com 180 pa\u00edses analisados. Portugal desce dois lugares e fica em 10.\u00ba, com uma classifica\u00e7\u00e3o de satisfat\u00f3rio (83,71 em 100). No topo da lista est\u00e1 a Noruega, com classifica\u00e7\u00e3o de excelente (92,72 em 100; \u00e9 o \u00fanico pa\u00eds com esse r\u00f3tulo), seguida pelos Pa\u00edses Baixos, Est\u00f3nia, Dinamarca, Su\u00e9cia e Finl\u00e2ndia. A RSF aponta v\u00e1rias quedas na regi\u00e3o, incluindo o N\u00edger (queda de 37 posi\u00e7\u00f5es, at\u00e9 120.\u00ba) e a S\u00edria a subir at\u00e9 ao 144.\u00ba; entre os latino-americanos, Equador desceu para 125.\u00ba e o Peru para 144.\u00ba, enquanto o Brasil subiu para 52.\u00ba. No fundo da tabela permanecem Ar\u00e1bia Saudita, Ir\u00e3o, China, Coreia do Norte e Eritreia; a R\u00fassia mant\u00e9m-se entre os menos livres, com restri\u00e7\u00f5es legais para limitar a imprensa.\" \/>\n<meta property=\"og:url\" content=\"https:\/\/portaltela.pt\/noticias\/2026\/04\/30\/liberdade-de-imprensa-em-portugal-cai-dois-lugares-nivel-mais-baixo-em-25-anos\/\" \/>\n<meta property=\"og:site_name\" content=\"Portal Tela Portugal\" \/>\n<meta property=\"article:published_time\" content=\"2026-04-30T07:34:03+00:00\" \/>\n<meta name=\"author\" content=\"Telinha\" \/>\n<meta name=\"twitter:card\" content=\"summary_large_image\" \/>\n<meta name=\"twitter:label1\" content=\"Escrito por\" \/>\n\t<meta name=\"twitter:data1\" content=\"Telinha\" \/>\n\t<meta name=\"twitter:label2\" content=\"Tempo estimado de leitura\" \/>\n\t<meta name=\"twitter:data2\" content=\"2 minutos\" \/>\n<script type=\"application\/ld+json\" class=\"yoast-schema-graph\">{\"@context\":\"https:\/\/schema.org\",\"@graph\":[{\"@type\":\"Article\",\"@id\":\"https:\/\/portaltela.pt\/noticias\/2026\/04\/30\/liberdade-de-imprensa-em-portugal-cai-dois-lugares-nivel-mais-baixo-em-25-anos\/#article\",\"isPartOf\":{\"@id\":\"https:\/\/portaltela.pt\/noticias\/2026\/04\/30\/liberdade-de-imprensa-em-portugal-cai-dois-lugares-nivel-mais-baixo-em-25-anos\/\"},\"author\":{\"name\":\"Telinha\",\"@id\":\"https:\/\/portaltela.pt\/#\/schema\/person\/c4278d4a6028830caff9ee44b42d32ed\"},\"headline\":\"Liberdade de imprensa em Portugal cai dois lugares, n\u00edvel mais baixo em 25 anos\",\"datePublished\":\"2026-04-30T07:34:03+00:00\",\"mainEntityOfPage\":{\"@id\":\"https:\/\/portaltela.pt\/noticias\/2026\/04\/30\/liberdade-de-imprensa-em-portugal-cai-dois-lugares-nivel-mais-baixo-em-25-anos\/\"},\"wordCount\":398,\"image\":{\"@id\":\"https:\/\/portaltela.pt\/noticias\/2026\/04\/30\/liberdade-de-imprensa-em-portugal-cai-dois-lugares-nivel-mais-baixo-em-25-anos\/#primaryimage\"},\"thumbnailUrl\":\"https:\/\/portaltela.pt\/s.01k8rhncp4jt1\/2026\/04\/d5d40f41-6ce3-412e-92c6-5b7b8e231be6_1200x675.jpg\",\"keywords\":[\"_jornalistas\",\"_liberdade de express\u00e3o\",\"_liberdade de imprensa\",\"_organiza\u00e7\u00e3o internacional\",\"_Portugal\",\"_rela\u00e7\u00f5es internacionais\"],\"articleSection\":[\"Internacionais\",\"Pol\u00edtica\"],\"inLanguage\":\"pt-PT\"},{\"@type\":\"WebPage\",\"@id\":\"https:\/\/portaltela.pt\/noticias\/2026\/04\/30\/liberdade-de-imprensa-em-portugal-cai-dois-lugares-nivel-mais-baixo-em-25-anos\/\",\"url\":\"https:\/\/portaltela.pt\/noticias\/2026\/04\/30\/liberdade-de-imprensa-em-portugal-cai-dois-lugares-nivel-mais-baixo-em-25-anos\/\",\"name\":\"Liberdade de imprensa em Portugal cai dois lugares, n\u00edvel mais baixo em 25 anos - Portal Tela Portugal\",\"isPartOf\":{\"@id\":\"https:\/\/portaltela.pt\/#website\"},\"primaryImageOfPage\":{\"@id\":\"https:\/\/portaltela.pt\/noticias\/2026\/04\/30\/liberdade-de-imprensa-em-portugal-cai-dois-lugares-nivel-mais-baixo-em-25-anos\/#primaryimage\"},\"image\":{\"@id\":\"https:\/\/portaltela.pt\/noticias\/2026\/04\/30\/liberdade-de-imprensa-em-portugal-cai-dois-lugares-nivel-mais-baixo-em-25-anos\/#primaryimage\"},\"thumbnailUrl\":\"https:\/\/portaltela.pt\/s.01k8rhncp4jt1\/2026\/04\/d5d40f41-6ce3-412e-92c6-5b7b8e231be6_1200x675.jpg\",\"datePublished\":\"2026-04-30T07:34:03+00:00\",\"author\":{\"@id\":\"https:\/\/portaltela.pt\/#\/schema\/person\/c4278d4a6028830caff9ee44b42d32ed\"},\"breadcrumb\":{\"@id\":\"https:\/\/portaltela.pt\/noticias\/2026\/04\/30\/liberdade-de-imprensa-em-portugal-cai-dois-lugares-nivel-mais-baixo-em-25-anos\/#breadcrumb\"},\"inLanguage\":\"pt-PT\",\"potentialAction\":[{\"@type\":\"ReadAction\",\"target\":[\"https:\/\/portaltela.pt\/noticias\/2026\/04\/30\/liberdade-de-imprensa-em-portugal-cai-dois-lugares-nivel-mais-baixo-em-25-anos\/\"]}]},{\"@type\":\"ImageObject\",\"inLanguage\":\"pt-PT\",\"@id\":\"https:\/\/portaltela.pt\/noticias\/2026\/04\/30\/liberdade-de-imprensa-em-portugal-cai-dois-lugares-nivel-mais-baixo-em-25-anos\/#primaryimage\",\"url\":\"https:\/\/portaltela.pt\/s.01k8rhncp4jt1\/2026\/04\/d5d40f41-6ce3-412e-92c6-5b7b8e231be6_1200x675.jpg\",\"contentUrl\":\"https:\/\/portaltela.pt\/s.01k8rhncp4jt1\/2026\/04\/d5d40f41-6ce3-412e-92c6-5b7b8e231be6_1200x675.jpg\",\"width\":796,\"height\":448,\"caption\":\"Ir\u00e3o no fundo da lista da RSF (177.\u00ba), junto da Ar\u00e1bia Saudita, China, Coreia do Norte e Eriteia\"},{\"@type\":\"BreadcrumbList\",\"@id\":\"https:\/\/portaltela.pt\/noticias\/2026\/04\/30\/liberdade-de-imprensa-em-portugal-cai-dois-lugares-nivel-mais-baixo-em-25-anos\/#breadcrumb\",\"itemListElement\":[{\"@type\":\"ListItem\",\"position\":1,\"name\":\"In\u00edcio\",\"item\":\"https:\/\/portaltela.pt\/\"},{\"@type\":\"ListItem\",\"position\":2,\"name\":\"Liberdade de imprensa em Portugal cai dois lugares, n\u00edvel mais baixo em 25 anos\"}]},{\"@type\":\"WebSite\",\"@id\":\"https:\/\/portaltela.pt\/#website\",\"url\":\"https:\/\/portaltela.pt\/\",\"name\":\"Portal Tela Portugal\",\"description\":\"\",\"potentialAction\":[{\"@type\":\"SearchAction\",\"target\":{\"@type\":\"EntryPoint\",\"urlTemplate\":\"https:\/\/portaltela.pt\/?s={search_term_string}\"},\"query-input\":{\"@type\":\"PropertyValueSpecification\",\"valueRequired\":true,\"valueName\":\"search_term_string\"}}],\"inLanguage\":\"pt-PT\"},{\"@type\":\"Person\",\"@id\":\"https:\/\/portaltela.pt\/#\/schema\/person\/c4278d4a6028830caff9ee44b42d32ed\",\"name\":\"Telinha\",\"image\":{\"@type\":\"ImageObject\",\"inLanguage\":\"pt-PT\",\"@id\":\"https:\/\/portaltela.pt\/s.01k8rhncp4jt1\/2025\/11\/talking-bot-125x125.png\",\"url\":\"https:\/\/portaltela.pt\/s.01k8rhncp4jt1\/2025\/11\/talking-bot-125x125.png\",\"contentUrl\":\"https:\/\/portaltela.pt\/s.01k8rhncp4jt1\/2025\/11\/talking-bot-125x125.png\",\"caption\":\"Telinha\"},\"sameAs\":[\"https:\/\/portaltela.pt\/\"],\"url\":\"https:\/\/portaltela.pt\/por\/367410592786\/\"}]}<\/script>\n<!-- \/ Yoast SEO plugin. -->","yoast_head_json":{"title":"Liberdade de imprensa em Portugal cai dois lugares, n\u00edvel mais baixo em 25 anos - Portal Tela Portugal","robots":{"index":"index","follow":"follow","max-snippet":"max-snippet:-1","max-image-preview":"max-image-preview:large","max-video-preview":"max-video-preview:-1"},"og_locale":"pt_PT","og_type":"article","og_title":"Liberdade de imprensa em Portugal cai dois lugares, n\u00edvel mais baixo em 25 anos - Portal Tela Portugal","og_description":"A Rep\u00f3rteres Sem Fronteiras (RSF) diz que a liberdade de imprensa global atingiu o n\u00edvel mais baixo em vinte e cinco anos, com 180 pa\u00edses analisados. Portugal desce dois lugares e fica em 10.\u00ba, com uma classifica\u00e7\u00e3o de satisfat\u00f3rio (83,71 em 100). No topo da lista est\u00e1 a Noruega, com classifica\u00e7\u00e3o de excelente (92,72 em 100; \u00e9 o \u00fanico pa\u00eds com esse r\u00f3tulo), seguida pelos Pa\u00edses Baixos, Est\u00f3nia, Dinamarca, Su\u00e9cia e Finl\u00e2ndia. A RSF aponta v\u00e1rias quedas na regi\u00e3o, incluindo o N\u00edger (queda de 37 posi\u00e7\u00f5es, at\u00e9 120.\u00ba) e a S\u00edria a subir at\u00e9 ao 144.\u00ba; entre os latino-americanos, Equador desceu para 125.\u00ba e o Peru para 144.\u00ba, enquanto o Brasil subiu para 52.\u00ba. No fundo da tabela permanecem Ar\u00e1bia Saudita, Ir\u00e3o, China, Coreia do Norte e Eritreia; a R\u00fassia mant\u00e9m-se entre os menos livres, com restri\u00e7\u00f5es legais para limitar a imprensa.","og_url":"https:\/\/portaltela.pt\/noticias\/2026\/04\/30\/liberdade-de-imprensa-em-portugal-cai-dois-lugares-nivel-mais-baixo-em-25-anos\/","og_site_name":"Portal Tela Portugal","article_published_time":"2026-04-30T07:34:03+00:00","author":"Telinha","twitter_card":"summary_large_image","twitter_misc":{"Escrito por":"Telinha","Tempo estimado de leitura":"2 minutos"},"schema":{"@context":"https:\/\/schema.org","@graph":[{"@type":"Article","@id":"https:\/\/portaltela.pt\/noticias\/2026\/04\/30\/liberdade-de-imprensa-em-portugal-cai-dois-lugares-nivel-mais-baixo-em-25-anos\/#article","isPartOf":{"@id":"https:\/\/portaltela.pt\/noticias\/2026\/04\/30\/liberdade-de-imprensa-em-portugal-cai-dois-lugares-nivel-mais-baixo-em-25-anos\/"},"author":{"name":"Telinha","@id":"https:\/\/portaltela.pt\/#\/schema\/person\/c4278d4a6028830caff9ee44b42d32ed"},"headline":"Liberdade de imprensa em Portugal cai dois lugares, n\u00edvel mais baixo em 25 anos","datePublished":"2026-04-30T07:34:03+00:00","mainEntityOfPage":{"@id":"https:\/\/portaltela.pt\/noticias\/2026\/04\/30\/liberdade-de-imprensa-em-portugal-cai-dois-lugares-nivel-mais-baixo-em-25-anos\/"},"wordCount":398,"image":{"@id":"https:\/\/portaltela.pt\/noticias\/2026\/04\/30\/liberdade-de-imprensa-em-portugal-cai-dois-lugares-nivel-mais-baixo-em-25-anos\/#primaryimage"},"thumbnailUrl":"https:\/\/portaltela.pt\/s.01k8rhncp4jt1\/2026\/04\/d5d40f41-6ce3-412e-92c6-5b7b8e231be6_1200x675.jpg","keywords":["_jornalistas","_liberdade de express\u00e3o","_liberdade de imprensa","_organiza\u00e7\u00e3o internacional","_Portugal","_rela\u00e7\u00f5es internacionais"],"articleSection":["Internacionais","Pol\u00edtica"],"inLanguage":"pt-PT"},{"@type":"WebPage","@id":"https:\/\/portaltela.pt\/noticias\/2026\/04\/30\/liberdade-de-imprensa-em-portugal-cai-dois-lugares-nivel-mais-baixo-em-25-anos\/","url":"https:\/\/portaltela.pt\/noticias\/2026\/04\/30\/liberdade-de-imprensa-em-portugal-cai-dois-lugares-nivel-mais-baixo-em-25-anos\/","name":"Liberdade de imprensa em Portugal cai dois lugares, n\u00edvel mais baixo em 25 anos - Portal Tela Portugal","isPartOf":{"@id":"https:\/\/portaltela.pt\/#website"},"primaryImageOfPage":{"@id":"https:\/\/portaltela.pt\/noticias\/2026\/04\/30\/liberdade-de-imprensa-em-portugal-cai-dois-lugares-nivel-mais-baixo-em-25-anos\/#primaryimage"},"image":{"@id":"https:\/\/portaltela.pt\/noticias\/2026\/04\/30\/liberdade-de-imprensa-em-portugal-cai-dois-lugares-nivel-mais-baixo-em-25-anos\/#primaryimage"},"thumbnailUrl":"https:\/\/portaltela.pt\/s.01k8rhncp4jt1\/2026\/04\/d5d40f41-6ce3-412e-92c6-5b7b8e231be6_1200x675.jpg","datePublished":"2026-04-30T07:34:03+00:00","author":{"@id":"https:\/\/portaltela.pt\/#\/schema\/person\/c4278d4a6028830caff9ee44b42d32ed"},"breadcrumb":{"@id":"https:\/\/portaltela.pt\/noticias\/2026\/04\/30\/liberdade-de-imprensa-em-portugal-cai-dois-lugares-nivel-mais-baixo-em-25-anos\/#breadcrumb"},"inLanguage":"pt-PT","potentialAction":[{"@type":"ReadAction","target":["https:\/\/portaltela.pt\/noticias\/2026\/04\/30\/liberdade-de-imprensa-em-portugal-cai-dois-lugares-nivel-mais-baixo-em-25-anos\/"]}]},{"@type":"ImageObject","inLanguage":"pt-PT","@id":"https:\/\/portaltela.pt\/noticias\/2026\/04\/30\/liberdade-de-imprensa-em-portugal-cai-dois-lugares-nivel-mais-baixo-em-25-anos\/#primaryimage","url":"https:\/\/portaltela.pt\/s.01k8rhncp4jt1\/2026\/04\/d5d40f41-6ce3-412e-92c6-5b7b8e231be6_1200x675.jpg","contentUrl":"https:\/\/portaltela.pt\/s.01k8rhncp4jt1\/2026\/04\/d5d40f41-6ce3-412e-92c6-5b7b8e231be6_1200x675.jpg","width":796,"height":448,"caption":"Ir\u00e3o no fundo da lista da RSF (177.\u00ba), junto da Ar\u00e1bia Saudita, China, Coreia do Norte e Eriteia"},{"@type":"BreadcrumbList","@id":"https:\/\/portaltela.pt\/noticias\/2026\/04\/30\/liberdade-de-imprensa-em-portugal-cai-dois-lugares-nivel-mais-baixo-em-25-anos\/#breadcrumb","itemListElement":[{"@type":"ListItem","position":1,"name":"In\u00edcio","item":"https:\/\/portaltela.pt\/"},{"@type":"ListItem","position":2,"name":"Liberdade de imprensa em Portugal cai dois lugares, n\u00edvel mais baixo em 25 anos"}]},{"@type":"WebSite","@id":"https:\/\/portaltela.pt\/#website","url":"https:\/\/portaltela.pt\/","name":"Portal Tela Portugal","description":"","potentialAction":[{"@type":"SearchAction","target":{"@type":"EntryPoint","urlTemplate":"https:\/\/portaltela.pt\/?s={search_term_string}"},"query-input":{"@type":"PropertyValueSpecification","valueRequired":true,"valueName":"search_term_string"}}],"inLanguage":"pt-PT"},{"@type":"Person","@id":"https:\/\/portaltela.pt\/#\/schema\/person\/c4278d4a6028830caff9ee44b42d32ed","name":"Telinha","image":{"@type":"ImageObject","inLanguage":"pt-PT","@id":"https:\/\/portaltela.pt\/s.01k8rhncp4jt1\/2025\/11\/talking-bot-125x125.png","url":"https:\/\/portaltela.pt\/s.01k8rhncp4jt1\/2025\/11\/talking-bot-125x125.png","contentUrl":"https:\/\/portaltela.pt\/s.01k8rhncp4jt1\/2025\/11\/talking-bot-125x125.png","caption":"Telinha"},"sameAs":["https:\/\/portaltela.pt\/"],"url":"https:\/\/portaltela.pt\/por\/367410592786\/"}]}},"_links":{"self":[{"href":"https:\/\/portaltela.pt\/api\/wp\/v2\/posts\/461916","targetHints":{"allow":["GET"]}}],"collection":[{"href":"https:\/\/portaltela.pt\/api\/wp\/v2\/posts"}],"about":[{"href":"https:\/\/portaltela.pt\/api\/wp\/v2\/types\/post"}],"author":[{"embeddable":true,"href":"https:\/\/portaltela.pt\/api\/wp\/v2\/users\/2"}],"replies":[{"embeddable":true,"href":"https:\/\/portaltela.pt\/api\/wp\/v2\/comments?post=461916"}],"version-history":[{"count":0,"href":"https:\/\/portaltela.pt\/api\/wp\/v2\/posts\/461916\/revisions"}],"wp:featuredmedia":[{"embeddable":true,"href":"https:\/\/portaltela.pt\/api\/wp\/v2\/media\/461917"}],"wp:attachment":[{"href":"https:\/\/portaltela.pt\/api\/wp\/v2\/media?parent=461916"}],"wp:term":[{"taxonomy":"category","embeddable":true,"href":"https:\/\/portaltela.pt\/api\/wp\/v2\/categories?post=461916"},{"taxonomy":"post_tag","embeddable":true,"href":"https:\/\/portaltela.pt\/api\/wp\/v2\/tags?post=461916"}],"curies":[{"name":"wp","href":"https:\/\/api.w.org\/{rel}","templated":true}]}}