{"id":461909,"date":"2026-04-30T04:33:47","date_gmt":"2026-04-30T07:33:47","guid":{"rendered":"https:\/\/portaltela.pt\/noticias\/2026\/04\/30\/flotilha-de-apoio-a-gaza-denuncia-interceptacao-de-embarcacoes-por-israel\/"},"modified":"2026-04-30T04:33:47","modified_gmt":"2026-04-30T07:33:47","slug":"flotilha-de-apoio-a-gaza-denuncia-interceptacao-de-embarcacoes-por-israel","status":"publish","type":"post","link":"https:\/\/portaltela.pt\/conflitos\/2026\/04\/30\/flotilha-de-apoio-a-gaza-denuncia-interceptacao-de-embarcacoes-por-israel\/","title":{"rendered":"Flotilha de apoio a Gaza denuncia intercepta\u00e7\u00e3o de embarca\u00e7\u00f5es por Israel"},"content":{"rendered":"<p>A flotilha de apoio a Gaza, a Flotilha Global Sumud, denunciou hoje a interce\u00e7\u00e3o de 15 barcos por for\u00e7as israelitas em \u00e1guas internacionais. Ao todo, 175 ativistas foram detidos pela Marinha de Israel, ap\u00f3s a viagem que partiu no domingo do porto de Augusta, no sul de It\u00e1lia, com o objetivo de entregar ajuda humanit\u00e1ria \u00e0 Faixa de Gaza.<\/p>\n<p>A Embaixada de It\u00e1lia junto de Israel solicitou informa\u00e7\u00f5es \u00e0s autoridades israelitas sobre as circunst\u00e2ncias da opera\u00e7\u00e3o. O Minist\u00e9rio dos Neg\u00f3cios Estrangeiros italiano indicou que o ministro Ant\u00f3nio Tajani pediu aos diplomatas em Telavive e Atenas que recolham dados para salvaguardar os cidad\u00e3os italianos que integram a flotilha.<\/p>\n<p>Ainda segundo a organiza\u00e7\u00e3o, contactos foram perdidos com onze embarca\u00e7\u00f5es, enquanto a imprensa israelita referiu que sete teriam sido interceptadas. A flotilha acusa a\u00e7\u00e3o de navios militares israelitas, descrevendo rodeio ilegal em \u00e1guas internacionais e amea\u00e7a de sequestro e viol\u00eancia. Danny Danon, enviado de Israel \u00e0 ONU, afirmou, em X, que uma outra flotilha provocadora foi interceptada antes de alcan\u00e7ar a zona, assegurando profissionalismo por parte das for\u00e7as israelitas.<\/p>\n<p>As opera\u00e7\u00f5es ocorreram em \u00e1guas entre a pen\u00ednsula grega e Creta, a cerca de 70 km da costa grega para a embarca\u00e7\u00e3o mais pr\u00f3xima, com outras a aproximadamente 25 km de Creta. A miss\u00e3o partiu no domingo, com o objetivo de atravessar o Mediterr\u00e2neo e entregar ajuda \u00e0 popula\u00e7\u00e3o palestiniana na Gaza.<\/p>\n<h3>Intercep\u00e7\u00e3o e consequ\u00eancias para a miss\u00e3o<\/h3>\n<p>A flotilha afirma ter sido rodeada por barcos militares e drones, relata incidentes ao longo da rota. A Intercepta\u00e7\u00e3o, segundo a organiza\u00e7\u00e3o, ocorreu a mais de mil quil\u00f3metros de territ\u00f3rio israelita, em \u00e1guas internacionais, mantendo o foco na entrega de apoio humanit\u00e1rio.<\/p>\n<h3>Rea\u00e7\u00f5es diplom\u00e1ticas<\/h3>\n<p>O governo italiano ainda n\u00e3o divulgou uma posi\u00e7\u00e3o final, mas confirmou a abertura de canais com as autoridades israelitas e gregas para esclarecimentos. A Embaixada de It\u00e1lia em Telavive e em Atenas est\u00e1 a recolher informa\u00e7\u00f5es para avaliar medidas de prote\u00e7\u00e3o aos cidad\u00e3os envolvidos.<\/p>\n","protected":false},"excerpt":{"rendered":"<ul>\n<li>A Flotilha Global Sumud, com 58 embarca\u00e7\u00f5es, denunciou a intercep\u00e7\u00e3o de 15 barcos por for\u00e7as israelitas em \u00e1guas internacionais; 175 ativistas foram detidos pela Marinha de Israel.<\/li>\n<li>O Minist\u00e9rio dos Neg\u00f3cios Estrangeiros de It\u00e1lia pediu informa\u00e7\u00f5es a Israel para esclarecer as circunst\u00e2ncias da opera\u00e7\u00e3o e proteger cidad\u00e3os italianos na flotilha, com o ministro Ant\u00f3nio Tajani a instruir as embaixadas de Roma em Telavive e em Atenas.<\/li>\n<li>A miss\u00e3o informou ter perdido contacto com onze embarca\u00e7\u00f5es, enquanto meios israelitas afirmaram que outras sete tinham sido interceptadas.<\/li>\n<li>A flotilha acusa rodeio de navios militares israelitas em \u00e1guas internacionais, com relatos de drones; a embarca\u00e7\u00e3o mais pr\u00f3xima de Creta encontrava-se a cerca de setenta quil\u00f3metros da ilha.<\/li>\n<li>A miss\u00e3o partiu de Augusta, no sul de It\u00e1lia, no domingo, com destino \u00e0 Faixa de Gaza para entregar ajuda humanit\u00e1ria; os ativistas apelam aos governos para proteger a miss\u00e3o e responsabilizar Israel.<\/li>\n<\/ul>\n","protected":false},"author":2,"featured_media":461912,"comment_status":"closed","ping_status":"closed","sticky":false,"template":"","format":"standard","meta":{"footnotes":""},"categories":[6790],"tags":[8102,8388,8431,8247,7899],"class_list":["post-461909","post","type-post","status-publish","format-standard","has-post-thumbnail","hentry","category-conflitos","tag-_acao-humanitaria","tag-_acoes-internacionais","tag-_organizacoes-internacionais","tag-_refugiados","tag-_seguranca-internacional"],"yoast_head":"<!-- This site is optimized with the Yoast SEO plugin v27.2 - https:\/\/yoast.com\/product\/yoast-seo-wordpress\/ -->\n<title>Flotilha de apoio a Gaza denuncia intercepta\u00e7\u00e3o de embarca\u00e7\u00f5es por Israel - Portal Tela Portugal<\/title>\n<meta name=\"robots\" content=\"index, follow, max-snippet:-1, max-image-preview:large, max-video-preview:-1\" \/>\n<meta property=\"og:locale\" content=\"pt_PT\" \/>\n<meta property=\"og:type\" content=\"article\" \/>\n<meta property=\"og:title\" content=\"Flotilha de apoio a Gaza denuncia intercepta\u00e7\u00e3o de embarca\u00e7\u00f5es por Israel - Portal Tela Portugal\" \/>\n<meta property=\"og:description\" content=\"A Flotilha Global Sumud, com 58 embarca\u00e7\u00f5es, denunciou a intercep\u00e7\u00e3o de 15 barcos por for\u00e7as israelitas em \u00e1guas internacionais; 175 ativistas foram detidos pela Marinha de Israel. O Minist\u00e9rio dos Neg\u00f3cios Estrangeiros de It\u00e1lia pediu informa\u00e7\u00f5es a Israel para esclarecer as circunst\u00e2ncias da opera\u00e7\u00e3o e proteger cidad\u00e3os italianos na flotilha, com o ministro Ant\u00f3nio Tajani a instruir as embaixadas de Roma em Telavive e em Atenas. A miss\u00e3o informou ter perdido contacto com onze embarca\u00e7\u00f5es, enquanto meios israelitas afirmaram que outras sete tinham sido interceptadas. A flotilha acusa rodeio de navios militares israelitas em \u00e1guas internacionais, com relatos de drones; a embarca\u00e7\u00e3o mais pr\u00f3xima de Creta encontrava-se a cerca de setenta quil\u00f3metros da ilha. A miss\u00e3o partiu de Augusta, no sul de It\u00e1lia, no domingo, com destino \u00e0 Faixa de Gaza para entregar ajuda humanit\u00e1ria; os ativistas apelam aos governos para proteger a miss\u00e3o e responsabilizar Israel.\" \/>\n<meta property=\"og:url\" content=\"https:\/\/portaltela.pt\/noticias\/2026\/04\/30\/flotilha-de-apoio-a-gaza-denuncia-interceptacao-de-embarcacoes-por-israel\/\" \/>\n<meta property=\"og:site_name\" content=\"Portal Tela Portugal\" \/>\n<meta property=\"article:published_time\" content=\"2026-04-30T07:33:47+00:00\" \/>\n<meta name=\"author\" content=\"Telinha\" \/>\n<meta name=\"twitter:card\" content=\"summary_large_image\" \/>\n<meta name=\"twitter:label1\" content=\"Escrito por\" \/>\n\t<meta name=\"twitter:data1\" content=\"Telinha\" \/>\n\t<meta name=\"twitter:label2\" content=\"Tempo estimado de leitura\" \/>\n\t<meta name=\"twitter:data2\" content=\"2 minutos\" \/>\n<script type=\"application\/ld+json\" class=\"yoast-schema-graph\">{\"@context\":\"https:\/\/schema.org\",\"@graph\":[{\"@type\":\"Article\",\"@id\":\"https:\/\/portaltela.pt\/noticias\/2026\/04\/30\/flotilha-de-apoio-a-gaza-denuncia-interceptacao-de-embarcacoes-por-israel\/#article\",\"isPartOf\":{\"@id\":\"https:\/\/portaltela.pt\/noticias\/2026\/04\/30\/flotilha-de-apoio-a-gaza-denuncia-interceptacao-de-embarcacoes-por-israel\/\"},\"author\":{\"name\":\"Telinha\",\"@id\":\"https:\/\/portaltela.pt\/#\/schema\/person\/c4278d4a6028830caff9ee44b42d32ed\"},\"headline\":\"Flotilha de apoio a Gaza denuncia intercepta\u00e7\u00e3o de embarca\u00e7\u00f5es por Israel\",\"datePublished\":\"2026-04-30T07:33:47+00:00\",\"mainEntityOfPage\":{\"@id\":\"https:\/\/portaltela.pt\/noticias\/2026\/04\/30\/flotilha-de-apoio-a-gaza-denuncia-interceptacao-de-embarcacoes-por-israel\/\"},\"wordCount\":371,\"image\":{\"@id\":\"https:\/\/portaltela.pt\/noticias\/2026\/04\/30\/flotilha-de-apoio-a-gaza-denuncia-interceptacao-de-embarcacoes-por-israel\/#primaryimage\"},\"thumbnailUrl\":\"https:\/\/portaltela.pt\/s.01k8rhncp4jt1\/2026\/04\/2085118.jpg\",\"keywords\":[\"_a\u00e7\u00e3o humanit\u00e1ria\",\"_a\u00e7\u00f5es internacionais\",\"_organiza\u00e7\u00f5es internacionais\",\"_refugiados\",\"_seguran\u00e7a internacional\"],\"articleSection\":[\"Conflitos\"],\"inLanguage\":\"pt-PT\"},{\"@type\":\"WebPage\",\"@id\":\"https:\/\/portaltela.pt\/noticias\/2026\/04\/30\/flotilha-de-apoio-a-gaza-denuncia-interceptacao-de-embarcacoes-por-israel\/\",\"url\":\"https:\/\/portaltela.pt\/noticias\/2026\/04\/30\/flotilha-de-apoio-a-gaza-denuncia-interceptacao-de-embarcacoes-por-israel\/\",\"name\":\"Flotilha de apoio a Gaza denuncia intercepta\u00e7\u00e3o de embarca\u00e7\u00f5es por Israel - Portal Tela Portugal\",\"isPartOf\":{\"@id\":\"https:\/\/portaltela.pt\/#website\"},\"primaryImageOfPage\":{\"@id\":\"https:\/\/portaltela.pt\/noticias\/2026\/04\/30\/flotilha-de-apoio-a-gaza-denuncia-interceptacao-de-embarcacoes-por-israel\/#primaryimage\"},\"image\":{\"@id\":\"https:\/\/portaltela.pt\/noticias\/2026\/04\/30\/flotilha-de-apoio-a-gaza-denuncia-interceptacao-de-embarcacoes-por-israel\/#primaryimage\"},\"thumbnailUrl\":\"https:\/\/portaltela.pt\/s.01k8rhncp4jt1\/2026\/04\/2085118.jpg\",\"datePublished\":\"2026-04-30T07:33:47+00:00\",\"author\":{\"@id\":\"https:\/\/portaltela.pt\/#\/schema\/person\/c4278d4a6028830caff9ee44b42d32ed\"},\"breadcrumb\":{\"@id\":\"https:\/\/portaltela.pt\/noticias\/2026\/04\/30\/flotilha-de-apoio-a-gaza-denuncia-interceptacao-de-embarcacoes-por-israel\/#breadcrumb\"},\"inLanguage\":\"pt-PT\",\"potentialAction\":[{\"@type\":\"ReadAction\",\"target\":[\"https:\/\/portaltela.pt\/noticias\/2026\/04\/30\/flotilha-de-apoio-a-gaza-denuncia-interceptacao-de-embarcacoes-por-israel\/\"]}]},{\"@type\":\"ImageObject\",\"inLanguage\":\"pt-PT\",\"@id\":\"https:\/\/portaltela.pt\/noticias\/2026\/04\/30\/flotilha-de-apoio-a-gaza-denuncia-interceptacao-de-embarcacoes-por-israel\/#primaryimage\",\"url\":\"https:\/\/portaltela.pt\/s.01k8rhncp4jt1\/2026\/04\/2085118.jpg\",\"contentUrl\":\"https:\/\/portaltela.pt\/s.01k8rhncp4jt1\/2026\/04\/2085118.jpg\",\"width\":796,\"height\":448,\"caption\":\"Activistas querem levar ajuda humanit\u00e1ria at\u00e9 \u00e0 Faixa de Gaza\"},{\"@type\":\"BreadcrumbList\",\"@id\":\"https:\/\/portaltela.pt\/noticias\/2026\/04\/30\/flotilha-de-apoio-a-gaza-denuncia-interceptacao-de-embarcacoes-por-israel\/#breadcrumb\",\"itemListElement\":[{\"@type\":\"ListItem\",\"position\":1,\"name\":\"In\u00edcio\",\"item\":\"https:\/\/portaltela.pt\/\"},{\"@type\":\"ListItem\",\"position\":2,\"name\":\"Flotilha de apoio a Gaza denuncia intercepta\u00e7\u00e3o de embarca\u00e7\u00f5es por Israel\"}]},{\"@type\":\"WebSite\",\"@id\":\"https:\/\/portaltela.pt\/#website\",\"url\":\"https:\/\/portaltela.pt\/\",\"name\":\"Portal Tela Portugal\",\"description\":\"\",\"potentialAction\":[{\"@type\":\"SearchAction\",\"target\":{\"@type\":\"EntryPoint\",\"urlTemplate\":\"https:\/\/portaltela.pt\/?s={search_term_string}\"},\"query-input\":{\"@type\":\"PropertyValueSpecification\",\"valueRequired\":true,\"valueName\":\"search_term_string\"}}],\"inLanguage\":\"pt-PT\"},{\"@type\":\"Person\",\"@id\":\"https:\/\/portaltela.pt\/#\/schema\/person\/c4278d4a6028830caff9ee44b42d32ed\",\"name\":\"Telinha\",\"image\":{\"@type\":\"ImageObject\",\"inLanguage\":\"pt-PT\",\"@id\":\"https:\/\/portaltela.pt\/s.01k8rhncp4jt1\/2025\/11\/talking-bot-125x125.png\",\"url\":\"https:\/\/portaltela.pt\/s.01k8rhncp4jt1\/2025\/11\/talking-bot-125x125.png\",\"contentUrl\":\"https:\/\/portaltela.pt\/s.01k8rhncp4jt1\/2025\/11\/talking-bot-125x125.png\",\"caption\":\"Telinha\"},\"sameAs\":[\"https:\/\/portaltela.pt\/\"],\"url\":\"https:\/\/portaltela.pt\/por\/367410592786\/\"}]}<\/script>\n<!-- \/ Yoast SEO plugin. -->","yoast_head_json":{"title":"Flotilha de apoio a Gaza denuncia intercepta\u00e7\u00e3o de embarca\u00e7\u00f5es por Israel - Portal Tela Portugal","robots":{"index":"index","follow":"follow","max-snippet":"max-snippet:-1","max-image-preview":"max-image-preview:large","max-video-preview":"max-video-preview:-1"},"og_locale":"pt_PT","og_type":"article","og_title":"Flotilha de apoio a Gaza denuncia intercepta\u00e7\u00e3o de embarca\u00e7\u00f5es por Israel - Portal Tela Portugal","og_description":"A Flotilha Global Sumud, com 58 embarca\u00e7\u00f5es, denunciou a intercep\u00e7\u00e3o de 15 barcos por for\u00e7as israelitas em \u00e1guas internacionais; 175 ativistas foram detidos pela Marinha de Israel. O Minist\u00e9rio dos Neg\u00f3cios Estrangeiros de It\u00e1lia pediu informa\u00e7\u00f5es a Israel para esclarecer as circunst\u00e2ncias da opera\u00e7\u00e3o e proteger cidad\u00e3os italianos na flotilha, com o ministro Ant\u00f3nio Tajani a instruir as embaixadas de Roma em Telavive e em Atenas. A miss\u00e3o informou ter perdido contacto com onze embarca\u00e7\u00f5es, enquanto meios israelitas afirmaram que outras sete tinham sido interceptadas. A flotilha acusa rodeio de navios militares israelitas em \u00e1guas internacionais, com relatos de drones; a embarca\u00e7\u00e3o mais pr\u00f3xima de Creta encontrava-se a cerca de setenta quil\u00f3metros da ilha. A miss\u00e3o partiu de Augusta, no sul de It\u00e1lia, no domingo, com destino \u00e0 Faixa de Gaza para entregar ajuda humanit\u00e1ria; os ativistas apelam aos governos para proteger a miss\u00e3o e responsabilizar Israel.","og_url":"https:\/\/portaltela.pt\/noticias\/2026\/04\/30\/flotilha-de-apoio-a-gaza-denuncia-interceptacao-de-embarcacoes-por-israel\/","og_site_name":"Portal Tela Portugal","article_published_time":"2026-04-30T07:33:47+00:00","author":"Telinha","twitter_card":"summary_large_image","twitter_misc":{"Escrito por":"Telinha","Tempo estimado de leitura":"2 minutos"},"schema":{"@context":"https:\/\/schema.org","@graph":[{"@type":"Article","@id":"https:\/\/portaltela.pt\/noticias\/2026\/04\/30\/flotilha-de-apoio-a-gaza-denuncia-interceptacao-de-embarcacoes-por-israel\/#article","isPartOf":{"@id":"https:\/\/portaltela.pt\/noticias\/2026\/04\/30\/flotilha-de-apoio-a-gaza-denuncia-interceptacao-de-embarcacoes-por-israel\/"},"author":{"name":"Telinha","@id":"https:\/\/portaltela.pt\/#\/schema\/person\/c4278d4a6028830caff9ee44b42d32ed"},"headline":"Flotilha de apoio a Gaza denuncia intercepta\u00e7\u00e3o de embarca\u00e7\u00f5es por Israel","datePublished":"2026-04-30T07:33:47+00:00","mainEntityOfPage":{"@id":"https:\/\/portaltela.pt\/noticias\/2026\/04\/30\/flotilha-de-apoio-a-gaza-denuncia-interceptacao-de-embarcacoes-por-israel\/"},"wordCount":371,"image":{"@id":"https:\/\/portaltela.pt\/noticias\/2026\/04\/30\/flotilha-de-apoio-a-gaza-denuncia-interceptacao-de-embarcacoes-por-israel\/#primaryimage"},"thumbnailUrl":"https:\/\/portaltela.pt\/s.01k8rhncp4jt1\/2026\/04\/2085118.jpg","keywords":["_a\u00e7\u00e3o humanit\u00e1ria","_a\u00e7\u00f5es internacionais","_organiza\u00e7\u00f5es internacionais","_refugiados","_seguran\u00e7a internacional"],"articleSection":["Conflitos"],"inLanguage":"pt-PT"},{"@type":"WebPage","@id":"https:\/\/portaltela.pt\/noticias\/2026\/04\/30\/flotilha-de-apoio-a-gaza-denuncia-interceptacao-de-embarcacoes-por-israel\/","url":"https:\/\/portaltela.pt\/noticias\/2026\/04\/30\/flotilha-de-apoio-a-gaza-denuncia-interceptacao-de-embarcacoes-por-israel\/","name":"Flotilha de apoio a Gaza denuncia intercepta\u00e7\u00e3o de embarca\u00e7\u00f5es por Israel - Portal Tela Portugal","isPartOf":{"@id":"https:\/\/portaltela.pt\/#website"},"primaryImageOfPage":{"@id":"https:\/\/portaltela.pt\/noticias\/2026\/04\/30\/flotilha-de-apoio-a-gaza-denuncia-interceptacao-de-embarcacoes-por-israel\/#primaryimage"},"image":{"@id":"https:\/\/portaltela.pt\/noticias\/2026\/04\/30\/flotilha-de-apoio-a-gaza-denuncia-interceptacao-de-embarcacoes-por-israel\/#primaryimage"},"thumbnailUrl":"https:\/\/portaltela.pt\/s.01k8rhncp4jt1\/2026\/04\/2085118.jpg","datePublished":"2026-04-30T07:33:47+00:00","author":{"@id":"https:\/\/portaltela.pt\/#\/schema\/person\/c4278d4a6028830caff9ee44b42d32ed"},"breadcrumb":{"@id":"https:\/\/portaltela.pt\/noticias\/2026\/04\/30\/flotilha-de-apoio-a-gaza-denuncia-interceptacao-de-embarcacoes-por-israel\/#breadcrumb"},"inLanguage":"pt-PT","potentialAction":[{"@type":"ReadAction","target":["https:\/\/portaltela.pt\/noticias\/2026\/04\/30\/flotilha-de-apoio-a-gaza-denuncia-interceptacao-de-embarcacoes-por-israel\/"]}]},{"@type":"ImageObject","inLanguage":"pt-PT","@id":"https:\/\/portaltela.pt\/noticias\/2026\/04\/30\/flotilha-de-apoio-a-gaza-denuncia-interceptacao-de-embarcacoes-por-israel\/#primaryimage","url":"https:\/\/portaltela.pt\/s.01k8rhncp4jt1\/2026\/04\/2085118.jpg","contentUrl":"https:\/\/portaltela.pt\/s.01k8rhncp4jt1\/2026\/04\/2085118.jpg","width":796,"height":448,"caption":"Activistas querem levar ajuda humanit\u00e1ria at\u00e9 \u00e0 Faixa de Gaza"},{"@type":"BreadcrumbList","@id":"https:\/\/portaltela.pt\/noticias\/2026\/04\/30\/flotilha-de-apoio-a-gaza-denuncia-interceptacao-de-embarcacoes-por-israel\/#breadcrumb","itemListElement":[{"@type":"ListItem","position":1,"name":"In\u00edcio","item":"https:\/\/portaltela.pt\/"},{"@type":"ListItem","position":2,"name":"Flotilha de apoio a Gaza denuncia intercepta\u00e7\u00e3o de embarca\u00e7\u00f5es por Israel"}]},{"@type":"WebSite","@id":"https:\/\/portaltela.pt\/#website","url":"https:\/\/portaltela.pt\/","name":"Portal Tela Portugal","description":"","potentialAction":[{"@type":"SearchAction","target":{"@type":"EntryPoint","urlTemplate":"https:\/\/portaltela.pt\/?s={search_term_string}"},"query-input":{"@type":"PropertyValueSpecification","valueRequired":true,"valueName":"search_term_string"}}],"inLanguage":"pt-PT"},{"@type":"Person","@id":"https:\/\/portaltela.pt\/#\/schema\/person\/c4278d4a6028830caff9ee44b42d32ed","name":"Telinha","image":{"@type":"ImageObject","inLanguage":"pt-PT","@id":"https:\/\/portaltela.pt\/s.01k8rhncp4jt1\/2025\/11\/talking-bot-125x125.png","url":"https:\/\/portaltela.pt\/s.01k8rhncp4jt1\/2025\/11\/talking-bot-125x125.png","contentUrl":"https:\/\/portaltela.pt\/s.01k8rhncp4jt1\/2025\/11\/talking-bot-125x125.png","caption":"Telinha"},"sameAs":["https:\/\/portaltela.pt\/"],"url":"https:\/\/portaltela.pt\/por\/367410592786\/"}]}},"_links":{"self":[{"href":"https:\/\/portaltela.pt\/api\/wp\/v2\/posts\/461909","targetHints":{"allow":["GET"]}}],"collection":[{"href":"https:\/\/portaltela.pt\/api\/wp\/v2\/posts"}],"about":[{"href":"https:\/\/portaltela.pt\/api\/wp\/v2\/types\/post"}],"author":[{"embeddable":true,"href":"https:\/\/portaltela.pt\/api\/wp\/v2\/users\/2"}],"replies":[{"embeddable":true,"href":"https:\/\/portaltela.pt\/api\/wp\/v2\/comments?post=461909"}],"version-history":[{"count":0,"href":"https:\/\/portaltela.pt\/api\/wp\/v2\/posts\/461909\/revisions"}],"wp:featuredmedia":[{"embeddable":true,"href":"https:\/\/portaltela.pt\/api\/wp\/v2\/media\/461912"}],"wp:attachment":[{"href":"https:\/\/portaltela.pt\/api\/wp\/v2\/media?parent=461909"}],"wp:term":[{"taxonomy":"category","embeddable":true,"href":"https:\/\/portaltela.pt\/api\/wp\/v2\/categories?post=461909"},{"taxonomy":"post_tag","embeddable":true,"href":"https:\/\/portaltela.pt\/api\/wp\/v2\/tags?post=461909"}],"curies":[{"name":"wp","href":"https:\/\/api.w.org\/{rel}","templated":true}]}}