{"id":461907,"date":"2026-04-30T04:33:45","date_gmt":"2026-04-30T07:33:45","guid":{"rendered":"https:\/\/portaltela.pt\/noticias\/2026\/04\/30\/estreias-da-semana-incluem-as-correntes-divina-comedia-e-mais\/"},"modified":"2026-04-30T04:33:45","modified_gmt":"2026-04-30T07:33:45","slug":"estreias-da-semana-incluem-as-correntes-divina-comedia-e-mais","status":"publish","type":"post","link":"https:\/\/portaltela.pt\/series-e-filmes\/2026\/04\/30\/estreias-da-semana-incluem-as-correntes-divina-comedia-e-mais\/","title":{"rendered":"Estreias da semana incluem As Correntes, Divina Com\u00e9dia e mais"},"content":{"rendered":"<p>Com dez novidades a chegar aos grandes ecr\u00e3s, o cinema portugu\u00eas apresenta uma programa\u00e7\u00e3o diversificada esta semana. O guia traz estreias, cr\u00edticas e hor\u00e1rios para ajudar o p\u00fablico a escolher as sess\u00f5es.<\/p>\n<p>Entre as estreias destaca-se Correntes, um psicodrama com Lina, uma estilista argentina que, ap\u00f3s uma tentativa de suic\u00eddio no rio R\u00f3dano, regressa a Buenos Aires confrontada com fobias e esgotamento. Estreia com Milagros Mumenthaler na realiza\u00e7\u00e3o.<\/p>\n<p>Divina Com\u00e9dia apresenta Bahram Ark, realizador iraniano que organiza uma exibi\u00e7\u00e3o clandestina do seu filme para contornar a censura estatal. O projeto levanta quest\u00f5es sobre arte, coragem e risco pessoal no Ir\u00e3o.<\/p>\n<p>O Acidente Com o Piano \u00e9 uma com\u00e9dia absurda de Quentin Dupieux centrada numa influenciadora francesa que, ap\u00f3s um acidente, se resguarda numa casa de montanha e tem de lidar com uma jornalista que quer a entrevista exclusiva.<\/p>\n<p>O Diabo Veste Prada 2 prossegue a hist\u00f3ria de Andrea Sachs e Miranda Priestly, explorando as rivalidades no mundo da moda. O elenco inclui Anne Hathaway, Meryl Streep e Emily Blunt, com novos pap\u00e9is para Justin Theroux e outros.<\/p>\n<p>Damas foca-se numa parcela da sociedade portuguesa durante a Primeira Guerra Mundial, com mulheres que criaram um hospital de Ambleteuse, na costa francesa, prestando aux\u00edlio aos soldados. O filme \u00e9 realizado por Cl\u00e1udia Alves.<\/p>\n<p>Sonhos acompanha uma rela\u00e7\u00e3o entre Jennifer, filantropa norte-americana, e Fernando, professor de bal\u00e9, em competi\u00e7\u00e3o no Festival de Berlim. O drama \u00e9 dirigido e escrito por Michel Franco.<\/p>\n<p>Caronte aborda o aumento de suic\u00eddios no Douro, com a figura de Gast\u00e3o, barqueiro que resgata corpos para facilitar o luto das fam\u00edlias. O filme usa a mitologia grega como inspira\u00e7\u00e3o.<\/p>\n<p>Besta \u00e9 um thriller de a\u00e7\u00e3o com Patton James, antigo lutador de MMA, que volta aos ringues para enfrentar um advers\u00e1rio poderoso. O enredo acompanha a ajuda de Sammy, o mentor, na tentativa de salvar um irm\u00e3o.<\/p>\n<p>Fuze &#8211; Explos\u00e3o Iminente leva o p\u00fablico a Londres, onde uma bomba e um assalto a banco coincidem. O elenco inclui Aaron Taylor-Johnson, Theo James e Sam Worthington, em thriller de David Mackenzie.<\/p>\n<p>That Time I Got Reincarnated as a Slime O Filme continua a saga de Rimuru numa miss\u00e3o que envolve uma ilha paradis\u00edaca e uma amea\u00e7a ao equil\u00edbrio entre reinos, com vozes em japon\u00eas originais.<\/p>\n<p>Mais uma semana, mais op\u00e7\u00f5es: o cinema re\u00fane drama, com\u00e9dia, a\u00e7\u00e3o e anima\u00e7\u00e3o, com diversas salas e hor\u00e1rios para cada t\u00edtulo. O p\u00fablico pode consultar cr\u00f3nicas, cr\u00edticas e grade de sess\u00f5es no Cinecartaz.<\/p>\n<h3>Correntes<\/h3>\n<p>A hist\u00f3ria centra-se em Lina, reconhecida estilista argentina, que recebe um pr\u00e9mio em Genebra, Su\u00ed\u00e7a. O momento de celebra\u00e7\u00e3o segue-se a uma crise pessoal que a leva a tentar p\u00f4r fim \u00e0 vida. Regressa a Buenos Aires com consequ\u00eancias para a sua sa\u00fade mental.<\/p>\n<h3>Divina Com\u00e9dia<\/h3>\n<p>Ali Asgari assina a realiza\u00e7\u00e3o de uma com\u00e9dia negra sobre censura no Ir\u00e3o, dirigida a cineastas que desafiam o poder estatal. O enredo segue a resist\u00eancia de Ark perante as restri\u00e7\u00f5es \u00e0 exibi\u00e7\u00e3o das suas obras.<\/p>\n<h3>O Acidente Com o Piano<\/h3>\n<p>Dupieux explora o impacto da exposi\u00e7\u00e3o excessiva nas redes e na vida p\u00fablica. A protagonista, interpretada por Ad\u00e8le Exarchopoulos, fica isolada at\u00e9 surgir uma entrevista que pode mudar tudo.<\/p>\n<h3>O Diabo Veste Prada 2<\/h3>\n<p>Primeiro filme de continua\u00e7\u00e3o, retorna a Megan Priestly e aos bastidores da moda. O filme prolonga a tens\u00e3o entre Katherine Hathaway e a editora, com novas din\u00e2micas de poder.<\/p>\n<h3>Damas<\/h3>\n<p>Document\u00e1rio hist\u00f3rico traz \u00e0 tona as enfermarias volunt\u00e1rias portuguesas na Frente Ocidental e o hospital de Ambleteuse, revelando o papel das mulheres numa \u00e9poca de conflito.<\/p>\n<h3>Sonhos<\/h3>\n<p>Drama que cruza a vida de Jennifer e Fernando, com desfechos desafiantes para o sonho de emigrar. O filme participava no Festival de Berlim e oferece uma vis\u00e3o intimista de rela\u00e7\u00f5es e oportunidades.<\/p>\n<h3>Caronte<\/h3>\n<p>O foco desloca-se para o Douro, onde a vig\u00edlia de um barqueiro envolve o resgate de corpos. A produ\u00e7\u00e3o faz uma leitura po\u00e9tica da perda e do luto, conectando mitologia e realidade.<\/p>\n<h3>Besta<\/h3>\n<p>Patton James retorna ao confronto enquanto o passado o persegue. O enredo envolve fam\u00edlia, viol\u00eancia e reden\u00e7\u00e3o, com desempenho de Daniel MacPherson e Russell Crowe.<\/p>\n<h3>Fuze &#8211; Explos\u00e3o Iminente<\/h3>\n<p>Em Londres, uma opera\u00e7\u00e3o desencadeia um cerco de seguran\u00e7a e um assalto a banco. O thriller combina desactiva\u00e7\u00e3o de explosivos com tens\u00e3o urbana.<\/p>\n<h3>That Time I Got Reincarnated as a Slime O Filme: L\u00e1grimas do mar azul-celeste<\/h3>\n<p>Na anima\u00e7\u00e3o, Rimuru e o grupo enfrentam uma conspira\u00e7\u00e3o que pode despertar uma divindade adormecida, prometendo aventura no reino fant\u00e1stico. As vozes originais completam o elenco.<\/p>\n<p>As sess\u00f5es, hor\u00e1rios e salas variam entre cinema nacional e internacional, com op\u00e7\u00f5es para diferentes gostos. Consulte a programa\u00e7\u00e3o para confirmar disponibilidade e reservar bilhetes.<\/p>\n","protected":false},"excerpt":{"rendered":"<ul>\n<li>Correntes: uma estilista argentina sofre uma crise ap\u00f3s uma passagem em Genebra e regressa a Buenos Aires com fobia \u00e0 \u00e1gua, afetando a fam\u00edlia; o filme \u00e9 de Milagros Mumenthaler.<\/li>\n<li>Divina Com\u00e9dia: o realizador iraniano Bahram Ark planeia uma exibi\u00e7\u00e3o clandestina do seu novo filme como resposta \u00e0 censura do Governo, enfrentando dilemas entre arte e seguran\u00e7a.<\/li>\n<li>O Acidente Com o Piano: a influenciadora francesa Magalie Moreau, conhecida por v\u00eddeos chocantes, fica envolvida num acidente de piano e \u00e9 abordada por uma jornalista \u00e0 procura de entrevista.<\/li>\n<li>O Diabo Veste Prada 2: Andrea Sachs reencontra Miranda Priestly no mundo da moda, com o retorno de Hathaway, Streep e outras estrelas em novas vers\u00f5es de personagens.<\/li>\n<li>Damas: retrato de mulheres portuguesas que prestaram servi\u00e7o na Cruz Vermelha durante a Primeira Guerra Mundial, ajudando a construir o hospital de Ambleteuse.<\/li>\n<\/ul>\n","protected":false},"author":2,"featured_media":461911,"comment_status":"closed","ping_status":"closed","sticky":false,"template":"","format":"standard","meta":{"footnotes":""},"categories":[12,7368],"tags":[5812,112,7040,196,5242,1014],"class_list":["post-461907","post","type-post","status-publish","format-standard","has-post-thumbnail","hentry","category-entretenimento","category-series-e-filmes","tag-animacao","tag-cinema","tag-cinema-internacional","tag-documentarios","tag-filmes","tag-portugal"],"yoast_head":"<!-- This site is optimized with the Yoast SEO plugin v27.2 - https:\/\/yoast.com\/product\/yoast-seo-wordpress\/ -->\n<title>Estreias da semana incluem As Correntes, Divina Com\u00e9dia e mais - Portal Tela Portugal<\/title>\n<meta name=\"robots\" content=\"index, follow, max-snippet:-1, max-image-preview:large, max-video-preview:-1\" \/>\n<meta property=\"og:locale\" content=\"pt_PT\" \/>\n<meta property=\"og:type\" content=\"article\" \/>\n<meta property=\"og:title\" content=\"Estreias da semana incluem As Correntes, Divina Com\u00e9dia e mais - Portal Tela Portugal\" \/>\n<meta property=\"og:description\" content=\"Correntes: uma estilista argentina sofre uma crise ap\u00f3s uma passagem em Genebra e regressa a Buenos Aires com fobia \u00e0 \u00e1gua, afetando a fam\u00edlia; o filme \u00e9 de Milagros Mumenthaler. Divina Com\u00e9dia: o realizador iraniano Bahram Ark planeia uma exibi\u00e7\u00e3o clandestina do seu novo filme como resposta \u00e0 censura do Governo, enfrentando dilemas entre arte e seguran\u00e7a. O Acidente Com o Piano: a influenciadora francesa Magalie Moreau, conhecida por v\u00eddeos chocantes, fica envolvida num acidente de piano e \u00e9 abordada por uma jornalista \u00e0 procura de entrevista. O Diabo Veste Prada 2: Andrea Sachs reencontra Miranda Priestly no mundo da moda, com o retorno de Hathaway, Streep e outras estrelas em novas vers\u00f5es de personagens. Damas: retrato de mulheres portuguesas que prestaram servi\u00e7o na Cruz Vermelha durante a Primeira Guerra Mundial, ajudando a construir o hospital de Ambleteuse.\" \/>\n<meta property=\"og:url\" content=\"https:\/\/portaltela.pt\/noticias\/2026\/04\/30\/estreias-da-semana-incluem-as-correntes-divina-comedia-e-mais\/\" \/>\n<meta property=\"og:site_name\" content=\"Portal Tela Portugal\" \/>\n<meta property=\"article:published_time\" content=\"2026-04-30T07:33:45+00:00\" \/>\n<meta name=\"author\" content=\"Telinha\" \/>\n<meta name=\"twitter:card\" content=\"summary_large_image\" \/>\n<meta name=\"twitter:label1\" content=\"Escrito por\" \/>\n\t<meta name=\"twitter:data1\" content=\"Telinha\" \/>\n\t<meta name=\"twitter:label2\" content=\"Tempo estimado de leitura\" \/>\n\t<meta name=\"twitter:data2\" content=\"4 minutos\" \/>\n<script type=\"application\/ld+json\" class=\"yoast-schema-graph\">{\"@context\":\"https:\/\/schema.org\",\"@graph\":[{\"@type\":\"Article\",\"@id\":\"https:\/\/portaltela.pt\/noticias\/2026\/04\/30\/estreias-da-semana-incluem-as-correntes-divina-comedia-e-mais\/#article\",\"isPartOf\":{\"@id\":\"https:\/\/portaltela.pt\/noticias\/2026\/04\/30\/estreias-da-semana-incluem-as-correntes-divina-comedia-e-mais\/\"},\"author\":{\"name\":\"Telinha\",\"@id\":\"https:\/\/portaltela.pt\/#\/schema\/person\/c4278d4a6028830caff9ee44b42d32ed\"},\"headline\":\"Estreias da semana incluem As Correntes, Divina Com\u00e9dia e mais\",\"datePublished\":\"2026-04-30T07:33:45+00:00\",\"mainEntityOfPage\":{\"@id\":\"https:\/\/portaltela.pt\/noticias\/2026\/04\/30\/estreias-da-semana-incluem-as-correntes-divina-comedia-e-mais\/\"},\"wordCount\":864,\"image\":{\"@id\":\"https:\/\/portaltela.pt\/noticias\/2026\/04\/30\/estreias-da-semana-incluem-as-correntes-divina-comedia-e-mais\/#primaryimage\"},\"thumbnailUrl\":\"https:\/\/portaltela.pt\/s.01k8rhncp4jt1\/2026\/04\/2084796.jpg\",\"keywords\":[\"anima\u00e7\u00e3o\",\"cinema\",\"cinema internacional\",\"document\u00e1rios\",\"filmes\",\"Portugal\"],\"articleSection\":[\"Entretenimento\",\"S\u00e9ries e filmes\"],\"inLanguage\":\"pt-PT\"},{\"@type\":\"WebPage\",\"@id\":\"https:\/\/portaltela.pt\/noticias\/2026\/04\/30\/estreias-da-semana-incluem-as-correntes-divina-comedia-e-mais\/\",\"url\":\"https:\/\/portaltela.pt\/noticias\/2026\/04\/30\/estreias-da-semana-incluem-as-correntes-divina-comedia-e-mais\/\",\"name\":\"Estreias da semana incluem As Correntes, Divina Com\u00e9dia e mais - Portal Tela Portugal\",\"isPartOf\":{\"@id\":\"https:\/\/portaltela.pt\/#website\"},\"primaryImageOfPage\":{\"@id\":\"https:\/\/portaltela.pt\/noticias\/2026\/04\/30\/estreias-da-semana-incluem-as-correntes-divina-comedia-e-mais\/#primaryimage\"},\"image\":{\"@id\":\"https:\/\/portaltela.pt\/noticias\/2026\/04\/30\/estreias-da-semana-incluem-as-correntes-divina-comedia-e-mais\/#primaryimage\"},\"thumbnailUrl\":\"https:\/\/portaltela.pt\/s.01k8rhncp4jt1\/2026\/04\/2084796.jpg\",\"datePublished\":\"2026-04-30T07:33:45+00:00\",\"author\":{\"@id\":\"https:\/\/portaltela.pt\/#\/schema\/person\/c4278d4a6028830caff9ee44b42d32ed\"},\"breadcrumb\":{\"@id\":\"https:\/\/portaltela.pt\/noticias\/2026\/04\/30\/estreias-da-semana-incluem-as-correntes-divina-comedia-e-mais\/#breadcrumb\"},\"inLanguage\":\"pt-PT\",\"potentialAction\":[{\"@type\":\"ReadAction\",\"target\":[\"https:\/\/portaltela.pt\/noticias\/2026\/04\/30\/estreias-da-semana-incluem-as-correntes-divina-comedia-e-mais\/\"]}]},{\"@type\":\"ImageObject\",\"inLanguage\":\"pt-PT\",\"@id\":\"https:\/\/portaltela.pt\/noticias\/2026\/04\/30\/estreias-da-semana-incluem-as-correntes-divina-comedia-e-mais\/#primaryimage\",\"url\":\"https:\/\/portaltela.pt\/s.01k8rhncp4jt1\/2026\/04\/2084796.jpg\",\"contentUrl\":\"https:\/\/portaltela.pt\/s.01k8rhncp4jt1\/2026\/04\/2084796.jpg\",\"width\":796,\"height\":448,\"caption\":\"As Correntes\"},{\"@type\":\"BreadcrumbList\",\"@id\":\"https:\/\/portaltela.pt\/noticias\/2026\/04\/30\/estreias-da-semana-incluem-as-correntes-divina-comedia-e-mais\/#breadcrumb\",\"itemListElement\":[{\"@type\":\"ListItem\",\"position\":1,\"name\":\"In\u00edcio\",\"item\":\"https:\/\/portaltela.pt\/\"},{\"@type\":\"ListItem\",\"position\":2,\"name\":\"Estreias da semana incluem As Correntes, Divina Com\u00e9dia e mais\"}]},{\"@type\":\"WebSite\",\"@id\":\"https:\/\/portaltela.pt\/#website\",\"url\":\"https:\/\/portaltela.pt\/\",\"name\":\"Portal Tela Portugal\",\"description\":\"\",\"potentialAction\":[{\"@type\":\"SearchAction\",\"target\":{\"@type\":\"EntryPoint\",\"urlTemplate\":\"https:\/\/portaltela.pt\/?s={search_term_string}\"},\"query-input\":{\"@type\":\"PropertyValueSpecification\",\"valueRequired\":true,\"valueName\":\"search_term_string\"}}],\"inLanguage\":\"pt-PT\"},{\"@type\":\"Person\",\"@id\":\"https:\/\/portaltela.pt\/#\/schema\/person\/c4278d4a6028830caff9ee44b42d32ed\",\"name\":\"Telinha\",\"image\":{\"@type\":\"ImageObject\",\"inLanguage\":\"pt-PT\",\"@id\":\"https:\/\/portaltela.pt\/s.01k8rhncp4jt1\/2025\/11\/talking-bot-125x125.png\",\"url\":\"https:\/\/portaltela.pt\/s.01k8rhncp4jt1\/2025\/11\/talking-bot-125x125.png\",\"contentUrl\":\"https:\/\/portaltela.pt\/s.01k8rhncp4jt1\/2025\/11\/talking-bot-125x125.png\",\"caption\":\"Telinha\"},\"sameAs\":[\"https:\/\/portaltela.pt\/\"],\"url\":\"https:\/\/portaltela.pt\/por\/367410592786\/\"}]}<\/script>\n<!-- \/ Yoast SEO plugin. -->","yoast_head_json":{"title":"Estreias da semana incluem As Correntes, Divina Com\u00e9dia e mais - Portal Tela Portugal","robots":{"index":"index","follow":"follow","max-snippet":"max-snippet:-1","max-image-preview":"max-image-preview:large","max-video-preview":"max-video-preview:-1"},"og_locale":"pt_PT","og_type":"article","og_title":"Estreias da semana incluem As Correntes, Divina Com\u00e9dia e mais - Portal Tela Portugal","og_description":"Correntes: uma estilista argentina sofre uma crise ap\u00f3s uma passagem em Genebra e regressa a Buenos Aires com fobia \u00e0 \u00e1gua, afetando a fam\u00edlia; o filme \u00e9 de Milagros Mumenthaler. Divina Com\u00e9dia: o realizador iraniano Bahram Ark planeia uma exibi\u00e7\u00e3o clandestina do seu novo filme como resposta \u00e0 censura do Governo, enfrentando dilemas entre arte e seguran\u00e7a. O Acidente Com o Piano: a influenciadora francesa Magalie Moreau, conhecida por v\u00eddeos chocantes, fica envolvida num acidente de piano e \u00e9 abordada por uma jornalista \u00e0 procura de entrevista. O Diabo Veste Prada 2: Andrea Sachs reencontra Miranda Priestly no mundo da moda, com o retorno de Hathaway, Streep e outras estrelas em novas vers\u00f5es de personagens. Damas: retrato de mulheres portuguesas que prestaram servi\u00e7o na Cruz Vermelha durante a Primeira Guerra Mundial, ajudando a construir o hospital de Ambleteuse.","og_url":"https:\/\/portaltela.pt\/noticias\/2026\/04\/30\/estreias-da-semana-incluem-as-correntes-divina-comedia-e-mais\/","og_site_name":"Portal Tela Portugal","article_published_time":"2026-04-30T07:33:45+00:00","author":"Telinha","twitter_card":"summary_large_image","twitter_misc":{"Escrito por":"Telinha","Tempo estimado de leitura":"4 minutos"},"schema":{"@context":"https:\/\/schema.org","@graph":[{"@type":"Article","@id":"https:\/\/portaltela.pt\/noticias\/2026\/04\/30\/estreias-da-semana-incluem-as-correntes-divina-comedia-e-mais\/#article","isPartOf":{"@id":"https:\/\/portaltela.pt\/noticias\/2026\/04\/30\/estreias-da-semana-incluem-as-correntes-divina-comedia-e-mais\/"},"author":{"name":"Telinha","@id":"https:\/\/portaltela.pt\/#\/schema\/person\/c4278d4a6028830caff9ee44b42d32ed"},"headline":"Estreias da semana incluem As Correntes, Divina Com\u00e9dia e mais","datePublished":"2026-04-30T07:33:45+00:00","mainEntityOfPage":{"@id":"https:\/\/portaltela.pt\/noticias\/2026\/04\/30\/estreias-da-semana-incluem-as-correntes-divina-comedia-e-mais\/"},"wordCount":864,"image":{"@id":"https:\/\/portaltela.pt\/noticias\/2026\/04\/30\/estreias-da-semana-incluem-as-correntes-divina-comedia-e-mais\/#primaryimage"},"thumbnailUrl":"https:\/\/portaltela.pt\/s.01k8rhncp4jt1\/2026\/04\/2084796.jpg","keywords":["anima\u00e7\u00e3o","cinema","cinema internacional","document\u00e1rios","filmes","Portugal"],"articleSection":["Entretenimento","S\u00e9ries e filmes"],"inLanguage":"pt-PT"},{"@type":"WebPage","@id":"https:\/\/portaltela.pt\/noticias\/2026\/04\/30\/estreias-da-semana-incluem-as-correntes-divina-comedia-e-mais\/","url":"https:\/\/portaltela.pt\/noticias\/2026\/04\/30\/estreias-da-semana-incluem-as-correntes-divina-comedia-e-mais\/","name":"Estreias da semana incluem As Correntes, Divina Com\u00e9dia e mais - Portal Tela Portugal","isPartOf":{"@id":"https:\/\/portaltela.pt\/#website"},"primaryImageOfPage":{"@id":"https:\/\/portaltela.pt\/noticias\/2026\/04\/30\/estreias-da-semana-incluem-as-correntes-divina-comedia-e-mais\/#primaryimage"},"image":{"@id":"https:\/\/portaltela.pt\/noticias\/2026\/04\/30\/estreias-da-semana-incluem-as-correntes-divina-comedia-e-mais\/#primaryimage"},"thumbnailUrl":"https:\/\/portaltela.pt\/s.01k8rhncp4jt1\/2026\/04\/2084796.jpg","datePublished":"2026-04-30T07:33:45+00:00","author":{"@id":"https:\/\/portaltela.pt\/#\/schema\/person\/c4278d4a6028830caff9ee44b42d32ed"},"breadcrumb":{"@id":"https:\/\/portaltela.pt\/noticias\/2026\/04\/30\/estreias-da-semana-incluem-as-correntes-divina-comedia-e-mais\/#breadcrumb"},"inLanguage":"pt-PT","potentialAction":[{"@type":"ReadAction","target":["https:\/\/portaltela.pt\/noticias\/2026\/04\/30\/estreias-da-semana-incluem-as-correntes-divina-comedia-e-mais\/"]}]},{"@type":"ImageObject","inLanguage":"pt-PT","@id":"https:\/\/portaltela.pt\/noticias\/2026\/04\/30\/estreias-da-semana-incluem-as-correntes-divina-comedia-e-mais\/#primaryimage","url":"https:\/\/portaltela.pt\/s.01k8rhncp4jt1\/2026\/04\/2084796.jpg","contentUrl":"https:\/\/portaltela.pt\/s.01k8rhncp4jt1\/2026\/04\/2084796.jpg","width":796,"height":448,"caption":"As Correntes"},{"@type":"BreadcrumbList","@id":"https:\/\/portaltela.pt\/noticias\/2026\/04\/30\/estreias-da-semana-incluem-as-correntes-divina-comedia-e-mais\/#breadcrumb","itemListElement":[{"@type":"ListItem","position":1,"name":"In\u00edcio","item":"https:\/\/portaltela.pt\/"},{"@type":"ListItem","position":2,"name":"Estreias da semana incluem As Correntes, Divina Com\u00e9dia e mais"}]},{"@type":"WebSite","@id":"https:\/\/portaltela.pt\/#website","url":"https:\/\/portaltela.pt\/","name":"Portal Tela Portugal","description":"","potentialAction":[{"@type":"SearchAction","target":{"@type":"EntryPoint","urlTemplate":"https:\/\/portaltela.pt\/?s={search_term_string}"},"query-input":{"@type":"PropertyValueSpecification","valueRequired":true,"valueName":"search_term_string"}}],"inLanguage":"pt-PT"},{"@type":"Person","@id":"https:\/\/portaltela.pt\/#\/schema\/person\/c4278d4a6028830caff9ee44b42d32ed","name":"Telinha","image":{"@type":"ImageObject","inLanguage":"pt-PT","@id":"https:\/\/portaltela.pt\/s.01k8rhncp4jt1\/2025\/11\/talking-bot-125x125.png","url":"https:\/\/portaltela.pt\/s.01k8rhncp4jt1\/2025\/11\/talking-bot-125x125.png","contentUrl":"https:\/\/portaltela.pt\/s.01k8rhncp4jt1\/2025\/11\/talking-bot-125x125.png","caption":"Telinha"},"sameAs":["https:\/\/portaltela.pt\/"],"url":"https:\/\/portaltela.pt\/por\/367410592786\/"}]}},"_links":{"self":[{"href":"https:\/\/portaltela.pt\/api\/wp\/v2\/posts\/461907","targetHints":{"allow":["GET"]}}],"collection":[{"href":"https:\/\/portaltela.pt\/api\/wp\/v2\/posts"}],"about":[{"href":"https:\/\/portaltela.pt\/api\/wp\/v2\/types\/post"}],"author":[{"embeddable":true,"href":"https:\/\/portaltela.pt\/api\/wp\/v2\/users\/2"}],"replies":[{"embeddable":true,"href":"https:\/\/portaltela.pt\/api\/wp\/v2\/comments?post=461907"}],"version-history":[{"count":0,"href":"https:\/\/portaltela.pt\/api\/wp\/v2\/posts\/461907\/revisions"}],"wp:featuredmedia":[{"embeddable":true,"href":"https:\/\/portaltela.pt\/api\/wp\/v2\/media\/461911"}],"wp:attachment":[{"href":"https:\/\/portaltela.pt\/api\/wp\/v2\/media?parent=461907"}],"wp:term":[{"taxonomy":"category","embeddable":true,"href":"https:\/\/portaltela.pt\/api\/wp\/v2\/categories?post=461907"},{"taxonomy":"post_tag","embeddable":true,"href":"https:\/\/portaltela.pt\/api\/wp\/v2\/tags?post=461907"}],"curies":[{"name":"wp","href":"https:\/\/api.w.org\/{rel}","templated":true}]}}