{"id":461906,"date":"2026-04-30T04:33:41","date_gmt":"2026-04-30T07:33:41","guid":{"rendered":"https:\/\/portaltela.pt\/noticias\/2026\/04\/30\/estudantes-mantem-tradicao-de-comprar-traje-academico-a-ultima-hora\/"},"modified":"2026-04-30T04:33:41","modified_gmt":"2026-04-30T07:33:41","slug":"estudantes-mantem-tradicao-de-comprar-traje-academico-a-ultima-hora","status":"publish","type":"post","link":"https:\/\/portaltela.pt\/noticias\/2026\/04\/30\/estudantes-mantem-tradicao-de-comprar-traje-academico-a-ultima-hora\/","title":{"rendered":"Estudantes mant\u00eam tradi\u00e7\u00e3o de comprar traje acad\u00e9mico \u00e0 \u00faltima hora"},"content":{"rendered":"<p>Da Serenata ao Cortejo, o Porto volta a vestir-se de negro para a Queima das Fitas. A procura pelos trajes acad\u00e9micos aumenta \u00e0 medida que maio se aproxima, vindos de estudantes de v\u00e1rias fases da universidade. A tradi\u00e7\u00e3o mant\u00e9m-se, com muitos a optar por vestu\u00e1rio espec\u00edfico para a ocasi\u00e3o.<\/p>\n<p>Quem est\u00e1 envolvido inclui estudantes rec\u00e9m-chegados \u00e0 Queima, bem como os veteranos que participam no evento pela \u00faltima vez. Lojas de vestu\u00e1rio acad\u00e9mico registam o movimento tradicional de venda e ajuste de trajes, essencial para o ritual de celebra\u00e7\u00e3o.<\/p>\n<p>O que acontece \u00e9 simples: muitos consumidores adiam a compra ou aluguer at\u00e9 perto da data. Quando a Queima das Fitas do Porto arranca no s\u00e1bado, a disponibilidade de modelos, tamanhos e cores j\u00e1 \u00e9 um fator decisivo para quem compra.<\/p>\n<p>Onde ocorre tudo isto \u00e9 no Porto, nos estabelecimentos dedicados \u00e0 venda de trajes acad\u00e9micos e, ainda, nas plataformas de segunda m\u00e3o que surgem como alternativa aos pre\u00e7os da pr\u00e1tica de varejo. A enchente de clientes repete-se todos os anos.<\/p>\n<p>Porqu\u00ea? A tradi\u00e7\u00e3o de vestir o traje acad\u00e9mico durante a Queima mant\u00e9m-se como s\u00edmbolo de perten\u00e7a e de passagem. Al\u00e9m disso, o aluguer ou a compra de segunda m\u00e3o surge como op\u00e7\u00e3o mais acess\u00edvel para muitos estudantes.<\/p>\n<h3>Mudan\u00e7a nos h\u00e1bitos de consumo<\/h3>\n<p>Apesar de os pre\u00e7os manterem-se est\u00e1veis face ao ano anterior, a procura por op\u00e7\u00f5es mais econ\u00f3micas cresce. Al\u00e9m das lojas, recorrem-se plataformas de venda de roupa usada como complemento \u00e0 compra tradicional.<\/p>\n","protected":false},"excerpt":{"rendered":"<ul>\n<li>A Queima das Fitas do Porto come\u00e7a no s\u00e1bado, com milhares de estudantes a comprar traje acad\u00e9mico preto.<\/li>\n<li>A procura por vestu\u00e1rio acad\u00e9mico aumenta \u00e0 medida que maio se aproxima.<\/li>\n<li>Muitos v\u00e3o viver a primeira Queima das Fitas ou participar pela \u00faltima vez como membros da Academia.<\/li>\n<li>Mesmo com pre\u00e7os est\u00e1veis face ao ano passado, alguns procuram alternativas mais econ\u00f3micas, incluindo plataformas de segunda m\u00e3o.<\/li>\n<li>Tamb\u00e9m h\u00e1 a op\u00e7\u00e3o de alugar trajes, com custos bem inferiores aos da compra.<\/li>\n<\/ul>\n","protected":false},"author":2,"featured_media":461908,"comment_status":"closed","ping_status":"closed","sticky":false,"template":"","format":"standard","meta":{"footnotes":""},"categories":[7375,1],"tags":[8239,8706,8088,9980,9134,9111],"class_list":["post-461906","post","type-post","status-publish","format-standard","has-post-thumbnail","hentry","category-cultura","category-noticias","tag-_comercio","tag-_compras","tag-_porto","tag-_roupas","tag-_tradicoes","tag-_vestuario"],"yoast_head":"<!-- This site is optimized with the Yoast SEO plugin v27.2 - https:\/\/yoast.com\/product\/yoast-seo-wordpress\/ -->\n<title>Estudantes mant\u00eam tradi\u00e7\u00e3o de comprar traje acad\u00e9mico \u00e0 \u00faltima hora - Portal Tela Portugal<\/title>\n<meta name=\"robots\" content=\"index, follow, max-snippet:-1, max-image-preview:large, max-video-preview:-1\" \/>\n<meta property=\"og:locale\" content=\"pt_PT\" \/>\n<meta property=\"og:type\" content=\"article\" \/>\n<meta property=\"og:title\" content=\"Estudantes mant\u00eam tradi\u00e7\u00e3o de comprar traje acad\u00e9mico \u00e0 \u00faltima hora - Portal Tela Portugal\" \/>\n<meta property=\"og:description\" content=\"A Queima das Fitas do Porto come\u00e7a no s\u00e1bado, com milhares de estudantes a comprar traje acad\u00e9mico preto. A procura por vestu\u00e1rio acad\u00e9mico aumenta \u00e0 medida que maio se aproxima. Muitos v\u00e3o viver a primeira Queima das Fitas ou participar pela \u00faltima vez como membros da Academia. Mesmo com pre\u00e7os est\u00e1veis face ao ano passado, alguns procuram alternativas mais econ\u00f3micas, incluindo plataformas de segunda m\u00e3o. Tamb\u00e9m h\u00e1 a op\u00e7\u00e3o de alugar trajes, com custos bem inferiores aos da compra.\" \/>\n<meta property=\"og:url\" content=\"https:\/\/portaltela.pt\/noticias\/2026\/04\/30\/estudantes-mantem-tradicao-de-comprar-traje-academico-a-ultima-hora\/\" \/>\n<meta property=\"og:site_name\" content=\"Portal Tela Portugal\" \/>\n<meta property=\"article:published_time\" content=\"2026-04-30T07:33:41+00:00\" \/>\n<meta name=\"author\" content=\"Telinha\" \/>\n<meta name=\"twitter:card\" content=\"summary_large_image\" \/>\n<meta name=\"twitter:label1\" content=\"Escrito por\" \/>\n\t<meta name=\"twitter:data1\" content=\"Telinha\" \/>\n\t<meta name=\"twitter:label2\" content=\"Tempo estimado de leitura\" \/>\n\t<meta name=\"twitter:data2\" content=\"1 minuto\" \/>\n<script type=\"application\/ld+json\" class=\"yoast-schema-graph\">{\"@context\":\"https:\/\/schema.org\",\"@graph\":[{\"@type\":\"Article\",\"@id\":\"https:\/\/portaltela.pt\/noticias\/2026\/04\/30\/estudantes-mantem-tradicao-de-comprar-traje-academico-a-ultima-hora\/#article\",\"isPartOf\":{\"@id\":\"https:\/\/portaltela.pt\/noticias\/2026\/04\/30\/estudantes-mantem-tradicao-de-comprar-traje-academico-a-ultima-hora\/\"},\"author\":{\"name\":\"Telinha\",\"@id\":\"https:\/\/portaltela.pt\/#\/schema\/person\/c4278d4a6028830caff9ee44b42d32ed\"},\"headline\":\"Estudantes mant\u00eam tradi\u00e7\u00e3o de comprar traje acad\u00e9mico \u00e0 \u00faltima hora\",\"datePublished\":\"2026-04-30T07:33:41+00:00\",\"mainEntityOfPage\":{\"@id\":\"https:\/\/portaltela.pt\/noticias\/2026\/04\/30\/estudantes-mantem-tradicao-de-comprar-traje-academico-a-ultima-hora\/\"},\"wordCount\":280,\"image\":{\"@id\":\"https:\/\/portaltela.pt\/noticias\/2026\/04\/30\/estudantes-mantem-tradicao-de-comprar-traje-academico-a-ultima-hora\/#primaryimage\"},\"thumbnailUrl\":\"https:\/\/portaltela.pt\/s.01k8rhncp4jt1\/2026\/04\/e380e322-f926-47a5-9ded-47c3a754f429_1200x675.jpg\",\"keywords\":[\"_com\u00e9rcio\",\"_compras\",\"_Porto\",\"_roupas\",\"_tradi\u00e7\u00f5es\",\"_vestu\u00e1rio\"],\"articleSection\":[\"Cultura\",\"Not\u00edcias\"],\"inLanguage\":\"pt-PT\"},{\"@type\":\"WebPage\",\"@id\":\"https:\/\/portaltela.pt\/noticias\/2026\/04\/30\/estudantes-mantem-tradicao-de-comprar-traje-academico-a-ultima-hora\/\",\"url\":\"https:\/\/portaltela.pt\/noticias\/2026\/04\/30\/estudantes-mantem-tradicao-de-comprar-traje-academico-a-ultima-hora\/\",\"name\":\"Estudantes mant\u00eam tradi\u00e7\u00e3o de comprar traje acad\u00e9mico \u00e0 \u00faltima hora - Portal Tela Portugal\",\"isPartOf\":{\"@id\":\"https:\/\/portaltela.pt\/#website\"},\"primaryImageOfPage\":{\"@id\":\"https:\/\/portaltela.pt\/noticias\/2026\/04\/30\/estudantes-mantem-tradicao-de-comprar-traje-academico-a-ultima-hora\/#primaryimage\"},\"image\":{\"@id\":\"https:\/\/portaltela.pt\/noticias\/2026\/04\/30\/estudantes-mantem-tradicao-de-comprar-traje-academico-a-ultima-hora\/#primaryimage\"},\"thumbnailUrl\":\"https:\/\/portaltela.pt\/s.01k8rhncp4jt1\/2026\/04\/e380e322-f926-47a5-9ded-47c3a754f429_1200x675.jpg\",\"datePublished\":\"2026-04-30T07:33:41+00:00\",\"author\":{\"@id\":\"https:\/\/portaltela.pt\/#\/schema\/person\/c4278d4a6028830caff9ee44b42d32ed\"},\"breadcrumb\":{\"@id\":\"https:\/\/portaltela.pt\/noticias\/2026\/04\/30\/estudantes-mantem-tradicao-de-comprar-traje-academico-a-ultima-hora\/#breadcrumb\"},\"inLanguage\":\"pt-PT\",\"potentialAction\":[{\"@type\":\"ReadAction\",\"target\":[\"https:\/\/portaltela.pt\/noticias\/2026\/04\/30\/estudantes-mantem-tradicao-de-comprar-traje-academico-a-ultima-hora\/\"]}]},{\"@type\":\"ImageObject\",\"inLanguage\":\"pt-PT\",\"@id\":\"https:\/\/portaltela.pt\/noticias\/2026\/04\/30\/estudantes-mantem-tradicao-de-comprar-traje-academico-a-ultima-hora\/#primaryimage\",\"url\":\"https:\/\/portaltela.pt\/s.01k8rhncp4jt1\/2026\/04\/e380e322-f926-47a5-9ded-47c3a754f429_1200x675.jpg\",\"contentUrl\":\"https:\/\/portaltela.pt\/s.01k8rhncp4jt1\/2026\/04\/e380e322-f926-47a5-9ded-47c3a754f429_1200x675.jpg\",\"width\":796,\"height\":448,\"caption\":\"Photo\"},{\"@type\":\"BreadcrumbList\",\"@id\":\"https:\/\/portaltela.pt\/noticias\/2026\/04\/30\/estudantes-mantem-tradicao-de-comprar-traje-academico-a-ultima-hora\/#breadcrumb\",\"itemListElement\":[{\"@type\":\"ListItem\",\"position\":1,\"name\":\"In\u00edcio\",\"item\":\"https:\/\/portaltela.pt\/\"},{\"@type\":\"ListItem\",\"position\":2,\"name\":\"Estudantes mant\u00eam tradi\u00e7\u00e3o de comprar traje acad\u00e9mico \u00e0 \u00faltima hora\"}]},{\"@type\":\"WebSite\",\"@id\":\"https:\/\/portaltela.pt\/#website\",\"url\":\"https:\/\/portaltela.pt\/\",\"name\":\"Portal Tela Portugal\",\"description\":\"\",\"potentialAction\":[{\"@type\":\"SearchAction\",\"target\":{\"@type\":\"EntryPoint\",\"urlTemplate\":\"https:\/\/portaltela.pt\/?s={search_term_string}\"},\"query-input\":{\"@type\":\"PropertyValueSpecification\",\"valueRequired\":true,\"valueName\":\"search_term_string\"}}],\"inLanguage\":\"pt-PT\"},{\"@type\":\"Person\",\"@id\":\"https:\/\/portaltela.pt\/#\/schema\/person\/c4278d4a6028830caff9ee44b42d32ed\",\"name\":\"Telinha\",\"image\":{\"@type\":\"ImageObject\",\"inLanguage\":\"pt-PT\",\"@id\":\"https:\/\/portaltela.pt\/s.01k8rhncp4jt1\/2025\/11\/talking-bot-125x125.png\",\"url\":\"https:\/\/portaltela.pt\/s.01k8rhncp4jt1\/2025\/11\/talking-bot-125x125.png\",\"contentUrl\":\"https:\/\/portaltela.pt\/s.01k8rhncp4jt1\/2025\/11\/talking-bot-125x125.png\",\"caption\":\"Telinha\"},\"sameAs\":[\"https:\/\/portaltela.pt\/\"],\"url\":\"https:\/\/portaltela.pt\/por\/367410592786\/\"}]}<\/script>\n<!-- \/ Yoast SEO plugin. -->","yoast_head_json":{"title":"Estudantes mant\u00eam tradi\u00e7\u00e3o de comprar traje acad\u00e9mico \u00e0 \u00faltima hora - Portal Tela Portugal","robots":{"index":"index","follow":"follow","max-snippet":"max-snippet:-1","max-image-preview":"max-image-preview:large","max-video-preview":"max-video-preview:-1"},"og_locale":"pt_PT","og_type":"article","og_title":"Estudantes mant\u00eam tradi\u00e7\u00e3o de comprar traje acad\u00e9mico \u00e0 \u00faltima hora - Portal Tela Portugal","og_description":"A Queima das Fitas do Porto come\u00e7a no s\u00e1bado, com milhares de estudantes a comprar traje acad\u00e9mico preto. A procura por vestu\u00e1rio acad\u00e9mico aumenta \u00e0 medida que maio se aproxima. Muitos v\u00e3o viver a primeira Queima das Fitas ou participar pela \u00faltima vez como membros da Academia. Mesmo com pre\u00e7os est\u00e1veis face ao ano passado, alguns procuram alternativas mais econ\u00f3micas, incluindo plataformas de segunda m\u00e3o. Tamb\u00e9m h\u00e1 a op\u00e7\u00e3o de alugar trajes, com custos bem inferiores aos da compra.","og_url":"https:\/\/portaltela.pt\/noticias\/2026\/04\/30\/estudantes-mantem-tradicao-de-comprar-traje-academico-a-ultima-hora\/","og_site_name":"Portal Tela Portugal","article_published_time":"2026-04-30T07:33:41+00:00","author":"Telinha","twitter_card":"summary_large_image","twitter_misc":{"Escrito por":"Telinha","Tempo estimado de leitura":"1 minuto"},"schema":{"@context":"https:\/\/schema.org","@graph":[{"@type":"Article","@id":"https:\/\/portaltela.pt\/noticias\/2026\/04\/30\/estudantes-mantem-tradicao-de-comprar-traje-academico-a-ultima-hora\/#article","isPartOf":{"@id":"https:\/\/portaltela.pt\/noticias\/2026\/04\/30\/estudantes-mantem-tradicao-de-comprar-traje-academico-a-ultima-hora\/"},"author":{"name":"Telinha","@id":"https:\/\/portaltela.pt\/#\/schema\/person\/c4278d4a6028830caff9ee44b42d32ed"},"headline":"Estudantes mant\u00eam tradi\u00e7\u00e3o de comprar traje acad\u00e9mico \u00e0 \u00faltima hora","datePublished":"2026-04-30T07:33:41+00:00","mainEntityOfPage":{"@id":"https:\/\/portaltela.pt\/noticias\/2026\/04\/30\/estudantes-mantem-tradicao-de-comprar-traje-academico-a-ultima-hora\/"},"wordCount":280,"image":{"@id":"https:\/\/portaltela.pt\/noticias\/2026\/04\/30\/estudantes-mantem-tradicao-de-comprar-traje-academico-a-ultima-hora\/#primaryimage"},"thumbnailUrl":"https:\/\/portaltela.pt\/s.01k8rhncp4jt1\/2026\/04\/e380e322-f926-47a5-9ded-47c3a754f429_1200x675.jpg","keywords":["_com\u00e9rcio","_compras","_Porto","_roupas","_tradi\u00e7\u00f5es","_vestu\u00e1rio"],"articleSection":["Cultura","Not\u00edcias"],"inLanguage":"pt-PT"},{"@type":"WebPage","@id":"https:\/\/portaltela.pt\/noticias\/2026\/04\/30\/estudantes-mantem-tradicao-de-comprar-traje-academico-a-ultima-hora\/","url":"https:\/\/portaltela.pt\/noticias\/2026\/04\/30\/estudantes-mantem-tradicao-de-comprar-traje-academico-a-ultima-hora\/","name":"Estudantes mant\u00eam tradi\u00e7\u00e3o de comprar traje acad\u00e9mico \u00e0 \u00faltima hora - Portal Tela Portugal","isPartOf":{"@id":"https:\/\/portaltela.pt\/#website"},"primaryImageOfPage":{"@id":"https:\/\/portaltela.pt\/noticias\/2026\/04\/30\/estudantes-mantem-tradicao-de-comprar-traje-academico-a-ultima-hora\/#primaryimage"},"image":{"@id":"https:\/\/portaltela.pt\/noticias\/2026\/04\/30\/estudantes-mantem-tradicao-de-comprar-traje-academico-a-ultima-hora\/#primaryimage"},"thumbnailUrl":"https:\/\/portaltela.pt\/s.01k8rhncp4jt1\/2026\/04\/e380e322-f926-47a5-9ded-47c3a754f429_1200x675.jpg","datePublished":"2026-04-30T07:33:41+00:00","author":{"@id":"https:\/\/portaltela.pt\/#\/schema\/person\/c4278d4a6028830caff9ee44b42d32ed"},"breadcrumb":{"@id":"https:\/\/portaltela.pt\/noticias\/2026\/04\/30\/estudantes-mantem-tradicao-de-comprar-traje-academico-a-ultima-hora\/#breadcrumb"},"inLanguage":"pt-PT","potentialAction":[{"@type":"ReadAction","target":["https:\/\/portaltela.pt\/noticias\/2026\/04\/30\/estudantes-mantem-tradicao-de-comprar-traje-academico-a-ultima-hora\/"]}]},{"@type":"ImageObject","inLanguage":"pt-PT","@id":"https:\/\/portaltela.pt\/noticias\/2026\/04\/30\/estudantes-mantem-tradicao-de-comprar-traje-academico-a-ultima-hora\/#primaryimage","url":"https:\/\/portaltela.pt\/s.01k8rhncp4jt1\/2026\/04\/e380e322-f926-47a5-9ded-47c3a754f429_1200x675.jpg","contentUrl":"https:\/\/portaltela.pt\/s.01k8rhncp4jt1\/2026\/04\/e380e322-f926-47a5-9ded-47c3a754f429_1200x675.jpg","width":796,"height":448,"caption":"Photo"},{"@type":"BreadcrumbList","@id":"https:\/\/portaltela.pt\/noticias\/2026\/04\/30\/estudantes-mantem-tradicao-de-comprar-traje-academico-a-ultima-hora\/#breadcrumb","itemListElement":[{"@type":"ListItem","position":1,"name":"In\u00edcio","item":"https:\/\/portaltela.pt\/"},{"@type":"ListItem","position":2,"name":"Estudantes mant\u00eam tradi\u00e7\u00e3o de comprar traje acad\u00e9mico \u00e0 \u00faltima hora"}]},{"@type":"WebSite","@id":"https:\/\/portaltela.pt\/#website","url":"https:\/\/portaltela.pt\/","name":"Portal Tela Portugal","description":"","potentialAction":[{"@type":"SearchAction","target":{"@type":"EntryPoint","urlTemplate":"https:\/\/portaltela.pt\/?s={search_term_string}"},"query-input":{"@type":"PropertyValueSpecification","valueRequired":true,"valueName":"search_term_string"}}],"inLanguage":"pt-PT"},{"@type":"Person","@id":"https:\/\/portaltela.pt\/#\/schema\/person\/c4278d4a6028830caff9ee44b42d32ed","name":"Telinha","image":{"@type":"ImageObject","inLanguage":"pt-PT","@id":"https:\/\/portaltela.pt\/s.01k8rhncp4jt1\/2025\/11\/talking-bot-125x125.png","url":"https:\/\/portaltela.pt\/s.01k8rhncp4jt1\/2025\/11\/talking-bot-125x125.png","contentUrl":"https:\/\/portaltela.pt\/s.01k8rhncp4jt1\/2025\/11\/talking-bot-125x125.png","caption":"Telinha"},"sameAs":["https:\/\/portaltela.pt\/"],"url":"https:\/\/portaltela.pt\/por\/367410592786\/"}]}},"_links":{"self":[{"href":"https:\/\/portaltela.pt\/api\/wp\/v2\/posts\/461906","targetHints":{"allow":["GET"]}}],"collection":[{"href":"https:\/\/portaltela.pt\/api\/wp\/v2\/posts"}],"about":[{"href":"https:\/\/portaltela.pt\/api\/wp\/v2\/types\/post"}],"author":[{"embeddable":true,"href":"https:\/\/portaltela.pt\/api\/wp\/v2\/users\/2"}],"replies":[{"embeddable":true,"href":"https:\/\/portaltela.pt\/api\/wp\/v2\/comments?post=461906"}],"version-history":[{"count":0,"href":"https:\/\/portaltela.pt\/api\/wp\/v2\/posts\/461906\/revisions"}],"wp:featuredmedia":[{"embeddable":true,"href":"https:\/\/portaltela.pt\/api\/wp\/v2\/media\/461908"}],"wp:attachment":[{"href":"https:\/\/portaltela.pt\/api\/wp\/v2\/media?parent=461906"}],"wp:term":[{"taxonomy":"category","embeddable":true,"href":"https:\/\/portaltela.pt\/api\/wp\/v2\/categories?post=461906"},{"taxonomy":"post_tag","embeddable":true,"href":"https:\/\/portaltela.pt\/api\/wp\/v2\/tags?post=461906"}],"curies":[{"name":"wp","href":"https:\/\/api.w.org\/{rel}","templated":true}]}}