{"id":461903,"date":"2026-04-30T04:18:27","date_gmt":"2026-04-30T07:18:27","guid":{"rendered":"https:\/\/portaltela.pt\/noticias\/2026\/04\/30\/motivo-revelado-de-claudio-valente-para-matar-nuno-loureiro-e-atacar-a-universidade-brown\/"},"modified":"2026-04-30T04:18:27","modified_gmt":"2026-04-30T07:18:27","slug":"motivo-revelado-de-claudio-valente-para-matar-nuno-loureiro-e-atacar-a-universidade-brown","status":"publish","type":"post","link":"https:\/\/portaltela.pt\/noticias\/2026\/04\/30\/motivo-revelado-de-claudio-valente-para-matar-nuno-loureiro-e-atacar-a-universidade-brown\/","title":{"rendered":"Motivo revelado de Cl\u00e1udio Valente para matar Nuno Loureiro e atacar a Universidade Brown"},"content":{"rendered":"<p>O alegado autor dos ataques que atingiram a Universidade de Brown, nos EUA, em 2023, ter\u00e1 agido por motivos ligados a \u201cfracassos pessoais\u201d. Cl\u00e1udio Valente, de 48 anos, ter\u00e1 atacado estudantes na universidade, que o pr\u00f3prio portugu\u00eas frequentou h\u00e1 25 anos, segundo autoridades federais citadas pelo The Guardian.<\/p>\n<p>Quatro meses depois do ataque na Brown, Valente matou a tiro o f\u00edsico Nuno Loureiro \u00e0 porta da sua casa, em Brookline, Massachusetts. O corpo foi encontrado no in\u00edcio da semana seguinte, numa resid\u00eancia em New Hampshire, tr\u00eas dias ap\u00f3s o crime inicial.<\/p>\n<p>Segundo o FBI, o ataque \u00e0 Brown estava em planeamento desde 2022. As autoridades indicam que as v\u00edtimas tinham uma natureza simb\u00f3lica para Valente, que via na universidade e em Loureiro refer\u00eancias aos seus supostos fracassos pessoais.<\/p>\n<p>Valente e Loureiro tinham sido colegas no Instituto Superior T\u00e9cnico, em Lisboa, na d\u00e9cada de 1990. Nuno Loureiro, no in\u00edcio de 2024, foi nomeado diretor de um dos centros de investiga\u00e7\u00e3o do MIT, em Boston.<\/p>\n<p>A investiga\u00e7\u00e3o aponta ainda que o agravamento do sentimento de falhanho de Valente contribuiu para um estado de sa\u00fade mental debilitado e para a decis\u00e3o de p\u00f4r fim \u00e0 pr\u00f3pria vida. O suspeito gravou quatro v\u00eddeos confessando os crimes antes de morrer, sem demonstrar arrependimento.<\/p>\n<p>Contexto e motiva\u00e7\u00f5es<\/p>\n<p>As autoridades continuam a analisar os pormenores da sequ\u00eancia de eventos e das motiva\u00e7\u00f5es declaradas por Valente, nomeadamente a rela\u00e7\u00e3o entre o suposto ressentimento e as escolhas violentas. As conclus\u00f5es oficiais devem fornecer mais detalhes sobre a conex\u00e3o entre os factos de Brookline e o ataque \u00e0 Brown.<\/p>\n","protected":false},"excerpt":{"rendered":"<ul>\n<li>O alegado motivo de Cl\u00e1udio Valente, de 48 anos, foram os seus &#8220;fracassos pessoais&#8221; e o ressentimento em rela\u00e7\u00e3o \u00e0quilo que considerava respons\u00e1veis pelos seus insucessos.<\/li>\n<li>H\u00e1 quatro meses, atacou estudantes da Universidade de Brown, nos Estados Unidos, institui\u00e7\u00e3o que frequentou h\u00e1 25 anos; morreram duas pessoas e ficaram feridas nove.<\/li>\n<li>Ap\u00f3s fugir, matou a tiro o f\u00edsico Nuno Loureiro \u00e0 porta de sua casa, em Brookline, Massachusetts, no dia 15 de dezembro; Valente foi encontrado morto tr\u00eas dias depois, num esconderijo no New Hampshire.<\/li>\n<li>O FBI indicou que o ataque \u00e0 Universidade de Brown estava a ser planeado desde 2022; as v\u00edtimas s\u00e3o descritas como s\u00edmbolos dos fracassos de Valente.<\/li>\n<li>Valente gravou quatro v\u00eddeos confessando os crimes antes de morrer, sem demonstrar arrependimento; Loureiro e Valente tinham sido colegas no Instituto Superior T\u00e9cnico.<\/li>\n<\/ul>\n","protected":false},"author":2,"featured_media":461905,"comment_status":"closed","ping_status":"closed","sticky":false,"template":"","format":"standard","meta":{"footnotes":""},"categories":[7386,1],"tags":[7921,7986,8075,8413,8454,8884],"class_list":["post-461903","post","type-post","status-publish","format-standard","has-post-thumbnail","hentry","category-crimes-contra-a-pessoa","category-noticias","tag-_crime","tag-_estados-unidos","tag-_homicidio","tag-_mortes","tag-_saude-mental","tag-_universidades"],"yoast_head":"<!-- This site is optimized with the Yoast SEO plugin v27.2 - https:\/\/yoast.com\/product\/yoast-seo-wordpress\/ -->\n<title>Motivo revelado de Cl\u00e1udio Valente para matar Nuno Loureiro e atacar a Universidade Brown - Portal Tela Portugal<\/title>\n<meta name=\"robots\" content=\"index, follow, max-snippet:-1, max-image-preview:large, max-video-preview:-1\" \/>\n<meta property=\"og:locale\" content=\"pt_PT\" \/>\n<meta property=\"og:type\" content=\"article\" \/>\n<meta property=\"og:title\" content=\"Motivo revelado de Cl\u00e1udio Valente para matar Nuno Loureiro e atacar a Universidade Brown - Portal Tela Portugal\" \/>\n<meta property=\"og:description\" content=\"O alegado motivo de Cl\u00e1udio Valente, de 48 anos, foram os seus &quot;fracassos pessoais&quot; e o ressentimento em rela\u00e7\u00e3o \u00e0quilo que considerava respons\u00e1veis pelos seus insucessos. H\u00e1 quatro meses, atacou estudantes da Universidade de Brown, nos Estados Unidos, institui\u00e7\u00e3o que frequentou h\u00e1 25 anos; morreram duas pessoas e ficaram feridas nove. Ap\u00f3s fugir, matou a tiro o f\u00edsico Nuno Loureiro \u00e0 porta de sua casa, em Brookline, Massachusetts, no dia 15 de dezembro; Valente foi encontrado morto tr\u00eas dias depois, num esconderijo no New Hampshire. O FBI indicou que o ataque \u00e0 Universidade de Brown estava a ser planeado desde 2022; as v\u00edtimas s\u00e3o descritas como s\u00edmbolos dos fracassos de Valente. Valente gravou quatro v\u00eddeos confessando os crimes antes de morrer, sem demonstrar arrependimento; Loureiro e Valente tinham sido colegas no Instituto Superior T\u00e9cnico.\" \/>\n<meta property=\"og:url\" content=\"https:\/\/portaltela.pt\/noticias\/2026\/04\/30\/motivo-revelado-de-claudio-valente-para-matar-nuno-loureiro-e-atacar-a-universidade-brown\/\" \/>\n<meta property=\"og:site_name\" content=\"Portal Tela Portugal\" \/>\n<meta property=\"article:published_time\" content=\"2026-04-30T07:18:27+00:00\" \/>\n<meta name=\"author\" content=\"Telinha\" \/>\n<meta name=\"twitter:card\" content=\"summary_large_image\" \/>\n<meta name=\"twitter:label1\" content=\"Escrito por\" \/>\n\t<meta name=\"twitter:data1\" content=\"Telinha\" \/>\n\t<meta name=\"twitter:label2\" content=\"Tempo estimado de leitura\" \/>\n\t<meta name=\"twitter:data2\" content=\"1 minuto\" \/>\n<script type=\"application\/ld+json\" class=\"yoast-schema-graph\">{\"@context\":\"https:\/\/schema.org\",\"@graph\":[{\"@type\":\"Article\",\"@id\":\"https:\/\/portaltela.pt\/noticias\/2026\/04\/30\/motivo-revelado-de-claudio-valente-para-matar-nuno-loureiro-e-atacar-a-universidade-brown\/#article\",\"isPartOf\":{\"@id\":\"https:\/\/portaltela.pt\/noticias\/2026\/04\/30\/motivo-revelado-de-claudio-valente-para-matar-nuno-loureiro-e-atacar-a-universidade-brown\/\"},\"author\":{\"name\":\"Telinha\",\"@id\":\"https:\/\/portaltela.pt\/#\/schema\/person\/c4278d4a6028830caff9ee44b42d32ed\"},\"headline\":\"Motivo revelado de Cl\u00e1udio Valente para matar Nuno Loureiro e atacar a Universidade Brown\",\"datePublished\":\"2026-04-30T07:18:27+00:00\",\"mainEntityOfPage\":{\"@id\":\"https:\/\/portaltela.pt\/noticias\/2026\/04\/30\/motivo-revelado-de-claudio-valente-para-matar-nuno-loureiro-e-atacar-a-universidade-brown\/\"},\"wordCount\":291,\"image\":{\"@id\":\"https:\/\/portaltela.pt\/noticias\/2026\/04\/30\/motivo-revelado-de-claudio-valente-para-matar-nuno-loureiro-e-atacar-a-universidade-brown\/#primaryimage\"},\"thumbnailUrl\":\"https:\/\/portaltela.pt\/s.01k8rhncp4jt1\/2026\/04\/img_1200x721uu2026-04-30-08-02-05-2436063.jpg\",\"keywords\":[\"_crime\",\"_Estados Unidos\",\"_homic\u00eddio\",\"_mortes\",\"_sa\u00fade mental\",\"_universidades\"],\"articleSection\":[\"Crimes contra a pessoa\",\"Not\u00edcias\"],\"inLanguage\":\"pt-PT\"},{\"@type\":\"WebPage\",\"@id\":\"https:\/\/portaltela.pt\/noticias\/2026\/04\/30\/motivo-revelado-de-claudio-valente-para-matar-nuno-loureiro-e-atacar-a-universidade-brown\/\",\"url\":\"https:\/\/portaltela.pt\/noticias\/2026\/04\/30\/motivo-revelado-de-claudio-valente-para-matar-nuno-loureiro-e-atacar-a-universidade-brown\/\",\"name\":\"Motivo revelado de Cl\u00e1udio Valente para matar Nuno Loureiro e atacar a Universidade Brown - Portal Tela Portugal\",\"isPartOf\":{\"@id\":\"https:\/\/portaltela.pt\/#website\"},\"primaryImageOfPage\":{\"@id\":\"https:\/\/portaltela.pt\/noticias\/2026\/04\/30\/motivo-revelado-de-claudio-valente-para-matar-nuno-loureiro-e-atacar-a-universidade-brown\/#primaryimage\"},\"image\":{\"@id\":\"https:\/\/portaltela.pt\/noticias\/2026\/04\/30\/motivo-revelado-de-claudio-valente-para-matar-nuno-loureiro-e-atacar-a-universidade-brown\/#primaryimage\"},\"thumbnailUrl\":\"https:\/\/portaltela.pt\/s.01k8rhncp4jt1\/2026\/04\/img_1200x721uu2026-04-30-08-02-05-2436063.jpg\",\"datePublished\":\"2026-04-30T07:18:27+00:00\",\"author\":{\"@id\":\"https:\/\/portaltela.pt\/#\/schema\/person\/c4278d4a6028830caff9ee44b42d32ed\"},\"breadcrumb\":{\"@id\":\"https:\/\/portaltela.pt\/noticias\/2026\/04\/30\/motivo-revelado-de-claudio-valente-para-matar-nuno-loureiro-e-atacar-a-universidade-brown\/#breadcrumb\"},\"inLanguage\":\"pt-PT\",\"potentialAction\":[{\"@type\":\"ReadAction\",\"target\":[\"https:\/\/portaltela.pt\/noticias\/2026\/04\/30\/motivo-revelado-de-claudio-valente-para-matar-nuno-loureiro-e-atacar-a-universidade-brown\/\"]}]},{\"@type\":\"ImageObject\",\"inLanguage\":\"pt-PT\",\"@id\":\"https:\/\/portaltela.pt\/noticias\/2026\/04\/30\/motivo-revelado-de-claudio-valente-para-matar-nuno-loureiro-e-atacar-a-universidade-brown\/#primaryimage\",\"url\":\"https:\/\/portaltela.pt\/s.01k8rhncp4jt1\/2026\/04\/img_1200x721uu2026-04-30-08-02-05-2436063.jpg\",\"contentUrl\":\"https:\/\/portaltela.pt\/s.01k8rhncp4jt1\/2026\/04\/img_1200x721uu2026-04-30-08-02-05-2436063.jpg\",\"width\":796,\"height\":448,\"caption\":\"Revelada a motiva\u00e7\u00e3o de Cl\u00e1udio Valente para matar f\u00edsico Nuno Loureiro e atacar Universidade de Brown\"},{\"@type\":\"BreadcrumbList\",\"@id\":\"https:\/\/portaltela.pt\/noticias\/2026\/04\/30\/motivo-revelado-de-claudio-valente-para-matar-nuno-loureiro-e-atacar-a-universidade-brown\/#breadcrumb\",\"itemListElement\":[{\"@type\":\"ListItem\",\"position\":1,\"name\":\"In\u00edcio\",\"item\":\"https:\/\/portaltela.pt\/\"},{\"@type\":\"ListItem\",\"position\":2,\"name\":\"Motivo revelado de Cl\u00e1udio Valente para matar Nuno Loureiro e atacar a Universidade Brown\"}]},{\"@type\":\"WebSite\",\"@id\":\"https:\/\/portaltela.pt\/#website\",\"url\":\"https:\/\/portaltela.pt\/\",\"name\":\"Portal Tela Portugal\",\"description\":\"\",\"potentialAction\":[{\"@type\":\"SearchAction\",\"target\":{\"@type\":\"EntryPoint\",\"urlTemplate\":\"https:\/\/portaltela.pt\/?s={search_term_string}\"},\"query-input\":{\"@type\":\"PropertyValueSpecification\",\"valueRequired\":true,\"valueName\":\"search_term_string\"}}],\"inLanguage\":\"pt-PT\"},{\"@type\":\"Person\",\"@id\":\"https:\/\/portaltela.pt\/#\/schema\/person\/c4278d4a6028830caff9ee44b42d32ed\",\"name\":\"Telinha\",\"image\":{\"@type\":\"ImageObject\",\"inLanguage\":\"pt-PT\",\"@id\":\"https:\/\/portaltela.pt\/s.01k8rhncp4jt1\/2025\/11\/talking-bot-125x125.png\",\"url\":\"https:\/\/portaltela.pt\/s.01k8rhncp4jt1\/2025\/11\/talking-bot-125x125.png\",\"contentUrl\":\"https:\/\/portaltela.pt\/s.01k8rhncp4jt1\/2025\/11\/talking-bot-125x125.png\",\"caption\":\"Telinha\"},\"sameAs\":[\"https:\/\/portaltela.pt\/\"],\"url\":\"https:\/\/portaltela.pt\/por\/367410592786\/\"}]}<\/script>\n<!-- \/ Yoast SEO plugin. -->","yoast_head_json":{"title":"Motivo revelado de Cl\u00e1udio Valente para matar Nuno Loureiro e atacar a Universidade Brown - Portal Tela Portugal","robots":{"index":"index","follow":"follow","max-snippet":"max-snippet:-1","max-image-preview":"max-image-preview:large","max-video-preview":"max-video-preview:-1"},"og_locale":"pt_PT","og_type":"article","og_title":"Motivo revelado de Cl\u00e1udio Valente para matar Nuno Loureiro e atacar a Universidade Brown - Portal Tela Portugal","og_description":"O alegado motivo de Cl\u00e1udio Valente, de 48 anos, foram os seus \"fracassos pessoais\" e o ressentimento em rela\u00e7\u00e3o \u00e0quilo que considerava respons\u00e1veis pelos seus insucessos. H\u00e1 quatro meses, atacou estudantes da Universidade de Brown, nos Estados Unidos, institui\u00e7\u00e3o que frequentou h\u00e1 25 anos; morreram duas pessoas e ficaram feridas nove. Ap\u00f3s fugir, matou a tiro o f\u00edsico Nuno Loureiro \u00e0 porta de sua casa, em Brookline, Massachusetts, no dia 15 de dezembro; Valente foi encontrado morto tr\u00eas dias depois, num esconderijo no New Hampshire. O FBI indicou que o ataque \u00e0 Universidade de Brown estava a ser planeado desde 2022; as v\u00edtimas s\u00e3o descritas como s\u00edmbolos dos fracassos de Valente. Valente gravou quatro v\u00eddeos confessando os crimes antes de morrer, sem demonstrar arrependimento; Loureiro e Valente tinham sido colegas no Instituto Superior T\u00e9cnico.","og_url":"https:\/\/portaltela.pt\/noticias\/2026\/04\/30\/motivo-revelado-de-claudio-valente-para-matar-nuno-loureiro-e-atacar-a-universidade-brown\/","og_site_name":"Portal Tela Portugal","article_published_time":"2026-04-30T07:18:27+00:00","author":"Telinha","twitter_card":"summary_large_image","twitter_misc":{"Escrito por":"Telinha","Tempo estimado de leitura":"1 minuto"},"schema":{"@context":"https:\/\/schema.org","@graph":[{"@type":"Article","@id":"https:\/\/portaltela.pt\/noticias\/2026\/04\/30\/motivo-revelado-de-claudio-valente-para-matar-nuno-loureiro-e-atacar-a-universidade-brown\/#article","isPartOf":{"@id":"https:\/\/portaltela.pt\/noticias\/2026\/04\/30\/motivo-revelado-de-claudio-valente-para-matar-nuno-loureiro-e-atacar-a-universidade-brown\/"},"author":{"name":"Telinha","@id":"https:\/\/portaltela.pt\/#\/schema\/person\/c4278d4a6028830caff9ee44b42d32ed"},"headline":"Motivo revelado de Cl\u00e1udio Valente para matar Nuno Loureiro e atacar a Universidade Brown","datePublished":"2026-04-30T07:18:27+00:00","mainEntityOfPage":{"@id":"https:\/\/portaltela.pt\/noticias\/2026\/04\/30\/motivo-revelado-de-claudio-valente-para-matar-nuno-loureiro-e-atacar-a-universidade-brown\/"},"wordCount":291,"image":{"@id":"https:\/\/portaltela.pt\/noticias\/2026\/04\/30\/motivo-revelado-de-claudio-valente-para-matar-nuno-loureiro-e-atacar-a-universidade-brown\/#primaryimage"},"thumbnailUrl":"https:\/\/portaltela.pt\/s.01k8rhncp4jt1\/2026\/04\/img_1200x721uu2026-04-30-08-02-05-2436063.jpg","keywords":["_crime","_Estados Unidos","_homic\u00eddio","_mortes","_sa\u00fade mental","_universidades"],"articleSection":["Crimes contra a pessoa","Not\u00edcias"],"inLanguage":"pt-PT"},{"@type":"WebPage","@id":"https:\/\/portaltela.pt\/noticias\/2026\/04\/30\/motivo-revelado-de-claudio-valente-para-matar-nuno-loureiro-e-atacar-a-universidade-brown\/","url":"https:\/\/portaltela.pt\/noticias\/2026\/04\/30\/motivo-revelado-de-claudio-valente-para-matar-nuno-loureiro-e-atacar-a-universidade-brown\/","name":"Motivo revelado de Cl\u00e1udio Valente para matar Nuno Loureiro e atacar a Universidade Brown - Portal Tela Portugal","isPartOf":{"@id":"https:\/\/portaltela.pt\/#website"},"primaryImageOfPage":{"@id":"https:\/\/portaltela.pt\/noticias\/2026\/04\/30\/motivo-revelado-de-claudio-valente-para-matar-nuno-loureiro-e-atacar-a-universidade-brown\/#primaryimage"},"image":{"@id":"https:\/\/portaltela.pt\/noticias\/2026\/04\/30\/motivo-revelado-de-claudio-valente-para-matar-nuno-loureiro-e-atacar-a-universidade-brown\/#primaryimage"},"thumbnailUrl":"https:\/\/portaltela.pt\/s.01k8rhncp4jt1\/2026\/04\/img_1200x721uu2026-04-30-08-02-05-2436063.jpg","datePublished":"2026-04-30T07:18:27+00:00","author":{"@id":"https:\/\/portaltela.pt\/#\/schema\/person\/c4278d4a6028830caff9ee44b42d32ed"},"breadcrumb":{"@id":"https:\/\/portaltela.pt\/noticias\/2026\/04\/30\/motivo-revelado-de-claudio-valente-para-matar-nuno-loureiro-e-atacar-a-universidade-brown\/#breadcrumb"},"inLanguage":"pt-PT","potentialAction":[{"@type":"ReadAction","target":["https:\/\/portaltela.pt\/noticias\/2026\/04\/30\/motivo-revelado-de-claudio-valente-para-matar-nuno-loureiro-e-atacar-a-universidade-brown\/"]}]},{"@type":"ImageObject","inLanguage":"pt-PT","@id":"https:\/\/portaltela.pt\/noticias\/2026\/04\/30\/motivo-revelado-de-claudio-valente-para-matar-nuno-loureiro-e-atacar-a-universidade-brown\/#primaryimage","url":"https:\/\/portaltela.pt\/s.01k8rhncp4jt1\/2026\/04\/img_1200x721uu2026-04-30-08-02-05-2436063.jpg","contentUrl":"https:\/\/portaltela.pt\/s.01k8rhncp4jt1\/2026\/04\/img_1200x721uu2026-04-30-08-02-05-2436063.jpg","width":796,"height":448,"caption":"Revelada a motiva\u00e7\u00e3o de Cl\u00e1udio Valente para matar f\u00edsico Nuno Loureiro e atacar Universidade de Brown"},{"@type":"BreadcrumbList","@id":"https:\/\/portaltela.pt\/noticias\/2026\/04\/30\/motivo-revelado-de-claudio-valente-para-matar-nuno-loureiro-e-atacar-a-universidade-brown\/#breadcrumb","itemListElement":[{"@type":"ListItem","position":1,"name":"In\u00edcio","item":"https:\/\/portaltela.pt\/"},{"@type":"ListItem","position":2,"name":"Motivo revelado de Cl\u00e1udio Valente para matar Nuno Loureiro e atacar a Universidade Brown"}]},{"@type":"WebSite","@id":"https:\/\/portaltela.pt\/#website","url":"https:\/\/portaltela.pt\/","name":"Portal Tela Portugal","description":"","potentialAction":[{"@type":"SearchAction","target":{"@type":"EntryPoint","urlTemplate":"https:\/\/portaltela.pt\/?s={search_term_string}"},"query-input":{"@type":"PropertyValueSpecification","valueRequired":true,"valueName":"search_term_string"}}],"inLanguage":"pt-PT"},{"@type":"Person","@id":"https:\/\/portaltela.pt\/#\/schema\/person\/c4278d4a6028830caff9ee44b42d32ed","name":"Telinha","image":{"@type":"ImageObject","inLanguage":"pt-PT","@id":"https:\/\/portaltela.pt\/s.01k8rhncp4jt1\/2025\/11\/talking-bot-125x125.png","url":"https:\/\/portaltela.pt\/s.01k8rhncp4jt1\/2025\/11\/talking-bot-125x125.png","contentUrl":"https:\/\/portaltela.pt\/s.01k8rhncp4jt1\/2025\/11\/talking-bot-125x125.png","caption":"Telinha"},"sameAs":["https:\/\/portaltela.pt\/"],"url":"https:\/\/portaltela.pt\/por\/367410592786\/"}]}},"_links":{"self":[{"href":"https:\/\/portaltela.pt\/api\/wp\/v2\/posts\/461903","targetHints":{"allow":["GET"]}}],"collection":[{"href":"https:\/\/portaltela.pt\/api\/wp\/v2\/posts"}],"about":[{"href":"https:\/\/portaltela.pt\/api\/wp\/v2\/types\/post"}],"author":[{"embeddable":true,"href":"https:\/\/portaltela.pt\/api\/wp\/v2\/users\/2"}],"replies":[{"embeddable":true,"href":"https:\/\/portaltela.pt\/api\/wp\/v2\/comments?post=461903"}],"version-history":[{"count":0,"href":"https:\/\/portaltela.pt\/api\/wp\/v2\/posts\/461903\/revisions"}],"wp:featuredmedia":[{"embeddable":true,"href":"https:\/\/portaltela.pt\/api\/wp\/v2\/media\/461905"}],"wp:attachment":[{"href":"https:\/\/portaltela.pt\/api\/wp\/v2\/media?parent=461903"}],"wp:term":[{"taxonomy":"category","embeddable":true,"href":"https:\/\/portaltela.pt\/api\/wp\/v2\/categories?post=461903"},{"taxonomy":"post_tag","embeddable":true,"href":"https:\/\/portaltela.pt\/api\/wp\/v2\/tags?post=461903"}],"curies":[{"name":"wp","href":"https:\/\/api.w.org\/{rel}","templated":true}]}}