{"id":461901,"date":"2026-04-30T04:18:24","date_gmt":"2026-04-30T07:18:24","guid":{"rendered":"https:\/\/portaltela.pt\/noticias\/2026\/04\/30\/indielisboa-arranca-hoje-com-filme-austriaco-the-loneliest-man-in-town\/"},"modified":"2026-04-30T04:18:24","modified_gmt":"2026-04-30T07:18:24","slug":"indielisboa-arranca-hoje-com-filme-austriaco-the-loneliest-man-in-town","status":"publish","type":"post","link":"https:\/\/portaltela.pt\/series-e-filmes\/2026\/04\/30\/indielisboa-arranca-hoje-com-filme-austriaco-the-loneliest-man-in-town\/","title":{"rendered":"IndieLisboa arranca hoje com filme austr\u00edaco The Loneliest Man in Town"},"content":{"rendered":"<p>O festival IndieLisboa inicia hoje a sua 23\u00aa edi\u00e7\u00e3o no Cinema S\u00e3o Jorge, em Lisboa. A sess\u00e3o de abertura fica a cargo do filme austr\u00edaco The Loneliest Man in Town, de Tizza Covi e Rainer Frimmel. O convite \u00e9 para explorar fronteiras de g\u00e9nero e ouvir novas vozes de Portugal.<\/p>\n<p>The Loneliest Man in Town conta a hist\u00f3ria de Al Cook, m\u00fasico de blues nascido em Viena com o nome Alois Koc, que enfrenta o esquecimento e a demoli\u00e7\u00e3o da casa onde vive. O filme j\u00e1 foi exibido no Festival de Berlim e abre o certame de cinema independente.<\/p>\n<p>Na organiza\u00e7\u00e3o do IndieLisboa, a aposta \u00e9 pela diversidade de formatos e geografias, com debate entre cinema e corpo, refletindo sobre o mundo que nos cerca. A programa\u00e7\u00e3o evidencia uma abertura a vozes emergentes e j\u00e1 consagradas.<\/p>\n<p>Na competi\u00e7\u00e3o portuguesa s\u00e3o 29 filmes a concurso, entre 8 longas e 21 curtas. O conjunto aposta numa selec\u00e7\u00e3o ambiciosa e diversificada, com autores nacionais premiados e novos talentos.<\/p>\n<p>Entre as longas em concurso destacam-se 18 Buracos para o Para\u00edso, de Jo\u00e3o Nuno Pinto, A Provid\u00eancia e a Guitarra, de Jo\u00e3o Nicolau, e Fordl\u00e2ndia Panacea, de Susana de Sousa Dias. Cada t\u00edtulo promete criterios de an\u00e1lise distintos.<\/p>\n<p>Em conjunto com filmes competitivos, entram em competi\u00e7\u00e3o Doios e um gato, de Patr\u00edcia Saramago, a t\u00edtulo p\u00f3stumo, e A culpa \u00e9 da \u00e1gua, anima\u00e7\u00e3o de uma equipa portuguesa sobre Gisberta Salce. Tamb\u00e9m entra Onde nascem os pirilampos, de Clara Vieira, seleccionado para Cannes.<\/p>\n<p>Fora de competi\u00e7\u00e3o, mas dentro do cinema portugu\u00eas, v\u00e3o integrar-se Auto da Casa, de Tiago Bartolomeu Costa e Joana Cunha Ferreira, sobre o Teatro Nacional D. Maria II, Mulheres de Abril, de Raquel Freire, e O Velho Salazar, de Jo\u00e3o Botelho.<\/p>\n<p>A programa\u00e7\u00e3o inclui ainda filmes como Rose, de Markus Schleinzer, com a atriz Sandra H\u00fcller, Le cris de Gardes, regresso de Claire Denis, e At Work, de Val\u00e9rie Donzelli. A sele\u00e7\u00e3o aposta em produ\u00e7\u00e3o internacional de qualidade.<\/p>\n<p>Nesta edi\u00e7\u00e3o h\u00e1 uma retrospetiva em parceria com a Cinemateca Portuguesa dedicada ao mockumentary, com obras de Rob Reiner, Woody Allen, Ruben Ostlund, Sergio Oskman e Damien Houser. O foco \u00e9 explorar o formato do falso document\u00e1rio.<\/p>\n<p>Na sec\u00e7\u00e3o IndieMusic destacam-se filmes como Quem tem medo de Zurita de Oliveira? de Francisca Marv\u00e3o, sobre uma pioneira do rock portugu\u00eas, Rua (Isto n\u00e3o \u00e9 um filme, \u00e9 um cometa) de Jo\u00e3o Bigos Campani\u00e7o e Percursos Alternativos &#8211; Ecos de Garagem, sobre o rock em Viseu nos anos 80 e 90, de Rui Mota Pinto.<\/p>\n<p>A sec\u00e7\u00e3o Boca do Inferno, dedicada a propostas mais ousadas, inclui Dracula, de Radu Jude, cuja narrativa decorre numa Transilv\u00e2nia contempor\u00e2nea com temas de trabalhadores. A curadoria mant\u00e9m o esp\u00edrito de explorar o extraordin\u00e1rio.<\/p>\n<p>O festival encerra a 10 de maio com a estreia nacional de The History of Concrete, de John Wilson, uma longa-metragem documental que analisa o bet\u00e3o como mat\u00e9ria-prima. O IndieLisboa volta a colocar Portugal no mapa do cinema independente.<\/p>\n","protected":false},"excerpt":{"rendered":"<ul>\n<li>A 23.\u00aa edi\u00e7\u00e3o do Festival Internacional de Cinema IndieLisboa come\u00e7a hoje no cinema S\u00e3o Jorge, com a realizadora Tizza Covi em sala para apresentar o evento.<\/li>\n<li>O filme de abertura \u00e9 The Loneliest Man in Town, de Tizza Covi e Rainer Frimmel, que conta a hist\u00f3ria de um m\u00fasico a atravessar o esquecimento e a amea\u00e7a de demoli\u00e7\u00e3o da casa onde vive.<\/li>\n<li>As sec\u00e7\u00f5es competitivas atravessam fronteiras de g\u00e9nero, forma e geografia, procurando di\u00e1logo com o mundo e entre diferentes perspetivas.<\/li>\n<li>Na competi\u00e7\u00e3o portuguesa v\u00e3o estar 29 filmes a concurso, com oito longas-metragens e 21 curtas, incluindo t\u00edtulos como 18 Buracos para o Para\u00edso, A Provid\u00eancia e a Guitarra e Fordl\u00e2ndia Panacea.<\/li>\n<li>O festival encerra a 10 de maio com a estreia nacional de The History of Concrete, de John Wilson, a primeira longa-metragem documental sobre o bet\u00e3o.<\/li>\n<\/ul>\n","protected":false},"author":2,"featured_media":461904,"comment_status":"closed","ping_status":"closed","sticky":false,"template":"","format":"standard","meta":{"footnotes":""},"categories":[7375,7368],"tags":[8111,7756,9032,8953,7974,8062],"class_list":["post-461901","post","type-post","status-publish","format-standard","has-post-thumbnail","hentry","category-cultura","category-series-e-filmes","tag-_cinema","tag-_cultura","tag-_documentarios","tag-_filmes","tag-_lisboa","tag-_portugal"],"yoast_head":"<!-- This site is optimized with the Yoast SEO plugin v27.2 - https:\/\/yoast.com\/product\/yoast-seo-wordpress\/ -->\n<title>IndieLisboa arranca hoje com filme austr\u00edaco The Loneliest Man in Town - Portal Tela Portugal<\/title>\n<meta name=\"robots\" content=\"index, follow, max-snippet:-1, max-image-preview:large, max-video-preview:-1\" \/>\n<meta property=\"og:locale\" content=\"pt_PT\" \/>\n<meta property=\"og:type\" content=\"article\" \/>\n<meta property=\"og:title\" content=\"IndieLisboa arranca hoje com filme austr\u00edaco The Loneliest Man in Town - Portal Tela Portugal\" \/>\n<meta property=\"og:description\" content=\"A 23.\u00aa edi\u00e7\u00e3o do Festival Internacional de Cinema IndieLisboa come\u00e7a hoje no cinema S\u00e3o Jorge, com a realizadora Tizza Covi em sala para apresentar o evento. O filme de abertura \u00e9 The Loneliest Man in Town, de Tizza Covi e Rainer Frimmel, que conta a hist\u00f3ria de um m\u00fasico a atravessar o esquecimento e a amea\u00e7a de demoli\u00e7\u00e3o da casa onde vive. As sec\u00e7\u00f5es competitivas atravessam fronteiras de g\u00e9nero, forma e geografia, procurando di\u00e1logo com o mundo e entre diferentes perspetivas. Na competi\u00e7\u00e3o portuguesa v\u00e3o estar 29 filmes a concurso, com oito longas-metragens e 21 curtas, incluindo t\u00edtulos como 18 Buracos para o Para\u00edso, A Provid\u00eancia e a Guitarra e Fordl\u00e2ndia Panacea. O festival encerra a 10 de maio com a estreia nacional de The History of Concrete, de John Wilson, a primeira longa-metragem documental sobre o bet\u00e3o.\" \/>\n<meta property=\"og:url\" content=\"https:\/\/portaltela.pt\/noticias\/2026\/04\/30\/indielisboa-arranca-hoje-com-filme-austriaco-the-loneliest-man-in-town\/\" \/>\n<meta property=\"og:site_name\" content=\"Portal Tela Portugal\" \/>\n<meta property=\"article:published_time\" content=\"2026-04-30T07:18:24+00:00\" \/>\n<meta name=\"author\" content=\"Telinha\" \/>\n<meta name=\"twitter:card\" content=\"summary_large_image\" \/>\n<meta name=\"twitter:label1\" content=\"Escrito por\" \/>\n\t<meta name=\"twitter:data1\" content=\"Telinha\" \/>\n\t<meta name=\"twitter:label2\" content=\"Tempo estimado de leitura\" \/>\n\t<meta name=\"twitter:data2\" content=\"3 minutos\" \/>\n<script type=\"application\/ld+json\" class=\"yoast-schema-graph\">{\"@context\":\"https:\/\/schema.org\",\"@graph\":[{\"@type\":\"Article\",\"@id\":\"https:\/\/portaltela.pt\/noticias\/2026\/04\/30\/indielisboa-arranca-hoje-com-filme-austriaco-the-loneliest-man-in-town\/#article\",\"isPartOf\":{\"@id\":\"https:\/\/portaltela.pt\/noticias\/2026\/04\/30\/indielisboa-arranca-hoje-com-filme-austriaco-the-loneliest-man-in-town\/\"},\"author\":{\"name\":\"Telinha\",\"@id\":\"https:\/\/portaltela.pt\/#\/schema\/person\/c4278d4a6028830caff9ee44b42d32ed\"},\"headline\":\"IndieLisboa arranca hoje com filme austr\u00edaco The Loneliest Man in Town\",\"datePublished\":\"2026-04-30T07:18:24+00:00\",\"mainEntityOfPage\":{\"@id\":\"https:\/\/portaltela.pt\/noticias\/2026\/04\/30\/indielisboa-arranca-hoje-com-filme-austriaco-the-loneliest-man-in-town\/\"},\"wordCount\":540,\"image\":{\"@id\":\"https:\/\/portaltela.pt\/noticias\/2026\/04\/30\/indielisboa-arranca-hoje-com-filme-austriaco-the-loneliest-man-in-town\/#primaryimage\"},\"thumbnailUrl\":\"https:\/\/portaltela.pt\/s.01k8rhncp4jt1\/2026\/04\/img_1500x1000uu2011-05-15-14-17-00-306119-im-639131331637148464.jpg\",\"keywords\":[\"_cinema\",\"_cultura\",\"_document\u00e1rios\",\"_filmes\",\"_Lisboa\",\"_Portugal\"],\"articleSection\":[\"Cultura\",\"S\u00e9ries e filmes\"],\"inLanguage\":\"pt-PT\"},{\"@type\":\"WebPage\",\"@id\":\"https:\/\/portaltela.pt\/noticias\/2026\/04\/30\/indielisboa-arranca-hoje-com-filme-austriaco-the-loneliest-man-in-town\/\",\"url\":\"https:\/\/portaltela.pt\/noticias\/2026\/04\/30\/indielisboa-arranca-hoje-com-filme-austriaco-the-loneliest-man-in-town\/\",\"name\":\"IndieLisboa arranca hoje com filme austr\u00edaco The Loneliest Man in Town - Portal Tela Portugal\",\"isPartOf\":{\"@id\":\"https:\/\/portaltela.pt\/#website\"},\"primaryImageOfPage\":{\"@id\":\"https:\/\/portaltela.pt\/noticias\/2026\/04\/30\/indielisboa-arranca-hoje-com-filme-austriaco-the-loneliest-man-in-town\/#primaryimage\"},\"image\":{\"@id\":\"https:\/\/portaltela.pt\/noticias\/2026\/04\/30\/indielisboa-arranca-hoje-com-filme-austriaco-the-loneliest-man-in-town\/#primaryimage\"},\"thumbnailUrl\":\"https:\/\/portaltela.pt\/s.01k8rhncp4jt1\/2026\/04\/img_1500x1000uu2011-05-15-14-17-00-306119-im-639131331637148464.jpg\",\"datePublished\":\"2026-04-30T07:18:24+00:00\",\"author\":{\"@id\":\"https:\/\/portaltela.pt\/#\/schema\/person\/c4278d4a6028830caff9ee44b42d32ed\"},\"breadcrumb\":{\"@id\":\"https:\/\/portaltela.pt\/noticias\/2026\/04\/30\/indielisboa-arranca-hoje-com-filme-austriaco-the-loneliest-man-in-town\/#breadcrumb\"},\"inLanguage\":\"pt-PT\",\"potentialAction\":[{\"@type\":\"ReadAction\",\"target\":[\"https:\/\/portaltela.pt\/noticias\/2026\/04\/30\/indielisboa-arranca-hoje-com-filme-austriaco-the-loneliest-man-in-town\/\"]}]},{\"@type\":\"ImageObject\",\"inLanguage\":\"pt-PT\",\"@id\":\"https:\/\/portaltela.pt\/noticias\/2026\/04\/30\/indielisboa-arranca-hoje-com-filme-austriaco-the-loneliest-man-in-town\/#primaryimage\",\"url\":\"https:\/\/portaltela.pt\/s.01k8rhncp4jt1\/2026\/04\/img_1500x1000uu2011-05-15-14-17-00-306119-im-639131331637148464.jpg\",\"contentUrl\":\"https:\/\/portaltela.pt\/s.01k8rhncp4jt1\/2026\/04\/img_1500x1000uu2011-05-15-14-17-00-306119-im-639131331637148464.jpg\",\"width\":796,\"height\":448,\"caption\":\"IndieLisboa\"},{\"@type\":\"BreadcrumbList\",\"@id\":\"https:\/\/portaltela.pt\/noticias\/2026\/04\/30\/indielisboa-arranca-hoje-com-filme-austriaco-the-loneliest-man-in-town\/#breadcrumb\",\"itemListElement\":[{\"@type\":\"ListItem\",\"position\":1,\"name\":\"In\u00edcio\",\"item\":\"https:\/\/portaltela.pt\/\"},{\"@type\":\"ListItem\",\"position\":2,\"name\":\"IndieLisboa arranca hoje com filme austr\u00edaco The Loneliest Man in Town\"}]},{\"@type\":\"WebSite\",\"@id\":\"https:\/\/portaltela.pt\/#website\",\"url\":\"https:\/\/portaltela.pt\/\",\"name\":\"Portal Tela Portugal\",\"description\":\"\",\"potentialAction\":[{\"@type\":\"SearchAction\",\"target\":{\"@type\":\"EntryPoint\",\"urlTemplate\":\"https:\/\/portaltela.pt\/?s={search_term_string}\"},\"query-input\":{\"@type\":\"PropertyValueSpecification\",\"valueRequired\":true,\"valueName\":\"search_term_string\"}}],\"inLanguage\":\"pt-PT\"},{\"@type\":\"Person\",\"@id\":\"https:\/\/portaltela.pt\/#\/schema\/person\/c4278d4a6028830caff9ee44b42d32ed\",\"name\":\"Telinha\",\"image\":{\"@type\":\"ImageObject\",\"inLanguage\":\"pt-PT\",\"@id\":\"https:\/\/portaltela.pt\/s.01k8rhncp4jt1\/2025\/11\/talking-bot-125x125.png\",\"url\":\"https:\/\/portaltela.pt\/s.01k8rhncp4jt1\/2025\/11\/talking-bot-125x125.png\",\"contentUrl\":\"https:\/\/portaltela.pt\/s.01k8rhncp4jt1\/2025\/11\/talking-bot-125x125.png\",\"caption\":\"Telinha\"},\"sameAs\":[\"https:\/\/portaltela.pt\/\"],\"url\":\"https:\/\/portaltela.pt\/por\/367410592786\/\"}]}<\/script>\n<!-- \/ Yoast SEO plugin. -->","yoast_head_json":{"title":"IndieLisboa arranca hoje com filme austr\u00edaco The Loneliest Man in Town - Portal Tela Portugal","robots":{"index":"index","follow":"follow","max-snippet":"max-snippet:-1","max-image-preview":"max-image-preview:large","max-video-preview":"max-video-preview:-1"},"og_locale":"pt_PT","og_type":"article","og_title":"IndieLisboa arranca hoje com filme austr\u00edaco The Loneliest Man in Town - Portal Tela Portugal","og_description":"A 23.\u00aa edi\u00e7\u00e3o do Festival Internacional de Cinema IndieLisboa come\u00e7a hoje no cinema S\u00e3o Jorge, com a realizadora Tizza Covi em sala para apresentar o evento. O filme de abertura \u00e9 The Loneliest Man in Town, de Tizza Covi e Rainer Frimmel, que conta a hist\u00f3ria de um m\u00fasico a atravessar o esquecimento e a amea\u00e7a de demoli\u00e7\u00e3o da casa onde vive. As sec\u00e7\u00f5es competitivas atravessam fronteiras de g\u00e9nero, forma e geografia, procurando di\u00e1logo com o mundo e entre diferentes perspetivas. Na competi\u00e7\u00e3o portuguesa v\u00e3o estar 29 filmes a concurso, com oito longas-metragens e 21 curtas, incluindo t\u00edtulos como 18 Buracos para o Para\u00edso, A Provid\u00eancia e a Guitarra e Fordl\u00e2ndia Panacea. O festival encerra a 10 de maio com a estreia nacional de The History of Concrete, de John Wilson, a primeira longa-metragem documental sobre o bet\u00e3o.","og_url":"https:\/\/portaltela.pt\/noticias\/2026\/04\/30\/indielisboa-arranca-hoje-com-filme-austriaco-the-loneliest-man-in-town\/","og_site_name":"Portal Tela Portugal","article_published_time":"2026-04-30T07:18:24+00:00","author":"Telinha","twitter_card":"summary_large_image","twitter_misc":{"Escrito por":"Telinha","Tempo estimado de leitura":"3 minutos"},"schema":{"@context":"https:\/\/schema.org","@graph":[{"@type":"Article","@id":"https:\/\/portaltela.pt\/noticias\/2026\/04\/30\/indielisboa-arranca-hoje-com-filme-austriaco-the-loneliest-man-in-town\/#article","isPartOf":{"@id":"https:\/\/portaltela.pt\/noticias\/2026\/04\/30\/indielisboa-arranca-hoje-com-filme-austriaco-the-loneliest-man-in-town\/"},"author":{"name":"Telinha","@id":"https:\/\/portaltela.pt\/#\/schema\/person\/c4278d4a6028830caff9ee44b42d32ed"},"headline":"IndieLisboa arranca hoje com filme austr\u00edaco The Loneliest Man in Town","datePublished":"2026-04-30T07:18:24+00:00","mainEntityOfPage":{"@id":"https:\/\/portaltela.pt\/noticias\/2026\/04\/30\/indielisboa-arranca-hoje-com-filme-austriaco-the-loneliest-man-in-town\/"},"wordCount":540,"image":{"@id":"https:\/\/portaltela.pt\/noticias\/2026\/04\/30\/indielisboa-arranca-hoje-com-filme-austriaco-the-loneliest-man-in-town\/#primaryimage"},"thumbnailUrl":"https:\/\/portaltela.pt\/s.01k8rhncp4jt1\/2026\/04\/img_1500x1000uu2011-05-15-14-17-00-306119-im-639131331637148464.jpg","keywords":["_cinema","_cultura","_document\u00e1rios","_filmes","_Lisboa","_Portugal"],"articleSection":["Cultura","S\u00e9ries e filmes"],"inLanguage":"pt-PT"},{"@type":"WebPage","@id":"https:\/\/portaltela.pt\/noticias\/2026\/04\/30\/indielisboa-arranca-hoje-com-filme-austriaco-the-loneliest-man-in-town\/","url":"https:\/\/portaltela.pt\/noticias\/2026\/04\/30\/indielisboa-arranca-hoje-com-filme-austriaco-the-loneliest-man-in-town\/","name":"IndieLisboa arranca hoje com filme austr\u00edaco The Loneliest Man in Town - Portal Tela Portugal","isPartOf":{"@id":"https:\/\/portaltela.pt\/#website"},"primaryImageOfPage":{"@id":"https:\/\/portaltela.pt\/noticias\/2026\/04\/30\/indielisboa-arranca-hoje-com-filme-austriaco-the-loneliest-man-in-town\/#primaryimage"},"image":{"@id":"https:\/\/portaltela.pt\/noticias\/2026\/04\/30\/indielisboa-arranca-hoje-com-filme-austriaco-the-loneliest-man-in-town\/#primaryimage"},"thumbnailUrl":"https:\/\/portaltela.pt\/s.01k8rhncp4jt1\/2026\/04\/img_1500x1000uu2011-05-15-14-17-00-306119-im-639131331637148464.jpg","datePublished":"2026-04-30T07:18:24+00:00","author":{"@id":"https:\/\/portaltela.pt\/#\/schema\/person\/c4278d4a6028830caff9ee44b42d32ed"},"breadcrumb":{"@id":"https:\/\/portaltela.pt\/noticias\/2026\/04\/30\/indielisboa-arranca-hoje-com-filme-austriaco-the-loneliest-man-in-town\/#breadcrumb"},"inLanguage":"pt-PT","potentialAction":[{"@type":"ReadAction","target":["https:\/\/portaltela.pt\/noticias\/2026\/04\/30\/indielisboa-arranca-hoje-com-filme-austriaco-the-loneliest-man-in-town\/"]}]},{"@type":"ImageObject","inLanguage":"pt-PT","@id":"https:\/\/portaltela.pt\/noticias\/2026\/04\/30\/indielisboa-arranca-hoje-com-filme-austriaco-the-loneliest-man-in-town\/#primaryimage","url":"https:\/\/portaltela.pt\/s.01k8rhncp4jt1\/2026\/04\/img_1500x1000uu2011-05-15-14-17-00-306119-im-639131331637148464.jpg","contentUrl":"https:\/\/portaltela.pt\/s.01k8rhncp4jt1\/2026\/04\/img_1500x1000uu2011-05-15-14-17-00-306119-im-639131331637148464.jpg","width":796,"height":448,"caption":"IndieLisboa"},{"@type":"BreadcrumbList","@id":"https:\/\/portaltela.pt\/noticias\/2026\/04\/30\/indielisboa-arranca-hoje-com-filme-austriaco-the-loneliest-man-in-town\/#breadcrumb","itemListElement":[{"@type":"ListItem","position":1,"name":"In\u00edcio","item":"https:\/\/portaltela.pt\/"},{"@type":"ListItem","position":2,"name":"IndieLisboa arranca hoje com filme austr\u00edaco The Loneliest Man in Town"}]},{"@type":"WebSite","@id":"https:\/\/portaltela.pt\/#website","url":"https:\/\/portaltela.pt\/","name":"Portal Tela Portugal","description":"","potentialAction":[{"@type":"SearchAction","target":{"@type":"EntryPoint","urlTemplate":"https:\/\/portaltela.pt\/?s={search_term_string}"},"query-input":{"@type":"PropertyValueSpecification","valueRequired":true,"valueName":"search_term_string"}}],"inLanguage":"pt-PT"},{"@type":"Person","@id":"https:\/\/portaltela.pt\/#\/schema\/person\/c4278d4a6028830caff9ee44b42d32ed","name":"Telinha","image":{"@type":"ImageObject","inLanguage":"pt-PT","@id":"https:\/\/portaltela.pt\/s.01k8rhncp4jt1\/2025\/11\/talking-bot-125x125.png","url":"https:\/\/portaltela.pt\/s.01k8rhncp4jt1\/2025\/11\/talking-bot-125x125.png","contentUrl":"https:\/\/portaltela.pt\/s.01k8rhncp4jt1\/2025\/11\/talking-bot-125x125.png","caption":"Telinha"},"sameAs":["https:\/\/portaltela.pt\/"],"url":"https:\/\/portaltela.pt\/por\/367410592786\/"}]}},"_links":{"self":[{"href":"https:\/\/portaltela.pt\/api\/wp\/v2\/posts\/461901","targetHints":{"allow":["GET"]}}],"collection":[{"href":"https:\/\/portaltela.pt\/api\/wp\/v2\/posts"}],"about":[{"href":"https:\/\/portaltela.pt\/api\/wp\/v2\/types\/post"}],"author":[{"embeddable":true,"href":"https:\/\/portaltela.pt\/api\/wp\/v2\/users\/2"}],"replies":[{"embeddable":true,"href":"https:\/\/portaltela.pt\/api\/wp\/v2\/comments?post=461901"}],"version-history":[{"count":0,"href":"https:\/\/portaltela.pt\/api\/wp\/v2\/posts\/461901\/revisions"}],"wp:featuredmedia":[{"embeddable":true,"href":"https:\/\/portaltela.pt\/api\/wp\/v2\/media\/461904"}],"wp:attachment":[{"href":"https:\/\/portaltela.pt\/api\/wp\/v2\/media?parent=461901"}],"wp:term":[{"taxonomy":"category","embeddable":true,"href":"https:\/\/portaltela.pt\/api\/wp\/v2\/categories?post=461901"},{"taxonomy":"post_tag","embeddable":true,"href":"https:\/\/portaltela.pt\/api\/wp\/v2\/tags?post=461901"}],"curies":[{"name":"wp","href":"https:\/\/api.w.org\/{rel}","templated":true}]}}