{"id":461897,"date":"2026-04-30T04:18:14","date_gmt":"2026-04-30T07:18:14","guid":{"rendered":"https:\/\/portaltela.pt\/noticias\/2026\/04\/30\/socios-do-e-amadora-aprovam-contas-de-2025-por-unanimidade\/"},"modified":"2026-04-30T04:18:14","modified_gmt":"2026-04-30T07:18:14","slug":"socios-do-e-amadora-aprovam-contas-de-2025-por-unanimidade","status":"publish","type":"post","link":"https:\/\/portaltela.pt\/desporto\/futebol\/2026\/04\/30\/socios-do-e-amadora-aprovam-contas-de-2025-por-unanimidade\/","title":{"rendered":"S\u00f3cios do E. Amadora aprovam contas de 2025 por unanimidade"},"content":{"rendered":"<p>Os s\u00f3cios do Estrela da Amadora aprovaram, por unanimidade, as contas de 2025 durante a Assembleia Geral realizada no Audit\u00f3rio Amadora Inova. A vota\u00e7\u00e3o reuniu 53 associados, equivalentes a 50 votantes.<\/p>\n<p>O Relat\u00f3rio e Contas referente ao exerc\u00edcio de 2025 foi apreciado e validado pela dire\u00e7\u00e3o do clube, em sess\u00e3o que decorreu com celeridade e teve menos de uma hora de dura\u00e7\u00e3o, apesar de ter contado com dois pontos de discuss\u00e3o.<\/p>\n<p>Al\u00e9m da an\u00e1lise financeira, foram abordados outros temas de interesse para a institui\u00e7\u00e3o, sem que houvesse alter\u00e7\u00f5es relevantes ao que j\u00e1 tinha sido apresentado.<\/p>\n<p>Desporto: o Estrela da Amadora continua a lutar pela manuten\u00e7\u00e3o na primeira Liga, ocupando o 16.\u00ba lugar, dois pontos acima da posi\u00e7\u00e3o de playoff de manuten\u00e7\u00e3o ocupada pelo Casa Pia. O calend\u00e1rio prev\u00ea desloca\u00e7\u00e3o ao Moreirense, recebimento do Famalic\u00e3o e um jogo fora com o Sp. Braga.<\/p>\n<p>A equipa entra em ronda decisiva da Liga, visando conservar posi\u00e7\u00e3o na tabela. O pr\u00f3ximo compromisso acontece fora, frente ao Moreirense, antes de jogar em casa com o Famalic\u00e3o e terminar a \u00e9poca diante do Sp. Braga.<\/p>\n","protected":false},"excerpt":{"rendered":"<ul>\n<li>O Estrela da Amadora aprovou, por unanimidade, as contas de 2025 numa Assembleia Geral realizada no Audit\u00f3rio Amadora Inova, com cinquenta votantes entre sessenta e tr\u00eas associados presentes.<\/li>\n<li>A decis\u00e3o aprovou o Relat\u00f3rio e Contas do exerc\u00edcio de 2025, apresentados pela dire\u00e7\u00e3o do clube amadorense.<\/li>\n<li>A reuni\u00e3o decorreu com celeridade e durou menos de uma hora, concentrando-se em dois pontos de discuss\u00e3o.<\/li>\n<li>Desportivamente, o clube est\u00e1 dois pontos acima da posi\u00e7\u00e3o de playoff de manuten\u00e7\u00e3o na Primeira Liga, no 16.\u00ba posto, com o Casa Pia nesse lugar.<\/li>\n<li>Na pr\u00f3xima jornada, o Estrela desloca-se ao Moreirense, recebe o Famalic\u00e3o e encerra o campeonato em casa do Sp. Braga.<\/li>\n<\/ul>\n","protected":false},"author":2,"featured_media":461899,"comment_status":"closed","ping_status":"closed","sticky":false,"template":"","format":"standard","meta":{"footnotes":""},"categories":[21,24],"tags":[4143,1589,1396,32,5579,2070],"class_list":["post-461897","post","type-post","status-publish","format-standard","has-post-thumbnail","hentry","category-desporto","category-futebol","tag-1-liga","tag-estrela","tag-famalicao","tag-futebol","tag-moreirense","tag-sp-braga"],"yoast_head":"<!-- This site is optimized with the Yoast SEO plugin v27.2 - https:\/\/yoast.com\/product\/yoast-seo-wordpress\/ -->\n<title>S\u00f3cios do E. Amadora aprovam contas de 2025 por unanimidade - Portal Tela Portugal<\/title>\n<meta name=\"robots\" content=\"index, follow, max-snippet:-1, max-image-preview:large, max-video-preview:-1\" \/>\n<meta property=\"og:locale\" content=\"pt_PT\" \/>\n<meta property=\"og:type\" content=\"article\" \/>\n<meta property=\"og:title\" content=\"S\u00f3cios do E. Amadora aprovam contas de 2025 por unanimidade - Portal Tela Portugal\" \/>\n<meta property=\"og:description\" content=\"O Estrela da Amadora aprovou, por unanimidade, as contas de 2025 numa Assembleia Geral realizada no Audit\u00f3rio Amadora Inova, com cinquenta votantes entre sessenta e tr\u00eas associados presentes. A decis\u00e3o aprovou o Relat\u00f3rio e Contas do exerc\u00edcio de 2025, apresentados pela dire\u00e7\u00e3o do clube amadorense. A reuni\u00e3o decorreu com celeridade e durou menos de uma hora, concentrando-se em dois pontos de discuss\u00e3o. Desportivamente, o clube est\u00e1 dois pontos acima da posi\u00e7\u00e3o de playoff de manuten\u00e7\u00e3o na Primeira Liga, no 16.\u00ba posto, com o Casa Pia nesse lugar. Na pr\u00f3xima jornada, o Estrela desloca-se ao Moreirense, recebe o Famalic\u00e3o e encerra o campeonato em casa do Sp. Braga.\" \/>\n<meta property=\"og:url\" content=\"https:\/\/portaltela.pt\/noticias\/2026\/04\/30\/socios-do-e-amadora-aprovam-contas-de-2025-por-unanimidade\/\" \/>\n<meta property=\"og:site_name\" content=\"Portal Tela Portugal\" \/>\n<meta property=\"article:published_time\" content=\"2026-04-30T07:18:14+00:00\" \/>\n<meta name=\"author\" content=\"Telinha\" \/>\n<meta name=\"twitter:card\" content=\"summary_large_image\" \/>\n<meta name=\"twitter:label1\" content=\"Escrito por\" \/>\n\t<meta name=\"twitter:data1\" content=\"Telinha\" \/>\n\t<meta name=\"twitter:label2\" content=\"Tempo estimado de leitura\" \/>\n\t<meta name=\"twitter:data2\" content=\"1 minuto\" \/>\n<script type=\"application\/ld+json\" class=\"yoast-schema-graph\">{\"@context\":\"https:\/\/schema.org\",\"@graph\":[{\"@type\":\"Article\",\"@id\":\"https:\/\/portaltela.pt\/noticias\/2026\/04\/30\/socios-do-e-amadora-aprovam-contas-de-2025-por-unanimidade\/#article\",\"isPartOf\":{\"@id\":\"https:\/\/portaltela.pt\/noticias\/2026\/04\/30\/socios-do-e-amadora-aprovam-contas-de-2025-por-unanimidade\/\"},\"author\":{\"name\":\"Telinha\",\"@id\":\"https:\/\/portaltela.pt\/#\/schema\/person\/c4278d4a6028830caff9ee44b42d32ed\"},\"headline\":\"S\u00f3cios do E. Amadora aprovam contas de 2025 por unanimidade\",\"datePublished\":\"2026-04-30T07:18:14+00:00\",\"mainEntityOfPage\":{\"@id\":\"https:\/\/portaltela.pt\/noticias\/2026\/04\/30\/socios-do-e-amadora-aprovam-contas-de-2025-por-unanimidade\/\"},\"wordCount\":206,\"image\":{\"@id\":\"https:\/\/portaltela.pt\/noticias\/2026\/04\/30\/socios-do-e-amadora-aprovam-contas-de-2025-por-unanimidade\/#primaryimage\"},\"thumbnailUrl\":\"https:\/\/portaltela.pt\/s.01k8rhncp4jt1\/2026\/04\/img_920x518uu2026-04-11-12-49-04-2432349.jpg\",\"keywords\":[\"1. Liga\",\"Estrela\",\"Famalic\u00e3o\",\"futebol\",\"Moreirense\",\"Sp. Braga\"],\"articleSection\":[\"Desporto\",\"Futebol\"],\"inLanguage\":\"pt-PT\"},{\"@type\":\"WebPage\",\"@id\":\"https:\/\/portaltela.pt\/noticias\/2026\/04\/30\/socios-do-e-amadora-aprovam-contas-de-2025-por-unanimidade\/\",\"url\":\"https:\/\/portaltela.pt\/noticias\/2026\/04\/30\/socios-do-e-amadora-aprovam-contas-de-2025-por-unanimidade\/\",\"name\":\"S\u00f3cios do E. Amadora aprovam contas de 2025 por unanimidade - Portal Tela Portugal\",\"isPartOf\":{\"@id\":\"https:\/\/portaltela.pt\/#website\"},\"primaryImageOfPage\":{\"@id\":\"https:\/\/portaltela.pt\/noticias\/2026\/04\/30\/socios-do-e-amadora-aprovam-contas-de-2025-por-unanimidade\/#primaryimage\"},\"image\":{\"@id\":\"https:\/\/portaltela.pt\/noticias\/2026\/04\/30\/socios-do-e-amadora-aprovam-contas-de-2025-por-unanimidade\/#primaryimage\"},\"thumbnailUrl\":\"https:\/\/portaltela.pt\/s.01k8rhncp4jt1\/2026\/04\/img_920x518uu2026-04-11-12-49-04-2432349.jpg\",\"datePublished\":\"2026-04-30T07:18:14+00:00\",\"author\":{\"@id\":\"https:\/\/portaltela.pt\/#\/schema\/person\/c4278d4a6028830caff9ee44b42d32ed\"},\"breadcrumb\":{\"@id\":\"https:\/\/portaltela.pt\/noticias\/2026\/04\/30\/socios-do-e-amadora-aprovam-contas-de-2025-por-unanimidade\/#breadcrumb\"},\"inLanguage\":\"pt-PT\",\"potentialAction\":[{\"@type\":\"ReadAction\",\"target\":[\"https:\/\/portaltela.pt\/noticias\/2026\/04\/30\/socios-do-e-amadora-aprovam-contas-de-2025-por-unanimidade\/\"]}]},{\"@type\":\"ImageObject\",\"inLanguage\":\"pt-PT\",\"@id\":\"https:\/\/portaltela.pt\/noticias\/2026\/04\/30\/socios-do-e-amadora-aprovam-contas-de-2025-por-unanimidade\/#primaryimage\",\"url\":\"https:\/\/portaltela.pt\/s.01k8rhncp4jt1\/2026\/04\/img_920x518uu2026-04-11-12-49-04-2432349.jpg\",\"contentUrl\":\"https:\/\/portaltela.pt\/s.01k8rhncp4jt1\/2026\/04\/img_920x518uu2026-04-11-12-49-04-2432349.jpg\",\"width\":796,\"height\":448,\"caption\":\"Vista geral do Est\u00e1dio Jos\u00e9 Gomes, na Amadora\"},{\"@type\":\"BreadcrumbList\",\"@id\":\"https:\/\/portaltela.pt\/noticias\/2026\/04\/30\/socios-do-e-amadora-aprovam-contas-de-2025-por-unanimidade\/#breadcrumb\",\"itemListElement\":[{\"@type\":\"ListItem\",\"position\":1,\"name\":\"In\u00edcio\",\"item\":\"https:\/\/portaltela.pt\/\"},{\"@type\":\"ListItem\",\"position\":2,\"name\":\"S\u00f3cios do E. Amadora aprovam contas de 2025 por unanimidade\"}]},{\"@type\":\"WebSite\",\"@id\":\"https:\/\/portaltela.pt\/#website\",\"url\":\"https:\/\/portaltela.pt\/\",\"name\":\"Portal Tela Portugal\",\"description\":\"\",\"potentialAction\":[{\"@type\":\"SearchAction\",\"target\":{\"@type\":\"EntryPoint\",\"urlTemplate\":\"https:\/\/portaltela.pt\/?s={search_term_string}\"},\"query-input\":{\"@type\":\"PropertyValueSpecification\",\"valueRequired\":true,\"valueName\":\"search_term_string\"}}],\"inLanguage\":\"pt-PT\"},{\"@type\":\"Person\",\"@id\":\"https:\/\/portaltela.pt\/#\/schema\/person\/c4278d4a6028830caff9ee44b42d32ed\",\"name\":\"Telinha\",\"image\":{\"@type\":\"ImageObject\",\"inLanguage\":\"pt-PT\",\"@id\":\"https:\/\/portaltela.pt\/s.01k8rhncp4jt1\/2025\/11\/talking-bot-125x125.png\",\"url\":\"https:\/\/portaltela.pt\/s.01k8rhncp4jt1\/2025\/11\/talking-bot-125x125.png\",\"contentUrl\":\"https:\/\/portaltela.pt\/s.01k8rhncp4jt1\/2025\/11\/talking-bot-125x125.png\",\"caption\":\"Telinha\"},\"sameAs\":[\"https:\/\/portaltela.pt\/\"],\"url\":\"https:\/\/portaltela.pt\/por\/367410592786\/\"}]}<\/script>\n<!-- \/ Yoast SEO plugin. -->","yoast_head_json":{"title":"S\u00f3cios do E. Amadora aprovam contas de 2025 por unanimidade - Portal Tela Portugal","robots":{"index":"index","follow":"follow","max-snippet":"max-snippet:-1","max-image-preview":"max-image-preview:large","max-video-preview":"max-video-preview:-1"},"og_locale":"pt_PT","og_type":"article","og_title":"S\u00f3cios do E. Amadora aprovam contas de 2025 por unanimidade - Portal Tela Portugal","og_description":"O Estrela da Amadora aprovou, por unanimidade, as contas de 2025 numa Assembleia Geral realizada no Audit\u00f3rio Amadora Inova, com cinquenta votantes entre sessenta e tr\u00eas associados presentes. A decis\u00e3o aprovou o Relat\u00f3rio e Contas do exerc\u00edcio de 2025, apresentados pela dire\u00e7\u00e3o do clube amadorense. A reuni\u00e3o decorreu com celeridade e durou menos de uma hora, concentrando-se em dois pontos de discuss\u00e3o. Desportivamente, o clube est\u00e1 dois pontos acima da posi\u00e7\u00e3o de playoff de manuten\u00e7\u00e3o na Primeira Liga, no 16.\u00ba posto, com o Casa Pia nesse lugar. Na pr\u00f3xima jornada, o Estrela desloca-se ao Moreirense, recebe o Famalic\u00e3o e encerra o campeonato em casa do Sp. Braga.","og_url":"https:\/\/portaltela.pt\/noticias\/2026\/04\/30\/socios-do-e-amadora-aprovam-contas-de-2025-por-unanimidade\/","og_site_name":"Portal Tela Portugal","article_published_time":"2026-04-30T07:18:14+00:00","author":"Telinha","twitter_card":"summary_large_image","twitter_misc":{"Escrito por":"Telinha","Tempo estimado de leitura":"1 minuto"},"schema":{"@context":"https:\/\/schema.org","@graph":[{"@type":"Article","@id":"https:\/\/portaltela.pt\/noticias\/2026\/04\/30\/socios-do-e-amadora-aprovam-contas-de-2025-por-unanimidade\/#article","isPartOf":{"@id":"https:\/\/portaltela.pt\/noticias\/2026\/04\/30\/socios-do-e-amadora-aprovam-contas-de-2025-por-unanimidade\/"},"author":{"name":"Telinha","@id":"https:\/\/portaltela.pt\/#\/schema\/person\/c4278d4a6028830caff9ee44b42d32ed"},"headline":"S\u00f3cios do E. Amadora aprovam contas de 2025 por unanimidade","datePublished":"2026-04-30T07:18:14+00:00","mainEntityOfPage":{"@id":"https:\/\/portaltela.pt\/noticias\/2026\/04\/30\/socios-do-e-amadora-aprovam-contas-de-2025-por-unanimidade\/"},"wordCount":206,"image":{"@id":"https:\/\/portaltela.pt\/noticias\/2026\/04\/30\/socios-do-e-amadora-aprovam-contas-de-2025-por-unanimidade\/#primaryimage"},"thumbnailUrl":"https:\/\/portaltela.pt\/s.01k8rhncp4jt1\/2026\/04\/img_920x518uu2026-04-11-12-49-04-2432349.jpg","keywords":["1. Liga","Estrela","Famalic\u00e3o","futebol","Moreirense","Sp. Braga"],"articleSection":["Desporto","Futebol"],"inLanguage":"pt-PT"},{"@type":"WebPage","@id":"https:\/\/portaltela.pt\/noticias\/2026\/04\/30\/socios-do-e-amadora-aprovam-contas-de-2025-por-unanimidade\/","url":"https:\/\/portaltela.pt\/noticias\/2026\/04\/30\/socios-do-e-amadora-aprovam-contas-de-2025-por-unanimidade\/","name":"S\u00f3cios do E. Amadora aprovam contas de 2025 por unanimidade - Portal Tela Portugal","isPartOf":{"@id":"https:\/\/portaltela.pt\/#website"},"primaryImageOfPage":{"@id":"https:\/\/portaltela.pt\/noticias\/2026\/04\/30\/socios-do-e-amadora-aprovam-contas-de-2025-por-unanimidade\/#primaryimage"},"image":{"@id":"https:\/\/portaltela.pt\/noticias\/2026\/04\/30\/socios-do-e-amadora-aprovam-contas-de-2025-por-unanimidade\/#primaryimage"},"thumbnailUrl":"https:\/\/portaltela.pt\/s.01k8rhncp4jt1\/2026\/04\/img_920x518uu2026-04-11-12-49-04-2432349.jpg","datePublished":"2026-04-30T07:18:14+00:00","author":{"@id":"https:\/\/portaltela.pt\/#\/schema\/person\/c4278d4a6028830caff9ee44b42d32ed"},"breadcrumb":{"@id":"https:\/\/portaltela.pt\/noticias\/2026\/04\/30\/socios-do-e-amadora-aprovam-contas-de-2025-por-unanimidade\/#breadcrumb"},"inLanguage":"pt-PT","potentialAction":[{"@type":"ReadAction","target":["https:\/\/portaltela.pt\/noticias\/2026\/04\/30\/socios-do-e-amadora-aprovam-contas-de-2025-por-unanimidade\/"]}]},{"@type":"ImageObject","inLanguage":"pt-PT","@id":"https:\/\/portaltela.pt\/noticias\/2026\/04\/30\/socios-do-e-amadora-aprovam-contas-de-2025-por-unanimidade\/#primaryimage","url":"https:\/\/portaltela.pt\/s.01k8rhncp4jt1\/2026\/04\/img_920x518uu2026-04-11-12-49-04-2432349.jpg","contentUrl":"https:\/\/portaltela.pt\/s.01k8rhncp4jt1\/2026\/04\/img_920x518uu2026-04-11-12-49-04-2432349.jpg","width":796,"height":448,"caption":"Vista geral do Est\u00e1dio Jos\u00e9 Gomes, na Amadora"},{"@type":"BreadcrumbList","@id":"https:\/\/portaltela.pt\/noticias\/2026\/04\/30\/socios-do-e-amadora-aprovam-contas-de-2025-por-unanimidade\/#breadcrumb","itemListElement":[{"@type":"ListItem","position":1,"name":"In\u00edcio","item":"https:\/\/portaltela.pt\/"},{"@type":"ListItem","position":2,"name":"S\u00f3cios do E. Amadora aprovam contas de 2025 por unanimidade"}]},{"@type":"WebSite","@id":"https:\/\/portaltela.pt\/#website","url":"https:\/\/portaltela.pt\/","name":"Portal Tela Portugal","description":"","potentialAction":[{"@type":"SearchAction","target":{"@type":"EntryPoint","urlTemplate":"https:\/\/portaltela.pt\/?s={search_term_string}"},"query-input":{"@type":"PropertyValueSpecification","valueRequired":true,"valueName":"search_term_string"}}],"inLanguage":"pt-PT"},{"@type":"Person","@id":"https:\/\/portaltela.pt\/#\/schema\/person\/c4278d4a6028830caff9ee44b42d32ed","name":"Telinha","image":{"@type":"ImageObject","inLanguage":"pt-PT","@id":"https:\/\/portaltela.pt\/s.01k8rhncp4jt1\/2025\/11\/talking-bot-125x125.png","url":"https:\/\/portaltela.pt\/s.01k8rhncp4jt1\/2025\/11\/talking-bot-125x125.png","contentUrl":"https:\/\/portaltela.pt\/s.01k8rhncp4jt1\/2025\/11\/talking-bot-125x125.png","caption":"Telinha"},"sameAs":["https:\/\/portaltela.pt\/"],"url":"https:\/\/portaltela.pt\/por\/367410592786\/"}]}},"_links":{"self":[{"href":"https:\/\/portaltela.pt\/api\/wp\/v2\/posts\/461897","targetHints":{"allow":["GET"]}}],"collection":[{"href":"https:\/\/portaltela.pt\/api\/wp\/v2\/posts"}],"about":[{"href":"https:\/\/portaltela.pt\/api\/wp\/v2\/types\/post"}],"author":[{"embeddable":true,"href":"https:\/\/portaltela.pt\/api\/wp\/v2\/users\/2"}],"replies":[{"embeddable":true,"href":"https:\/\/portaltela.pt\/api\/wp\/v2\/comments?post=461897"}],"version-history":[{"count":0,"href":"https:\/\/portaltela.pt\/api\/wp\/v2\/posts\/461897\/revisions"}],"wp:featuredmedia":[{"embeddable":true,"href":"https:\/\/portaltela.pt\/api\/wp\/v2\/media\/461899"}],"wp:attachment":[{"href":"https:\/\/portaltela.pt\/api\/wp\/v2\/media?parent=461897"}],"wp:term":[{"taxonomy":"category","embeddable":true,"href":"https:\/\/portaltela.pt\/api\/wp\/v2\/categories?post=461897"},{"taxonomy":"post_tag","embeddable":true,"href":"https:\/\/portaltela.pt\/api\/wp\/v2\/tags?post=461897"}],"curies":[{"name":"wp","href":"https:\/\/api.w.org\/{rel}","templated":true}]}}