{"id":461890,"date":"2026-04-30T04:17:58","date_gmt":"2026-04-30T07:17:58","guid":{"rendered":"https:\/\/portaltela.pt\/noticias\/2026\/04\/30\/metade-dos-detidos-sem-carta-tem-menos-de-40-anos\/"},"modified":"2026-04-30T04:17:58","modified_gmt":"2026-04-30T07:17:58","slug":"metade-dos-detidos-sem-carta-tem-menos-de-40-anos","status":"publish","type":"post","link":"https:\/\/portaltela.pt\/criminalidade\/2026\/04\/30\/metade-dos-detidos-sem-carta-tem-menos-de-40-anos\/","title":{"rendered":"Metade dos detidos sem carta tem menos de 40 anos"},"content":{"rendered":"<p>Mais de 7.525 deten\u00e7\u00f5es por condu\u00e7\u00e3o sem carta registaram-se em 2025, segundo dados da GNR. A maioria dos arguidos tem menos de 40 anos.<\/p>\n<p>Entre os detidos, 44,8% t\u00eam entre 25 e 40 anos. A GNR aponta que estes homens e mulheres nunca chegaram a possuir o documento necess\u00e1rio para conduzir.<\/p>\n<p>A institui\u00e7\u00e3o acrescenta que a maior parte dos casos envolve pessoas sem qualquer carta de condu\u00e7\u00e3o, n\u00e3o apenas casos de caducidade. A ideia \u00e9 que o atraso n\u00e3o se deve apenas \u00e0 renova\u00e7\u00e3o.<\/p>\n<p>A GNR lembra ainda que quem ultrapassou o prazo de renova\u00e7\u00e3o representa uma minoria dos detidos sem carta, refor\u00e7ando a tendencia de incumprimento de quem nunca teve carta.<\/p>\n","protected":false},"excerpt":{"rendered":"<ul>\n<li>A GNR registou 7.525 deten\u00e7\u00f5es em 2025 por condu\u00e7\u00e3o sem carta.<\/li>\n<li>Mais da metade dos detidos t\u00eam menos de 40 anos.<\/li>\n<li>44,8% est\u00e3o entre os 25 e os 40 anos.<\/li>\n<li>A GNR explica que s\u00e3o pessoas que nunca chegaram a ter o documento.<\/li>\n<li>Quem excedeu o prazo legal de renova\u00e7\u00e3o \u00e9 minority, segundo a GNR.<\/li>\n<\/ul>\n","protected":false},"author":2,"featured_media":461892,"comment_status":"closed","ping_status":"closed","sticky":false,"template":"","format":"standard","meta":{"footnotes":""},"categories":[7374],"tags":[8227,5423,1806,250,1629],"class_list":["post-461890","post","type-post","status-publish","format-standard","has-post-thumbnail","hentry","category-criminalidade","tag-_gnr","tag-condutores","tag-falta-de-habilitacao","tag-seguranca-publica","tag-transito"],"yoast_head":"<!-- This site is optimized with the Yoast SEO plugin v27.2 - https:\/\/yoast.com\/product\/yoast-seo-wordpress\/ -->\n<title>Metade dos detidos sem carta tem menos de 40 anos - Portal Tela Portugal<\/title>\n<meta name=\"robots\" content=\"index, follow, max-snippet:-1, max-image-preview:large, max-video-preview:-1\" \/>\n<meta property=\"og:locale\" content=\"pt_PT\" \/>\n<meta property=\"og:type\" content=\"article\" \/>\n<meta property=\"og:title\" content=\"Metade dos detidos sem carta tem menos de 40 anos - Portal Tela Portugal\" \/>\n<meta property=\"og:description\" content=\"A GNR registou 7.525 deten\u00e7\u00f5es em 2025 por condu\u00e7\u00e3o sem carta. Mais da metade dos detidos t\u00eam menos de 40 anos. 44,8% est\u00e3o entre os 25 e os 40 anos. A GNR explica que s\u00e3o pessoas que nunca chegaram a ter o documento. Quem excedeu o prazo legal de renova\u00e7\u00e3o \u00e9 minority, segundo a GNR.\" \/>\n<meta property=\"og:url\" content=\"https:\/\/portaltela.pt\/noticias\/2026\/04\/30\/metade-dos-detidos-sem-carta-tem-menos-de-40-anos\/\" \/>\n<meta property=\"og:site_name\" content=\"Portal Tela Portugal\" \/>\n<meta property=\"article:published_time\" content=\"2026-04-30T07:17:58+00:00\" \/>\n<meta name=\"author\" content=\"Telinha\" \/>\n<meta name=\"twitter:card\" content=\"summary_large_image\" \/>\n<meta name=\"twitter:label1\" content=\"Escrito por\" \/>\n\t<meta name=\"twitter:data1\" content=\"Telinha\" \/>\n\t<meta name=\"twitter:label2\" content=\"Tempo estimado de leitura\" \/>\n\t<meta name=\"twitter:data2\" content=\"1 minuto\" \/>\n<script type=\"application\/ld+json\" class=\"yoast-schema-graph\">{\"@context\":\"https:\/\/schema.org\",\"@graph\":[{\"@type\":\"Article\",\"@id\":\"https:\/\/portaltela.pt\/noticias\/2026\/04\/30\/metade-dos-detidos-sem-carta-tem-menos-de-40-anos\/#article\",\"isPartOf\":{\"@id\":\"https:\/\/portaltela.pt\/noticias\/2026\/04\/30\/metade-dos-detidos-sem-carta-tem-menos-de-40-anos\/\"},\"author\":{\"name\":\"Telinha\",\"@id\":\"https:\/\/portaltela.pt\/#\/schema\/person\/c4278d4a6028830caff9ee44b42d32ed\"},\"headline\":\"Metade dos detidos sem carta tem menos de 40 anos\",\"datePublished\":\"2026-04-30T07:17:58+00:00\",\"mainEntityOfPage\":{\"@id\":\"https:\/\/portaltela.pt\/noticias\/2026\/04\/30\/metade-dos-detidos-sem-carta-tem-menos-de-40-anos\/\"},\"wordCount\":124,\"image\":{\"@id\":\"https:\/\/portaltela.pt\/noticias\/2026\/04\/30\/metade-dos-detidos-sem-carta-tem-menos-de-40-anos\/#primaryimage\"},\"thumbnailUrl\":\"https:\/\/portaltela.pt\/s.01k8rhncp4jt1\/2026\/04\/img_1280x721uu2025-11-03-10-58-23-2245074.jpg\",\"keywords\":[\"_GNR\",\"condutores\",\"falta de habilita\u00e7\u00e3o\",\"seguran\u00e7a p\u00fablica\",\"tr\u00e2nsito\"],\"articleSection\":[\"Criminalidade\"],\"inLanguage\":\"pt-PT\"},{\"@type\":\"WebPage\",\"@id\":\"https:\/\/portaltela.pt\/noticias\/2026\/04\/30\/metade-dos-detidos-sem-carta-tem-menos-de-40-anos\/\",\"url\":\"https:\/\/portaltela.pt\/noticias\/2026\/04\/30\/metade-dos-detidos-sem-carta-tem-menos-de-40-anos\/\",\"name\":\"Metade dos detidos sem carta tem menos de 40 anos - Portal Tela Portugal\",\"isPartOf\":{\"@id\":\"https:\/\/portaltela.pt\/#website\"},\"primaryImageOfPage\":{\"@id\":\"https:\/\/portaltela.pt\/noticias\/2026\/04\/30\/metade-dos-detidos-sem-carta-tem-menos-de-40-anos\/#primaryimage\"},\"image\":{\"@id\":\"https:\/\/portaltela.pt\/noticias\/2026\/04\/30\/metade-dos-detidos-sem-carta-tem-menos-de-40-anos\/#primaryimage\"},\"thumbnailUrl\":\"https:\/\/portaltela.pt\/s.01k8rhncp4jt1\/2026\/04\/img_1280x721uu2025-11-03-10-58-23-2245074.jpg\",\"datePublished\":\"2026-04-30T07:17:58+00:00\",\"author\":{\"@id\":\"https:\/\/portaltela.pt\/#\/schema\/person\/c4278d4a6028830caff9ee44b42d32ed\"},\"breadcrumb\":{\"@id\":\"https:\/\/portaltela.pt\/noticias\/2026\/04\/30\/metade-dos-detidos-sem-carta-tem-menos-de-40-anos\/#breadcrumb\"},\"inLanguage\":\"pt-PT\",\"potentialAction\":[{\"@type\":\"ReadAction\",\"target\":[\"https:\/\/portaltela.pt\/noticias\/2026\/04\/30\/metade-dos-detidos-sem-carta-tem-menos-de-40-anos\/\"]}]},{\"@type\":\"ImageObject\",\"inLanguage\":\"pt-PT\",\"@id\":\"https:\/\/portaltela.pt\/noticias\/2026\/04\/30\/metade-dos-detidos-sem-carta-tem-menos-de-40-anos\/#primaryimage\",\"url\":\"https:\/\/portaltela.pt\/s.01k8rhncp4jt1\/2026\/04\/img_1280x721uu2025-11-03-10-58-23-2245074.jpg\",\"contentUrl\":\"https:\/\/portaltela.pt\/s.01k8rhncp4jt1\/2026\/04\/img_1280x721uu2025-11-03-10-58-23-2245074.jpg\",\"width\":796,\"height\":448,\"caption\":\"Conduzir sem carta\"},{\"@type\":\"BreadcrumbList\",\"@id\":\"https:\/\/portaltela.pt\/noticias\/2026\/04\/30\/metade-dos-detidos-sem-carta-tem-menos-de-40-anos\/#breadcrumb\",\"itemListElement\":[{\"@type\":\"ListItem\",\"position\":1,\"name\":\"In\u00edcio\",\"item\":\"https:\/\/portaltela.pt\/\"},{\"@type\":\"ListItem\",\"position\":2,\"name\":\"Metade dos detidos sem carta tem menos de 40 anos\"}]},{\"@type\":\"WebSite\",\"@id\":\"https:\/\/portaltela.pt\/#website\",\"url\":\"https:\/\/portaltela.pt\/\",\"name\":\"Portal Tela Portugal\",\"description\":\"\",\"potentialAction\":[{\"@type\":\"SearchAction\",\"target\":{\"@type\":\"EntryPoint\",\"urlTemplate\":\"https:\/\/portaltela.pt\/?s={search_term_string}\"},\"query-input\":{\"@type\":\"PropertyValueSpecification\",\"valueRequired\":true,\"valueName\":\"search_term_string\"}}],\"inLanguage\":\"pt-PT\"},{\"@type\":\"Person\",\"@id\":\"https:\/\/portaltela.pt\/#\/schema\/person\/c4278d4a6028830caff9ee44b42d32ed\",\"name\":\"Telinha\",\"image\":{\"@type\":\"ImageObject\",\"inLanguage\":\"pt-PT\",\"@id\":\"https:\/\/portaltela.pt\/s.01k8rhncp4jt1\/2025\/11\/talking-bot-125x125.png\",\"url\":\"https:\/\/portaltela.pt\/s.01k8rhncp4jt1\/2025\/11\/talking-bot-125x125.png\",\"contentUrl\":\"https:\/\/portaltela.pt\/s.01k8rhncp4jt1\/2025\/11\/talking-bot-125x125.png\",\"caption\":\"Telinha\"},\"sameAs\":[\"https:\/\/portaltela.pt\/\"],\"url\":\"https:\/\/portaltela.pt\/por\/367410592786\/\"}]}<\/script>\n<!-- \/ Yoast SEO plugin. -->","yoast_head_json":{"title":"Metade dos detidos sem carta tem menos de 40 anos - Portal Tela Portugal","robots":{"index":"index","follow":"follow","max-snippet":"max-snippet:-1","max-image-preview":"max-image-preview:large","max-video-preview":"max-video-preview:-1"},"og_locale":"pt_PT","og_type":"article","og_title":"Metade dos detidos sem carta tem menos de 40 anos - Portal Tela Portugal","og_description":"A GNR registou 7.525 deten\u00e7\u00f5es em 2025 por condu\u00e7\u00e3o sem carta. Mais da metade dos detidos t\u00eam menos de 40 anos. 44,8% est\u00e3o entre os 25 e os 40 anos. A GNR explica que s\u00e3o pessoas que nunca chegaram a ter o documento. Quem excedeu o prazo legal de renova\u00e7\u00e3o \u00e9 minority, segundo a GNR.","og_url":"https:\/\/portaltela.pt\/noticias\/2026\/04\/30\/metade-dos-detidos-sem-carta-tem-menos-de-40-anos\/","og_site_name":"Portal Tela Portugal","article_published_time":"2026-04-30T07:17:58+00:00","author":"Telinha","twitter_card":"summary_large_image","twitter_misc":{"Escrito por":"Telinha","Tempo estimado de leitura":"1 minuto"},"schema":{"@context":"https:\/\/schema.org","@graph":[{"@type":"Article","@id":"https:\/\/portaltela.pt\/noticias\/2026\/04\/30\/metade-dos-detidos-sem-carta-tem-menos-de-40-anos\/#article","isPartOf":{"@id":"https:\/\/portaltela.pt\/noticias\/2026\/04\/30\/metade-dos-detidos-sem-carta-tem-menos-de-40-anos\/"},"author":{"name":"Telinha","@id":"https:\/\/portaltela.pt\/#\/schema\/person\/c4278d4a6028830caff9ee44b42d32ed"},"headline":"Metade dos detidos sem carta tem menos de 40 anos","datePublished":"2026-04-30T07:17:58+00:00","mainEntityOfPage":{"@id":"https:\/\/portaltela.pt\/noticias\/2026\/04\/30\/metade-dos-detidos-sem-carta-tem-menos-de-40-anos\/"},"wordCount":124,"image":{"@id":"https:\/\/portaltela.pt\/noticias\/2026\/04\/30\/metade-dos-detidos-sem-carta-tem-menos-de-40-anos\/#primaryimage"},"thumbnailUrl":"https:\/\/portaltela.pt\/s.01k8rhncp4jt1\/2026\/04\/img_1280x721uu2025-11-03-10-58-23-2245074.jpg","keywords":["_GNR","condutores","falta de habilita\u00e7\u00e3o","seguran\u00e7a p\u00fablica","tr\u00e2nsito"],"articleSection":["Criminalidade"],"inLanguage":"pt-PT"},{"@type":"WebPage","@id":"https:\/\/portaltela.pt\/noticias\/2026\/04\/30\/metade-dos-detidos-sem-carta-tem-menos-de-40-anos\/","url":"https:\/\/portaltela.pt\/noticias\/2026\/04\/30\/metade-dos-detidos-sem-carta-tem-menos-de-40-anos\/","name":"Metade dos detidos sem carta tem menos de 40 anos - Portal Tela Portugal","isPartOf":{"@id":"https:\/\/portaltela.pt\/#website"},"primaryImageOfPage":{"@id":"https:\/\/portaltela.pt\/noticias\/2026\/04\/30\/metade-dos-detidos-sem-carta-tem-menos-de-40-anos\/#primaryimage"},"image":{"@id":"https:\/\/portaltela.pt\/noticias\/2026\/04\/30\/metade-dos-detidos-sem-carta-tem-menos-de-40-anos\/#primaryimage"},"thumbnailUrl":"https:\/\/portaltela.pt\/s.01k8rhncp4jt1\/2026\/04\/img_1280x721uu2025-11-03-10-58-23-2245074.jpg","datePublished":"2026-04-30T07:17:58+00:00","author":{"@id":"https:\/\/portaltela.pt\/#\/schema\/person\/c4278d4a6028830caff9ee44b42d32ed"},"breadcrumb":{"@id":"https:\/\/portaltela.pt\/noticias\/2026\/04\/30\/metade-dos-detidos-sem-carta-tem-menos-de-40-anos\/#breadcrumb"},"inLanguage":"pt-PT","potentialAction":[{"@type":"ReadAction","target":["https:\/\/portaltela.pt\/noticias\/2026\/04\/30\/metade-dos-detidos-sem-carta-tem-menos-de-40-anos\/"]}]},{"@type":"ImageObject","inLanguage":"pt-PT","@id":"https:\/\/portaltela.pt\/noticias\/2026\/04\/30\/metade-dos-detidos-sem-carta-tem-menos-de-40-anos\/#primaryimage","url":"https:\/\/portaltela.pt\/s.01k8rhncp4jt1\/2026\/04\/img_1280x721uu2025-11-03-10-58-23-2245074.jpg","contentUrl":"https:\/\/portaltela.pt\/s.01k8rhncp4jt1\/2026\/04\/img_1280x721uu2025-11-03-10-58-23-2245074.jpg","width":796,"height":448,"caption":"Conduzir sem carta"},{"@type":"BreadcrumbList","@id":"https:\/\/portaltela.pt\/noticias\/2026\/04\/30\/metade-dos-detidos-sem-carta-tem-menos-de-40-anos\/#breadcrumb","itemListElement":[{"@type":"ListItem","position":1,"name":"In\u00edcio","item":"https:\/\/portaltela.pt\/"},{"@type":"ListItem","position":2,"name":"Metade dos detidos sem carta tem menos de 40 anos"}]},{"@type":"WebSite","@id":"https:\/\/portaltela.pt\/#website","url":"https:\/\/portaltela.pt\/","name":"Portal Tela Portugal","description":"","potentialAction":[{"@type":"SearchAction","target":{"@type":"EntryPoint","urlTemplate":"https:\/\/portaltela.pt\/?s={search_term_string}"},"query-input":{"@type":"PropertyValueSpecification","valueRequired":true,"valueName":"search_term_string"}}],"inLanguage":"pt-PT"},{"@type":"Person","@id":"https:\/\/portaltela.pt\/#\/schema\/person\/c4278d4a6028830caff9ee44b42d32ed","name":"Telinha","image":{"@type":"ImageObject","inLanguage":"pt-PT","@id":"https:\/\/portaltela.pt\/s.01k8rhncp4jt1\/2025\/11\/talking-bot-125x125.png","url":"https:\/\/portaltela.pt\/s.01k8rhncp4jt1\/2025\/11\/talking-bot-125x125.png","contentUrl":"https:\/\/portaltela.pt\/s.01k8rhncp4jt1\/2025\/11\/talking-bot-125x125.png","caption":"Telinha"},"sameAs":["https:\/\/portaltela.pt\/"],"url":"https:\/\/portaltela.pt\/por\/367410592786\/"}]}},"_links":{"self":[{"href":"https:\/\/portaltela.pt\/api\/wp\/v2\/posts\/461890","targetHints":{"allow":["GET"]}}],"collection":[{"href":"https:\/\/portaltela.pt\/api\/wp\/v2\/posts"}],"about":[{"href":"https:\/\/portaltela.pt\/api\/wp\/v2\/types\/post"}],"author":[{"embeddable":true,"href":"https:\/\/portaltela.pt\/api\/wp\/v2\/users\/2"}],"replies":[{"embeddable":true,"href":"https:\/\/portaltela.pt\/api\/wp\/v2\/comments?post=461890"}],"version-history":[{"count":0,"href":"https:\/\/portaltela.pt\/api\/wp\/v2\/posts\/461890\/revisions"}],"wp:featuredmedia":[{"embeddable":true,"href":"https:\/\/portaltela.pt\/api\/wp\/v2\/media\/461892"}],"wp:attachment":[{"href":"https:\/\/portaltela.pt\/api\/wp\/v2\/media?parent=461890"}],"wp:term":[{"taxonomy":"category","embeddable":true,"href":"https:\/\/portaltela.pt\/api\/wp\/v2\/categories?post=461890"},{"taxonomy":"post_tag","embeddable":true,"href":"https:\/\/portaltela.pt\/api\/wp\/v2\/tags?post=461890"}],"curies":[{"name":"wp","href":"https:\/\/api.w.org\/{rel}","templated":true}]}}