{"id":461885,"date":"2026-04-30T04:03:11","date_gmt":"2026-04-30T07:03:11","guid":{"rendered":"https:\/\/portaltela.pt\/noticias\/2026\/04\/30\/reino-unido-e-nove-paises-europeus-criam-forca-naval-complementar-da-nato\/"},"modified":"2026-04-30T04:03:11","modified_gmt":"2026-04-30T07:03:11","slug":"reino-unido-e-nove-paises-europeus-criam-forca-naval-complementar-da-nato","status":"publish","type":"post","link":"https:\/\/portaltela.pt\/noticias\/internacional\/2026\/04\/30\/reino-unido-e-nove-paises-europeus-criam-forca-naval-complementar-da-nato\/","title":{"rendered":"Reino Unido e nove pa\u00edses europeus criam for\u00e7a naval complementar da NATO"},"content":{"rendered":"<p>O Reino Unido anunciou a cria\u00e7\u00e3o de uma for\u00e7a naval conjunta com nove pa\u00edses europeus, designada como complemento da NATO. O objetivo \u00e9 dissuadir futuras amea\u00e7as da Federa\u00e7\u00e3o Russa a partir da fronteira mar\u00edtima norte.<\/p>\n<p>Entre os signat\u00e1rios est\u00e3o Dinamarca, Est\u00f3nia, Finl\u00e2ndia, Isl\u00e2ndia, Let\u00f3nia, Litu\u00e2nia, Su\u00e9cia, Noruega e Pa\u00edses Baixos. O acordo foi formalizado na semana anterior, conforme referiu o chefe da Marinha brit\u00e2nica, o general Gwyn Jenkins.<\/p>\n<p>A coopera\u00e7\u00e3o visa operacionalizar uma for\u00e7a mar\u00edtima h\u00edbrida, capaz de atuar \u00e0 frente das \u00e1guas do \u00c1rtico e do Atl\u00e2ntico Norte. Jenkins indicou que as incurs\u00f5es russas nas \u00e1guas brit\u00e2nicas aumentaram consideravelmente nos \u00faltimos dois anos.<\/p>\n<p>A iniciativa surge para fortalecer a presen\u00e7a de aliados na regi\u00e3o sem incluir os Estados Unidos, que n\u00e3o integram o novo conceito. O an\u00fancio foi feito atrav\u00e9s de declara\u00e7\u00f5es oficiais e redes sociais do \u00f3rg\u00e3o brit\u00e2nico.<\/p>\n<p>Segundo a autoridade naval, o objetivo \u00e9 desenvolver propostas detalhadas para a for\u00e7a conjunta, com planos de a\u00e7\u00f5es coordenadas entre os pa\u00edses envolvidos. A imprensa foi informada de que o formato busca r\u00e1pida interoperabilidade entre as marinhas.<\/p>\n<p>O posicionamento ocorre num contexto de tens\u00f5es na regi\u00e3o, com \u00eanfase na garantia de seguran\u00e7a mar\u00edtima norte-asi\u00e1tica e no incremento da dissuas\u00e3o. A iniciativa pretende ainda refor\u00e7ar a coordena\u00e7\u00e3o de capacidades navais entre os parceiros europeus.<\/p>\n","protected":false},"excerpt":{"rendered":"<ul>\n<li>Reino Unido, Dinamarca, Est\u00f3nia, Finl\u00e2ndia, Isl\u00e2ndia, Let\u00f3nia, Litu\u00e2nia, Su\u00e9cia, Noruega e Pa\u00edses Baixos criam uma for\u00e7a naval complementar da NATO para dissuadir futuras amea\u00e7as da Federa\u00e7\u00e3o Russa a partir da fronteira mar\u00edtima aberta no norte.<\/li>\n<li>A Marinha Real brit\u00e2nica anunciou o acordo na quarta-feira; a for\u00e7a multinacional visa operar no \u00c1rtico e no Atl\u00e2ntico Norte como apoio \u00e0 NATO.<\/li>\n<li>A iniciativa aponta para passar das palavras \u00e0 a\u00e7\u00e3o, com uma \u201cMarinha h\u00edbrida\u201d de aliados do Norte, ap\u00f3s uma declara\u00e7\u00e3o de inten\u00e7\u00f5es assinada pela For\u00e7a Expedicion\u00e1ria Conjunta.<\/li>\n<li>O chefe da Marinha, o general Gwyn Jenkins, divulgou o an\u00fancio nas redes sociais, destacando que o acordo foi fechado na semana anterior.<\/li>\n<li>A nova for\u00e7a n\u00e3o inclui os Estados Unidos, cujo presidente, Donald Trump, j\u00e1 descreveu os porta-avi\u00f5es brit\u00e2nicos como \u201cbrinquedos\u201d.<\/li>\n<\/ul>\n","protected":false},"author":2,"featured_media":461887,"comment_status":"closed","ping_status":"closed","sticky":false,"template":"","format":"standard","meta":{"footnotes":""},"categories":[6814,4],"tags":[8149,7991,8389,8094,8006,8056],"class_list":["post-461885","post","type-post","status-publish","format-standard","has-post-thumbnail","hentry","category-geopolitica","category-internacional","tag-_aliancas-internacionais","tag-_cooperacao-internacional","tag-_forcas-armadas","tag-_internacionais","tag-_marinha","tag-_uniao-europeia"],"yoast_head":"<!-- This site is optimized with the Yoast SEO plugin v27.2 - https:\/\/yoast.com\/product\/yoast-seo-wordpress\/ -->\n<title>Reino Unido e nove pa\u00edses europeus criam for\u00e7a naval complementar da NATO - Portal Tela Portugal<\/title>\n<meta name=\"robots\" content=\"index, follow, max-snippet:-1, max-image-preview:large, max-video-preview:-1\" \/>\n<meta property=\"og:locale\" content=\"pt_PT\" \/>\n<meta property=\"og:type\" content=\"article\" \/>\n<meta property=\"og:title\" content=\"Reino Unido e nove pa\u00edses europeus criam for\u00e7a naval complementar da NATO - Portal Tela Portugal\" \/>\n<meta property=\"og:description\" content=\"Reino Unido, Dinamarca, Est\u00f3nia, Finl\u00e2ndia, Isl\u00e2ndia, Let\u00f3nia, Litu\u00e2nia, Su\u00e9cia, Noruega e Pa\u00edses Baixos criam uma for\u00e7a naval complementar da NATO para dissuadir futuras amea\u00e7as da Federa\u00e7\u00e3o Russa a partir da fronteira mar\u00edtima aberta no norte. A Marinha Real brit\u00e2nica anunciou o acordo na quarta-feira; a for\u00e7a multinacional visa operar no \u00c1rtico e no Atl\u00e2ntico Norte como apoio \u00e0 NATO. A iniciativa aponta para passar das palavras \u00e0 a\u00e7\u00e3o, com uma \u201cMarinha h\u00edbrida\u201d de aliados do Norte, ap\u00f3s uma declara\u00e7\u00e3o de inten\u00e7\u00f5es assinada pela For\u00e7a Expedicion\u00e1ria Conjunta. O chefe da Marinha, o general Gwyn Jenkins, divulgou o an\u00fancio nas redes sociais, destacando que o acordo foi fechado na semana anterior. A nova for\u00e7a n\u00e3o inclui os Estados Unidos, cujo presidente, Donald Trump, j\u00e1 descreveu os porta-avi\u00f5es brit\u00e2nicos como \u201cbrinquedos\u201d.\" \/>\n<meta property=\"og:url\" content=\"https:\/\/portaltela.pt\/noticias\/2026\/04\/30\/reino-unido-e-nove-paises-europeus-criam-forca-naval-complementar-da-nato\/\" \/>\n<meta property=\"og:site_name\" content=\"Portal Tela Portugal\" \/>\n<meta property=\"article:published_time\" content=\"2026-04-30T07:03:11+00:00\" \/>\n<meta name=\"author\" content=\"Telinha\" \/>\n<meta name=\"twitter:card\" content=\"summary_large_image\" \/>\n<meta name=\"twitter:label1\" content=\"Escrito por\" \/>\n\t<meta name=\"twitter:data1\" content=\"Telinha\" \/>\n\t<meta name=\"twitter:label2\" content=\"Tempo estimado de leitura\" \/>\n\t<meta name=\"twitter:data2\" content=\"1 minuto\" \/>\n<script type=\"application\/ld+json\" class=\"yoast-schema-graph\">{\"@context\":\"https:\/\/schema.org\",\"@graph\":[{\"@type\":\"Article\",\"@id\":\"https:\/\/portaltela.pt\/noticias\/2026\/04\/30\/reino-unido-e-nove-paises-europeus-criam-forca-naval-complementar-da-nato\/#article\",\"isPartOf\":{\"@id\":\"https:\/\/portaltela.pt\/noticias\/2026\/04\/30\/reino-unido-e-nove-paises-europeus-criam-forca-naval-complementar-da-nato\/\"},\"author\":{\"name\":\"Telinha\",\"@id\":\"https:\/\/portaltela.pt\/#\/schema\/person\/c4278d4a6028830caff9ee44b42d32ed\"},\"headline\":\"Reino Unido e nove pa\u00edses europeus criam for\u00e7a naval complementar da NATO\",\"datePublished\":\"2026-04-30T07:03:11+00:00\",\"mainEntityOfPage\":{\"@id\":\"https:\/\/portaltela.pt\/noticias\/2026\/04\/30\/reino-unido-e-nove-paises-europeus-criam-forca-naval-complementar-da-nato\/\"},\"wordCount\":267,\"image\":{\"@id\":\"https:\/\/portaltela.pt\/noticias\/2026\/04\/30\/reino-unido-e-nove-paises-europeus-criam-forca-naval-complementar-da-nato\/#primaryimage\"},\"thumbnailUrl\":\"https:\/\/portaltela.pt\/s.01k8rhncp4jt1\/2026\/04\/2085115.jpg\",\"keywords\":[\"_alian\u00e7as internacionais\",\"_coopera\u00e7\u00e3o internacional\",\"_For\u00e7as Armadas\",\"_internacionais\",\"_Marinha\",\"_Uni\u00e3o Europeia\"],\"articleSection\":[\"Geopol\u00edtica\",\"Internacional\"],\"inLanguage\":\"pt-PT\"},{\"@type\":\"WebPage\",\"@id\":\"https:\/\/portaltela.pt\/noticias\/2026\/04\/30\/reino-unido-e-nove-paises-europeus-criam-forca-naval-complementar-da-nato\/\",\"url\":\"https:\/\/portaltela.pt\/noticias\/2026\/04\/30\/reino-unido-e-nove-paises-europeus-criam-forca-naval-complementar-da-nato\/\",\"name\":\"Reino Unido e nove pa\u00edses europeus criam for\u00e7a naval complementar da NATO - Portal Tela Portugal\",\"isPartOf\":{\"@id\":\"https:\/\/portaltela.pt\/#website\"},\"primaryImageOfPage\":{\"@id\":\"https:\/\/portaltela.pt\/noticias\/2026\/04\/30\/reino-unido-e-nove-paises-europeus-criam-forca-naval-complementar-da-nato\/#primaryimage\"},\"image\":{\"@id\":\"https:\/\/portaltela.pt\/noticias\/2026\/04\/30\/reino-unido-e-nove-paises-europeus-criam-forca-naval-complementar-da-nato\/#primaryimage\"},\"thumbnailUrl\":\"https:\/\/portaltela.pt\/s.01k8rhncp4jt1\/2026\/04\/2085115.jpg\",\"datePublished\":\"2026-04-30T07:03:11+00:00\",\"author\":{\"@id\":\"https:\/\/portaltela.pt\/#\/schema\/person\/c4278d4a6028830caff9ee44b42d32ed\"},\"breadcrumb\":{\"@id\":\"https:\/\/portaltela.pt\/noticias\/2026\/04\/30\/reino-unido-e-nove-paises-europeus-criam-forca-naval-complementar-da-nato\/#breadcrumb\"},\"inLanguage\":\"pt-PT\",\"potentialAction\":[{\"@type\":\"ReadAction\",\"target\":[\"https:\/\/portaltela.pt\/noticias\/2026\/04\/30\/reino-unido-e-nove-paises-europeus-criam-forca-naval-complementar-da-nato\/\"]}]},{\"@type\":\"ImageObject\",\"inLanguage\":\"pt-PT\",\"@id\":\"https:\/\/portaltela.pt\/noticias\/2026\/04\/30\/reino-unido-e-nove-paises-europeus-criam-forca-naval-complementar-da-nato\/#primaryimage\",\"url\":\"https:\/\/portaltela.pt\/s.01k8rhncp4jt1\/2026\/04\/2085115.jpg\",\"contentUrl\":\"https:\/\/portaltela.pt\/s.01k8rhncp4jt1\/2026\/04\/2085115.jpg\",\"width\":796,\"height\":448,\"caption\":\"HMS Queen Elizabeth, navio porta-avi\u00f5es operado pela Marinha Real Brit\u00e2nica\"},{\"@type\":\"BreadcrumbList\",\"@id\":\"https:\/\/portaltela.pt\/noticias\/2026\/04\/30\/reino-unido-e-nove-paises-europeus-criam-forca-naval-complementar-da-nato\/#breadcrumb\",\"itemListElement\":[{\"@type\":\"ListItem\",\"position\":1,\"name\":\"In\u00edcio\",\"item\":\"https:\/\/portaltela.pt\/\"},{\"@type\":\"ListItem\",\"position\":2,\"name\":\"Reino Unido e nove pa\u00edses europeus criam for\u00e7a naval complementar da NATO\"}]},{\"@type\":\"WebSite\",\"@id\":\"https:\/\/portaltela.pt\/#website\",\"url\":\"https:\/\/portaltela.pt\/\",\"name\":\"Portal Tela Portugal\",\"description\":\"\",\"potentialAction\":[{\"@type\":\"SearchAction\",\"target\":{\"@type\":\"EntryPoint\",\"urlTemplate\":\"https:\/\/portaltela.pt\/?s={search_term_string}\"},\"query-input\":{\"@type\":\"PropertyValueSpecification\",\"valueRequired\":true,\"valueName\":\"search_term_string\"}}],\"inLanguage\":\"pt-PT\"},{\"@type\":\"Person\",\"@id\":\"https:\/\/portaltela.pt\/#\/schema\/person\/c4278d4a6028830caff9ee44b42d32ed\",\"name\":\"Telinha\",\"image\":{\"@type\":\"ImageObject\",\"inLanguage\":\"pt-PT\",\"@id\":\"https:\/\/portaltela.pt\/s.01k8rhncp4jt1\/2025\/11\/talking-bot-125x125.png\",\"url\":\"https:\/\/portaltela.pt\/s.01k8rhncp4jt1\/2025\/11\/talking-bot-125x125.png\",\"contentUrl\":\"https:\/\/portaltela.pt\/s.01k8rhncp4jt1\/2025\/11\/talking-bot-125x125.png\",\"caption\":\"Telinha\"},\"sameAs\":[\"https:\/\/portaltela.pt\/\"],\"url\":\"https:\/\/portaltela.pt\/por\/367410592786\/\"}]}<\/script>\n<!-- \/ Yoast SEO plugin. -->","yoast_head_json":{"title":"Reino Unido e nove pa\u00edses europeus criam for\u00e7a naval complementar da NATO - Portal Tela Portugal","robots":{"index":"index","follow":"follow","max-snippet":"max-snippet:-1","max-image-preview":"max-image-preview:large","max-video-preview":"max-video-preview:-1"},"og_locale":"pt_PT","og_type":"article","og_title":"Reino Unido e nove pa\u00edses europeus criam for\u00e7a naval complementar da NATO - Portal Tela Portugal","og_description":"Reino Unido, Dinamarca, Est\u00f3nia, Finl\u00e2ndia, Isl\u00e2ndia, Let\u00f3nia, Litu\u00e2nia, Su\u00e9cia, Noruega e Pa\u00edses Baixos criam uma for\u00e7a naval complementar da NATO para dissuadir futuras amea\u00e7as da Federa\u00e7\u00e3o Russa a partir da fronteira mar\u00edtima aberta no norte. A Marinha Real brit\u00e2nica anunciou o acordo na quarta-feira; a for\u00e7a multinacional visa operar no \u00c1rtico e no Atl\u00e2ntico Norte como apoio \u00e0 NATO. A iniciativa aponta para passar das palavras \u00e0 a\u00e7\u00e3o, com uma \u201cMarinha h\u00edbrida\u201d de aliados do Norte, ap\u00f3s uma declara\u00e7\u00e3o de inten\u00e7\u00f5es assinada pela For\u00e7a Expedicion\u00e1ria Conjunta. O chefe da Marinha, o general Gwyn Jenkins, divulgou o an\u00fancio nas redes sociais, destacando que o acordo foi fechado na semana anterior. A nova for\u00e7a n\u00e3o inclui os Estados Unidos, cujo presidente, Donald Trump, j\u00e1 descreveu os porta-avi\u00f5es brit\u00e2nicos como \u201cbrinquedos\u201d.","og_url":"https:\/\/portaltela.pt\/noticias\/2026\/04\/30\/reino-unido-e-nove-paises-europeus-criam-forca-naval-complementar-da-nato\/","og_site_name":"Portal Tela Portugal","article_published_time":"2026-04-30T07:03:11+00:00","author":"Telinha","twitter_card":"summary_large_image","twitter_misc":{"Escrito por":"Telinha","Tempo estimado de leitura":"1 minuto"},"schema":{"@context":"https:\/\/schema.org","@graph":[{"@type":"Article","@id":"https:\/\/portaltela.pt\/noticias\/2026\/04\/30\/reino-unido-e-nove-paises-europeus-criam-forca-naval-complementar-da-nato\/#article","isPartOf":{"@id":"https:\/\/portaltela.pt\/noticias\/2026\/04\/30\/reino-unido-e-nove-paises-europeus-criam-forca-naval-complementar-da-nato\/"},"author":{"name":"Telinha","@id":"https:\/\/portaltela.pt\/#\/schema\/person\/c4278d4a6028830caff9ee44b42d32ed"},"headline":"Reino Unido e nove pa\u00edses europeus criam for\u00e7a naval complementar da NATO","datePublished":"2026-04-30T07:03:11+00:00","mainEntityOfPage":{"@id":"https:\/\/portaltela.pt\/noticias\/2026\/04\/30\/reino-unido-e-nove-paises-europeus-criam-forca-naval-complementar-da-nato\/"},"wordCount":267,"image":{"@id":"https:\/\/portaltela.pt\/noticias\/2026\/04\/30\/reino-unido-e-nove-paises-europeus-criam-forca-naval-complementar-da-nato\/#primaryimage"},"thumbnailUrl":"https:\/\/portaltela.pt\/s.01k8rhncp4jt1\/2026\/04\/2085115.jpg","keywords":["_alian\u00e7as internacionais","_coopera\u00e7\u00e3o internacional","_For\u00e7as Armadas","_internacionais","_Marinha","_Uni\u00e3o Europeia"],"articleSection":["Geopol\u00edtica","Internacional"],"inLanguage":"pt-PT"},{"@type":"WebPage","@id":"https:\/\/portaltela.pt\/noticias\/2026\/04\/30\/reino-unido-e-nove-paises-europeus-criam-forca-naval-complementar-da-nato\/","url":"https:\/\/portaltela.pt\/noticias\/2026\/04\/30\/reino-unido-e-nove-paises-europeus-criam-forca-naval-complementar-da-nato\/","name":"Reino Unido e nove pa\u00edses europeus criam for\u00e7a naval complementar da NATO - Portal Tela Portugal","isPartOf":{"@id":"https:\/\/portaltela.pt\/#website"},"primaryImageOfPage":{"@id":"https:\/\/portaltela.pt\/noticias\/2026\/04\/30\/reino-unido-e-nove-paises-europeus-criam-forca-naval-complementar-da-nato\/#primaryimage"},"image":{"@id":"https:\/\/portaltela.pt\/noticias\/2026\/04\/30\/reino-unido-e-nove-paises-europeus-criam-forca-naval-complementar-da-nato\/#primaryimage"},"thumbnailUrl":"https:\/\/portaltela.pt\/s.01k8rhncp4jt1\/2026\/04\/2085115.jpg","datePublished":"2026-04-30T07:03:11+00:00","author":{"@id":"https:\/\/portaltela.pt\/#\/schema\/person\/c4278d4a6028830caff9ee44b42d32ed"},"breadcrumb":{"@id":"https:\/\/portaltela.pt\/noticias\/2026\/04\/30\/reino-unido-e-nove-paises-europeus-criam-forca-naval-complementar-da-nato\/#breadcrumb"},"inLanguage":"pt-PT","potentialAction":[{"@type":"ReadAction","target":["https:\/\/portaltela.pt\/noticias\/2026\/04\/30\/reino-unido-e-nove-paises-europeus-criam-forca-naval-complementar-da-nato\/"]}]},{"@type":"ImageObject","inLanguage":"pt-PT","@id":"https:\/\/portaltela.pt\/noticias\/2026\/04\/30\/reino-unido-e-nove-paises-europeus-criam-forca-naval-complementar-da-nato\/#primaryimage","url":"https:\/\/portaltela.pt\/s.01k8rhncp4jt1\/2026\/04\/2085115.jpg","contentUrl":"https:\/\/portaltela.pt\/s.01k8rhncp4jt1\/2026\/04\/2085115.jpg","width":796,"height":448,"caption":"HMS Queen Elizabeth, navio porta-avi\u00f5es operado pela Marinha Real Brit\u00e2nica"},{"@type":"BreadcrumbList","@id":"https:\/\/portaltela.pt\/noticias\/2026\/04\/30\/reino-unido-e-nove-paises-europeus-criam-forca-naval-complementar-da-nato\/#breadcrumb","itemListElement":[{"@type":"ListItem","position":1,"name":"In\u00edcio","item":"https:\/\/portaltela.pt\/"},{"@type":"ListItem","position":2,"name":"Reino Unido e nove pa\u00edses europeus criam for\u00e7a naval complementar da NATO"}]},{"@type":"WebSite","@id":"https:\/\/portaltela.pt\/#website","url":"https:\/\/portaltela.pt\/","name":"Portal Tela Portugal","description":"","potentialAction":[{"@type":"SearchAction","target":{"@type":"EntryPoint","urlTemplate":"https:\/\/portaltela.pt\/?s={search_term_string}"},"query-input":{"@type":"PropertyValueSpecification","valueRequired":true,"valueName":"search_term_string"}}],"inLanguage":"pt-PT"},{"@type":"Person","@id":"https:\/\/portaltela.pt\/#\/schema\/person\/c4278d4a6028830caff9ee44b42d32ed","name":"Telinha","image":{"@type":"ImageObject","inLanguage":"pt-PT","@id":"https:\/\/portaltela.pt\/s.01k8rhncp4jt1\/2025\/11\/talking-bot-125x125.png","url":"https:\/\/portaltela.pt\/s.01k8rhncp4jt1\/2025\/11\/talking-bot-125x125.png","contentUrl":"https:\/\/portaltela.pt\/s.01k8rhncp4jt1\/2025\/11\/talking-bot-125x125.png","caption":"Telinha"},"sameAs":["https:\/\/portaltela.pt\/"],"url":"https:\/\/portaltela.pt\/por\/367410592786\/"}]}},"_links":{"self":[{"href":"https:\/\/portaltela.pt\/api\/wp\/v2\/posts\/461885","targetHints":{"allow":["GET"]}}],"collection":[{"href":"https:\/\/portaltela.pt\/api\/wp\/v2\/posts"}],"about":[{"href":"https:\/\/portaltela.pt\/api\/wp\/v2\/types\/post"}],"author":[{"embeddable":true,"href":"https:\/\/portaltela.pt\/api\/wp\/v2\/users\/2"}],"replies":[{"embeddable":true,"href":"https:\/\/portaltela.pt\/api\/wp\/v2\/comments?post=461885"}],"version-history":[{"count":0,"href":"https:\/\/portaltela.pt\/api\/wp\/v2\/posts\/461885\/revisions"}],"wp:featuredmedia":[{"embeddable":true,"href":"https:\/\/portaltela.pt\/api\/wp\/v2\/media\/461887"}],"wp:attachment":[{"href":"https:\/\/portaltela.pt\/api\/wp\/v2\/media?parent=461885"}],"wp:term":[{"taxonomy":"category","embeddable":true,"href":"https:\/\/portaltela.pt\/api\/wp\/v2\/categories?post=461885"},{"taxonomy":"post_tag","embeddable":true,"href":"https:\/\/portaltela.pt\/api\/wp\/v2\/tags?post=461885"}],"curies":[{"name":"wp","href":"https:\/\/api.w.org\/{rel}","templated":true}]}}