{"id":461879,"date":"2026-04-30T03:48:04","date_gmt":"2026-04-30T06:48:04","guid":{"rendered":"https:\/\/portaltela.pt\/noticias\/2026\/04\/30\/chuva-pode-estragar-o-fim-de-semana-prolongado-em-portugal\/"},"modified":"2026-04-30T03:48:04","modified_gmt":"2026-04-30T06:48:04","slug":"chuva-pode-estragar-o-fim-de-semana-prolongado-em-portugal","status":"publish","type":"post","link":"https:\/\/portaltela.pt\/tempo\/2026\/04\/30\/chuva-pode-estragar-o-fim-de-semana-prolongado-em-portugal\/","title":{"rendered":"Chuva pode estragar o fim de semana prolongado em Portugal"},"content":{"rendered":"<p>Com o fim de semana prolongado a chegar, a meteorologia antev\u00ea um in\u00edcio de sol, mas com mudan\u00e7as r\u00e1pidas depois. Aguaceiros e c\u00e9u nublado devem marcar os pr\u00f3ximos dias, principalmente no s\u00e1bado e domingo, em Portugal.<\/p>\n<p>Segundo Alexandra Fonseca, meteorologista do IPMA, na sexta-feira deve haver pouco chuva, sobretudo no Minho e litoral, com o resto do territ\u00f3rio a manter-se mostly est\u00e1vel. No entanto, o tempo dever\u00e1 degradar-se a partir do fim de s\u00e1bado.<\/p>\n<h3>Previs\u00e3o por regi\u00f5es<\/h3>\n<p>O anticiclone junto \u00e0s Ilhas Brit\u00e2nicas, ligado a uma baixa a oeste da Madeira, favorece entradas de zonas depress\u00e1rias que trar\u00e3o instabilidade no fim de semana. Aguaceiros generalizados s\u00e3o esperados, especialmente no Norte e Centro, com o Sul menos afetado, mas n\u00e3o exento de precipita\u00e7\u00e3o.<\/p>\n<p>Durante o s\u00e1bado, o tempo deve manter-se inst\u00e1vel em grande parte do pa\u00eds, com per\u00edodos de c\u00e9u muito nublado. No entanto, a maioria das \u00e1reas dever\u00e1 registar temperaturas amenas entre 20 e 25 graus, com ligeira descida de 1 a 2 graus em algumas zonas.<\/p>\n<h3>Detalhes por ilhas e regi\u00f5es<\/h3>\n<p>Madeira ter\u00e1 sexta-feira de c\u00e9u pouco nublado, com aguaceiros fracos previstos para s\u00e1bado e c\u00e9u muito nublado no domingo. Nos A\u00e7ores, prev\u00ea-se cen\u00e1rio semelhante: sexta-feira com c\u00e9u pouco a parcialmente nublado, s\u00e1bado de aguaceiros e domingo muito nublado. Terceira dever\u00e1 ter chuva fraca a aguaceiros entre sexta e domingo. Graciosa, Corvo e Flores poder\u00e3o registar chuva em pelo menos um dia. S\u00e3o Jorge, Pico e Faial mant\u00eam c\u00e9u muito nublado sem precipita\u00e7\u00e3o prevista.<\/p>\n<h3>Portugal continental e Europa<\/h3>\n<p>Em Portugal, as m\u00e1ximas devem ficar entre 20 e 25 graus, mantendo-se temperaturas amenas pela primavera. O vento deve manter-se fraco a moderado, at\u00e9 25 km\/h, especialmente na tarde, com exce\u00e7\u00e3o das zonas altas e costeiras onde pode intensificar.<\/p>\n<p>A n\u00edvel europeu, o IPMA indica dois sistemas atuantes: anticiclone a leste e depress\u00e3o em evolu\u00e7\u00e3o, que poder\u00e3o afetar Portugal e deslocar-se para o oeste, atingindo Espanha, Fran\u00e7a e Reino Unido. Aguaceiros s\u00e3o esperados em Espanha, Fran\u00e7a e Reino Unido entre sexta e domingo; no leste da Europa, a precipita\u00e7\u00e3o dever\u00e1 ser menos significativa.<\/p>\n<h3>O que significam as probabilidades de chuva<\/h3>\n<p>As previs\u00f5es apresentam percentagens de possibilidade de chuva, que indicam apenas a probabilidade de ocorr\u00eancia, n\u00e3o o volume. A interpreta\u00e7\u00e3o envolve a \u00e1rea prov\u00e1vel a afetar e a chance de chuva nessa \u00e1rea. O IPMA explica o c\u00e1lculo de forma t\u00e9cnica, sem detalhar volumes.<\/p>\n<p>Aguaceiros previstos para os pr\u00f3ximos dias n\u00e3o devem inviabilizar por completo o fim de semana prolongado. Em caso de planos que n\u00e3o admitam precipita\u00e7\u00e3o, existem alternativas a considerar.<\/p>\n","protected":false},"excerpt":{"rendered":"<ul>\n<li>O fim de semana prolongado em Portugal pode trazer aguaceiros e c\u00e9u mais nublado, com maior instabilidade no s\u00e1bado e domingo.<\/li>\n<li>Sexta-feira pode haver sol, sobretudo no Minho e junto ao litoral; no restante territ\u00f3rio espera-se menos precipita\u00e7\u00e3o.<\/li>\n<li>S\u00e1bado e domingo devem ter tempo inst\u00e1vel, com aguaceiros generalizados no pa\u00eds, principalmente no norte e centro; o sul n\u00e3o fica totalmente livre de chuva.<\/li>\n<li>Vento principalmente fraco a moderado, com at\u00e9 25 km\/h, podendo soprar mais nas zonas altas e na costa; as temperaturas m\u00e1ximas oscilam entre 20 e 25 graus, com Alentejo a poder chegar a 26\u201327 graus na sexta.<\/li>\n<li>Em termos europeus, podem ocorrer aguaceiros em Espanha, Fran\u00e7a e Reino Unido entre sexta e domingo; na Europa Central dever\u00e1 haver tempo mais est\u00e1vel e soalheiro.<\/li>\n<li>Observa\u00e7\u00e3o: a probabilidade de chuva n\u00e3o indica volume, apenas a chance de chuva numa \u00e1rea; pode haver varia\u00e7\u00f5es ao longo do dia.<\/li>\n<\/ul>\n","protected":false},"author":2,"featured_media":461882,"comment_status":"closed","ping_status":"closed","sticky":false,"template":"","format":"standard","meta":{"footnotes":""},"categories":[1,7365],"tags":[822,167,5329,859,1014,4782],"class_list":["post-461879","post","type-post","status-publish","format-standard","has-post-thumbnail","hentry","category-noticias","category-tempo","tag-acores","tag-ambiente","tag-chuva","tag-madeira","tag-portugal","tag-vento"],"yoast_head":"<!-- This site is optimized with the Yoast SEO plugin v27.2 - https:\/\/yoast.com\/product\/yoast-seo-wordpress\/ -->\n<title>Chuva pode estragar o fim de semana prolongado em Portugal - Portal Tela Portugal<\/title>\n<meta name=\"robots\" content=\"index, follow, max-snippet:-1, max-image-preview:large, max-video-preview:-1\" \/>\n<meta property=\"og:locale\" content=\"pt_PT\" \/>\n<meta property=\"og:type\" content=\"article\" \/>\n<meta property=\"og:title\" content=\"Chuva pode estragar o fim de semana prolongado em Portugal - Portal Tela Portugal\" \/>\n<meta property=\"og:description\" content=\"O fim de semana prolongado em Portugal pode trazer aguaceiros e c\u00e9u mais nublado, com maior instabilidade no s\u00e1bado e domingo. Sexta-feira pode haver sol, sobretudo no Minho e junto ao litoral; no restante territ\u00f3rio espera-se menos precipita\u00e7\u00e3o. S\u00e1bado e domingo devem ter tempo inst\u00e1vel, com aguaceiros generalizados no pa\u00eds, principalmente no norte e centro; o sul n\u00e3o fica totalmente livre de chuva. Vento principalmente fraco a moderado, com at\u00e9 25 km\/h, podendo soprar mais nas zonas altas e na costa; as temperaturas m\u00e1ximas oscilam entre 20 e 25 graus, com Alentejo a poder chegar a 26\u201327 graus na sexta. Em termos europeus, podem ocorrer aguaceiros em Espanha, Fran\u00e7a e Reino Unido entre sexta e domingo; na Europa Central dever\u00e1 haver tempo mais est\u00e1vel e soalheiro. Observa\u00e7\u00e3o: a probabilidade de chuva n\u00e3o indica volume, apenas a chance de chuva numa \u00e1rea; pode haver varia\u00e7\u00f5es ao longo do dia.\" \/>\n<meta property=\"og:url\" content=\"https:\/\/portaltela.pt\/noticias\/2026\/04\/30\/chuva-pode-estragar-o-fim-de-semana-prolongado-em-portugal\/\" \/>\n<meta property=\"og:site_name\" content=\"Portal Tela Portugal\" \/>\n<meta property=\"article:published_time\" content=\"2026-04-30T06:48:04+00:00\" \/>\n<meta name=\"author\" content=\"Telinha\" \/>\n<meta name=\"twitter:card\" content=\"summary_large_image\" \/>\n<meta name=\"twitter:label1\" content=\"Escrito por\" \/>\n\t<meta name=\"twitter:data1\" content=\"Telinha\" \/>\n\t<meta name=\"twitter:label2\" content=\"Tempo estimado de leitura\" \/>\n\t<meta name=\"twitter:data2\" content=\"2 minutos\" \/>\n<script type=\"application\/ld+json\" class=\"yoast-schema-graph\">{\"@context\":\"https:\/\/schema.org\",\"@graph\":[{\"@type\":\"Article\",\"@id\":\"https:\/\/portaltela.pt\/noticias\/2026\/04\/30\/chuva-pode-estragar-o-fim-de-semana-prolongado-em-portugal\/#article\",\"isPartOf\":{\"@id\":\"https:\/\/portaltela.pt\/noticias\/2026\/04\/30\/chuva-pode-estragar-o-fim-de-semana-prolongado-em-portugal\/\"},\"author\":{\"name\":\"Telinha\",\"@id\":\"https:\/\/portaltela.pt\/#\/schema\/person\/c4278d4a6028830caff9ee44b42d32ed\"},\"headline\":\"Chuva pode estragar o fim de semana prolongado em Portugal\",\"datePublished\":\"2026-04-30T06:48:04+00:00\",\"mainEntityOfPage\":{\"@id\":\"https:\/\/portaltela.pt\/noticias\/2026\/04\/30\/chuva-pode-estragar-o-fim-de-semana-prolongado-em-portugal\/\"},\"wordCount\":482,\"image\":{\"@id\":\"https:\/\/portaltela.pt\/noticias\/2026\/04\/30\/chuva-pode-estragar-o-fim-de-semana-prolongado-em-portugal\/#primaryimage\"},\"thumbnailUrl\":\"https:\/\/portaltela.pt\/s.01k8rhncp4jt1\/2026\/04\/1536x864_cmsv2_f39aba74-c9ab-55a8-980f-fc64e0ec6843-9740430.jpg\",\"keywords\":[\"A\u00e7ores\",\"ambiente\",\"chuva\",\"Madeira\",\"Portugal\",\"vento\"],\"articleSection\":[\"Not\u00edcias\",\"Tempo\"],\"inLanguage\":\"pt-PT\"},{\"@type\":\"WebPage\",\"@id\":\"https:\/\/portaltela.pt\/noticias\/2026\/04\/30\/chuva-pode-estragar-o-fim-de-semana-prolongado-em-portugal\/\",\"url\":\"https:\/\/portaltela.pt\/noticias\/2026\/04\/30\/chuva-pode-estragar-o-fim-de-semana-prolongado-em-portugal\/\",\"name\":\"Chuva pode estragar o fim de semana prolongado em Portugal - Portal Tela Portugal\",\"isPartOf\":{\"@id\":\"https:\/\/portaltela.pt\/#website\"},\"primaryImageOfPage\":{\"@id\":\"https:\/\/portaltela.pt\/noticias\/2026\/04\/30\/chuva-pode-estragar-o-fim-de-semana-prolongado-em-portugal\/#primaryimage\"},\"image\":{\"@id\":\"https:\/\/portaltela.pt\/noticias\/2026\/04\/30\/chuva-pode-estragar-o-fim-de-semana-prolongado-em-portugal\/#primaryimage\"},\"thumbnailUrl\":\"https:\/\/portaltela.pt\/s.01k8rhncp4jt1\/2026\/04\/1536x864_cmsv2_f39aba74-c9ab-55a8-980f-fc64e0ec6843-9740430.jpg\",\"datePublished\":\"2026-04-30T06:48:04+00:00\",\"author\":{\"@id\":\"https:\/\/portaltela.pt\/#\/schema\/person\/c4278d4a6028830caff9ee44b42d32ed\"},\"breadcrumb\":{\"@id\":\"https:\/\/portaltela.pt\/noticias\/2026\/04\/30\/chuva-pode-estragar-o-fim-de-semana-prolongado-em-portugal\/#breadcrumb\"},\"inLanguage\":\"pt-PT\",\"potentialAction\":[{\"@type\":\"ReadAction\",\"target\":[\"https:\/\/portaltela.pt\/noticias\/2026\/04\/30\/chuva-pode-estragar-o-fim-de-semana-prolongado-em-portugal\/\"]}]},{\"@type\":\"ImageObject\",\"inLanguage\":\"pt-PT\",\"@id\":\"https:\/\/portaltela.pt\/noticias\/2026\/04\/30\/chuva-pode-estragar-o-fim-de-semana-prolongado-em-portugal\/#primaryimage\",\"url\":\"https:\/\/portaltela.pt\/s.01k8rhncp4jt1\/2026\/04\/1536x864_cmsv2_f39aba74-c9ab-55a8-980f-fc64e0ec6843-9740430.jpg\",\"contentUrl\":\"https:\/\/portaltela.pt\/s.01k8rhncp4jt1\/2026\/04\/1536x864_cmsv2_f39aba74-c9ab-55a8-980f-fc64e0ec6843-9740430.jpg\",\"width\":796,\"height\":448,\"caption\":\"Estudantes que protestam contra o aumento das propinas abrigam-se sob guarda-chuvas durante uma chuva forte, em Lisboa, na ter\u00e7a-feira, 28 de outubro de 2025.\"},{\"@type\":\"BreadcrumbList\",\"@id\":\"https:\/\/portaltela.pt\/noticias\/2026\/04\/30\/chuva-pode-estragar-o-fim-de-semana-prolongado-em-portugal\/#breadcrumb\",\"itemListElement\":[{\"@type\":\"ListItem\",\"position\":1,\"name\":\"In\u00edcio\",\"item\":\"https:\/\/portaltela.pt\/\"},{\"@type\":\"ListItem\",\"position\":2,\"name\":\"Chuva pode estragar o fim de semana prolongado em Portugal\"}]},{\"@type\":\"WebSite\",\"@id\":\"https:\/\/portaltela.pt\/#website\",\"url\":\"https:\/\/portaltela.pt\/\",\"name\":\"Portal Tela Portugal\",\"description\":\"\",\"potentialAction\":[{\"@type\":\"SearchAction\",\"target\":{\"@type\":\"EntryPoint\",\"urlTemplate\":\"https:\/\/portaltela.pt\/?s={search_term_string}\"},\"query-input\":{\"@type\":\"PropertyValueSpecification\",\"valueRequired\":true,\"valueName\":\"search_term_string\"}}],\"inLanguage\":\"pt-PT\"},{\"@type\":\"Person\",\"@id\":\"https:\/\/portaltela.pt\/#\/schema\/person\/c4278d4a6028830caff9ee44b42d32ed\",\"name\":\"Telinha\",\"image\":{\"@type\":\"ImageObject\",\"inLanguage\":\"pt-PT\",\"@id\":\"https:\/\/portaltela.pt\/s.01k8rhncp4jt1\/2025\/11\/talking-bot-125x125.png\",\"url\":\"https:\/\/portaltela.pt\/s.01k8rhncp4jt1\/2025\/11\/talking-bot-125x125.png\",\"contentUrl\":\"https:\/\/portaltela.pt\/s.01k8rhncp4jt1\/2025\/11\/talking-bot-125x125.png\",\"caption\":\"Telinha\"},\"sameAs\":[\"https:\/\/portaltela.pt\/\"],\"url\":\"https:\/\/portaltela.pt\/por\/367410592786\/\"}]}<\/script>\n<!-- \/ Yoast SEO plugin. -->","yoast_head_json":{"title":"Chuva pode estragar o fim de semana prolongado em Portugal - Portal Tela Portugal","robots":{"index":"index","follow":"follow","max-snippet":"max-snippet:-1","max-image-preview":"max-image-preview:large","max-video-preview":"max-video-preview:-1"},"og_locale":"pt_PT","og_type":"article","og_title":"Chuva pode estragar o fim de semana prolongado em Portugal - Portal Tela Portugal","og_description":"O fim de semana prolongado em Portugal pode trazer aguaceiros e c\u00e9u mais nublado, com maior instabilidade no s\u00e1bado e domingo. Sexta-feira pode haver sol, sobretudo no Minho e junto ao litoral; no restante territ\u00f3rio espera-se menos precipita\u00e7\u00e3o. S\u00e1bado e domingo devem ter tempo inst\u00e1vel, com aguaceiros generalizados no pa\u00eds, principalmente no norte e centro; o sul n\u00e3o fica totalmente livre de chuva. Vento principalmente fraco a moderado, com at\u00e9 25 km\/h, podendo soprar mais nas zonas altas e na costa; as temperaturas m\u00e1ximas oscilam entre 20 e 25 graus, com Alentejo a poder chegar a 26\u201327 graus na sexta. Em termos europeus, podem ocorrer aguaceiros em Espanha, Fran\u00e7a e Reino Unido entre sexta e domingo; na Europa Central dever\u00e1 haver tempo mais est\u00e1vel e soalheiro. Observa\u00e7\u00e3o: a probabilidade de chuva n\u00e3o indica volume, apenas a chance de chuva numa \u00e1rea; pode haver varia\u00e7\u00f5es ao longo do dia.","og_url":"https:\/\/portaltela.pt\/noticias\/2026\/04\/30\/chuva-pode-estragar-o-fim-de-semana-prolongado-em-portugal\/","og_site_name":"Portal Tela Portugal","article_published_time":"2026-04-30T06:48:04+00:00","author":"Telinha","twitter_card":"summary_large_image","twitter_misc":{"Escrito por":"Telinha","Tempo estimado de leitura":"2 minutos"},"schema":{"@context":"https:\/\/schema.org","@graph":[{"@type":"Article","@id":"https:\/\/portaltela.pt\/noticias\/2026\/04\/30\/chuva-pode-estragar-o-fim-de-semana-prolongado-em-portugal\/#article","isPartOf":{"@id":"https:\/\/portaltela.pt\/noticias\/2026\/04\/30\/chuva-pode-estragar-o-fim-de-semana-prolongado-em-portugal\/"},"author":{"name":"Telinha","@id":"https:\/\/portaltela.pt\/#\/schema\/person\/c4278d4a6028830caff9ee44b42d32ed"},"headline":"Chuva pode estragar o fim de semana prolongado em Portugal","datePublished":"2026-04-30T06:48:04+00:00","mainEntityOfPage":{"@id":"https:\/\/portaltela.pt\/noticias\/2026\/04\/30\/chuva-pode-estragar-o-fim-de-semana-prolongado-em-portugal\/"},"wordCount":482,"image":{"@id":"https:\/\/portaltela.pt\/noticias\/2026\/04\/30\/chuva-pode-estragar-o-fim-de-semana-prolongado-em-portugal\/#primaryimage"},"thumbnailUrl":"https:\/\/portaltela.pt\/s.01k8rhncp4jt1\/2026\/04\/1536x864_cmsv2_f39aba74-c9ab-55a8-980f-fc64e0ec6843-9740430.jpg","keywords":["A\u00e7ores","ambiente","chuva","Madeira","Portugal","vento"],"articleSection":["Not\u00edcias","Tempo"],"inLanguage":"pt-PT"},{"@type":"WebPage","@id":"https:\/\/portaltela.pt\/noticias\/2026\/04\/30\/chuva-pode-estragar-o-fim-de-semana-prolongado-em-portugal\/","url":"https:\/\/portaltela.pt\/noticias\/2026\/04\/30\/chuva-pode-estragar-o-fim-de-semana-prolongado-em-portugal\/","name":"Chuva pode estragar o fim de semana prolongado em Portugal - Portal Tela Portugal","isPartOf":{"@id":"https:\/\/portaltela.pt\/#website"},"primaryImageOfPage":{"@id":"https:\/\/portaltela.pt\/noticias\/2026\/04\/30\/chuva-pode-estragar-o-fim-de-semana-prolongado-em-portugal\/#primaryimage"},"image":{"@id":"https:\/\/portaltela.pt\/noticias\/2026\/04\/30\/chuva-pode-estragar-o-fim-de-semana-prolongado-em-portugal\/#primaryimage"},"thumbnailUrl":"https:\/\/portaltela.pt\/s.01k8rhncp4jt1\/2026\/04\/1536x864_cmsv2_f39aba74-c9ab-55a8-980f-fc64e0ec6843-9740430.jpg","datePublished":"2026-04-30T06:48:04+00:00","author":{"@id":"https:\/\/portaltela.pt\/#\/schema\/person\/c4278d4a6028830caff9ee44b42d32ed"},"breadcrumb":{"@id":"https:\/\/portaltela.pt\/noticias\/2026\/04\/30\/chuva-pode-estragar-o-fim-de-semana-prolongado-em-portugal\/#breadcrumb"},"inLanguage":"pt-PT","potentialAction":[{"@type":"ReadAction","target":["https:\/\/portaltela.pt\/noticias\/2026\/04\/30\/chuva-pode-estragar-o-fim-de-semana-prolongado-em-portugal\/"]}]},{"@type":"ImageObject","inLanguage":"pt-PT","@id":"https:\/\/portaltela.pt\/noticias\/2026\/04\/30\/chuva-pode-estragar-o-fim-de-semana-prolongado-em-portugal\/#primaryimage","url":"https:\/\/portaltela.pt\/s.01k8rhncp4jt1\/2026\/04\/1536x864_cmsv2_f39aba74-c9ab-55a8-980f-fc64e0ec6843-9740430.jpg","contentUrl":"https:\/\/portaltela.pt\/s.01k8rhncp4jt1\/2026\/04\/1536x864_cmsv2_f39aba74-c9ab-55a8-980f-fc64e0ec6843-9740430.jpg","width":796,"height":448,"caption":"Estudantes que protestam contra o aumento das propinas abrigam-se sob guarda-chuvas durante uma chuva forte, em Lisboa, na ter\u00e7a-feira, 28 de outubro de 2025."},{"@type":"BreadcrumbList","@id":"https:\/\/portaltela.pt\/noticias\/2026\/04\/30\/chuva-pode-estragar-o-fim-de-semana-prolongado-em-portugal\/#breadcrumb","itemListElement":[{"@type":"ListItem","position":1,"name":"In\u00edcio","item":"https:\/\/portaltela.pt\/"},{"@type":"ListItem","position":2,"name":"Chuva pode estragar o fim de semana prolongado em Portugal"}]},{"@type":"WebSite","@id":"https:\/\/portaltela.pt\/#website","url":"https:\/\/portaltela.pt\/","name":"Portal Tela Portugal","description":"","potentialAction":[{"@type":"SearchAction","target":{"@type":"EntryPoint","urlTemplate":"https:\/\/portaltela.pt\/?s={search_term_string}"},"query-input":{"@type":"PropertyValueSpecification","valueRequired":true,"valueName":"search_term_string"}}],"inLanguage":"pt-PT"},{"@type":"Person","@id":"https:\/\/portaltela.pt\/#\/schema\/person\/c4278d4a6028830caff9ee44b42d32ed","name":"Telinha","image":{"@type":"ImageObject","inLanguage":"pt-PT","@id":"https:\/\/portaltela.pt\/s.01k8rhncp4jt1\/2025\/11\/talking-bot-125x125.png","url":"https:\/\/portaltela.pt\/s.01k8rhncp4jt1\/2025\/11\/talking-bot-125x125.png","contentUrl":"https:\/\/portaltela.pt\/s.01k8rhncp4jt1\/2025\/11\/talking-bot-125x125.png","caption":"Telinha"},"sameAs":["https:\/\/portaltela.pt\/"],"url":"https:\/\/portaltela.pt\/por\/367410592786\/"}]}},"_links":{"self":[{"href":"https:\/\/portaltela.pt\/api\/wp\/v2\/posts\/461879","targetHints":{"allow":["GET"]}}],"collection":[{"href":"https:\/\/portaltela.pt\/api\/wp\/v2\/posts"}],"about":[{"href":"https:\/\/portaltela.pt\/api\/wp\/v2\/types\/post"}],"author":[{"embeddable":true,"href":"https:\/\/portaltela.pt\/api\/wp\/v2\/users\/2"}],"replies":[{"embeddable":true,"href":"https:\/\/portaltela.pt\/api\/wp\/v2\/comments?post=461879"}],"version-history":[{"count":0,"href":"https:\/\/portaltela.pt\/api\/wp\/v2\/posts\/461879\/revisions"}],"wp:featuredmedia":[{"embeddable":true,"href":"https:\/\/portaltela.pt\/api\/wp\/v2\/media\/461882"}],"wp:attachment":[{"href":"https:\/\/portaltela.pt\/api\/wp\/v2\/media?parent=461879"}],"wp:term":[{"taxonomy":"category","embeddable":true,"href":"https:\/\/portaltela.pt\/api\/wp\/v2\/categories?post=461879"},{"taxonomy":"post_tag","embeddable":true,"href":"https:\/\/portaltela.pt\/api\/wp\/v2\/tags?post=461879"}],"curies":[{"name":"wp","href":"https:\/\/api.w.org\/{rel}","templated":true}]}}