{"id":461862,"date":"2026-04-30T03:33:18","date_gmt":"2026-04-30T06:33:18","guid":{"rendered":"https:\/\/portaltela.pt\/noticias\/2026\/04\/30\/mais-de-600-denuncias-ao-instituto-de-apoio-a-crianca-em-2025\/"},"modified":"2026-04-30T03:33:18","modified_gmt":"2026-04-30T06:33:18","slug":"mais-de-600-denuncias-ao-instituto-de-apoio-a-crianca-em-2025","status":"publish","type":"post","link":"https:\/\/portaltela.pt\/sociedade\/2026\/04\/30\/mais-de-600-denuncias-ao-instituto-de-apoio-a-crianca-em-2025\/","title":{"rendered":"Mais de 600 den\u00fancias ao Instituto de Apoio \u00e0 Crian\u00e7a em 2025"},"content":{"rendered":"<p>Mais de 600 den\u00fancias de viol\u00eancia contra menores foram apresentadas ao Instituto de Apoio \u00e0 Crian\u00e7a (IAC) em 2025, resultado de um aumento de 251 casos face a 2024. O foco principal continua a ser a viol\u00eancia no seio familiar, com v\u00e1rias formas inclu\u00eddas na den\u00fancia.<\/p>\n<p>O IAC indicou que os casos abrangem maus-tratos f\u00edsicos e psicol\u00f3gicos dentro de fam\u00edlias, abuso sexual, neglig\u00eancia, abandono, maus-tratos institucionais, bullying e viol\u00eancia no namoro. A Linha SOS Crian\u00e7a e Jovem recebeu 2750 pedidos de apoio no ano.<\/p>\n<p>Mais de metade das den\u00fancias de 2025 dizem respeito a raparigas, representando 55% do total. A adolesc\u00eancia permanece como fase particularmente vulner\u00e1vel, com maior sinaliza\u00e7\u00e3o entre os 15 e os 17 anos, refor\u00e7ando a necessidade de respostas espec\u00edficas para jovens.<\/p>\n<h3>Contexto e n\u00fameros<\/h3>\n<p>Entre os 2750 pedidos de apoio, 1179 dizem respeito a situa\u00e7\u00f5es de sa\u00fade mental, incluindo idea\u00e7\u00e3o suicida, fobias e ansiedade, n\u00fameros que aumentaram face a 2024 (951 casos). O presidente do IAC sublinha a expressividade dos casos familiares.<\/p>\n<p>Segundo Manuel Coutinho, as situa\u00e7\u00f5es de viol\u00eancia em contextos familiares costumam envolver crian\u00e7as at\u00e9 aos 14 anos, com as den\u00fancias contribu\u00eddas por adultos que conhecem as v\u00edtimas. A atua\u00e7\u00e3o do IAC passa pela Linha SOS, pelo WhatsApp e pelo e-mail.<\/p>\n<p>As den\u00fancias e pedidos de apoio devem ser encaminhados atrav\u00e9s da Linha SOS Crian\u00e7a e Jovem 116111, do WhatsApp 913069404 ou do email soscrianca@iacrianca.pt. O IAC enfatiza a necessidade de preven\u00e7\u00e3o constante.<\/p>\n<h3>Perspetivas e preven\u00e7\u00e3o<\/h3>\n<p>Coutinho afirma que h\u00e1 muito por fazer para evitar maus-tratos, destacando a educa\u00e7\u00e3o como ferramenta-chave. Refor\u00e7a que cada pessoa tem responsabilidade na promo\u00e7\u00e3o e defesa dos direitos das crian\u00e7as e que os meses do ano devem ser dedicados \u00e0 preven\u00e7\u00e3o.<\/p>\n<h3>La\u00e7o azul humano<\/h3>\n<p>Para marcar o fim do M\u00eas da Preven\u00e7\u00e3o dos Maus-Tratos na Inf\u00e2ncia, cerca de 1500 crian\u00e7as v\u00e3o formar um la\u00e7o azul humano, hoje de manh\u00e3, no Parque da Quinta das Conchas e dos Lilases, em Lisboa. Participam alunos de v\u00e1rias escolas da cidade.<\/p>\n","protected":false},"excerpt":{"rendered":"<ul>\n<li>Em 2025, foram denunciados ao Instituto de Apoio \u00e0 Crian\u00e7a (IAC) mais de 600 casos de viol\u00eancia contra menores, subindo 251 face a 2024, com destaque para maus-tratos no interior das fam\u00edlias.<\/li>\n<li>A Linha SOS Crian\u00e7a e Jovem registou 2.750 pedidos de apoio no ano anterior; mais de metade dessas situa\u00e7\u00f5es envolveram raparigas (55%), e houve 1.179 casos de sa\u00fade mental (idea\u00e7\u00e3o suicida, fobias, ansiedade).<\/li>\n<li>A adolesc\u00eancia continua a ser a fase mais vulner\u00e1vel, com maior incid\u00eancia entre os 15 e 17 anos, o que requer respostas espec\u00edficas para os jovens.<\/li>\n<li>O presidente do IAC, Manuel Coutinho, afirmou que os casos dentro das fam\u00edlias costumam incluir agress\u00f5es psicol\u00f3gicas e f\u00edsicas, sublinhando a import\u00e2ncia da educa\u00e7\u00e3o e da preven\u00e7\u00e3o cont\u00ednua.<\/li>\n<li>Para contactos, as den\u00fancias podem ser feitas atrav\u00e9s da Linha 116111, do Whatsapp 913069404 ou do email soscrianca@iacrianca.pt; hoje, cerca de 1.500 crian\u00e7as v\u00e3o formar um la\u00e7o azul humano em Lisboa, para simbolizar o fim do M\u00eas da Preven\u00e7\u00e3o dos Maus-Tratos.<\/li>\n<\/ul>\n","protected":false},"author":2,"featured_media":461868,"comment_status":"closed","ping_status":"closed","sticky":false,"template":"","format":"standard","meta":{"footnotes":""},"categories":[6745,6871],"tags":[7925,8485,9272,8097,8454,8224],"class_list":["post-461862","post","type-post","status-publish","format-standard","has-post-thumbnail","hentry","category-saude","category-sociedade","tag-_criancas","tag-_maus-tratos","tag-_maus-tratos-a-menores","tag-_protecao-de-menores","tag-_saude-mental","tag-_violencia-de-menores"],"yoast_head":"<!-- This site is optimized with the Yoast SEO plugin v27.2 - https:\/\/yoast.com\/product\/yoast-seo-wordpress\/ -->\n<title>Mais de 600 den\u00fancias ao Instituto de Apoio \u00e0 Crian\u00e7a em 2025 - Portal Tela Portugal<\/title>\n<meta name=\"robots\" content=\"index, follow, max-snippet:-1, max-image-preview:large, max-video-preview:-1\" \/>\n<meta property=\"og:locale\" content=\"pt_PT\" \/>\n<meta property=\"og:type\" content=\"article\" \/>\n<meta property=\"og:title\" content=\"Mais de 600 den\u00fancias ao Instituto de Apoio \u00e0 Crian\u00e7a em 2025 - Portal Tela Portugal\" \/>\n<meta property=\"og:description\" content=\"Em 2025, foram denunciados ao Instituto de Apoio \u00e0 Crian\u00e7a (IAC) mais de 600 casos de viol\u00eancia contra menores, subindo 251 face a 2024, com destaque para maus-tratos no interior das fam\u00edlias. A Linha SOS Crian\u00e7a e Jovem registou 2.750 pedidos de apoio no ano anterior; mais de metade dessas situa\u00e7\u00f5es envolveram raparigas (55%), e houve 1.179 casos de sa\u00fade mental (idea\u00e7\u00e3o suicida, fobias, ansiedade). A adolesc\u00eancia continua a ser a fase mais vulner\u00e1vel, com maior incid\u00eancia entre os 15 e 17 anos, o que requer respostas espec\u00edficas para os jovens. O presidente do IAC, Manuel Coutinho, afirmou que os casos dentro das fam\u00edlias costumam incluir agress\u00f5es psicol\u00f3gicas e f\u00edsicas, sublinhando a import\u00e2ncia da educa\u00e7\u00e3o e da preven\u00e7\u00e3o cont\u00ednua. Para contactos, as den\u00fancias podem ser feitas atrav\u00e9s da Linha 116111, do Whatsapp 913069404 ou do email soscrianca@iacrianca.pt; hoje, cerca de 1.500 crian\u00e7as v\u00e3o formar um la\u00e7o azul humano em Lisboa, para simbolizar o fim do M\u00eas da Preven\u00e7\u00e3o dos Maus-Tratos.\" \/>\n<meta property=\"og:url\" content=\"https:\/\/portaltela.pt\/noticias\/2026\/04\/30\/mais-de-600-denuncias-ao-instituto-de-apoio-a-crianca-em-2025\/\" \/>\n<meta property=\"og:site_name\" content=\"Portal Tela Portugal\" \/>\n<meta property=\"article:published_time\" content=\"2026-04-30T06:33:18+00:00\" \/>\n<meta name=\"author\" content=\"Telinha\" \/>\n<meta name=\"twitter:card\" content=\"summary_large_image\" \/>\n<meta name=\"twitter:label1\" content=\"Escrito por\" \/>\n\t<meta name=\"twitter:data1\" content=\"Telinha\" \/>\n\t<meta name=\"twitter:label2\" content=\"Tempo estimado de leitura\" \/>\n\t<meta name=\"twitter:data2\" content=\"2 minutos\" \/>\n<script type=\"application\/ld+json\" class=\"yoast-schema-graph\">{\"@context\":\"https:\/\/schema.org\",\"@graph\":[{\"@type\":\"Article\",\"@id\":\"https:\/\/portaltela.pt\/noticias\/2026\/04\/30\/mais-de-600-denuncias-ao-instituto-de-apoio-a-crianca-em-2025\/#article\",\"isPartOf\":{\"@id\":\"https:\/\/portaltela.pt\/noticias\/2026\/04\/30\/mais-de-600-denuncias-ao-instituto-de-apoio-a-crianca-em-2025\/\"},\"author\":{\"name\":\"Telinha\",\"@id\":\"https:\/\/portaltela.pt\/#\/schema\/person\/c4278d4a6028830caff9ee44b42d32ed\"},\"headline\":\"Mais de 600 den\u00fancias ao Instituto de Apoio \u00e0 Crian\u00e7a em 2025\",\"datePublished\":\"2026-04-30T06:33:18+00:00\",\"mainEntityOfPage\":{\"@id\":\"https:\/\/portaltela.pt\/noticias\/2026\/04\/30\/mais-de-600-denuncias-ao-instituto-de-apoio-a-crianca-em-2025\/\"},\"wordCount\":369,\"image\":{\"@id\":\"https:\/\/portaltela.pt\/noticias\/2026\/04\/30\/mais-de-600-denuncias-ao-instituto-de-apoio-a-crianca-em-2025\/#primaryimage\"},\"thumbnailUrl\":\"https:\/\/portaltela.pt\/s.01k8rhncp4jt1\/2026\/04\/image-1697.jpg\",\"keywords\":[\"_crian\u00e7as\",\"_maus-tratos\",\"_maus-tratos a menores\",\"_prote\u00e7\u00e3o de menores\",\"_sa\u00fade mental\",\"_viol\u00eancia de menores\"],\"articleSection\":[\"Sa\u00fade\",\"Sociedade\"],\"inLanguage\":\"pt-PT\"},{\"@type\":\"WebPage\",\"@id\":\"https:\/\/portaltela.pt\/noticias\/2026\/04\/30\/mais-de-600-denuncias-ao-instituto-de-apoio-a-crianca-em-2025\/\",\"url\":\"https:\/\/portaltela.pt\/noticias\/2026\/04\/30\/mais-de-600-denuncias-ao-instituto-de-apoio-a-crianca-em-2025\/\",\"name\":\"Mais de 600 den\u00fancias ao Instituto de Apoio \u00e0 Crian\u00e7a em 2025 - Portal Tela Portugal\",\"isPartOf\":{\"@id\":\"https:\/\/portaltela.pt\/#website\"},\"primaryImageOfPage\":{\"@id\":\"https:\/\/portaltela.pt\/noticias\/2026\/04\/30\/mais-de-600-denuncias-ao-instituto-de-apoio-a-crianca-em-2025\/#primaryimage\"},\"image\":{\"@id\":\"https:\/\/portaltela.pt\/noticias\/2026\/04\/30\/mais-de-600-denuncias-ao-instituto-de-apoio-a-crianca-em-2025\/#primaryimage\"},\"thumbnailUrl\":\"https:\/\/portaltela.pt\/s.01k8rhncp4jt1\/2026\/04\/image-1697.jpg\",\"datePublished\":\"2026-04-30T06:33:18+00:00\",\"author\":{\"@id\":\"https:\/\/portaltela.pt\/#\/schema\/person\/c4278d4a6028830caff9ee44b42d32ed\"},\"breadcrumb\":{\"@id\":\"https:\/\/portaltela.pt\/noticias\/2026\/04\/30\/mais-de-600-denuncias-ao-instituto-de-apoio-a-crianca-em-2025\/#breadcrumb\"},\"inLanguage\":\"pt-PT\",\"potentialAction\":[{\"@type\":\"ReadAction\",\"target\":[\"https:\/\/portaltela.pt\/noticias\/2026\/04\/30\/mais-de-600-denuncias-ao-instituto-de-apoio-a-crianca-em-2025\/\"]}]},{\"@type\":\"ImageObject\",\"inLanguage\":\"pt-PT\",\"@id\":\"https:\/\/portaltela.pt\/noticias\/2026\/04\/30\/mais-de-600-denuncias-ao-instituto-de-apoio-a-crianca-em-2025\/#primaryimage\",\"url\":\"https:\/\/portaltela.pt\/s.01k8rhncp4jt1\/2026\/04\/image-1697.jpg\",\"contentUrl\":\"https:\/\/portaltela.pt\/s.01k8rhncp4jt1\/2026\/04\/image-1697.jpg\",\"width\":796,\"height\":448,\"caption\":\"Casos de viol\u00eancia contra crian\u00e7as continuam \\\"a ter uma grande express\u00e3o\\\" nos contextos familiares\"},{\"@type\":\"BreadcrumbList\",\"@id\":\"https:\/\/portaltela.pt\/noticias\/2026\/04\/30\/mais-de-600-denuncias-ao-instituto-de-apoio-a-crianca-em-2025\/#breadcrumb\",\"itemListElement\":[{\"@type\":\"ListItem\",\"position\":1,\"name\":\"In\u00edcio\",\"item\":\"https:\/\/portaltela.pt\/\"},{\"@type\":\"ListItem\",\"position\":2,\"name\":\"Mais de 600 den\u00fancias ao Instituto de Apoio \u00e0 Crian\u00e7a em 2025\"}]},{\"@type\":\"WebSite\",\"@id\":\"https:\/\/portaltela.pt\/#website\",\"url\":\"https:\/\/portaltela.pt\/\",\"name\":\"Portal Tela Portugal\",\"description\":\"\",\"potentialAction\":[{\"@type\":\"SearchAction\",\"target\":{\"@type\":\"EntryPoint\",\"urlTemplate\":\"https:\/\/portaltela.pt\/?s={search_term_string}\"},\"query-input\":{\"@type\":\"PropertyValueSpecification\",\"valueRequired\":true,\"valueName\":\"search_term_string\"}}],\"inLanguage\":\"pt-PT\"},{\"@type\":\"Person\",\"@id\":\"https:\/\/portaltela.pt\/#\/schema\/person\/c4278d4a6028830caff9ee44b42d32ed\",\"name\":\"Telinha\",\"image\":{\"@type\":\"ImageObject\",\"inLanguage\":\"pt-PT\",\"@id\":\"https:\/\/portaltela.pt\/s.01k8rhncp4jt1\/2025\/11\/talking-bot-125x125.png\",\"url\":\"https:\/\/portaltela.pt\/s.01k8rhncp4jt1\/2025\/11\/talking-bot-125x125.png\",\"contentUrl\":\"https:\/\/portaltela.pt\/s.01k8rhncp4jt1\/2025\/11\/talking-bot-125x125.png\",\"caption\":\"Telinha\"},\"sameAs\":[\"https:\/\/portaltela.pt\/\"],\"url\":\"https:\/\/portaltela.pt\/por\/367410592786\/\"}]}<\/script>\n<!-- \/ Yoast SEO plugin. -->","yoast_head_json":{"title":"Mais de 600 den\u00fancias ao Instituto de Apoio \u00e0 Crian\u00e7a em 2025 - Portal Tela Portugal","robots":{"index":"index","follow":"follow","max-snippet":"max-snippet:-1","max-image-preview":"max-image-preview:large","max-video-preview":"max-video-preview:-1"},"og_locale":"pt_PT","og_type":"article","og_title":"Mais de 600 den\u00fancias ao Instituto de Apoio \u00e0 Crian\u00e7a em 2025 - Portal Tela Portugal","og_description":"Em 2025, foram denunciados ao Instituto de Apoio \u00e0 Crian\u00e7a (IAC) mais de 600 casos de viol\u00eancia contra menores, subindo 251 face a 2024, com destaque para maus-tratos no interior das fam\u00edlias. A Linha SOS Crian\u00e7a e Jovem registou 2.750 pedidos de apoio no ano anterior; mais de metade dessas situa\u00e7\u00f5es envolveram raparigas (55%), e houve 1.179 casos de sa\u00fade mental (idea\u00e7\u00e3o suicida, fobias, ansiedade). A adolesc\u00eancia continua a ser a fase mais vulner\u00e1vel, com maior incid\u00eancia entre os 15 e 17 anos, o que requer respostas espec\u00edficas para os jovens. O presidente do IAC, Manuel Coutinho, afirmou que os casos dentro das fam\u00edlias costumam incluir agress\u00f5es psicol\u00f3gicas e f\u00edsicas, sublinhando a import\u00e2ncia da educa\u00e7\u00e3o e da preven\u00e7\u00e3o cont\u00ednua. Para contactos, as den\u00fancias podem ser feitas atrav\u00e9s da Linha 116111, do Whatsapp 913069404 ou do email soscrianca@iacrianca.pt; hoje, cerca de 1.500 crian\u00e7as v\u00e3o formar um la\u00e7o azul humano em Lisboa, para simbolizar o fim do M\u00eas da Preven\u00e7\u00e3o dos Maus-Tratos.","og_url":"https:\/\/portaltela.pt\/noticias\/2026\/04\/30\/mais-de-600-denuncias-ao-instituto-de-apoio-a-crianca-em-2025\/","og_site_name":"Portal Tela Portugal","article_published_time":"2026-04-30T06:33:18+00:00","author":"Telinha","twitter_card":"summary_large_image","twitter_misc":{"Escrito por":"Telinha","Tempo estimado de leitura":"2 minutos"},"schema":{"@context":"https:\/\/schema.org","@graph":[{"@type":"Article","@id":"https:\/\/portaltela.pt\/noticias\/2026\/04\/30\/mais-de-600-denuncias-ao-instituto-de-apoio-a-crianca-em-2025\/#article","isPartOf":{"@id":"https:\/\/portaltela.pt\/noticias\/2026\/04\/30\/mais-de-600-denuncias-ao-instituto-de-apoio-a-crianca-em-2025\/"},"author":{"name":"Telinha","@id":"https:\/\/portaltela.pt\/#\/schema\/person\/c4278d4a6028830caff9ee44b42d32ed"},"headline":"Mais de 600 den\u00fancias ao Instituto de Apoio \u00e0 Crian\u00e7a em 2025","datePublished":"2026-04-30T06:33:18+00:00","mainEntityOfPage":{"@id":"https:\/\/portaltela.pt\/noticias\/2026\/04\/30\/mais-de-600-denuncias-ao-instituto-de-apoio-a-crianca-em-2025\/"},"wordCount":369,"image":{"@id":"https:\/\/portaltela.pt\/noticias\/2026\/04\/30\/mais-de-600-denuncias-ao-instituto-de-apoio-a-crianca-em-2025\/#primaryimage"},"thumbnailUrl":"https:\/\/portaltela.pt\/s.01k8rhncp4jt1\/2026\/04\/image-1697.jpg","keywords":["_crian\u00e7as","_maus-tratos","_maus-tratos a menores","_prote\u00e7\u00e3o de menores","_sa\u00fade mental","_viol\u00eancia de menores"],"articleSection":["Sa\u00fade","Sociedade"],"inLanguage":"pt-PT"},{"@type":"WebPage","@id":"https:\/\/portaltela.pt\/noticias\/2026\/04\/30\/mais-de-600-denuncias-ao-instituto-de-apoio-a-crianca-em-2025\/","url":"https:\/\/portaltela.pt\/noticias\/2026\/04\/30\/mais-de-600-denuncias-ao-instituto-de-apoio-a-crianca-em-2025\/","name":"Mais de 600 den\u00fancias ao Instituto de Apoio \u00e0 Crian\u00e7a em 2025 - Portal Tela Portugal","isPartOf":{"@id":"https:\/\/portaltela.pt\/#website"},"primaryImageOfPage":{"@id":"https:\/\/portaltela.pt\/noticias\/2026\/04\/30\/mais-de-600-denuncias-ao-instituto-de-apoio-a-crianca-em-2025\/#primaryimage"},"image":{"@id":"https:\/\/portaltela.pt\/noticias\/2026\/04\/30\/mais-de-600-denuncias-ao-instituto-de-apoio-a-crianca-em-2025\/#primaryimage"},"thumbnailUrl":"https:\/\/portaltela.pt\/s.01k8rhncp4jt1\/2026\/04\/image-1697.jpg","datePublished":"2026-04-30T06:33:18+00:00","author":{"@id":"https:\/\/portaltela.pt\/#\/schema\/person\/c4278d4a6028830caff9ee44b42d32ed"},"breadcrumb":{"@id":"https:\/\/portaltela.pt\/noticias\/2026\/04\/30\/mais-de-600-denuncias-ao-instituto-de-apoio-a-crianca-em-2025\/#breadcrumb"},"inLanguage":"pt-PT","potentialAction":[{"@type":"ReadAction","target":["https:\/\/portaltela.pt\/noticias\/2026\/04\/30\/mais-de-600-denuncias-ao-instituto-de-apoio-a-crianca-em-2025\/"]}]},{"@type":"ImageObject","inLanguage":"pt-PT","@id":"https:\/\/portaltela.pt\/noticias\/2026\/04\/30\/mais-de-600-denuncias-ao-instituto-de-apoio-a-crianca-em-2025\/#primaryimage","url":"https:\/\/portaltela.pt\/s.01k8rhncp4jt1\/2026\/04\/image-1697.jpg","contentUrl":"https:\/\/portaltela.pt\/s.01k8rhncp4jt1\/2026\/04\/image-1697.jpg","width":796,"height":448,"caption":"Casos de viol\u00eancia contra crian\u00e7as continuam \"a ter uma grande express\u00e3o\" nos contextos familiares"},{"@type":"BreadcrumbList","@id":"https:\/\/portaltela.pt\/noticias\/2026\/04\/30\/mais-de-600-denuncias-ao-instituto-de-apoio-a-crianca-em-2025\/#breadcrumb","itemListElement":[{"@type":"ListItem","position":1,"name":"In\u00edcio","item":"https:\/\/portaltela.pt\/"},{"@type":"ListItem","position":2,"name":"Mais de 600 den\u00fancias ao Instituto de Apoio \u00e0 Crian\u00e7a em 2025"}]},{"@type":"WebSite","@id":"https:\/\/portaltela.pt\/#website","url":"https:\/\/portaltela.pt\/","name":"Portal Tela Portugal","description":"","potentialAction":[{"@type":"SearchAction","target":{"@type":"EntryPoint","urlTemplate":"https:\/\/portaltela.pt\/?s={search_term_string}"},"query-input":{"@type":"PropertyValueSpecification","valueRequired":true,"valueName":"search_term_string"}}],"inLanguage":"pt-PT"},{"@type":"Person","@id":"https:\/\/portaltela.pt\/#\/schema\/person\/c4278d4a6028830caff9ee44b42d32ed","name":"Telinha","image":{"@type":"ImageObject","inLanguage":"pt-PT","@id":"https:\/\/portaltela.pt\/s.01k8rhncp4jt1\/2025\/11\/talking-bot-125x125.png","url":"https:\/\/portaltela.pt\/s.01k8rhncp4jt1\/2025\/11\/talking-bot-125x125.png","contentUrl":"https:\/\/portaltela.pt\/s.01k8rhncp4jt1\/2025\/11\/talking-bot-125x125.png","caption":"Telinha"},"sameAs":["https:\/\/portaltela.pt\/"],"url":"https:\/\/portaltela.pt\/por\/367410592786\/"}]}},"_links":{"self":[{"href":"https:\/\/portaltela.pt\/api\/wp\/v2\/posts\/461862","targetHints":{"allow":["GET"]}}],"collection":[{"href":"https:\/\/portaltela.pt\/api\/wp\/v2\/posts"}],"about":[{"href":"https:\/\/portaltela.pt\/api\/wp\/v2\/types\/post"}],"author":[{"embeddable":true,"href":"https:\/\/portaltela.pt\/api\/wp\/v2\/users\/2"}],"replies":[{"embeddable":true,"href":"https:\/\/portaltela.pt\/api\/wp\/v2\/comments?post=461862"}],"version-history":[{"count":0,"href":"https:\/\/portaltela.pt\/api\/wp\/v2\/posts\/461862\/revisions"}],"wp:featuredmedia":[{"embeddable":true,"href":"https:\/\/portaltela.pt\/api\/wp\/v2\/media\/461868"}],"wp:attachment":[{"href":"https:\/\/portaltela.pt\/api\/wp\/v2\/media?parent=461862"}],"wp:term":[{"taxonomy":"category","embeddable":true,"href":"https:\/\/portaltela.pt\/api\/wp\/v2\/categories?post=461862"},{"taxonomy":"post_tag","embeddable":true,"href":"https:\/\/portaltela.pt\/api\/wp\/v2\/tags?post=461862"}],"curies":[{"name":"wp","href":"https:\/\/api.w.org\/{rel}","templated":true}]}}