{"id":461861,"date":"2026-04-30T03:33:16","date_gmt":"2026-04-30T06:33:16","guid":{"rendered":"https:\/\/portaltela.pt\/noticias\/2026\/04\/30\/abramovich-fortuna-na-sombra-desde-que-e-portugues\/"},"modified":"2026-04-30T03:33:16","modified_gmt":"2026-04-30T06:33:16","slug":"abramovich-fortuna-na-sombra-desde-que-e-portugues","status":"publish","type":"post","link":"https:\/\/portaltela.pt\/noticias\/internacional\/2026\/04\/30\/abramovich-fortuna-na-sombra-desde-que-e-portugues\/","title":{"rendered":"Abramovich: fortuna na sombra desde que \u00e9 portugu\u00eas"},"content":{"rendered":"<p>Roman Abramovich, que obteve a nacionalidade portuguesa em 30 de Abril de 2021, mant\u00e9m uma atividade discreta enquanto a sua fortuna e movimenta\u00e7\u00f5es permanecem sob escrut\u00ednio internacional, especialmente ap\u00f3s a invas\u00e3o da Ucr\u00e2nia.<\/p>\n<p>Entre o per\u00edodo anterior e o ap\u00f3s 24 de Fevereiro de 2022, o oligarca reorganizou parte significativa do patrim\u00f3nio. O Governo brit\u00e2nico afirma ter identificado oculta\u00e7\u00e3o de cerca de 760 milh\u00f5es de libras via estruturas offshore, com Demetris Ioannides, contabilista cipriota, descrito como facilitador.<\/p>\n<p>A reorganiza\u00e7\u00e3o ocorreu num contexto de san\u00e7\u00f5es internacionais. Documentos do The Guardian e do OCCRP indicam altera\u00e7\u00f5es urgentes de fundos fiduci\u00e1rios e redistribui\u00e7\u00e3o de activos em v\u00e1rias jurisdi\u00e7\u00f5es, para mitigar o impacto das san\u00e7\u00f5es.<\/p>\n<p>Parte dos activos circulou atrav\u00e9s de institui\u00e7\u00f5es financeiras internacionais. O OCCRP aponta milhares de milh\u00f5es de euros ligados a empresas offshore associadas a Abramovich, em bancos como Credit Suisse, UBS e Barclays.<\/p>\n<p>Esquemas financeiros complexos inclu\u00edram empr\u00e9stimos entre entidades do mesmo grupo, levantando d\u00favidas sobre a origem dos fundos e eventual oculta\u00e7\u00e3o de ativos.<\/p>\n<p>Apesar das san\u00e7\u00f5es do Reino Unido e da UE, Abramovich mant\u00e9m algum acesso indireto a circuitos financeiros globais, com restri\u00e7\u00f5es crescentes. Os EUA ainda n\u00e3o o sancionaram, o que facilita margens de manobra.<\/p>\n<p>Parte da fortuna teria estado investida em grandes empresas norte\u2011americanas, incluindo Uber, Amazon e Microsoft, muitas vezes via estruturas offshore.<\/p>\n<p>Investiga\u00e7\u00f5es jornal\u00edsticas tamb\u00e9m sugerem transfer\u00eancias de activos para familiares pr\u00f3ximos, semanas antes da guerra, com reorganiza\u00e7\u00e3o de trusts em nome dos filhos.<\/p>\n<p>Al\u00e9m da esfera financeira, surgem liga\u00e7\u00f5es empresariais na R\u00fassia. A R\u00fassia Forest Products envolveu Abramovich em uma parceria com o Estado, desenhada para ocultar participa\u00e7\u00e3o estatal, mas as partes sa\u00edram do capital pouco antes da invas\u00e3o.<\/p>\n<p>No Reino Unido, as autoridades de Jersey mant\u00eam uma investiga\u00e7\u00e3o por corrup\u00e7\u00e3o e branqueamento de capitais desde 2022, com o congelamento de 5,3 mil milh\u00f5es de libras. Abramovich recorreu ao Tribunal Europeu dos Direitos Humanos.<\/p>\n<p>Recentemente, o Governo brit\u00e2nico prepara-se para levar o caso a tribunal ap\u00f3s o fim do prazo para transferir 2,4 mil milh\u00f5es de libras da venda do Chelsea para uma funda\u00e7\u00e3o dedicada \u00e0 Ucr\u00e2nia, conforme acordo de 2024.<\/p>\n<p>Cinco anos ap\u00f3s a cidadania portuguesa, Abramovich continua ligado a redes financeiras globais associadas \u00e0 elite russa, com impacto cont\u00ednuo sobre o debate p\u00fablico e pol\u00edtico internacional.<\/p>\n","protected":false},"excerpt":{"rendered":"<ul>\n<li>Abramovich tornou-se cidad\u00e3o portugu\u00eas em 30 de Abril de 2021, mantendo atividade discreta e fortuna sob escrut\u00ednio internacional, especialmente ap\u00f3s a invas\u00e3o da Ucr\u00e2nia.<\/li>\n<li>Entre antes de 24 de Fevereiro de 2022 e depois desse marco, reorganizou parte significativa do seu patrim\u00f3nio, alegadamente ocultando cerca de 760 milh\u00f5es de libras via estruturas offshore; o contabilista cipriota Demetris Ioannides \u00e9 apontado como central.<\/li>\n<li>Documentos indicam que fundos fiduci\u00e1rios foram alterados com urg\u00eancia e ativos redistribu\u00eddos por v\u00e1rias jurisdi\u00e7\u00f5es, numa tentativa de mitigar o impacto de san\u00e7\u00f5es.<\/li>\n<li>Parte da fortuna esteve ligada a empresas norte-americanas (Uber, Amazon, Microsoft), muitas vezes atrav\u00e9s de estruturas offshore; os EUA ainda n\u00e3o o inclu\u00edram nas listas de san\u00e7\u00f5es.<\/li>\n<li>No Reino Unido, Jersey investiga poss\u00edvel corrup\u00e7\u00e3o e branqueamento de capitais, com o congelamento de 5,3 mil milh\u00f5es de libras; Abramovich recorreu ao Tribunal Europeu dos Direitos Humanos.<\/li>\n<\/ul>\n","protected":false},"author":2,"featured_media":461864,"comment_status":"closed","ping_status":"closed","sticky":false,"template":"","format":"standard","meta":{"footnotes":""},"categories":[6814,4],"tags":[653,5063,506,769,1014,1840],"class_list":["post-461861","post","type-post","status-publish","format-standard","has-post-thumbnail","hentry","category-geopolitica","category-internacional","tag-dinheiro","tag-financas-internacionais","tag-imprensa","tag-lavagem-de-capitais","tag-portugal","tag-sancoes-internacionais"],"yoast_head":"<!-- This site is optimized with the Yoast SEO plugin v27.2 - https:\/\/yoast.com\/product\/yoast-seo-wordpress\/ -->\n<title>Abramovich: fortuna na sombra desde que \u00e9 portugu\u00eas - Portal Tela Portugal<\/title>\n<meta name=\"robots\" content=\"index, follow, max-snippet:-1, max-image-preview:large, max-video-preview:-1\" \/>\n<meta property=\"og:locale\" content=\"pt_PT\" \/>\n<meta property=\"og:type\" content=\"article\" \/>\n<meta property=\"og:title\" content=\"Abramovich: fortuna na sombra desde que \u00e9 portugu\u00eas - Portal Tela Portugal\" \/>\n<meta property=\"og:description\" content=\"Abramovich tornou-se cidad\u00e3o portugu\u00eas em 30 de Abril de 2021, mantendo atividade discreta e fortuna sob escrut\u00ednio internacional, especialmente ap\u00f3s a invas\u00e3o da Ucr\u00e2nia. Entre antes de 24 de Fevereiro de 2022 e depois desse marco, reorganizou parte significativa do seu patrim\u00f3nio, alegadamente ocultando cerca de 760 milh\u00f5es de libras via estruturas offshore; o contabilista cipriota Demetris Ioannides \u00e9 apontado como central. Documentos indicam que fundos fiduci\u00e1rios foram alterados com urg\u00eancia e ativos redistribu\u00eddos por v\u00e1rias jurisdi\u00e7\u00f5es, numa tentativa de mitigar o impacto de san\u00e7\u00f5es. Parte da fortuna esteve ligada a empresas norte-americanas (Uber, Amazon, Microsoft), muitas vezes atrav\u00e9s de estruturas offshore; os EUA ainda n\u00e3o o inclu\u00edram nas listas de san\u00e7\u00f5es. No Reino Unido, Jersey investiga poss\u00edvel corrup\u00e7\u00e3o e branqueamento de capitais, com o congelamento de 5,3 mil milh\u00f5es de libras; Abramovich recorreu ao Tribunal Europeu dos Direitos Humanos.\" \/>\n<meta property=\"og:url\" content=\"https:\/\/portaltela.pt\/noticias\/2026\/04\/30\/abramovich-fortuna-na-sombra-desde-que-e-portugues\/\" \/>\n<meta property=\"og:site_name\" content=\"Portal Tela Portugal\" \/>\n<meta property=\"article:published_time\" content=\"2026-04-30T06:33:16+00:00\" \/>\n<meta name=\"author\" content=\"Telinha\" \/>\n<meta name=\"twitter:card\" content=\"summary_large_image\" \/>\n<meta name=\"twitter:label1\" content=\"Escrito por\" \/>\n\t<meta name=\"twitter:data1\" content=\"Telinha\" \/>\n\t<meta name=\"twitter:label2\" content=\"Tempo estimado de leitura\" \/>\n\t<meta name=\"twitter:data2\" content=\"2 minutos\" \/>\n<script type=\"application\/ld+json\" class=\"yoast-schema-graph\">{\"@context\":\"https:\/\/schema.org\",\"@graph\":[{\"@type\":\"Article\",\"@id\":\"https:\/\/portaltela.pt\/noticias\/2026\/04\/30\/abramovich-fortuna-na-sombra-desde-que-e-portugues\/#article\",\"isPartOf\":{\"@id\":\"https:\/\/portaltela.pt\/noticias\/2026\/04\/30\/abramovich-fortuna-na-sombra-desde-que-e-portugues\/\"},\"author\":{\"name\":\"Telinha\",\"@id\":\"https:\/\/portaltela.pt\/#\/schema\/person\/c4278d4a6028830caff9ee44b42d32ed\"},\"headline\":\"Abramovich: fortuna na sombra desde que \u00e9 portugu\u00eas\",\"datePublished\":\"2026-04-30T06:33:16+00:00\",\"mainEntityOfPage\":{\"@id\":\"https:\/\/portaltela.pt\/noticias\/2026\/04\/30\/abramovich-fortuna-na-sombra-desde-que-e-portugues\/\"},\"wordCount\":430,\"image\":{\"@id\":\"https:\/\/portaltela.pt\/noticias\/2026\/04\/30\/abramovich-fortuna-na-sombra-desde-que-e-portugues\/#primaryimage\"},\"thumbnailUrl\":\"https:\/\/portaltela.pt\/s.01k8rhncp4jt1\/2026\/04\/2085005.jpg\",\"keywords\":[\"dinheiro\",\"finan\u00e7as internacionais\",\"imprensa\",\"lavagem de capitais\",\"Portugal\",\"san\u00e7\u00f5es internacionais\"],\"articleSection\":[\"Geopol\u00edtica\",\"Internacional\"],\"inLanguage\":\"pt-PT\"},{\"@type\":\"WebPage\",\"@id\":\"https:\/\/portaltela.pt\/noticias\/2026\/04\/30\/abramovich-fortuna-na-sombra-desde-que-e-portugues\/\",\"url\":\"https:\/\/portaltela.pt\/noticias\/2026\/04\/30\/abramovich-fortuna-na-sombra-desde-que-e-portugues\/\",\"name\":\"Abramovich: fortuna na sombra desde que \u00e9 portugu\u00eas - Portal Tela Portugal\",\"isPartOf\":{\"@id\":\"https:\/\/portaltela.pt\/#website\"},\"primaryImageOfPage\":{\"@id\":\"https:\/\/portaltela.pt\/noticias\/2026\/04\/30\/abramovich-fortuna-na-sombra-desde-que-e-portugues\/#primaryimage\"},\"image\":{\"@id\":\"https:\/\/portaltela.pt\/noticias\/2026\/04\/30\/abramovich-fortuna-na-sombra-desde-que-e-portugues\/#primaryimage\"},\"thumbnailUrl\":\"https:\/\/portaltela.pt\/s.01k8rhncp4jt1\/2026\/04\/2085005.jpg\",\"datePublished\":\"2026-04-30T06:33:16+00:00\",\"author\":{\"@id\":\"https:\/\/portaltela.pt\/#\/schema\/person\/c4278d4a6028830caff9ee44b42d32ed\"},\"breadcrumb\":{\"@id\":\"https:\/\/portaltela.pt\/noticias\/2026\/04\/30\/abramovich-fortuna-na-sombra-desde-que-e-portugues\/#breadcrumb\"},\"inLanguage\":\"pt-PT\",\"potentialAction\":[{\"@type\":\"ReadAction\",\"target\":[\"https:\/\/portaltela.pt\/noticias\/2026\/04\/30\/abramovich-fortuna-na-sombra-desde-que-e-portugues\/\"]}]},{\"@type\":\"ImageObject\",\"inLanguage\":\"pt-PT\",\"@id\":\"https:\/\/portaltela.pt\/noticias\/2026\/04\/30\/abramovich-fortuna-na-sombra-desde-que-e-portugues\/#primaryimage\",\"url\":\"https:\/\/portaltela.pt\/s.01k8rhncp4jt1\/2026\/04\/2085005.jpg\",\"contentUrl\":\"https:\/\/portaltela.pt\/s.01k8rhncp4jt1\/2026\/04\/2085005.jpg\",\"width\":796,\"height\":448,\"caption\":\"Roman Abramovich continua a ser investigado no Reino Unido\"},{\"@type\":\"BreadcrumbList\",\"@id\":\"https:\/\/portaltela.pt\/noticias\/2026\/04\/30\/abramovich-fortuna-na-sombra-desde-que-e-portugues\/#breadcrumb\",\"itemListElement\":[{\"@type\":\"ListItem\",\"position\":1,\"name\":\"In\u00edcio\",\"item\":\"https:\/\/portaltela.pt\/\"},{\"@type\":\"ListItem\",\"position\":2,\"name\":\"Abramovich: fortuna na sombra desde que \u00e9 portugu\u00eas\"}]},{\"@type\":\"WebSite\",\"@id\":\"https:\/\/portaltela.pt\/#website\",\"url\":\"https:\/\/portaltela.pt\/\",\"name\":\"Portal Tela Portugal\",\"description\":\"\",\"potentialAction\":[{\"@type\":\"SearchAction\",\"target\":{\"@type\":\"EntryPoint\",\"urlTemplate\":\"https:\/\/portaltela.pt\/?s={search_term_string}\"},\"query-input\":{\"@type\":\"PropertyValueSpecification\",\"valueRequired\":true,\"valueName\":\"search_term_string\"}}],\"inLanguage\":\"pt-PT\"},{\"@type\":\"Person\",\"@id\":\"https:\/\/portaltela.pt\/#\/schema\/person\/c4278d4a6028830caff9ee44b42d32ed\",\"name\":\"Telinha\",\"image\":{\"@type\":\"ImageObject\",\"inLanguage\":\"pt-PT\",\"@id\":\"https:\/\/portaltela.pt\/s.01k8rhncp4jt1\/2025\/11\/talking-bot-125x125.png\",\"url\":\"https:\/\/portaltela.pt\/s.01k8rhncp4jt1\/2025\/11\/talking-bot-125x125.png\",\"contentUrl\":\"https:\/\/portaltela.pt\/s.01k8rhncp4jt1\/2025\/11\/talking-bot-125x125.png\",\"caption\":\"Telinha\"},\"sameAs\":[\"https:\/\/portaltela.pt\/\"],\"url\":\"https:\/\/portaltela.pt\/por\/367410592786\/\"}]}<\/script>\n<!-- \/ Yoast SEO plugin. -->","yoast_head_json":{"title":"Abramovich: fortuna na sombra desde que \u00e9 portugu\u00eas - Portal Tela Portugal","robots":{"index":"index","follow":"follow","max-snippet":"max-snippet:-1","max-image-preview":"max-image-preview:large","max-video-preview":"max-video-preview:-1"},"og_locale":"pt_PT","og_type":"article","og_title":"Abramovich: fortuna na sombra desde que \u00e9 portugu\u00eas - Portal Tela Portugal","og_description":"Abramovich tornou-se cidad\u00e3o portugu\u00eas em 30 de Abril de 2021, mantendo atividade discreta e fortuna sob escrut\u00ednio internacional, especialmente ap\u00f3s a invas\u00e3o da Ucr\u00e2nia. Entre antes de 24 de Fevereiro de 2022 e depois desse marco, reorganizou parte significativa do seu patrim\u00f3nio, alegadamente ocultando cerca de 760 milh\u00f5es de libras via estruturas offshore; o contabilista cipriota Demetris Ioannides \u00e9 apontado como central. Documentos indicam que fundos fiduci\u00e1rios foram alterados com urg\u00eancia e ativos redistribu\u00eddos por v\u00e1rias jurisdi\u00e7\u00f5es, numa tentativa de mitigar o impacto de san\u00e7\u00f5es. Parte da fortuna esteve ligada a empresas norte-americanas (Uber, Amazon, Microsoft), muitas vezes atrav\u00e9s de estruturas offshore; os EUA ainda n\u00e3o o inclu\u00edram nas listas de san\u00e7\u00f5es. No Reino Unido, Jersey investiga poss\u00edvel corrup\u00e7\u00e3o e branqueamento de capitais, com o congelamento de 5,3 mil milh\u00f5es de libras; Abramovich recorreu ao Tribunal Europeu dos Direitos Humanos.","og_url":"https:\/\/portaltela.pt\/noticias\/2026\/04\/30\/abramovich-fortuna-na-sombra-desde-que-e-portugues\/","og_site_name":"Portal Tela Portugal","article_published_time":"2026-04-30T06:33:16+00:00","author":"Telinha","twitter_card":"summary_large_image","twitter_misc":{"Escrito por":"Telinha","Tempo estimado de leitura":"2 minutos"},"schema":{"@context":"https:\/\/schema.org","@graph":[{"@type":"Article","@id":"https:\/\/portaltela.pt\/noticias\/2026\/04\/30\/abramovich-fortuna-na-sombra-desde-que-e-portugues\/#article","isPartOf":{"@id":"https:\/\/portaltela.pt\/noticias\/2026\/04\/30\/abramovich-fortuna-na-sombra-desde-que-e-portugues\/"},"author":{"name":"Telinha","@id":"https:\/\/portaltela.pt\/#\/schema\/person\/c4278d4a6028830caff9ee44b42d32ed"},"headline":"Abramovich: fortuna na sombra desde que \u00e9 portugu\u00eas","datePublished":"2026-04-30T06:33:16+00:00","mainEntityOfPage":{"@id":"https:\/\/portaltela.pt\/noticias\/2026\/04\/30\/abramovich-fortuna-na-sombra-desde-que-e-portugues\/"},"wordCount":430,"image":{"@id":"https:\/\/portaltela.pt\/noticias\/2026\/04\/30\/abramovich-fortuna-na-sombra-desde-que-e-portugues\/#primaryimage"},"thumbnailUrl":"https:\/\/portaltela.pt\/s.01k8rhncp4jt1\/2026\/04\/2085005.jpg","keywords":["dinheiro","finan\u00e7as internacionais","imprensa","lavagem de capitais","Portugal","san\u00e7\u00f5es internacionais"],"articleSection":["Geopol\u00edtica","Internacional"],"inLanguage":"pt-PT"},{"@type":"WebPage","@id":"https:\/\/portaltela.pt\/noticias\/2026\/04\/30\/abramovich-fortuna-na-sombra-desde-que-e-portugues\/","url":"https:\/\/portaltela.pt\/noticias\/2026\/04\/30\/abramovich-fortuna-na-sombra-desde-que-e-portugues\/","name":"Abramovich: fortuna na sombra desde que \u00e9 portugu\u00eas - Portal Tela Portugal","isPartOf":{"@id":"https:\/\/portaltela.pt\/#website"},"primaryImageOfPage":{"@id":"https:\/\/portaltela.pt\/noticias\/2026\/04\/30\/abramovich-fortuna-na-sombra-desde-que-e-portugues\/#primaryimage"},"image":{"@id":"https:\/\/portaltela.pt\/noticias\/2026\/04\/30\/abramovich-fortuna-na-sombra-desde-que-e-portugues\/#primaryimage"},"thumbnailUrl":"https:\/\/portaltela.pt\/s.01k8rhncp4jt1\/2026\/04\/2085005.jpg","datePublished":"2026-04-30T06:33:16+00:00","author":{"@id":"https:\/\/portaltela.pt\/#\/schema\/person\/c4278d4a6028830caff9ee44b42d32ed"},"breadcrumb":{"@id":"https:\/\/portaltela.pt\/noticias\/2026\/04\/30\/abramovich-fortuna-na-sombra-desde-que-e-portugues\/#breadcrumb"},"inLanguage":"pt-PT","potentialAction":[{"@type":"ReadAction","target":["https:\/\/portaltela.pt\/noticias\/2026\/04\/30\/abramovich-fortuna-na-sombra-desde-que-e-portugues\/"]}]},{"@type":"ImageObject","inLanguage":"pt-PT","@id":"https:\/\/portaltela.pt\/noticias\/2026\/04\/30\/abramovich-fortuna-na-sombra-desde-que-e-portugues\/#primaryimage","url":"https:\/\/portaltela.pt\/s.01k8rhncp4jt1\/2026\/04\/2085005.jpg","contentUrl":"https:\/\/portaltela.pt\/s.01k8rhncp4jt1\/2026\/04\/2085005.jpg","width":796,"height":448,"caption":"Roman Abramovich continua a ser investigado no Reino Unido"},{"@type":"BreadcrumbList","@id":"https:\/\/portaltela.pt\/noticias\/2026\/04\/30\/abramovich-fortuna-na-sombra-desde-que-e-portugues\/#breadcrumb","itemListElement":[{"@type":"ListItem","position":1,"name":"In\u00edcio","item":"https:\/\/portaltela.pt\/"},{"@type":"ListItem","position":2,"name":"Abramovich: fortuna na sombra desde que \u00e9 portugu\u00eas"}]},{"@type":"WebSite","@id":"https:\/\/portaltela.pt\/#website","url":"https:\/\/portaltela.pt\/","name":"Portal Tela Portugal","description":"","potentialAction":[{"@type":"SearchAction","target":{"@type":"EntryPoint","urlTemplate":"https:\/\/portaltela.pt\/?s={search_term_string}"},"query-input":{"@type":"PropertyValueSpecification","valueRequired":true,"valueName":"search_term_string"}}],"inLanguage":"pt-PT"},{"@type":"Person","@id":"https:\/\/portaltela.pt\/#\/schema\/person\/c4278d4a6028830caff9ee44b42d32ed","name":"Telinha","image":{"@type":"ImageObject","inLanguage":"pt-PT","@id":"https:\/\/portaltela.pt\/s.01k8rhncp4jt1\/2025\/11\/talking-bot-125x125.png","url":"https:\/\/portaltela.pt\/s.01k8rhncp4jt1\/2025\/11\/talking-bot-125x125.png","contentUrl":"https:\/\/portaltela.pt\/s.01k8rhncp4jt1\/2025\/11\/talking-bot-125x125.png","caption":"Telinha"},"sameAs":["https:\/\/portaltela.pt\/"],"url":"https:\/\/portaltela.pt\/por\/367410592786\/"}]}},"_links":{"self":[{"href":"https:\/\/portaltela.pt\/api\/wp\/v2\/posts\/461861","targetHints":{"allow":["GET"]}}],"collection":[{"href":"https:\/\/portaltela.pt\/api\/wp\/v2\/posts"}],"about":[{"href":"https:\/\/portaltela.pt\/api\/wp\/v2\/types\/post"}],"author":[{"embeddable":true,"href":"https:\/\/portaltela.pt\/api\/wp\/v2\/users\/2"}],"replies":[{"embeddable":true,"href":"https:\/\/portaltela.pt\/api\/wp\/v2\/comments?post=461861"}],"version-history":[{"count":0,"href":"https:\/\/portaltela.pt\/api\/wp\/v2\/posts\/461861\/revisions"}],"wp:featuredmedia":[{"embeddable":true,"href":"https:\/\/portaltela.pt\/api\/wp\/v2\/media\/461864"}],"wp:attachment":[{"href":"https:\/\/portaltela.pt\/api\/wp\/v2\/media?parent=461861"}],"wp:term":[{"taxonomy":"category","embeddable":true,"href":"https:\/\/portaltela.pt\/api\/wp\/v2\/categories?post=461861"},{"taxonomy":"post_tag","embeddable":true,"href":"https:\/\/portaltela.pt\/api\/wp\/v2\/tags?post=461861"}],"curies":[{"name":"wp","href":"https:\/\/api.w.org\/{rel}","templated":true}]}}