{"id":461848,"date":"2026-04-30T03:18:16","date_gmt":"2026-04-30T06:18:16","guid":{"rendered":"https:\/\/portaltela.pt\/noticias\/2026\/04\/30\/ccp-teme-imprevisibilidade-do-chega-e-radicalismos-no-parlamento\/"},"modified":"2026-04-30T03:18:16","modified_gmt":"2026-04-30T06:18:16","slug":"ccp-teme-imprevisibilidade-do-chega-e-radicalismos-no-parlamento","status":"publish","type":"post","link":"https:\/\/portaltela.pt\/noticias\/economia\/2026\/04\/30\/ccp-teme-imprevisibilidade-do-chega-e-radicalismos-no-parlamento\/","title":{"rendered":"CCP teme imprevisibilidade do Chega e radicalismos no Parlamento"},"content":{"rendered":"<p>A CCP teme a imprevisibilidade de uma revis\u00e3o laboral gerida pelo Chega e o risco de radicais no Parlamento, numa altura em que o seu presidente Jo\u00e3o Vieira Lopes se prepara para deixar o cargo. A entrega da lideran\u00e7a ser\u00e1 feita a Gustavo Duarte, atual l\u00edder da ANTRM. A entrevista ao P\u00daBLICO-Renascen\u00e7a revela receios sobre o caminho da Concerta\u00e7\u00e3o Social e a futura negocia\u00e7\u00e3o na Assembleia da Rep\u00fablica.<\/p>\n<p>Vieira Lopes afirma que, apesar de hist\u00f3rico de acordo, persiste uma forte dificuldade em obter consenso sobre a revis\u00e3o da lei laboral. A reuni\u00e3o da Concerta\u00e7\u00e3o Social est\u00e1 marcada para 7 de maio, mantendo d\u00favidas sobre a possibilidade de acordo no pacote exigido pelos patronais.<\/p>\n<p>O dirigente observa que a legisla\u00e7\u00e3o laboral \u00e9 complexa e que mudan\u00e7as propostas pelo Governo, abrangendo cerca de 100 artigos, v\u00e3o al\u00e9m de quatro pontos iniciais defendidos pela CCP. A convic\u00e7\u00e3o \u00e9 de que o texto ampliado complica as negocia\u00e7\u00f5es, mas reconhece a legitimidade da op\u00e7\u00e3o pol\u00edtica do Governo.<\/p>\n<p>Substitui\u00e7\u00e3o na CCP e balan\u00e7o da autarquia<\/p>\n<p>Em julho, a lideran\u00e7a anterior passa a Duarte, que dever\u00e1 mostrar o peso da \u00e1rea dos servi\u00e7os e da log\u00edstica na agenda da CCP. Vieira Lopes destaca a necessidade de aumento da escala das empresas portuguesas para melhorar a produtividade e a competitividade, bem como a baixa sindicaliza\u00e7\u00e3o.<\/p>\n<p>O respons\u00e1vel admite que as negocia\u00e7\u00f5es t\u00eam sido marcadas por ru\u00eddo medi\u00e1tico e posi\u00e7\u00f5es ideol\u00f3gicas, sem culpar de forma direta a UGT. Alega que a proposta de reintegra\u00e7\u00e3o de trabalhadores despedidos, que passaria a depender de decis\u00e3o judicial, n\u00e3o \u00e9 aceit\u00e1vel do ponto de vista dos patr\u00f5es.<\/p>\n<p>O papel da reta final e as poss\u00edveis chamadas para uma altera\u00e7\u00e3o<\/p>\n<p>Vieira Lopes afirma que a concerta\u00e7\u00e3o ter\u00e1 maior probabilidade de \u00eaxito se se basear em pontos consensualizados, reduzindo radicalismos na Assembleia. N\u00e3o indica se o Presidente da Rep\u00fablica poder\u00e1 vetar altera\u00e7\u00f5es sem acordo, mas afirma desconhecer as condi\u00e7\u00f5es atuais do veto.<\/p>\n<p>O sindicalismo e o 1.\u00ba de Maio<\/p>\n<p>Questionado sobre greves de 1 de maio, o l\u00edder aponta para uma liga\u00e7\u00e3o hist\u00f3rica entre mobiliza\u00e7\u00f5es e o impacto em retalho alimentar, destacando a baixa taxa de sindicaliza\u00e7\u00e3o e a heterogeneidade setorial como fatores relevantes na ades\u00e3o dos trabalhadores.<\/p>\n<p>Expectativas para o sucessor<\/p>\n<p>Vieira Lopes destaca que fica por fazer uma maior afirma\u00e7\u00e3o do com\u00e9rcio e servi\u00e7os como motor da economia, bem como ultrapassar limita\u00e7\u00f5es de escala. Enfatiza que as empresas portuguesas precisam de maior capacidade de investimento e de absor\u00e7\u00e3o de quadros qualificados.<\/p>\n<p>O que fica por definir na pr\u00e1tica<\/p>\n<p>O antigo presidente salienta a necessidade de evoluir o modelo de hor\u00e1rios do com\u00e9rcio, especialmente aos domingos e feriados, para promover produtividade sem reduzir o volume de vendas. O desafio \u00e9 alinhar hor\u00e1rios com a realidade do com\u00e9rcio.<\/p>\n","protected":false},"excerpt":{"rendered":"<ul>\n<li>Jo\u00e3o Vieira Lopes deixa a presid\u00eancia da Confedera\u00e7\u00e3o de Com\u00e9rcio e Servi\u00e7os esta semana, ap\u00f3s 16 anos, com Gustavo Duarte a assumir o cargo.<\/li>\n<li>A CCP teme a imprevisibilidade da solu\u00e7\u00e3o final negociada no Parlamento e sustenta preocupa\u00e7\u00e3o com radicais no debate, especialmente do Chega.<\/li>\n<li>O Governo apresentou uma revis\u00e3o laboral ampla (cerca de 100 artigos), embora a CCP tenha pretendido focar-se em quatro pontos: outsourcing, banco de horas, contratos a prazo e despedimentos.<\/li>\n<li>A Concerta\u00e7\u00e3o Social volta a reunir-se a 7 de maio; a negocia\u00e7\u00e3o \u00e9 marcada por ru\u00eddo medi\u00e1tico e por acusa\u00e7\u00f5es entre UGT e a CIP, dificultando um consenso.<\/li>\n<li>A CCP real\u00e7a a necessidade de as empresas portuguesas crescerem em escala para aumentar a produtividade, assinalando ainda que a taxa de sindicaliza\u00e7\u00e3o \u00e9 baixa e destacando o papel do com\u00e9rcio e servi\u00e7os na economia.<\/li>\n<\/ul>\n","protected":false},"author":2,"featured_media":461850,"comment_status":"closed","ping_status":"closed","sticky":false,"template":"","format":"standard","meta":{"footnotes":""},"categories":[2,6735],"tags":[4211,2142,244,2431,966,2841],"class_list":["post-461848","post","type-post","status-publish","format-standard","has-post-thumbnail","hentry","category-economia","category-negocios","tag-assembleia-nacional","tag-chega","tag-comercio","tag-concertacao-social","tag-sindicatos","tag-trabalhadores"],"yoast_head":"<!-- This site is optimized with the Yoast SEO plugin v27.2 - https:\/\/yoast.com\/product\/yoast-seo-wordpress\/ -->\n<title>CCP teme imprevisibilidade do Chega e radicalismos no Parlamento - Portal Tela Portugal<\/title>\n<meta name=\"robots\" content=\"index, follow, max-snippet:-1, max-image-preview:large, max-video-preview:-1\" \/>\n<meta property=\"og:locale\" content=\"pt_PT\" \/>\n<meta property=\"og:type\" content=\"article\" \/>\n<meta property=\"og:title\" content=\"CCP teme imprevisibilidade do Chega e radicalismos no Parlamento - Portal Tela Portugal\" \/>\n<meta property=\"og:description\" content=\"Jo\u00e3o Vieira Lopes deixa a presid\u00eancia da Confedera\u00e7\u00e3o de Com\u00e9rcio e Servi\u00e7os esta semana, ap\u00f3s 16 anos, com Gustavo Duarte a assumir o cargo. A CCP teme a imprevisibilidade da solu\u00e7\u00e3o final negociada no Parlamento e sustenta preocupa\u00e7\u00e3o com radicais no debate, especialmente do Chega. O Governo apresentou uma revis\u00e3o laboral ampla (cerca de 100 artigos), embora a CCP tenha pretendido focar-se em quatro pontos: outsourcing, banco de horas, contratos a prazo e despedimentos. A Concerta\u00e7\u00e3o Social volta a reunir-se a 7 de maio; a negocia\u00e7\u00e3o \u00e9 marcada por ru\u00eddo medi\u00e1tico e por acusa\u00e7\u00f5es entre UGT e a CIP, dificultando um consenso. A CCP real\u00e7a a necessidade de as empresas portuguesas crescerem em escala para aumentar a produtividade, assinalando ainda que a taxa de sindicaliza\u00e7\u00e3o \u00e9 baixa e destacando o papel do com\u00e9rcio e servi\u00e7os na economia.\" \/>\n<meta property=\"og:url\" content=\"https:\/\/portaltela.pt\/noticias\/2026\/04\/30\/ccp-teme-imprevisibilidade-do-chega-e-radicalismos-no-parlamento\/\" \/>\n<meta property=\"og:site_name\" content=\"Portal Tela Portugal\" \/>\n<meta property=\"article:published_time\" content=\"2026-04-30T06:18:16+00:00\" \/>\n<meta name=\"author\" content=\"Telinha\" \/>\n<meta name=\"twitter:card\" content=\"summary_large_image\" \/>\n<meta name=\"twitter:label1\" content=\"Escrito por\" \/>\n\t<meta name=\"twitter:data1\" content=\"Telinha\" \/>\n\t<meta name=\"twitter:label2\" content=\"Tempo estimado de leitura\" \/>\n\t<meta name=\"twitter:data2\" content=\"3 minutos\" \/>\n<script type=\"application\/ld+json\" class=\"yoast-schema-graph\">{\"@context\":\"https:\/\/schema.org\",\"@graph\":[{\"@type\":\"Article\",\"@id\":\"https:\/\/portaltela.pt\/noticias\/2026\/04\/30\/ccp-teme-imprevisibilidade-do-chega-e-radicalismos-no-parlamento\/#article\",\"isPartOf\":{\"@id\":\"https:\/\/portaltela.pt\/noticias\/2026\/04\/30\/ccp-teme-imprevisibilidade-do-chega-e-radicalismos-no-parlamento\/\"},\"author\":{\"name\":\"Telinha\",\"@id\":\"https:\/\/portaltela.pt\/#\/schema\/person\/c4278d4a6028830caff9ee44b42d32ed\"},\"headline\":\"CCP teme imprevisibilidade do Chega e radicalismos no Parlamento\",\"datePublished\":\"2026-04-30T06:18:16+00:00\",\"mainEntityOfPage\":{\"@id\":\"https:\/\/portaltela.pt\/noticias\/2026\/04\/30\/ccp-teme-imprevisibilidade-do-chega-e-radicalismos-no-parlamento\/\"},\"wordCount\":517,\"image\":{\"@id\":\"https:\/\/portaltela.pt\/noticias\/2026\/04\/30\/ccp-teme-imprevisibilidade-do-chega-e-radicalismos-no-parlamento\/#primaryimage\"},\"thumbnailUrl\":\"https:\/\/portaltela.pt\/s.01k8rhncp4jt1\/2026\/04\/2085001.jpg\",\"keywords\":[\"Assembleia Nacional\",\"CHEGA\",\"com\u00e9rcio\",\"Concerta\u00e7\u00e3o Social\",\"sindicatos\",\"trabalhadores\"],\"articleSection\":[\"Economia\",\"Neg\u00f3cios\"],\"inLanguage\":\"pt-PT\"},{\"@type\":\"WebPage\",\"@id\":\"https:\/\/portaltela.pt\/noticias\/2026\/04\/30\/ccp-teme-imprevisibilidade-do-chega-e-radicalismos-no-parlamento\/\",\"url\":\"https:\/\/portaltela.pt\/noticias\/2026\/04\/30\/ccp-teme-imprevisibilidade-do-chega-e-radicalismos-no-parlamento\/\",\"name\":\"CCP teme imprevisibilidade do Chega e radicalismos no Parlamento - Portal Tela Portugal\",\"isPartOf\":{\"@id\":\"https:\/\/portaltela.pt\/#website\"},\"primaryImageOfPage\":{\"@id\":\"https:\/\/portaltela.pt\/noticias\/2026\/04\/30\/ccp-teme-imprevisibilidade-do-chega-e-radicalismos-no-parlamento\/#primaryimage\"},\"image\":{\"@id\":\"https:\/\/portaltela.pt\/noticias\/2026\/04\/30\/ccp-teme-imprevisibilidade-do-chega-e-radicalismos-no-parlamento\/#primaryimage\"},\"thumbnailUrl\":\"https:\/\/portaltela.pt\/s.01k8rhncp4jt1\/2026\/04\/2085001.jpg\",\"datePublished\":\"2026-04-30T06:18:16+00:00\",\"author\":{\"@id\":\"https:\/\/portaltela.pt\/#\/schema\/person\/c4278d4a6028830caff9ee44b42d32ed\"},\"breadcrumb\":{\"@id\":\"https:\/\/portaltela.pt\/noticias\/2026\/04\/30\/ccp-teme-imprevisibilidade-do-chega-e-radicalismos-no-parlamento\/#breadcrumb\"},\"inLanguage\":\"pt-PT\",\"potentialAction\":[{\"@type\":\"ReadAction\",\"target\":[\"https:\/\/portaltela.pt\/noticias\/2026\/04\/30\/ccp-teme-imprevisibilidade-do-chega-e-radicalismos-no-parlamento\/\"]}]},{\"@type\":\"ImageObject\",\"inLanguage\":\"pt-PT\",\"@id\":\"https:\/\/portaltela.pt\/noticias\/2026\/04\/30\/ccp-teme-imprevisibilidade-do-chega-e-radicalismos-no-parlamento\/#primaryimage\",\"url\":\"https:\/\/portaltela.pt\/s.01k8rhncp4jt1\/2026\/04\/2085001.jpg\",\"contentUrl\":\"https:\/\/portaltela.pt\/s.01k8rhncp4jt1\/2026\/04\/2085001.jpg\",\"width\":796,\"height\":448,\"caption\":\"Photo\"},{\"@type\":\"BreadcrumbList\",\"@id\":\"https:\/\/portaltela.pt\/noticias\/2026\/04\/30\/ccp-teme-imprevisibilidade-do-chega-e-radicalismos-no-parlamento\/#breadcrumb\",\"itemListElement\":[{\"@type\":\"ListItem\",\"position\":1,\"name\":\"In\u00edcio\",\"item\":\"https:\/\/portaltela.pt\/\"},{\"@type\":\"ListItem\",\"position\":2,\"name\":\"CCP teme imprevisibilidade do Chega e radicalismos no Parlamento\"}]},{\"@type\":\"WebSite\",\"@id\":\"https:\/\/portaltela.pt\/#website\",\"url\":\"https:\/\/portaltela.pt\/\",\"name\":\"Portal Tela Portugal\",\"description\":\"\",\"potentialAction\":[{\"@type\":\"SearchAction\",\"target\":{\"@type\":\"EntryPoint\",\"urlTemplate\":\"https:\/\/portaltela.pt\/?s={search_term_string}\"},\"query-input\":{\"@type\":\"PropertyValueSpecification\",\"valueRequired\":true,\"valueName\":\"search_term_string\"}}],\"inLanguage\":\"pt-PT\"},{\"@type\":\"Person\",\"@id\":\"https:\/\/portaltela.pt\/#\/schema\/person\/c4278d4a6028830caff9ee44b42d32ed\",\"name\":\"Telinha\",\"image\":{\"@type\":\"ImageObject\",\"inLanguage\":\"pt-PT\",\"@id\":\"https:\/\/portaltela.pt\/s.01k8rhncp4jt1\/2025\/11\/talking-bot-125x125.png\",\"url\":\"https:\/\/portaltela.pt\/s.01k8rhncp4jt1\/2025\/11\/talking-bot-125x125.png\",\"contentUrl\":\"https:\/\/portaltela.pt\/s.01k8rhncp4jt1\/2025\/11\/talking-bot-125x125.png\",\"caption\":\"Telinha\"},\"sameAs\":[\"https:\/\/portaltela.pt\/\"],\"url\":\"https:\/\/portaltela.pt\/por\/367410592786\/\"}]}<\/script>\n<!-- \/ Yoast SEO plugin. -->","yoast_head_json":{"title":"CCP teme imprevisibilidade do Chega e radicalismos no Parlamento - Portal Tela Portugal","robots":{"index":"index","follow":"follow","max-snippet":"max-snippet:-1","max-image-preview":"max-image-preview:large","max-video-preview":"max-video-preview:-1"},"og_locale":"pt_PT","og_type":"article","og_title":"CCP teme imprevisibilidade do Chega e radicalismos no Parlamento - Portal Tela Portugal","og_description":"Jo\u00e3o Vieira Lopes deixa a presid\u00eancia da Confedera\u00e7\u00e3o de Com\u00e9rcio e Servi\u00e7os esta semana, ap\u00f3s 16 anos, com Gustavo Duarte a assumir o cargo. A CCP teme a imprevisibilidade da solu\u00e7\u00e3o final negociada no Parlamento e sustenta preocupa\u00e7\u00e3o com radicais no debate, especialmente do Chega. O Governo apresentou uma revis\u00e3o laboral ampla (cerca de 100 artigos), embora a CCP tenha pretendido focar-se em quatro pontos: outsourcing, banco de horas, contratos a prazo e despedimentos. A Concerta\u00e7\u00e3o Social volta a reunir-se a 7 de maio; a negocia\u00e7\u00e3o \u00e9 marcada por ru\u00eddo medi\u00e1tico e por acusa\u00e7\u00f5es entre UGT e a CIP, dificultando um consenso. A CCP real\u00e7a a necessidade de as empresas portuguesas crescerem em escala para aumentar a produtividade, assinalando ainda que a taxa de sindicaliza\u00e7\u00e3o \u00e9 baixa e destacando o papel do com\u00e9rcio e servi\u00e7os na economia.","og_url":"https:\/\/portaltela.pt\/noticias\/2026\/04\/30\/ccp-teme-imprevisibilidade-do-chega-e-radicalismos-no-parlamento\/","og_site_name":"Portal Tela Portugal","article_published_time":"2026-04-30T06:18:16+00:00","author":"Telinha","twitter_card":"summary_large_image","twitter_misc":{"Escrito por":"Telinha","Tempo estimado de leitura":"3 minutos"},"schema":{"@context":"https:\/\/schema.org","@graph":[{"@type":"Article","@id":"https:\/\/portaltela.pt\/noticias\/2026\/04\/30\/ccp-teme-imprevisibilidade-do-chega-e-radicalismos-no-parlamento\/#article","isPartOf":{"@id":"https:\/\/portaltela.pt\/noticias\/2026\/04\/30\/ccp-teme-imprevisibilidade-do-chega-e-radicalismos-no-parlamento\/"},"author":{"name":"Telinha","@id":"https:\/\/portaltela.pt\/#\/schema\/person\/c4278d4a6028830caff9ee44b42d32ed"},"headline":"CCP teme imprevisibilidade do Chega e radicalismos no Parlamento","datePublished":"2026-04-30T06:18:16+00:00","mainEntityOfPage":{"@id":"https:\/\/portaltela.pt\/noticias\/2026\/04\/30\/ccp-teme-imprevisibilidade-do-chega-e-radicalismos-no-parlamento\/"},"wordCount":517,"image":{"@id":"https:\/\/portaltela.pt\/noticias\/2026\/04\/30\/ccp-teme-imprevisibilidade-do-chega-e-radicalismos-no-parlamento\/#primaryimage"},"thumbnailUrl":"https:\/\/portaltela.pt\/s.01k8rhncp4jt1\/2026\/04\/2085001.jpg","keywords":["Assembleia Nacional","CHEGA","com\u00e9rcio","Concerta\u00e7\u00e3o Social","sindicatos","trabalhadores"],"articleSection":["Economia","Neg\u00f3cios"],"inLanguage":"pt-PT"},{"@type":"WebPage","@id":"https:\/\/portaltela.pt\/noticias\/2026\/04\/30\/ccp-teme-imprevisibilidade-do-chega-e-radicalismos-no-parlamento\/","url":"https:\/\/portaltela.pt\/noticias\/2026\/04\/30\/ccp-teme-imprevisibilidade-do-chega-e-radicalismos-no-parlamento\/","name":"CCP teme imprevisibilidade do Chega e radicalismos no Parlamento - Portal Tela Portugal","isPartOf":{"@id":"https:\/\/portaltela.pt\/#website"},"primaryImageOfPage":{"@id":"https:\/\/portaltela.pt\/noticias\/2026\/04\/30\/ccp-teme-imprevisibilidade-do-chega-e-radicalismos-no-parlamento\/#primaryimage"},"image":{"@id":"https:\/\/portaltela.pt\/noticias\/2026\/04\/30\/ccp-teme-imprevisibilidade-do-chega-e-radicalismos-no-parlamento\/#primaryimage"},"thumbnailUrl":"https:\/\/portaltela.pt\/s.01k8rhncp4jt1\/2026\/04\/2085001.jpg","datePublished":"2026-04-30T06:18:16+00:00","author":{"@id":"https:\/\/portaltela.pt\/#\/schema\/person\/c4278d4a6028830caff9ee44b42d32ed"},"breadcrumb":{"@id":"https:\/\/portaltela.pt\/noticias\/2026\/04\/30\/ccp-teme-imprevisibilidade-do-chega-e-radicalismos-no-parlamento\/#breadcrumb"},"inLanguage":"pt-PT","potentialAction":[{"@type":"ReadAction","target":["https:\/\/portaltela.pt\/noticias\/2026\/04\/30\/ccp-teme-imprevisibilidade-do-chega-e-radicalismos-no-parlamento\/"]}]},{"@type":"ImageObject","inLanguage":"pt-PT","@id":"https:\/\/portaltela.pt\/noticias\/2026\/04\/30\/ccp-teme-imprevisibilidade-do-chega-e-radicalismos-no-parlamento\/#primaryimage","url":"https:\/\/portaltela.pt\/s.01k8rhncp4jt1\/2026\/04\/2085001.jpg","contentUrl":"https:\/\/portaltela.pt\/s.01k8rhncp4jt1\/2026\/04\/2085001.jpg","width":796,"height":448,"caption":"Photo"},{"@type":"BreadcrumbList","@id":"https:\/\/portaltela.pt\/noticias\/2026\/04\/30\/ccp-teme-imprevisibilidade-do-chega-e-radicalismos-no-parlamento\/#breadcrumb","itemListElement":[{"@type":"ListItem","position":1,"name":"In\u00edcio","item":"https:\/\/portaltela.pt\/"},{"@type":"ListItem","position":2,"name":"CCP teme imprevisibilidade do Chega e radicalismos no Parlamento"}]},{"@type":"WebSite","@id":"https:\/\/portaltela.pt\/#website","url":"https:\/\/portaltela.pt\/","name":"Portal Tela Portugal","description":"","potentialAction":[{"@type":"SearchAction","target":{"@type":"EntryPoint","urlTemplate":"https:\/\/portaltela.pt\/?s={search_term_string}"},"query-input":{"@type":"PropertyValueSpecification","valueRequired":true,"valueName":"search_term_string"}}],"inLanguage":"pt-PT"},{"@type":"Person","@id":"https:\/\/portaltela.pt\/#\/schema\/person\/c4278d4a6028830caff9ee44b42d32ed","name":"Telinha","image":{"@type":"ImageObject","inLanguage":"pt-PT","@id":"https:\/\/portaltela.pt\/s.01k8rhncp4jt1\/2025\/11\/talking-bot-125x125.png","url":"https:\/\/portaltela.pt\/s.01k8rhncp4jt1\/2025\/11\/talking-bot-125x125.png","contentUrl":"https:\/\/portaltela.pt\/s.01k8rhncp4jt1\/2025\/11\/talking-bot-125x125.png","caption":"Telinha"},"sameAs":["https:\/\/portaltela.pt\/"],"url":"https:\/\/portaltela.pt\/por\/367410592786\/"}]}},"_links":{"self":[{"href":"https:\/\/portaltela.pt\/api\/wp\/v2\/posts\/461848","targetHints":{"allow":["GET"]}}],"collection":[{"href":"https:\/\/portaltela.pt\/api\/wp\/v2\/posts"}],"about":[{"href":"https:\/\/portaltela.pt\/api\/wp\/v2\/types\/post"}],"author":[{"embeddable":true,"href":"https:\/\/portaltela.pt\/api\/wp\/v2\/users\/2"}],"replies":[{"embeddable":true,"href":"https:\/\/portaltela.pt\/api\/wp\/v2\/comments?post=461848"}],"version-history":[{"count":0,"href":"https:\/\/portaltela.pt\/api\/wp\/v2\/posts\/461848\/revisions"}],"wp:featuredmedia":[{"embeddable":true,"href":"https:\/\/portaltela.pt\/api\/wp\/v2\/media\/461850"}],"wp:attachment":[{"href":"https:\/\/portaltela.pt\/api\/wp\/v2\/media?parent=461848"}],"wp:term":[{"taxonomy":"category","embeddable":true,"href":"https:\/\/portaltela.pt\/api\/wp\/v2\/categories?post=461848"},{"taxonomy":"post_tag","embeddable":true,"href":"https:\/\/portaltela.pt\/api\/wp\/v2\/tags?post=461848"}],"curies":[{"name":"wp","href":"https:\/\/api.w.org\/{rel}","templated":true}]}}