{"id":461847,"date":"2026-04-30T03:18:15","date_gmt":"2026-04-30T06:18:15","guid":{"rendered":"https:\/\/portaltela.pt\/noticias\/2026\/04\/30\/denuncias-de-violencia-contra-criancas-no-instituto-de-apoio-a-crianca-aumentam-em-2025\/"},"modified":"2026-04-30T03:18:15","modified_gmt":"2026-04-30T06:18:15","slug":"denuncias-de-violencia-contra-criancas-no-instituto-de-apoio-a-crianca-aumentam-em-2025","status":"publish","type":"post","link":"https:\/\/portaltela.pt\/sociedade\/2026\/04\/30\/denuncias-de-violencia-contra-criancas-no-instituto-de-apoio-a-crianca-aumentam-em-2025\/","title":{"rendered":"Den\u00fancias de viol\u00eancia contra crian\u00e7as no Instituto de Apoio \u00e0 Crian\u00e7a aumentam em 2025"},"content":{"rendered":"<p>Mais de 600 casos de viol\u00eancia contra menores foram denunciados ao Instituto de Apoio \u00e0 Crian\u00e7a (IAC) em 2025, registando um aumento face a 2024. O total de 618 den\u00fancias indica uma subida de 251 casos.<\/p>\n<p>Segundo o IAC, as situa\u00e7\u00f5es incluem maus-tratos f\u00edsicos e psicol\u00f3gicos na fam\u00edlia, abuso sexual, neglig\u00eancia, abandono, viol\u00eancia institucional, bullying e viol\u00eancia no namoro. O n\u00famero tamb\u00e9m reflete maior mobiliza\u00e7\u00e3o de relatos.<\/p>\n<p>A Linha SOS Crian\u00e7a e Jovem recebeu 2.750 pedidos de apoio em 2025, frente a 2.151 h\u00e1 dois anos. Mais de metade das situa\u00e7\u00f5es envolvem raparigas (55%).<\/p>\n<p>A adolesc\u00eancia \u00e9 apontada como fase particularmente vulner\u00e1vel, com maior sinaliza\u00e7\u00e3o entre os 15 e os 17 anos, refor\u00e7ando a necessidade de respostas espec\u00edficas para jovens. Entre os pedidos, 1.179 dizem respeito a sa\u00fade mental (idea\u00e7\u00e3o suicida, fobias, ansiedade).<\/p>\n<p>O presidente do IAC, Manuel Coutinho, afirmou que os casos continuam expressivos nos contextos familiares, sendo as agress\u00f5es psicol\u00f3gicas e f\u00edsicas as mais frequentes. De acordo com ele, muitas situa\u00e7\u00f5es come\u00e7am com uma palmada ou castigo desadequado.<\/p>\n<p>Coutinho explicou que, dentro das fam\u00edlias, as v\u00edtimas s\u00e3o sobretudo crian\u00e7as at\u00e9 aos 14 anos, e que os relatos costumam partir de adultos pr\u00f3ximos aos menores. Os relatos podem ser dirigidos \u00e0 Linha SOS, por telefone 116111, WhatsApp 913 069 404 ou email soscrianca@iacrianca.pt.<\/p>\n<p>As situa\u00e7\u00f5es de maus-tratos f\u00edsicos e psicol\u00f3gicos exigem preven\u00e7\u00e3o cont\u00ednua, segundo o presidente. Ele sublinhou a necessidade de maior educa\u00e7\u00e3o e sensibiliza\u00e7\u00e3o para defender os direitos das crian\u00e7as.<\/p>\n<p>Como s\u00edmbolo do encerramento do M\u00eas da Preven\u00e7\u00e3o, cerca de 1.500 crian\u00e7as v\u00e3o formar um la\u00e7o azul humano hoje, no Parque da Quinta das Conchas e dos Lilases, em Lisboa.<\/p>\n<p>A iniciativa junta o Agrupamento de Escolas do Alto do Lumiar, o Agrupamento de Escolas Professor Lindley Cintra e a Casa Pia de Lisboa, em parceria com a CNPDPCJ, a C\u00e2mara Municipal de Lisboa e a DGEstE.<\/p>\n","protected":false},"excerpt":{"rendered":"<ul>\n<li>Em 2025, o Instituto de Apoio \u00e0 Crian\u00e7a recebeu 618 den\u00fancias de viol\u00eancia contra menores, mais 251 do que em 2024.<\/li>\n<li>A Linha SOS Crian\u00e7a e Jovem registou 2.750 pedidos de apoio no ano passado.<\/li>\n<li>Mais de metade dos casos (55%) dizem respeito a raparigas, com maior vulnerabilidade entre os 15 e os 17 anos.<\/li>\n<li>Entre os 2.750 pedidos, 1.179 dizem respeito a situa\u00e7\u00f5es de sa\u00fade mental ( Idea\u00e7\u00e3o suicida, fobias, ansiedade ), aumentando face a 2024 (951).<\/li>\n<li>Para simbolizar o fim do m\u00eas da preven\u00e7\u00e3o, 1.500 crian\u00e7as v\u00e3o formar um la\u00e7o azul humano no Parque da Quinta das Conchas e dos Lilases, em Lisboa, numa iniciativa da CNPDPCJ, em parceria com a C\u00e2mara Municipal de Lisboa e a DGEstE.<\/li>\n<\/ul>\n","protected":false},"author":2,"featured_media":461851,"comment_status":"closed","ping_status":"closed","sticky":false,"template":"","format":"standard","meta":{"footnotes":""},"categories":[6745,6871],"tags":[8288,8126,9978,7974,8485,8224],"class_list":["post-461847","post","type-post","status-publish","format-standard","has-post-thumbnail","hentry","category-saude","category-sociedade","tag-_abuso-de-menores","tag-_casa-pia","tag-_cnpdpcj","tag-_lisboa","tag-_maus-tratos","tag-_violencia-de-menores"],"yoast_head":"<!-- This site is optimized with the Yoast SEO plugin v27.2 - https:\/\/yoast.com\/product\/yoast-seo-wordpress\/ -->\n<title>Den\u00fancias de viol\u00eancia contra crian\u00e7as no Instituto de Apoio \u00e0 Crian\u00e7a aumentam em 2025 - Portal Tela Portugal<\/title>\n<meta name=\"robots\" content=\"index, follow, max-snippet:-1, max-image-preview:large, max-video-preview:-1\" \/>\n<meta property=\"og:locale\" content=\"pt_PT\" \/>\n<meta property=\"og:type\" content=\"article\" \/>\n<meta property=\"og:title\" content=\"Den\u00fancias de viol\u00eancia contra crian\u00e7as no Instituto de Apoio \u00e0 Crian\u00e7a aumentam em 2025 - Portal Tela Portugal\" \/>\n<meta property=\"og:description\" content=\"Em 2025, o Instituto de Apoio \u00e0 Crian\u00e7a recebeu 618 den\u00fancias de viol\u00eancia contra menores, mais 251 do que em 2024. A Linha SOS Crian\u00e7a e Jovem registou 2.750 pedidos de apoio no ano passado. Mais de metade dos casos (55%) dizem respeito a raparigas, com maior vulnerabilidade entre os 15 e os 17 anos. Entre os 2.750 pedidos, 1.179 dizem respeito a situa\u00e7\u00f5es de sa\u00fade mental ( Idea\u00e7\u00e3o suicida, fobias, ansiedade ), aumentando face a 2024 (951). Para simbolizar o fim do m\u00eas da preven\u00e7\u00e3o, 1.500 crian\u00e7as v\u00e3o formar um la\u00e7o azul humano no Parque da Quinta das Conchas e dos Lilases, em Lisboa, numa iniciativa da CNPDPCJ, em parceria com a C\u00e2mara Municipal de Lisboa e a DGEstE.\" \/>\n<meta property=\"og:url\" content=\"https:\/\/portaltela.pt\/noticias\/2026\/04\/30\/denuncias-de-violencia-contra-criancas-no-instituto-de-apoio-a-crianca-aumentam-em-2025\/\" \/>\n<meta property=\"og:site_name\" content=\"Portal Tela Portugal\" \/>\n<meta property=\"article:published_time\" content=\"2026-04-30T06:18:15+00:00\" \/>\n<meta name=\"author\" content=\"Telinha\" \/>\n<meta name=\"twitter:card\" content=\"summary_large_image\" \/>\n<meta name=\"twitter:label1\" content=\"Escrito por\" \/>\n\t<meta name=\"twitter:data1\" content=\"Telinha\" \/>\n\t<meta name=\"twitter:label2\" content=\"Tempo estimado de leitura\" \/>\n\t<meta name=\"twitter:data2\" content=\"2 minutos\" \/>\n<script type=\"application\/ld+json\" class=\"yoast-schema-graph\">{\"@context\":\"https:\/\/schema.org\",\"@graph\":[{\"@type\":\"Article\",\"@id\":\"https:\/\/portaltela.pt\/noticias\/2026\/04\/30\/denuncias-de-violencia-contra-criancas-no-instituto-de-apoio-a-crianca-aumentam-em-2025\/#article\",\"isPartOf\":{\"@id\":\"https:\/\/portaltela.pt\/noticias\/2026\/04\/30\/denuncias-de-violencia-contra-criancas-no-instituto-de-apoio-a-crianca-aumentam-em-2025\/\"},\"author\":{\"name\":\"Telinha\",\"@id\":\"https:\/\/portaltela.pt\/#\/schema\/person\/c4278d4a6028830caff9ee44b42d32ed\"},\"headline\":\"Den\u00fancias de viol\u00eancia contra crian\u00e7as no Instituto de Apoio \u00e0 Crian\u00e7a aumentam em 2025\",\"datePublished\":\"2026-04-30T06:18:15+00:00\",\"mainEntityOfPage\":{\"@id\":\"https:\/\/portaltela.pt\/noticias\/2026\/04\/30\/denuncias-de-violencia-contra-criancas-no-instituto-de-apoio-a-crianca-aumentam-em-2025\/\"},\"wordCount\":353,\"image\":{\"@id\":\"https:\/\/portaltela.pt\/noticias\/2026\/04\/30\/denuncias-de-violencia-contra-criancas-no-instituto-de-apoio-a-crianca-aumentam-em-2025\/#primaryimage\"},\"thumbnailUrl\":\"https:\/\/portaltela.pt\/s.01k8rhncp4jt1\/2026\/04\/img_1500x1000uu2023-01-24-01-10-29-1262848.jpg\",\"keywords\":[\"_abuso de menores\",\"_Casa Pia\",\"_CNPDPCJ\",\"_Lisboa\",\"_maus-tratos\",\"_viol\u00eancia de menores\"],\"articleSection\":[\"Sa\u00fade\",\"Sociedade\"],\"inLanguage\":\"pt-PT\"},{\"@type\":\"WebPage\",\"@id\":\"https:\/\/portaltela.pt\/noticias\/2026\/04\/30\/denuncias-de-violencia-contra-criancas-no-instituto-de-apoio-a-crianca-aumentam-em-2025\/\",\"url\":\"https:\/\/portaltela.pt\/noticias\/2026\/04\/30\/denuncias-de-violencia-contra-criancas-no-instituto-de-apoio-a-crianca-aumentam-em-2025\/\",\"name\":\"Den\u00fancias de viol\u00eancia contra crian\u00e7as no Instituto de Apoio \u00e0 Crian\u00e7a aumentam em 2025 - Portal Tela Portugal\",\"isPartOf\":{\"@id\":\"https:\/\/portaltela.pt\/#website\"},\"primaryImageOfPage\":{\"@id\":\"https:\/\/portaltela.pt\/noticias\/2026\/04\/30\/denuncias-de-violencia-contra-criancas-no-instituto-de-apoio-a-crianca-aumentam-em-2025\/#primaryimage\"},\"image\":{\"@id\":\"https:\/\/portaltela.pt\/noticias\/2026\/04\/30\/denuncias-de-violencia-contra-criancas-no-instituto-de-apoio-a-crianca-aumentam-em-2025\/#primaryimage\"},\"thumbnailUrl\":\"https:\/\/portaltela.pt\/s.01k8rhncp4jt1\/2026\/04\/img_1500x1000uu2023-01-24-01-10-29-1262848.jpg\",\"datePublished\":\"2026-04-30T06:18:15+00:00\",\"author\":{\"@id\":\"https:\/\/portaltela.pt\/#\/schema\/person\/c4278d4a6028830caff9ee44b42d32ed\"},\"breadcrumb\":{\"@id\":\"https:\/\/portaltela.pt\/noticias\/2026\/04\/30\/denuncias-de-violencia-contra-criancas-no-instituto-de-apoio-a-crianca-aumentam-em-2025\/#breadcrumb\"},\"inLanguage\":\"pt-PT\",\"potentialAction\":[{\"@type\":\"ReadAction\",\"target\":[\"https:\/\/portaltela.pt\/noticias\/2026\/04\/30\/denuncias-de-violencia-contra-criancas-no-instituto-de-apoio-a-crianca-aumentam-em-2025\/\"]}]},{\"@type\":\"ImageObject\",\"inLanguage\":\"pt-PT\",\"@id\":\"https:\/\/portaltela.pt\/noticias\/2026\/04\/30\/denuncias-de-violencia-contra-criancas-no-instituto-de-apoio-a-crianca-aumentam-em-2025\/#primaryimage\",\"url\":\"https:\/\/portaltela.pt\/s.01k8rhncp4jt1\/2026\/04\/img_1500x1000uu2023-01-24-01-10-29-1262848.jpg\",\"contentUrl\":\"https:\/\/portaltela.pt\/s.01k8rhncp4jt1\/2026\/04\/img_1500x1000uu2023-01-24-01-10-29-1262848.jpg\",\"width\":796,\"height\":448,\"caption\":\"Crian\u00e7as\"},{\"@type\":\"BreadcrumbList\",\"@id\":\"https:\/\/portaltela.pt\/noticias\/2026\/04\/30\/denuncias-de-violencia-contra-criancas-no-instituto-de-apoio-a-crianca-aumentam-em-2025\/#breadcrumb\",\"itemListElement\":[{\"@type\":\"ListItem\",\"position\":1,\"name\":\"In\u00edcio\",\"item\":\"https:\/\/portaltela.pt\/\"},{\"@type\":\"ListItem\",\"position\":2,\"name\":\"Den\u00fancias de viol\u00eancia contra crian\u00e7as no Instituto de Apoio \u00e0 Crian\u00e7a aumentam em 2025\"}]},{\"@type\":\"WebSite\",\"@id\":\"https:\/\/portaltela.pt\/#website\",\"url\":\"https:\/\/portaltela.pt\/\",\"name\":\"Portal Tela Portugal\",\"description\":\"\",\"potentialAction\":[{\"@type\":\"SearchAction\",\"target\":{\"@type\":\"EntryPoint\",\"urlTemplate\":\"https:\/\/portaltela.pt\/?s={search_term_string}\"},\"query-input\":{\"@type\":\"PropertyValueSpecification\",\"valueRequired\":true,\"valueName\":\"search_term_string\"}}],\"inLanguage\":\"pt-PT\"},{\"@type\":\"Person\",\"@id\":\"https:\/\/portaltela.pt\/#\/schema\/person\/c4278d4a6028830caff9ee44b42d32ed\",\"name\":\"Telinha\",\"image\":{\"@type\":\"ImageObject\",\"inLanguage\":\"pt-PT\",\"@id\":\"https:\/\/portaltela.pt\/s.01k8rhncp4jt1\/2025\/11\/talking-bot-125x125.png\",\"url\":\"https:\/\/portaltela.pt\/s.01k8rhncp4jt1\/2025\/11\/talking-bot-125x125.png\",\"contentUrl\":\"https:\/\/portaltela.pt\/s.01k8rhncp4jt1\/2025\/11\/talking-bot-125x125.png\",\"caption\":\"Telinha\"},\"sameAs\":[\"https:\/\/portaltela.pt\/\"],\"url\":\"https:\/\/portaltela.pt\/por\/367410592786\/\"}]}<\/script>\n<!-- \/ Yoast SEO plugin. -->","yoast_head_json":{"title":"Den\u00fancias de viol\u00eancia contra crian\u00e7as no Instituto de Apoio \u00e0 Crian\u00e7a aumentam em 2025 - Portal Tela Portugal","robots":{"index":"index","follow":"follow","max-snippet":"max-snippet:-1","max-image-preview":"max-image-preview:large","max-video-preview":"max-video-preview:-1"},"og_locale":"pt_PT","og_type":"article","og_title":"Den\u00fancias de viol\u00eancia contra crian\u00e7as no Instituto de Apoio \u00e0 Crian\u00e7a aumentam em 2025 - Portal Tela Portugal","og_description":"Em 2025, o Instituto de Apoio \u00e0 Crian\u00e7a recebeu 618 den\u00fancias de viol\u00eancia contra menores, mais 251 do que em 2024. A Linha SOS Crian\u00e7a e Jovem registou 2.750 pedidos de apoio no ano passado. Mais de metade dos casos (55%) dizem respeito a raparigas, com maior vulnerabilidade entre os 15 e os 17 anos. Entre os 2.750 pedidos, 1.179 dizem respeito a situa\u00e7\u00f5es de sa\u00fade mental ( Idea\u00e7\u00e3o suicida, fobias, ansiedade ), aumentando face a 2024 (951). Para simbolizar o fim do m\u00eas da preven\u00e7\u00e3o, 1.500 crian\u00e7as v\u00e3o formar um la\u00e7o azul humano no Parque da Quinta das Conchas e dos Lilases, em Lisboa, numa iniciativa da CNPDPCJ, em parceria com a C\u00e2mara Municipal de Lisboa e a DGEstE.","og_url":"https:\/\/portaltela.pt\/noticias\/2026\/04\/30\/denuncias-de-violencia-contra-criancas-no-instituto-de-apoio-a-crianca-aumentam-em-2025\/","og_site_name":"Portal Tela Portugal","article_published_time":"2026-04-30T06:18:15+00:00","author":"Telinha","twitter_card":"summary_large_image","twitter_misc":{"Escrito por":"Telinha","Tempo estimado de leitura":"2 minutos"},"schema":{"@context":"https:\/\/schema.org","@graph":[{"@type":"Article","@id":"https:\/\/portaltela.pt\/noticias\/2026\/04\/30\/denuncias-de-violencia-contra-criancas-no-instituto-de-apoio-a-crianca-aumentam-em-2025\/#article","isPartOf":{"@id":"https:\/\/portaltela.pt\/noticias\/2026\/04\/30\/denuncias-de-violencia-contra-criancas-no-instituto-de-apoio-a-crianca-aumentam-em-2025\/"},"author":{"name":"Telinha","@id":"https:\/\/portaltela.pt\/#\/schema\/person\/c4278d4a6028830caff9ee44b42d32ed"},"headline":"Den\u00fancias de viol\u00eancia contra crian\u00e7as no Instituto de Apoio \u00e0 Crian\u00e7a aumentam em 2025","datePublished":"2026-04-30T06:18:15+00:00","mainEntityOfPage":{"@id":"https:\/\/portaltela.pt\/noticias\/2026\/04\/30\/denuncias-de-violencia-contra-criancas-no-instituto-de-apoio-a-crianca-aumentam-em-2025\/"},"wordCount":353,"image":{"@id":"https:\/\/portaltela.pt\/noticias\/2026\/04\/30\/denuncias-de-violencia-contra-criancas-no-instituto-de-apoio-a-crianca-aumentam-em-2025\/#primaryimage"},"thumbnailUrl":"https:\/\/portaltela.pt\/s.01k8rhncp4jt1\/2026\/04\/img_1500x1000uu2023-01-24-01-10-29-1262848.jpg","keywords":["_abuso de menores","_Casa Pia","_CNPDPCJ","_Lisboa","_maus-tratos","_viol\u00eancia de menores"],"articleSection":["Sa\u00fade","Sociedade"],"inLanguage":"pt-PT"},{"@type":"WebPage","@id":"https:\/\/portaltela.pt\/noticias\/2026\/04\/30\/denuncias-de-violencia-contra-criancas-no-instituto-de-apoio-a-crianca-aumentam-em-2025\/","url":"https:\/\/portaltela.pt\/noticias\/2026\/04\/30\/denuncias-de-violencia-contra-criancas-no-instituto-de-apoio-a-crianca-aumentam-em-2025\/","name":"Den\u00fancias de viol\u00eancia contra crian\u00e7as no Instituto de Apoio \u00e0 Crian\u00e7a aumentam em 2025 - Portal Tela Portugal","isPartOf":{"@id":"https:\/\/portaltela.pt\/#website"},"primaryImageOfPage":{"@id":"https:\/\/portaltela.pt\/noticias\/2026\/04\/30\/denuncias-de-violencia-contra-criancas-no-instituto-de-apoio-a-crianca-aumentam-em-2025\/#primaryimage"},"image":{"@id":"https:\/\/portaltela.pt\/noticias\/2026\/04\/30\/denuncias-de-violencia-contra-criancas-no-instituto-de-apoio-a-crianca-aumentam-em-2025\/#primaryimage"},"thumbnailUrl":"https:\/\/portaltela.pt\/s.01k8rhncp4jt1\/2026\/04\/img_1500x1000uu2023-01-24-01-10-29-1262848.jpg","datePublished":"2026-04-30T06:18:15+00:00","author":{"@id":"https:\/\/portaltela.pt\/#\/schema\/person\/c4278d4a6028830caff9ee44b42d32ed"},"breadcrumb":{"@id":"https:\/\/portaltela.pt\/noticias\/2026\/04\/30\/denuncias-de-violencia-contra-criancas-no-instituto-de-apoio-a-crianca-aumentam-em-2025\/#breadcrumb"},"inLanguage":"pt-PT","potentialAction":[{"@type":"ReadAction","target":["https:\/\/portaltela.pt\/noticias\/2026\/04\/30\/denuncias-de-violencia-contra-criancas-no-instituto-de-apoio-a-crianca-aumentam-em-2025\/"]}]},{"@type":"ImageObject","inLanguage":"pt-PT","@id":"https:\/\/portaltela.pt\/noticias\/2026\/04\/30\/denuncias-de-violencia-contra-criancas-no-instituto-de-apoio-a-crianca-aumentam-em-2025\/#primaryimage","url":"https:\/\/portaltela.pt\/s.01k8rhncp4jt1\/2026\/04\/img_1500x1000uu2023-01-24-01-10-29-1262848.jpg","contentUrl":"https:\/\/portaltela.pt\/s.01k8rhncp4jt1\/2026\/04\/img_1500x1000uu2023-01-24-01-10-29-1262848.jpg","width":796,"height":448,"caption":"Crian\u00e7as"},{"@type":"BreadcrumbList","@id":"https:\/\/portaltela.pt\/noticias\/2026\/04\/30\/denuncias-de-violencia-contra-criancas-no-instituto-de-apoio-a-crianca-aumentam-em-2025\/#breadcrumb","itemListElement":[{"@type":"ListItem","position":1,"name":"In\u00edcio","item":"https:\/\/portaltela.pt\/"},{"@type":"ListItem","position":2,"name":"Den\u00fancias de viol\u00eancia contra crian\u00e7as no Instituto de Apoio \u00e0 Crian\u00e7a aumentam em 2025"}]},{"@type":"WebSite","@id":"https:\/\/portaltela.pt\/#website","url":"https:\/\/portaltela.pt\/","name":"Portal Tela Portugal","description":"","potentialAction":[{"@type":"SearchAction","target":{"@type":"EntryPoint","urlTemplate":"https:\/\/portaltela.pt\/?s={search_term_string}"},"query-input":{"@type":"PropertyValueSpecification","valueRequired":true,"valueName":"search_term_string"}}],"inLanguage":"pt-PT"},{"@type":"Person","@id":"https:\/\/portaltela.pt\/#\/schema\/person\/c4278d4a6028830caff9ee44b42d32ed","name":"Telinha","image":{"@type":"ImageObject","inLanguage":"pt-PT","@id":"https:\/\/portaltela.pt\/s.01k8rhncp4jt1\/2025\/11\/talking-bot-125x125.png","url":"https:\/\/portaltela.pt\/s.01k8rhncp4jt1\/2025\/11\/talking-bot-125x125.png","contentUrl":"https:\/\/portaltela.pt\/s.01k8rhncp4jt1\/2025\/11\/talking-bot-125x125.png","caption":"Telinha"},"sameAs":["https:\/\/portaltela.pt\/"],"url":"https:\/\/portaltela.pt\/por\/367410592786\/"}]}},"_links":{"self":[{"href":"https:\/\/portaltela.pt\/api\/wp\/v2\/posts\/461847","targetHints":{"allow":["GET"]}}],"collection":[{"href":"https:\/\/portaltela.pt\/api\/wp\/v2\/posts"}],"about":[{"href":"https:\/\/portaltela.pt\/api\/wp\/v2\/types\/post"}],"author":[{"embeddable":true,"href":"https:\/\/portaltela.pt\/api\/wp\/v2\/users\/2"}],"replies":[{"embeddable":true,"href":"https:\/\/portaltela.pt\/api\/wp\/v2\/comments?post=461847"}],"version-history":[{"count":0,"href":"https:\/\/portaltela.pt\/api\/wp\/v2\/posts\/461847\/revisions"}],"wp:featuredmedia":[{"embeddable":true,"href":"https:\/\/portaltela.pt\/api\/wp\/v2\/media\/461851"}],"wp:attachment":[{"href":"https:\/\/portaltela.pt\/api\/wp\/v2\/media?parent=461847"}],"wp:term":[{"taxonomy":"category","embeddable":true,"href":"https:\/\/portaltela.pt\/api\/wp\/v2\/categories?post=461847"},{"taxonomy":"post_tag","embeddable":true,"href":"https:\/\/portaltela.pt\/api\/wp\/v2\/tags?post=461847"}],"curies":[{"name":"wp","href":"https:\/\/api.w.org\/{rel}","templated":true}]}}