{"id":461832,"date":"2026-04-30T03:18:03","date_gmt":"2026-04-30T06:18:03","guid":{"rendered":"https:\/\/portaltela.pt\/noticias\/2026\/04\/30\/governo-quer-conselho-de-ministros-descentralizado-mensalmente-estreia-beja-hoje\/"},"modified":"2026-04-30T03:18:03","modified_gmt":"2026-04-30T06:18:03","slug":"governo-quer-conselho-de-ministros-descentralizado-mensalmente-estreia-beja-hoje","status":"publish","type":"post","link":"https:\/\/portaltela.pt\/noticias\/politica\/2026\/04\/30\/governo-quer-conselho-de-ministros-descentralizado-mensalmente-estreia-beja-hoje\/","title":{"rendered":"Governo quer Conselho de Ministros descentralizado mensalmente; estreia Beja hoje"},"content":{"rendered":"<p>O Governo anunciou a inten\u00e7\u00e3o de realizar, sempre que poss\u00edvel, uma reuni\u00e3o mensal do Conselho de Ministros fora de Lisboa. O objetivo \u00e9 aproximar as decis\u00f5es dos cidad\u00e3os e ampliar o debate p\u00fablico.<\/p>\n<p>Nesta quinta-feira, o Executivo desloca-se em peso para Beja, aproveitando a Ovibeja para realizar ali o primeiro Conselho de Ministros descentralizado. A iniciativa insere-se numa estrat\u00e9gia de maior proximidade regional.<\/p>\n<p>A opera\u00e7\u00e3o, denominada Sentir Portugal, pretende levar uma das reuni\u00f5es semanais a diferentes territ\u00f3rios. A ideia \u00e9 que, de forma faseada, cada sess\u00e3o ocorra numa regi\u00e3o distinta, sujeita \u00e0 agenda governamental.<\/p>\n<p>A visita ao Alentejo ocorre num contexto de agenda p\u00fablica associada \u00e0 feira. O Executivo pretende que, sempre que poss\u00edvel, uma sess\u00e3o ministerial tenha lugar fora de Lisboa para dinamizar participa\u00e7\u00e3o c\u00edvica e visibilidade de pol\u00edticas regionais.<\/p>\n<p>Segundo O P\u00fablico, o objetivo \u00e9 consolidar uma pr\u00e1tica mensal de reuni\u00f5es descentralizadas, mantendo o foco na efici\u00eancia administrativa e na transpar\u00eancia institucional. A prioridade \u00e9 manter a coordena\u00e7\u00e3o entre minist\u00e9rios e entidades locais.<\/p>\n","protected":false},"excerpt":{"rendered":"<ul>\n<li>O Governo quer realizar, se poss\u00edvel, um Conselho de Ministros por m\u00eas fora de Lisboa, numa l\u00f3gica de proximidade aos cidad\u00e3os, designado Sentir Portugal.<\/li>\n<li>Nesta quinta-feira, o Executivo desloca-se em peso para Beja para aproveitar a Ovibeja e realizar, ali, o primeiro Conselho de Ministros descentralizado.<\/li>\n<li>A ideia \u00e9 realizar, mensalmente, uma reuni\u00e3o semanal do Conselho de Ministros fora da capital, sempre que as circunst\u00e2ncias o permitam.<\/li>\n<li>A iniciativa est\u00e1 associada \u00e0 presen\u00e7a em Beja durante a Ovibeja e recebe o nome Sentir Portugal.<\/li>\n<\/ul>\n","protected":false},"author":2,"featured_media":461843,"comment_status":"closed","ping_status":"closed","sticky":false,"template":"","format":"standard","meta":{"footnotes":""},"categories":[1,5],"tags":[8201,8768,8030,7952,9140,7913],"class_list":["post-461832","post","type-post","status-publish","format-standard","has-post-thumbnail","hentry","category-noticias","category-politica","tag-_alentejo","tag-_beja","tag-_descentralizacao-territorial","tag-_governo","tag-_ovibeja","tag-_politica"],"yoast_head":"<!-- This site is optimized with the Yoast SEO plugin v27.2 - https:\/\/yoast.com\/product\/yoast-seo-wordpress\/ -->\n<title>Governo quer Conselho de Ministros descentralizado mensalmente; estreia Beja hoje - Portal Tela Portugal<\/title>\n<meta name=\"robots\" content=\"index, follow, max-snippet:-1, max-image-preview:large, max-video-preview:-1\" \/>\n<meta property=\"og:locale\" content=\"pt_PT\" \/>\n<meta property=\"og:type\" content=\"article\" \/>\n<meta property=\"og:title\" content=\"Governo quer Conselho de Ministros descentralizado mensalmente; estreia Beja hoje - Portal Tela Portugal\" \/>\n<meta property=\"og:description\" content=\"O Governo quer realizar, se poss\u00edvel, um Conselho de Ministros por m\u00eas fora de Lisboa, numa l\u00f3gica de proximidade aos cidad\u00e3os, designado Sentir Portugal. Nesta quinta-feira, o Executivo desloca-se em peso para Beja para aproveitar a Ovibeja e realizar, ali, o primeiro Conselho de Ministros descentralizado. A ideia \u00e9 realizar, mensalmente, uma reuni\u00e3o semanal do Conselho de Ministros fora da capital, sempre que as circunst\u00e2ncias o permitam. A iniciativa est\u00e1 associada \u00e0 presen\u00e7a em Beja durante a Ovibeja e recebe o nome Sentir Portugal.\" \/>\n<meta property=\"og:url\" content=\"https:\/\/portaltela.pt\/noticias\/2026\/04\/30\/governo-quer-conselho-de-ministros-descentralizado-mensalmente-estreia-beja-hoje\/\" \/>\n<meta property=\"og:site_name\" content=\"Portal Tela Portugal\" \/>\n<meta property=\"article:published_time\" content=\"2026-04-30T06:18:03+00:00\" \/>\n<meta name=\"author\" content=\"Telinha\" \/>\n<meta name=\"twitter:card\" content=\"summary_large_image\" \/>\n<meta name=\"twitter:label1\" content=\"Escrito por\" \/>\n\t<meta name=\"twitter:data1\" content=\"Telinha\" \/>\n\t<meta name=\"twitter:label2\" content=\"Tempo estimado de leitura\" \/>\n\t<meta name=\"twitter:data2\" content=\"1 minuto\" \/>\n<script type=\"application\/ld+json\" class=\"yoast-schema-graph\">{\"@context\":\"https:\/\/schema.org\",\"@graph\":[{\"@type\":\"Article\",\"@id\":\"https:\/\/portaltela.pt\/noticias\/2026\/04\/30\/governo-quer-conselho-de-ministros-descentralizado-mensalmente-estreia-beja-hoje\/#article\",\"isPartOf\":{\"@id\":\"https:\/\/portaltela.pt\/noticias\/2026\/04\/30\/governo-quer-conselho-de-ministros-descentralizado-mensalmente-estreia-beja-hoje\/\"},\"author\":{\"name\":\"Telinha\",\"@id\":\"https:\/\/portaltela.pt\/#\/schema\/person\/c4278d4a6028830caff9ee44b42d32ed\"},\"headline\":\"Governo quer Conselho de Ministros descentralizado mensalmente; estreia Beja hoje\",\"datePublished\":\"2026-04-30T06:18:03+00:00\",\"mainEntityOfPage\":{\"@id\":\"https:\/\/portaltela.pt\/noticias\/2026\/04\/30\/governo-quer-conselho-de-ministros-descentralizado-mensalmente-estreia-beja-hoje\/\"},\"wordCount\":194,\"image\":{\"@id\":\"https:\/\/portaltela.pt\/noticias\/2026\/04\/30\/governo-quer-conselho-de-ministros-descentralizado-mensalmente-estreia-beja-hoje\/#primaryimage\"},\"thumbnailUrl\":\"https:\/\/portaltela.pt\/s.01k8rhncp4jt1\/2026\/04\/2085099.jpg\",\"keywords\":[\"_Alentejo\",\"_Beja\",\"_descentraliza\u00e7\u00e3o territorial\",\"_governo\",\"_Ovibeja\",\"_pol\u00edtica\"],\"articleSection\":[\"Not\u00edcias\",\"Pol\u00edtica\"],\"inLanguage\":\"pt-PT\"},{\"@type\":\"WebPage\",\"@id\":\"https:\/\/portaltela.pt\/noticias\/2026\/04\/30\/governo-quer-conselho-de-ministros-descentralizado-mensalmente-estreia-beja-hoje\/\",\"url\":\"https:\/\/portaltela.pt\/noticias\/2026\/04\/30\/governo-quer-conselho-de-ministros-descentralizado-mensalmente-estreia-beja-hoje\/\",\"name\":\"Governo quer Conselho de Ministros descentralizado mensalmente; estreia Beja hoje - Portal Tela Portugal\",\"isPartOf\":{\"@id\":\"https:\/\/portaltela.pt\/#website\"},\"primaryImageOfPage\":{\"@id\":\"https:\/\/portaltela.pt\/noticias\/2026\/04\/30\/governo-quer-conselho-de-ministros-descentralizado-mensalmente-estreia-beja-hoje\/#primaryimage\"},\"image\":{\"@id\":\"https:\/\/portaltela.pt\/noticias\/2026\/04\/30\/governo-quer-conselho-de-ministros-descentralizado-mensalmente-estreia-beja-hoje\/#primaryimage\"},\"thumbnailUrl\":\"https:\/\/portaltela.pt\/s.01k8rhncp4jt1\/2026\/04\/2085099.jpg\",\"datePublished\":\"2026-04-30T06:18:03+00:00\",\"author\":{\"@id\":\"https:\/\/portaltela.pt\/#\/schema\/person\/c4278d4a6028830caff9ee44b42d32ed\"},\"breadcrumb\":{\"@id\":\"https:\/\/portaltela.pt\/noticias\/2026\/04\/30\/governo-quer-conselho-de-ministros-descentralizado-mensalmente-estreia-beja-hoje\/#breadcrumb\"},\"inLanguage\":\"pt-PT\",\"potentialAction\":[{\"@type\":\"ReadAction\",\"target\":[\"https:\/\/portaltela.pt\/noticias\/2026\/04\/30\/governo-quer-conselho-de-ministros-descentralizado-mensalmente-estreia-beja-hoje\/\"]}]},{\"@type\":\"ImageObject\",\"inLanguage\":\"pt-PT\",\"@id\":\"https:\/\/portaltela.pt\/noticias\/2026\/04\/30\/governo-quer-conselho-de-ministros-descentralizado-mensalmente-estreia-beja-hoje\/#primaryimage\",\"url\":\"https:\/\/portaltela.pt\/s.01k8rhncp4jt1\/2026\/04\/2085099.jpg\",\"contentUrl\":\"https:\/\/portaltela.pt\/s.01k8rhncp4jt1\/2026\/04\/2085099.jpg\",\"width\":796,\"height\":448,\"caption\":\"Primeira reuni\u00e3o do Conselho de Ministros do actual Governo\"},{\"@type\":\"BreadcrumbList\",\"@id\":\"https:\/\/portaltela.pt\/noticias\/2026\/04\/30\/governo-quer-conselho-de-ministros-descentralizado-mensalmente-estreia-beja-hoje\/#breadcrumb\",\"itemListElement\":[{\"@type\":\"ListItem\",\"position\":1,\"name\":\"In\u00edcio\",\"item\":\"https:\/\/portaltela.pt\/\"},{\"@type\":\"ListItem\",\"position\":2,\"name\":\"Governo quer Conselho de Ministros descentralizado mensalmente; estreia Beja hoje\"}]},{\"@type\":\"WebSite\",\"@id\":\"https:\/\/portaltela.pt\/#website\",\"url\":\"https:\/\/portaltela.pt\/\",\"name\":\"Portal Tela Portugal\",\"description\":\"\",\"potentialAction\":[{\"@type\":\"SearchAction\",\"target\":{\"@type\":\"EntryPoint\",\"urlTemplate\":\"https:\/\/portaltela.pt\/?s={search_term_string}\"},\"query-input\":{\"@type\":\"PropertyValueSpecification\",\"valueRequired\":true,\"valueName\":\"search_term_string\"}}],\"inLanguage\":\"pt-PT\"},{\"@type\":\"Person\",\"@id\":\"https:\/\/portaltela.pt\/#\/schema\/person\/c4278d4a6028830caff9ee44b42d32ed\",\"name\":\"Telinha\",\"image\":{\"@type\":\"ImageObject\",\"inLanguage\":\"pt-PT\",\"@id\":\"https:\/\/portaltela.pt\/s.01k8rhncp4jt1\/2025\/11\/talking-bot-125x125.png\",\"url\":\"https:\/\/portaltela.pt\/s.01k8rhncp4jt1\/2025\/11\/talking-bot-125x125.png\",\"contentUrl\":\"https:\/\/portaltela.pt\/s.01k8rhncp4jt1\/2025\/11\/talking-bot-125x125.png\",\"caption\":\"Telinha\"},\"sameAs\":[\"https:\/\/portaltela.pt\/\"],\"url\":\"https:\/\/portaltela.pt\/por\/367410592786\/\"}]}<\/script>\n<!-- \/ Yoast SEO plugin. -->","yoast_head_json":{"title":"Governo quer Conselho de Ministros descentralizado mensalmente; estreia Beja hoje - Portal Tela Portugal","robots":{"index":"index","follow":"follow","max-snippet":"max-snippet:-1","max-image-preview":"max-image-preview:large","max-video-preview":"max-video-preview:-1"},"og_locale":"pt_PT","og_type":"article","og_title":"Governo quer Conselho de Ministros descentralizado mensalmente; estreia Beja hoje - Portal Tela Portugal","og_description":"O Governo quer realizar, se poss\u00edvel, um Conselho de Ministros por m\u00eas fora de Lisboa, numa l\u00f3gica de proximidade aos cidad\u00e3os, designado Sentir Portugal. Nesta quinta-feira, o Executivo desloca-se em peso para Beja para aproveitar a Ovibeja e realizar, ali, o primeiro Conselho de Ministros descentralizado. A ideia \u00e9 realizar, mensalmente, uma reuni\u00e3o semanal do Conselho de Ministros fora da capital, sempre que as circunst\u00e2ncias o permitam. A iniciativa est\u00e1 associada \u00e0 presen\u00e7a em Beja durante a Ovibeja e recebe o nome Sentir Portugal.","og_url":"https:\/\/portaltela.pt\/noticias\/2026\/04\/30\/governo-quer-conselho-de-ministros-descentralizado-mensalmente-estreia-beja-hoje\/","og_site_name":"Portal Tela Portugal","article_published_time":"2026-04-30T06:18:03+00:00","author":"Telinha","twitter_card":"summary_large_image","twitter_misc":{"Escrito por":"Telinha","Tempo estimado de leitura":"1 minuto"},"schema":{"@context":"https:\/\/schema.org","@graph":[{"@type":"Article","@id":"https:\/\/portaltela.pt\/noticias\/2026\/04\/30\/governo-quer-conselho-de-ministros-descentralizado-mensalmente-estreia-beja-hoje\/#article","isPartOf":{"@id":"https:\/\/portaltela.pt\/noticias\/2026\/04\/30\/governo-quer-conselho-de-ministros-descentralizado-mensalmente-estreia-beja-hoje\/"},"author":{"name":"Telinha","@id":"https:\/\/portaltela.pt\/#\/schema\/person\/c4278d4a6028830caff9ee44b42d32ed"},"headline":"Governo quer Conselho de Ministros descentralizado mensalmente; estreia Beja hoje","datePublished":"2026-04-30T06:18:03+00:00","mainEntityOfPage":{"@id":"https:\/\/portaltela.pt\/noticias\/2026\/04\/30\/governo-quer-conselho-de-ministros-descentralizado-mensalmente-estreia-beja-hoje\/"},"wordCount":194,"image":{"@id":"https:\/\/portaltela.pt\/noticias\/2026\/04\/30\/governo-quer-conselho-de-ministros-descentralizado-mensalmente-estreia-beja-hoje\/#primaryimage"},"thumbnailUrl":"https:\/\/portaltela.pt\/s.01k8rhncp4jt1\/2026\/04\/2085099.jpg","keywords":["_Alentejo","_Beja","_descentraliza\u00e7\u00e3o territorial","_governo","_Ovibeja","_pol\u00edtica"],"articleSection":["Not\u00edcias","Pol\u00edtica"],"inLanguage":"pt-PT"},{"@type":"WebPage","@id":"https:\/\/portaltela.pt\/noticias\/2026\/04\/30\/governo-quer-conselho-de-ministros-descentralizado-mensalmente-estreia-beja-hoje\/","url":"https:\/\/portaltela.pt\/noticias\/2026\/04\/30\/governo-quer-conselho-de-ministros-descentralizado-mensalmente-estreia-beja-hoje\/","name":"Governo quer Conselho de Ministros descentralizado mensalmente; estreia Beja hoje - Portal Tela Portugal","isPartOf":{"@id":"https:\/\/portaltela.pt\/#website"},"primaryImageOfPage":{"@id":"https:\/\/portaltela.pt\/noticias\/2026\/04\/30\/governo-quer-conselho-de-ministros-descentralizado-mensalmente-estreia-beja-hoje\/#primaryimage"},"image":{"@id":"https:\/\/portaltela.pt\/noticias\/2026\/04\/30\/governo-quer-conselho-de-ministros-descentralizado-mensalmente-estreia-beja-hoje\/#primaryimage"},"thumbnailUrl":"https:\/\/portaltela.pt\/s.01k8rhncp4jt1\/2026\/04\/2085099.jpg","datePublished":"2026-04-30T06:18:03+00:00","author":{"@id":"https:\/\/portaltela.pt\/#\/schema\/person\/c4278d4a6028830caff9ee44b42d32ed"},"breadcrumb":{"@id":"https:\/\/portaltela.pt\/noticias\/2026\/04\/30\/governo-quer-conselho-de-ministros-descentralizado-mensalmente-estreia-beja-hoje\/#breadcrumb"},"inLanguage":"pt-PT","potentialAction":[{"@type":"ReadAction","target":["https:\/\/portaltela.pt\/noticias\/2026\/04\/30\/governo-quer-conselho-de-ministros-descentralizado-mensalmente-estreia-beja-hoje\/"]}]},{"@type":"ImageObject","inLanguage":"pt-PT","@id":"https:\/\/portaltela.pt\/noticias\/2026\/04\/30\/governo-quer-conselho-de-ministros-descentralizado-mensalmente-estreia-beja-hoje\/#primaryimage","url":"https:\/\/portaltela.pt\/s.01k8rhncp4jt1\/2026\/04\/2085099.jpg","contentUrl":"https:\/\/portaltela.pt\/s.01k8rhncp4jt1\/2026\/04\/2085099.jpg","width":796,"height":448,"caption":"Primeira reuni\u00e3o do Conselho de Ministros do actual Governo"},{"@type":"BreadcrumbList","@id":"https:\/\/portaltela.pt\/noticias\/2026\/04\/30\/governo-quer-conselho-de-ministros-descentralizado-mensalmente-estreia-beja-hoje\/#breadcrumb","itemListElement":[{"@type":"ListItem","position":1,"name":"In\u00edcio","item":"https:\/\/portaltela.pt\/"},{"@type":"ListItem","position":2,"name":"Governo quer Conselho de Ministros descentralizado mensalmente; estreia Beja hoje"}]},{"@type":"WebSite","@id":"https:\/\/portaltela.pt\/#website","url":"https:\/\/portaltela.pt\/","name":"Portal Tela Portugal","description":"","potentialAction":[{"@type":"SearchAction","target":{"@type":"EntryPoint","urlTemplate":"https:\/\/portaltela.pt\/?s={search_term_string}"},"query-input":{"@type":"PropertyValueSpecification","valueRequired":true,"valueName":"search_term_string"}}],"inLanguage":"pt-PT"},{"@type":"Person","@id":"https:\/\/portaltela.pt\/#\/schema\/person\/c4278d4a6028830caff9ee44b42d32ed","name":"Telinha","image":{"@type":"ImageObject","inLanguage":"pt-PT","@id":"https:\/\/portaltela.pt\/s.01k8rhncp4jt1\/2025\/11\/talking-bot-125x125.png","url":"https:\/\/portaltela.pt\/s.01k8rhncp4jt1\/2025\/11\/talking-bot-125x125.png","contentUrl":"https:\/\/portaltela.pt\/s.01k8rhncp4jt1\/2025\/11\/talking-bot-125x125.png","caption":"Telinha"},"sameAs":["https:\/\/portaltela.pt\/"],"url":"https:\/\/portaltela.pt\/por\/367410592786\/"}]}},"_links":{"self":[{"href":"https:\/\/portaltela.pt\/api\/wp\/v2\/posts\/461832","targetHints":{"allow":["GET"]}}],"collection":[{"href":"https:\/\/portaltela.pt\/api\/wp\/v2\/posts"}],"about":[{"href":"https:\/\/portaltela.pt\/api\/wp\/v2\/types\/post"}],"author":[{"embeddable":true,"href":"https:\/\/portaltela.pt\/api\/wp\/v2\/users\/2"}],"replies":[{"embeddable":true,"href":"https:\/\/portaltela.pt\/api\/wp\/v2\/comments?post=461832"}],"version-history":[{"count":0,"href":"https:\/\/portaltela.pt\/api\/wp\/v2\/posts\/461832\/revisions"}],"wp:featuredmedia":[{"embeddable":true,"href":"https:\/\/portaltela.pt\/api\/wp\/v2\/media\/461843"}],"wp:attachment":[{"href":"https:\/\/portaltela.pt\/api\/wp\/v2\/media?parent=461832"}],"wp:term":[{"taxonomy":"category","embeddable":true,"href":"https:\/\/portaltela.pt\/api\/wp\/v2\/categories?post=461832"},{"taxonomy":"post_tag","embeddable":true,"href":"https:\/\/portaltela.pt\/api\/wp\/v2\/tags?post=461832"}],"curies":[{"name":"wp","href":"https:\/\/api.w.org\/{rel}","templated":true}]}}