{"id":461829,"date":"2026-04-30T03:17:58","date_gmt":"2026-04-30T06:17:58","guid":{"rendered":"https:\/\/portaltela.pt\/noticias\/2026\/04\/30\/agentes-de-execucao-entre-principais-acusados-de-crimes-de-colarinho-branco\/"},"modified":"2026-04-30T03:17:58","modified_gmt":"2026-04-30T06:17:58","slug":"agentes-de-execucao-entre-principais-acusados-de-crimes-de-colarinho-branco","status":"publish","type":"post","link":"https:\/\/portaltela.pt\/noticias\/2026\/04\/30\/agentes-de-execucao-entre-principais-acusados-de-crimes-de-colarinho-branco\/","title":{"rendered":"Agentes de execu\u00e7\u00e3o entre principais acusados de crimes de colarinho branco"},"content":{"rendered":"<p>Os agentes de execu\u00e7\u00e3o surgem como um dos principais grupos implicados em crimes de colarinho branco, segundo o Mecanismo Nacional Anticorrup\u00e7\u00e3o (MENAC). O relat\u00f3rio aponta que estes profissionais figurar\u00e3o entre os acusados por crimes de corrup\u00e7\u00e3o e infrac\u00e7\u00f5es conexas relatadas no ano anterior.<\/p>\n<p>No conjunto de entidades envolvidas, destacam-se os solicitadores e os agentes de execu\u00e7\u00e3o, que ficaram atr\u00e1s apenas da categoria \u201cmunic\u00edpios\u201d na lista de acusados apresentada pelo MENAC. A documenta\u00e7\u00e3o evidencia a presen\u00e7a destes dois grupos entre os principais visados por infra\u00e7\u00f5es relacionadas com corrup\u00e7\u00e3o.<\/p>\n<p>De acordo com o MENAC, as atividades desempenhadas pelos solicitadores e pelos agentes de execu\u00e7\u00e3o parecem criar condi\u00e7\u00f5es mais prop\u00edcias ao desenvolvimento de actos de corrup\u00e7\u00e3o ou il\u00edcitos conexos. O relat\u00f3rio enfatiza a necessidade de supervis\u00e3o e de fiscaliza\u00e7\u00e3o para prevenir abusos neste dom\u00ednio.<\/p>\n","protected":false},"excerpt":{"rendered":"<ul>\n<li>O relat\u00f3rio do Mecanismo Nacional Anticorrup\u00e7\u00e3o (MENAC) indica que as atividades de solicitadoria e dos agentes de execu\u00e7\u00e3o parecem oferecer circunst\u00e2ncias prop\u00edcias ao desenvolvimento de atos de corrup\u00e7\u00e3o ou crimes conexos.<\/li>\n<li>Solicitadores e agentes de execu\u00e7\u00e3o estiveram entre os principais acusados por crimes de colarinho branco comunicados no ano passado ao MENAC.<\/li>\n<li>Essas acusa\u00e7\u00f5es ficaram apenas atr\u00e1s da categoria \u201cmunic\u00edpios\u201d em termos de relev\u00e2ncia comunicativa.<\/li>\n<li>O documento enfatiza que as atividades de solicitadoria e de execu\u00e7\u00e3o podem facilitar condutas il\u00edcitas.<\/li>\n<li>N\u00e3o s\u00e3o apresentadas neste texto informa\u00e7\u00f5es adicionais sobre n\u00fameros espec\u00edficos ou identifica\u00e7\u00f5es.<\/li>\n<\/ul>\n","protected":false},"author":2,"featured_media":461835,"comment_status":"closed","ping_status":"closed","sticky":false,"template":"","format":"standard","meta":{"footnotes":""},"categories":[6815,1],"tags":[8052,8152,7943,6618],"class_list":["post-461829","post","type-post","status-publish","format-standard","has-post-thumbnail","hentry","category-justica","category-noticias","tag-_corrupcao","tag-_crime-economico-financeiro","tag-_crimes","tag-advogados"],"yoast_head":"<!-- This site is optimized with the Yoast SEO plugin v27.2 - https:\/\/yoast.com\/product\/yoast-seo-wordpress\/ -->\n<title>Agentes de execu\u00e7\u00e3o entre principais acusados de crimes de colarinho branco - Portal Tela Portugal<\/title>\n<meta name=\"robots\" content=\"index, follow, max-snippet:-1, max-image-preview:large, max-video-preview:-1\" \/>\n<meta property=\"og:locale\" content=\"pt_PT\" \/>\n<meta property=\"og:type\" content=\"article\" \/>\n<meta property=\"og:title\" content=\"Agentes de execu\u00e7\u00e3o entre principais acusados de crimes de colarinho branco - Portal Tela Portugal\" \/>\n<meta property=\"og:description\" content=\"O relat\u00f3rio do Mecanismo Nacional Anticorrup\u00e7\u00e3o (MENAC) indica que as atividades de solicitadoria e dos agentes de execu\u00e7\u00e3o parecem oferecer circunst\u00e2ncias prop\u00edcias ao desenvolvimento de atos de corrup\u00e7\u00e3o ou crimes conexos. Solicitadores e agentes de execu\u00e7\u00e3o estiveram entre os principais acusados por crimes de colarinho branco comunicados no ano passado ao MENAC. Essas acusa\u00e7\u00f5es ficaram apenas atr\u00e1s da categoria \u201cmunic\u00edpios\u201d em termos de relev\u00e2ncia comunicativa. O documento enfatiza que as atividades de solicitadoria e de execu\u00e7\u00e3o podem facilitar condutas il\u00edcitas. N\u00e3o s\u00e3o apresentadas neste texto informa\u00e7\u00f5es adicionais sobre n\u00fameros espec\u00edficos ou identifica\u00e7\u00f5es.\" \/>\n<meta property=\"og:url\" content=\"https:\/\/portaltela.pt\/noticias\/2026\/04\/30\/agentes-de-execucao-entre-principais-acusados-de-crimes-de-colarinho-branco\/\" \/>\n<meta property=\"og:site_name\" content=\"Portal Tela Portugal\" \/>\n<meta property=\"article:published_time\" content=\"2026-04-30T06:17:58+00:00\" \/>\n<meta name=\"author\" content=\"Telinha\" \/>\n<meta name=\"twitter:card\" content=\"summary_large_image\" \/>\n<meta name=\"twitter:label1\" content=\"Escrito por\" \/>\n\t<meta name=\"twitter:data1\" content=\"Telinha\" \/>\n\t<meta name=\"twitter:label2\" content=\"Tempo estimado de leitura\" \/>\n\t<meta name=\"twitter:data2\" content=\"1 minuto\" \/>\n<script type=\"application\/ld+json\" class=\"yoast-schema-graph\">{\"@context\":\"https:\/\/schema.org\",\"@graph\":[{\"@type\":\"Article\",\"@id\":\"https:\/\/portaltela.pt\/noticias\/2026\/04\/30\/agentes-de-execucao-entre-principais-acusados-de-crimes-de-colarinho-branco\/#article\",\"isPartOf\":{\"@id\":\"https:\/\/portaltela.pt\/noticias\/2026\/04\/30\/agentes-de-execucao-entre-principais-acusados-de-crimes-de-colarinho-branco\/\"},\"author\":{\"name\":\"Telinha\",\"@id\":\"https:\/\/portaltela.pt\/#\/schema\/person\/c4278d4a6028830caff9ee44b42d32ed\"},\"headline\":\"Agentes de execu\u00e7\u00e3o entre principais acusados de crimes de colarinho branco\",\"datePublished\":\"2026-04-30T06:17:58+00:00\",\"mainEntityOfPage\":{\"@id\":\"https:\/\/portaltela.pt\/noticias\/2026\/04\/30\/agentes-de-execucao-entre-principais-acusados-de-crimes-de-colarinho-branco\/\"},\"wordCount\":165,\"image\":{\"@id\":\"https:\/\/portaltela.pt\/noticias\/2026\/04\/30\/agentes-de-execucao-entre-principais-acusados-de-crimes-de-colarinho-branco\/#primaryimage\"},\"thumbnailUrl\":\"https:\/\/portaltela.pt\/s.01k8rhncp4jt1\/2026\/04\/2085088.jpg\",\"keywords\":[\"_corrup\u00e7\u00e3o\",\"_crime econ\u00f3mico-financeiro\",\"_crimes\",\"Advogados\"],\"articleSection\":[\"Justi\u00e7a\",\"Not\u00edcias\"],\"inLanguage\":\"pt-PT\"},{\"@type\":\"WebPage\",\"@id\":\"https:\/\/portaltela.pt\/noticias\/2026\/04\/30\/agentes-de-execucao-entre-principais-acusados-de-crimes-de-colarinho-branco\/\",\"url\":\"https:\/\/portaltela.pt\/noticias\/2026\/04\/30\/agentes-de-execucao-entre-principais-acusados-de-crimes-de-colarinho-branco\/\",\"name\":\"Agentes de execu\u00e7\u00e3o entre principais acusados de crimes de colarinho branco - Portal Tela Portugal\",\"isPartOf\":{\"@id\":\"https:\/\/portaltela.pt\/#website\"},\"primaryImageOfPage\":{\"@id\":\"https:\/\/portaltela.pt\/noticias\/2026\/04\/30\/agentes-de-execucao-entre-principais-acusados-de-crimes-de-colarinho-branco\/#primaryimage\"},\"image\":{\"@id\":\"https:\/\/portaltela.pt\/noticias\/2026\/04\/30\/agentes-de-execucao-entre-principais-acusados-de-crimes-de-colarinho-branco\/#primaryimage\"},\"thumbnailUrl\":\"https:\/\/portaltela.pt\/s.01k8rhncp4jt1\/2026\/04\/2085088.jpg\",\"datePublished\":\"2026-04-30T06:17:58+00:00\",\"author\":{\"@id\":\"https:\/\/portaltela.pt\/#\/schema\/person\/c4278d4a6028830caff9ee44b42d32ed\"},\"breadcrumb\":{\"@id\":\"https:\/\/portaltela.pt\/noticias\/2026\/04\/30\/agentes-de-execucao-entre-principais-acusados-de-crimes-de-colarinho-branco\/#breadcrumb\"},\"inLanguage\":\"pt-PT\",\"potentialAction\":[{\"@type\":\"ReadAction\",\"target\":[\"https:\/\/portaltela.pt\/noticias\/2026\/04\/30\/agentes-de-execucao-entre-principais-acusados-de-crimes-de-colarinho-branco\/\"]}]},{\"@type\":\"ImageObject\",\"inLanguage\":\"pt-PT\",\"@id\":\"https:\/\/portaltela.pt\/noticias\/2026\/04\/30\/agentes-de-execucao-entre-principais-acusados-de-crimes-de-colarinho-branco\/#primaryimage\",\"url\":\"https:\/\/portaltela.pt\/s.01k8rhncp4jt1\/2026\/04\/2085088.jpg\",\"contentUrl\":\"https:\/\/portaltela.pt\/s.01k8rhncp4jt1\/2026\/04\/2085088.jpg\",\"width\":796,\"height\":448,\"caption\":\"J\u00e1 o ano passado os agentes de exeucu\u00e7\u00e3o aparecem referidos no pacote das acusa\u00e7\u00f5es comunicadas ao Mecanismo Nacional Anticorrup\u00e7\u00e3o\"},{\"@type\":\"BreadcrumbList\",\"@id\":\"https:\/\/portaltela.pt\/noticias\/2026\/04\/30\/agentes-de-execucao-entre-principais-acusados-de-crimes-de-colarinho-branco\/#breadcrumb\",\"itemListElement\":[{\"@type\":\"ListItem\",\"position\":1,\"name\":\"In\u00edcio\",\"item\":\"https:\/\/portaltela.pt\/\"},{\"@type\":\"ListItem\",\"position\":2,\"name\":\"Agentes de execu\u00e7\u00e3o entre principais acusados de crimes de colarinho branco\"}]},{\"@type\":\"WebSite\",\"@id\":\"https:\/\/portaltela.pt\/#website\",\"url\":\"https:\/\/portaltela.pt\/\",\"name\":\"Portal Tela Portugal\",\"description\":\"\",\"potentialAction\":[{\"@type\":\"SearchAction\",\"target\":{\"@type\":\"EntryPoint\",\"urlTemplate\":\"https:\/\/portaltela.pt\/?s={search_term_string}\"},\"query-input\":{\"@type\":\"PropertyValueSpecification\",\"valueRequired\":true,\"valueName\":\"search_term_string\"}}],\"inLanguage\":\"pt-PT\"},{\"@type\":\"Person\",\"@id\":\"https:\/\/portaltela.pt\/#\/schema\/person\/c4278d4a6028830caff9ee44b42d32ed\",\"name\":\"Telinha\",\"image\":{\"@type\":\"ImageObject\",\"inLanguage\":\"pt-PT\",\"@id\":\"https:\/\/portaltela.pt\/s.01k8rhncp4jt1\/2025\/11\/talking-bot-125x125.png\",\"url\":\"https:\/\/portaltela.pt\/s.01k8rhncp4jt1\/2025\/11\/talking-bot-125x125.png\",\"contentUrl\":\"https:\/\/portaltela.pt\/s.01k8rhncp4jt1\/2025\/11\/talking-bot-125x125.png\",\"caption\":\"Telinha\"},\"sameAs\":[\"https:\/\/portaltela.pt\/\"],\"url\":\"https:\/\/portaltela.pt\/por\/367410592786\/\"}]}<\/script>\n<!-- \/ Yoast SEO plugin. -->","yoast_head_json":{"title":"Agentes de execu\u00e7\u00e3o entre principais acusados de crimes de colarinho branco - Portal Tela Portugal","robots":{"index":"index","follow":"follow","max-snippet":"max-snippet:-1","max-image-preview":"max-image-preview:large","max-video-preview":"max-video-preview:-1"},"og_locale":"pt_PT","og_type":"article","og_title":"Agentes de execu\u00e7\u00e3o entre principais acusados de crimes de colarinho branco - Portal Tela Portugal","og_description":"O relat\u00f3rio do Mecanismo Nacional Anticorrup\u00e7\u00e3o (MENAC) indica que as atividades de solicitadoria e dos agentes de execu\u00e7\u00e3o parecem oferecer circunst\u00e2ncias prop\u00edcias ao desenvolvimento de atos de corrup\u00e7\u00e3o ou crimes conexos. Solicitadores e agentes de execu\u00e7\u00e3o estiveram entre os principais acusados por crimes de colarinho branco comunicados no ano passado ao MENAC. Essas acusa\u00e7\u00f5es ficaram apenas atr\u00e1s da categoria \u201cmunic\u00edpios\u201d em termos de relev\u00e2ncia comunicativa. O documento enfatiza que as atividades de solicitadoria e de execu\u00e7\u00e3o podem facilitar condutas il\u00edcitas. N\u00e3o s\u00e3o apresentadas neste texto informa\u00e7\u00f5es adicionais sobre n\u00fameros espec\u00edficos ou identifica\u00e7\u00f5es.","og_url":"https:\/\/portaltela.pt\/noticias\/2026\/04\/30\/agentes-de-execucao-entre-principais-acusados-de-crimes-de-colarinho-branco\/","og_site_name":"Portal Tela Portugal","article_published_time":"2026-04-30T06:17:58+00:00","author":"Telinha","twitter_card":"summary_large_image","twitter_misc":{"Escrito por":"Telinha","Tempo estimado de leitura":"1 minuto"},"schema":{"@context":"https:\/\/schema.org","@graph":[{"@type":"Article","@id":"https:\/\/portaltela.pt\/noticias\/2026\/04\/30\/agentes-de-execucao-entre-principais-acusados-de-crimes-de-colarinho-branco\/#article","isPartOf":{"@id":"https:\/\/portaltela.pt\/noticias\/2026\/04\/30\/agentes-de-execucao-entre-principais-acusados-de-crimes-de-colarinho-branco\/"},"author":{"name":"Telinha","@id":"https:\/\/portaltela.pt\/#\/schema\/person\/c4278d4a6028830caff9ee44b42d32ed"},"headline":"Agentes de execu\u00e7\u00e3o entre principais acusados de crimes de colarinho branco","datePublished":"2026-04-30T06:17:58+00:00","mainEntityOfPage":{"@id":"https:\/\/portaltela.pt\/noticias\/2026\/04\/30\/agentes-de-execucao-entre-principais-acusados-de-crimes-de-colarinho-branco\/"},"wordCount":165,"image":{"@id":"https:\/\/portaltela.pt\/noticias\/2026\/04\/30\/agentes-de-execucao-entre-principais-acusados-de-crimes-de-colarinho-branco\/#primaryimage"},"thumbnailUrl":"https:\/\/portaltela.pt\/s.01k8rhncp4jt1\/2026\/04\/2085088.jpg","keywords":["_corrup\u00e7\u00e3o","_crime econ\u00f3mico-financeiro","_crimes","Advogados"],"articleSection":["Justi\u00e7a","Not\u00edcias"],"inLanguage":"pt-PT"},{"@type":"WebPage","@id":"https:\/\/portaltela.pt\/noticias\/2026\/04\/30\/agentes-de-execucao-entre-principais-acusados-de-crimes-de-colarinho-branco\/","url":"https:\/\/portaltela.pt\/noticias\/2026\/04\/30\/agentes-de-execucao-entre-principais-acusados-de-crimes-de-colarinho-branco\/","name":"Agentes de execu\u00e7\u00e3o entre principais acusados de crimes de colarinho branco - Portal Tela Portugal","isPartOf":{"@id":"https:\/\/portaltela.pt\/#website"},"primaryImageOfPage":{"@id":"https:\/\/portaltela.pt\/noticias\/2026\/04\/30\/agentes-de-execucao-entre-principais-acusados-de-crimes-de-colarinho-branco\/#primaryimage"},"image":{"@id":"https:\/\/portaltela.pt\/noticias\/2026\/04\/30\/agentes-de-execucao-entre-principais-acusados-de-crimes-de-colarinho-branco\/#primaryimage"},"thumbnailUrl":"https:\/\/portaltela.pt\/s.01k8rhncp4jt1\/2026\/04\/2085088.jpg","datePublished":"2026-04-30T06:17:58+00:00","author":{"@id":"https:\/\/portaltela.pt\/#\/schema\/person\/c4278d4a6028830caff9ee44b42d32ed"},"breadcrumb":{"@id":"https:\/\/portaltela.pt\/noticias\/2026\/04\/30\/agentes-de-execucao-entre-principais-acusados-de-crimes-de-colarinho-branco\/#breadcrumb"},"inLanguage":"pt-PT","potentialAction":[{"@type":"ReadAction","target":["https:\/\/portaltela.pt\/noticias\/2026\/04\/30\/agentes-de-execucao-entre-principais-acusados-de-crimes-de-colarinho-branco\/"]}]},{"@type":"ImageObject","inLanguage":"pt-PT","@id":"https:\/\/portaltela.pt\/noticias\/2026\/04\/30\/agentes-de-execucao-entre-principais-acusados-de-crimes-de-colarinho-branco\/#primaryimage","url":"https:\/\/portaltela.pt\/s.01k8rhncp4jt1\/2026\/04\/2085088.jpg","contentUrl":"https:\/\/portaltela.pt\/s.01k8rhncp4jt1\/2026\/04\/2085088.jpg","width":796,"height":448,"caption":"J\u00e1 o ano passado os agentes de exeucu\u00e7\u00e3o aparecem referidos no pacote das acusa\u00e7\u00f5es comunicadas ao Mecanismo Nacional Anticorrup\u00e7\u00e3o"},{"@type":"BreadcrumbList","@id":"https:\/\/portaltela.pt\/noticias\/2026\/04\/30\/agentes-de-execucao-entre-principais-acusados-de-crimes-de-colarinho-branco\/#breadcrumb","itemListElement":[{"@type":"ListItem","position":1,"name":"In\u00edcio","item":"https:\/\/portaltela.pt\/"},{"@type":"ListItem","position":2,"name":"Agentes de execu\u00e7\u00e3o entre principais acusados de crimes de colarinho branco"}]},{"@type":"WebSite","@id":"https:\/\/portaltela.pt\/#website","url":"https:\/\/portaltela.pt\/","name":"Portal Tela Portugal","description":"","potentialAction":[{"@type":"SearchAction","target":{"@type":"EntryPoint","urlTemplate":"https:\/\/portaltela.pt\/?s={search_term_string}"},"query-input":{"@type":"PropertyValueSpecification","valueRequired":true,"valueName":"search_term_string"}}],"inLanguage":"pt-PT"},{"@type":"Person","@id":"https:\/\/portaltela.pt\/#\/schema\/person\/c4278d4a6028830caff9ee44b42d32ed","name":"Telinha","image":{"@type":"ImageObject","inLanguage":"pt-PT","@id":"https:\/\/portaltela.pt\/s.01k8rhncp4jt1\/2025\/11\/talking-bot-125x125.png","url":"https:\/\/portaltela.pt\/s.01k8rhncp4jt1\/2025\/11\/talking-bot-125x125.png","contentUrl":"https:\/\/portaltela.pt\/s.01k8rhncp4jt1\/2025\/11\/talking-bot-125x125.png","caption":"Telinha"},"sameAs":["https:\/\/portaltela.pt\/"],"url":"https:\/\/portaltela.pt\/por\/367410592786\/"}]}},"_links":{"self":[{"href":"https:\/\/portaltela.pt\/api\/wp\/v2\/posts\/461829","targetHints":{"allow":["GET"]}}],"collection":[{"href":"https:\/\/portaltela.pt\/api\/wp\/v2\/posts"}],"about":[{"href":"https:\/\/portaltela.pt\/api\/wp\/v2\/types\/post"}],"author":[{"embeddable":true,"href":"https:\/\/portaltela.pt\/api\/wp\/v2\/users\/2"}],"replies":[{"embeddable":true,"href":"https:\/\/portaltela.pt\/api\/wp\/v2\/comments?post=461829"}],"version-history":[{"count":0,"href":"https:\/\/portaltela.pt\/api\/wp\/v2\/posts\/461829\/revisions"}],"wp:featuredmedia":[{"embeddable":true,"href":"https:\/\/portaltela.pt\/api\/wp\/v2\/media\/461835"}],"wp:attachment":[{"href":"https:\/\/portaltela.pt\/api\/wp\/v2\/media?parent=461829"}],"wp:term":[{"taxonomy":"category","embeddable":true,"href":"https:\/\/portaltela.pt\/api\/wp\/v2\/categories?post=461829"},{"taxonomy":"post_tag","embeddable":true,"href":"https:\/\/portaltela.pt\/api\/wp\/v2\/tags?post=461829"}],"curies":[{"name":"wp","href":"https:\/\/api.w.org\/{rel}","templated":true}]}}