{"id":461828,"date":"2026-04-30T03:17:58","date_gmt":"2026-04-30T06:17:58","guid":{"rendered":"https:\/\/portaltela.pt\/noticias\/2026\/04\/30\/desafios-enfrentados-por-pessoas-que-morreram-com-sindrome-da-fadiga-cronica\/"},"modified":"2026-04-30T03:17:58","modified_gmt":"2026-04-30T06:17:58","slug":"desafios-enfrentados-por-pessoas-que-morreram-com-sindrome-da-fadiga-cronica","status":"publish","type":"post","link":"https:\/\/portaltela.pt\/saude\/2026\/04\/30\/desafios-enfrentados-por-pessoas-que-morreram-com-sindrome-da-fadiga-cronica\/","title":{"rendered":"Desafios enfrentados por pessoas que morreram com s\u00edndrome da fadiga cr\u00f3nica"},"content":{"rendered":"<p>O estudo analisa relatos de familiares e conhecidos de 505 pessoas que morreram depois de viver com encefalomielite mi\u00e1lgica, vulgarmente chamada s\u00edndrome da fadiga cr\u00f3nica. A investiga\u00e7\u00e3o aponta para neglig\u00eancia m\u00e9dica e falhas dos sistemas de sa\u00fade em reconhecer a condi\u00e7\u00e3o.<\/p>\n<p>A doen\u00e7a \u00e9 descrita como incapacitante, com fadiga extrema que persiste ao longo de anos. Os relatos revelam dificuldades na obten\u00e7\u00e3o de diagn\u00f3stico, tratamento adequado e apoio cont\u00ednuo para pacientes e fam\u00edlias.<\/p>\n<p>Os relatos enfatizam impactos cl\u00ednicos, sociais e pessoais, incluindo atrasos no acesso a cuidados, falta de compreens\u00e3o por parte de profissionais de sa\u00fade e barreiras administrativas. O estudo pretende evidenciar padr\u00f5es de experi\u00eancia e desfechos.<\/p>\n<h3>Reconhecimento m\u00e9dico e falhas do sistema de sa\u00fade<\/h3>\n<p>As testemunhas descrevem uma perce\u00e7\u00e3o recorrente de desvaloriza\u00e7\u00e3o da condi\u00e7\u00e3o pela comunidade m\u00e9dica e por servi\u00e7os sociais. A pesquisa aponta para consequ\u00eancias negativas na qualidade de vida e no planeamento familiar.<\/p>\n<p>Os autores do estudo defendem maior forma\u00e7\u00e3o sobre a doen\u00e7a entre profissionais de sa\u00fade e a implementa\u00e7\u00e3o de respostas estruturadas para pacientes com fadiga cr\u00f3nica. A investiga\u00e7\u00e3o re\u00fane relatos de familiares para mapear caminhos poss\u00edveis de melhoria.<\/p>\n","protected":false},"excerpt":{"rendered":"<ul>\n<li>Um estudo analisa relatos de familiares e amigos de 505 pessoas que morreram ap\u00f3s viver com a s\u00edndrome da fadiga cr\u00f3nica (encefalomielite mi\u00e1lgica\/s\u00edndrome da fadiga cr\u00f3nica) e identifica temas comuns nas suas experi\u00eancias.<\/li>\n<li>O foco \u00e9 compreender desafios sist\u00e9micos, cl\u00ednicos, sociais e pessoais enfrentados ao longo da doen\u00e7a.<\/li>\n<li>Os relatos apontam neglig\u00eancia m\u00e9dica e falhas dos sistemas de sa\u00fade em reconhecer a condi\u00e7\u00e3o.<\/li>\n<li>A s\u00edndrome da fadiga cr\u00f3nica \u00e9 descrita como uma doen\u00e7a incapacitante caracterizada por fadiga extrema.<\/li>\n<li>O estudo evidencia impactos no diagn\u00f3stico, no tratamento e no apoio social durante o curso da doen\u00e7a.<\/li>\n<\/ul>\n","protected":false},"author":2,"featured_media":461834,"comment_status":"closed","ping_status":"closed","sticky":false,"template":"","format":"standard","meta":{"footnotes":""},"categories":[7371,6745],"tags":[8322,9974,7954,8065,8513,7955],"class_list":["post-461828","post","type-post","status-publish","format-standard","has-post-thumbnail","hentry","category-medicina","category-saude","tag-_assistencia-social","tag-_diagnostico","tag-_doenca","tag-_doencas","tag-_negligencia","tag-_saude-publica"],"yoast_head":"<!-- This site is optimized with the Yoast SEO plugin v27.2 - https:\/\/yoast.com\/product\/yoast-seo-wordpress\/ -->\n<title>Desafios enfrentados por pessoas que morreram com s\u00edndrome da fadiga cr\u00f3nica - Portal Tela Portugal<\/title>\n<meta name=\"robots\" content=\"index, follow, max-snippet:-1, max-image-preview:large, max-video-preview:-1\" \/>\n<meta property=\"og:locale\" content=\"pt_PT\" \/>\n<meta property=\"og:type\" content=\"article\" \/>\n<meta property=\"og:title\" content=\"Desafios enfrentados por pessoas que morreram com s\u00edndrome da fadiga cr\u00f3nica - Portal Tela Portugal\" \/>\n<meta property=\"og:description\" content=\"Um estudo analisa relatos de familiares e amigos de 505 pessoas que morreram ap\u00f3s viver com a s\u00edndrome da fadiga cr\u00f3nica (encefalomielite mi\u00e1lgica\/s\u00edndrome da fadiga cr\u00f3nica) e identifica temas comuns nas suas experi\u00eancias. O foco \u00e9 compreender desafios sist\u00e9micos, cl\u00ednicos, sociais e pessoais enfrentados ao longo da doen\u00e7a. Os relatos apontam neglig\u00eancia m\u00e9dica e falhas dos sistemas de sa\u00fade em reconhecer a condi\u00e7\u00e3o. A s\u00edndrome da fadiga cr\u00f3nica \u00e9 descrita como uma doen\u00e7a incapacitante caracterizada por fadiga extrema. O estudo evidencia impactos no diagn\u00f3stico, no tratamento e no apoio social durante o curso da doen\u00e7a.\" \/>\n<meta property=\"og:url\" content=\"https:\/\/portaltela.pt\/noticias\/2026\/04\/30\/desafios-enfrentados-por-pessoas-que-morreram-com-sindrome-da-fadiga-cronica\/\" \/>\n<meta property=\"og:site_name\" content=\"Portal Tela Portugal\" \/>\n<meta property=\"article:published_time\" content=\"2026-04-30T06:17:58+00:00\" \/>\n<meta name=\"author\" content=\"Telinha\" \/>\n<meta name=\"twitter:card\" content=\"summary_large_image\" \/>\n<meta name=\"twitter:label1\" content=\"Escrito por\" \/>\n\t<meta name=\"twitter:data1\" content=\"Telinha\" \/>\n\t<meta name=\"twitter:label2\" content=\"Tempo estimado de leitura\" \/>\n\t<meta name=\"twitter:data2\" content=\"1 minuto\" \/>\n<script type=\"application\/ld+json\" class=\"yoast-schema-graph\">{\"@context\":\"https:\/\/schema.org\",\"@graph\":[{\"@type\":\"Article\",\"@id\":\"https:\/\/portaltela.pt\/noticias\/2026\/04\/30\/desafios-enfrentados-por-pessoas-que-morreram-com-sindrome-da-fadiga-cronica\/#article\",\"isPartOf\":{\"@id\":\"https:\/\/portaltela.pt\/noticias\/2026\/04\/30\/desafios-enfrentados-por-pessoas-que-morreram-com-sindrome-da-fadiga-cronica\/\"},\"author\":{\"name\":\"Telinha\",\"@id\":\"https:\/\/portaltela.pt\/#\/schema\/person\/c4278d4a6028830caff9ee44b42d32ed\"},\"headline\":\"Desafios enfrentados por pessoas que morreram com s\u00edndrome da fadiga cr\u00f3nica\",\"datePublished\":\"2026-04-30T06:17:58+00:00\",\"mainEntityOfPage\":{\"@id\":\"https:\/\/portaltela.pt\/noticias\/2026\/04\/30\/desafios-enfrentados-por-pessoas-que-morreram-com-sindrome-da-fadiga-cronica\/\"},\"wordCount\":229,\"image\":{\"@id\":\"https:\/\/portaltela.pt\/noticias\/2026\/04\/30\/desafios-enfrentados-por-pessoas-que-morreram-com-sindrome-da-fadiga-cronica\/#primaryimage\"},\"thumbnailUrl\":\"https:\/\/portaltela.pt\/s.01k8rhncp4jt1\/2026\/04\/2084905.jpg\",\"keywords\":[\"_assist\u00eancia social\",\"_diagn\u00f3stico\",\"_doen\u00e7a\",\"_Doen\u00e7as\",\"_neglig\u00eancia\",\"_sa\u00fade p\u00fablica\"],\"articleSection\":[\"Medicina\",\"Sa\u00fade\"],\"inLanguage\":\"pt-PT\"},{\"@type\":\"WebPage\",\"@id\":\"https:\/\/portaltela.pt\/noticias\/2026\/04\/30\/desafios-enfrentados-por-pessoas-que-morreram-com-sindrome-da-fadiga-cronica\/\",\"url\":\"https:\/\/portaltela.pt\/noticias\/2026\/04\/30\/desafios-enfrentados-por-pessoas-que-morreram-com-sindrome-da-fadiga-cronica\/\",\"name\":\"Desafios enfrentados por pessoas que morreram com s\u00edndrome da fadiga cr\u00f3nica - Portal Tela Portugal\",\"isPartOf\":{\"@id\":\"https:\/\/portaltela.pt\/#website\"},\"primaryImageOfPage\":{\"@id\":\"https:\/\/portaltela.pt\/noticias\/2026\/04\/30\/desafios-enfrentados-por-pessoas-que-morreram-com-sindrome-da-fadiga-cronica\/#primaryimage\"},\"image\":{\"@id\":\"https:\/\/portaltela.pt\/noticias\/2026\/04\/30\/desafios-enfrentados-por-pessoas-que-morreram-com-sindrome-da-fadiga-cronica\/#primaryimage\"},\"thumbnailUrl\":\"https:\/\/portaltela.pt\/s.01k8rhncp4jt1\/2026\/04\/2084905.jpg\",\"datePublished\":\"2026-04-30T06:17:58+00:00\",\"author\":{\"@id\":\"https:\/\/portaltela.pt\/#\/schema\/person\/c4278d4a6028830caff9ee44b42d32ed\"},\"breadcrumb\":{\"@id\":\"https:\/\/portaltela.pt\/noticias\/2026\/04\/30\/desafios-enfrentados-por-pessoas-que-morreram-com-sindrome-da-fadiga-cronica\/#breadcrumb\"},\"inLanguage\":\"pt-PT\",\"potentialAction\":[{\"@type\":\"ReadAction\",\"target\":[\"https:\/\/portaltela.pt\/noticias\/2026\/04\/30\/desafios-enfrentados-por-pessoas-que-morreram-com-sindrome-da-fadiga-cronica\/\"]}]},{\"@type\":\"ImageObject\",\"inLanguage\":\"pt-PT\",\"@id\":\"https:\/\/portaltela.pt\/noticias\/2026\/04\/30\/desafios-enfrentados-por-pessoas-que-morreram-com-sindrome-da-fadiga-cronica\/#primaryimage\",\"url\":\"https:\/\/portaltela.pt\/s.01k8rhncp4jt1\/2026\/04\/2084905.jpg\",\"contentUrl\":\"https:\/\/portaltela.pt\/s.01k8rhncp4jt1\/2026\/04\/2084905.jpg\",\"width\":796,\"height\":448,\"caption\":\"Relatos descrevem a neglig\u00eancia m\u00e9dica e o fracasso dos sistemas de sa\u00fade em reconhecer a s\u00edndrome da fadiga cr\u00f3nica\"},{\"@type\":\"BreadcrumbList\",\"@id\":\"https:\/\/portaltela.pt\/noticias\/2026\/04\/30\/desafios-enfrentados-por-pessoas-que-morreram-com-sindrome-da-fadiga-cronica\/#breadcrumb\",\"itemListElement\":[{\"@type\":\"ListItem\",\"position\":1,\"name\":\"In\u00edcio\",\"item\":\"https:\/\/portaltela.pt\/\"},{\"@type\":\"ListItem\",\"position\":2,\"name\":\"Desafios enfrentados por pessoas que morreram com s\u00edndrome da fadiga cr\u00f3nica\"}]},{\"@type\":\"WebSite\",\"@id\":\"https:\/\/portaltela.pt\/#website\",\"url\":\"https:\/\/portaltela.pt\/\",\"name\":\"Portal Tela Portugal\",\"description\":\"\",\"potentialAction\":[{\"@type\":\"SearchAction\",\"target\":{\"@type\":\"EntryPoint\",\"urlTemplate\":\"https:\/\/portaltela.pt\/?s={search_term_string}\"},\"query-input\":{\"@type\":\"PropertyValueSpecification\",\"valueRequired\":true,\"valueName\":\"search_term_string\"}}],\"inLanguage\":\"pt-PT\"},{\"@type\":\"Person\",\"@id\":\"https:\/\/portaltela.pt\/#\/schema\/person\/c4278d4a6028830caff9ee44b42d32ed\",\"name\":\"Telinha\",\"image\":{\"@type\":\"ImageObject\",\"inLanguage\":\"pt-PT\",\"@id\":\"https:\/\/portaltela.pt\/s.01k8rhncp4jt1\/2025\/11\/talking-bot-125x125.png\",\"url\":\"https:\/\/portaltela.pt\/s.01k8rhncp4jt1\/2025\/11\/talking-bot-125x125.png\",\"contentUrl\":\"https:\/\/portaltela.pt\/s.01k8rhncp4jt1\/2025\/11\/talking-bot-125x125.png\",\"caption\":\"Telinha\"},\"sameAs\":[\"https:\/\/portaltela.pt\/\"],\"url\":\"https:\/\/portaltela.pt\/por\/367410592786\/\"}]}<\/script>\n<!-- \/ Yoast SEO plugin. -->","yoast_head_json":{"title":"Desafios enfrentados por pessoas que morreram com s\u00edndrome da fadiga cr\u00f3nica - Portal Tela Portugal","robots":{"index":"index","follow":"follow","max-snippet":"max-snippet:-1","max-image-preview":"max-image-preview:large","max-video-preview":"max-video-preview:-1"},"og_locale":"pt_PT","og_type":"article","og_title":"Desafios enfrentados por pessoas que morreram com s\u00edndrome da fadiga cr\u00f3nica - Portal Tela Portugal","og_description":"Um estudo analisa relatos de familiares e amigos de 505 pessoas que morreram ap\u00f3s viver com a s\u00edndrome da fadiga cr\u00f3nica (encefalomielite mi\u00e1lgica\/s\u00edndrome da fadiga cr\u00f3nica) e identifica temas comuns nas suas experi\u00eancias. O foco \u00e9 compreender desafios sist\u00e9micos, cl\u00ednicos, sociais e pessoais enfrentados ao longo da doen\u00e7a. Os relatos apontam neglig\u00eancia m\u00e9dica e falhas dos sistemas de sa\u00fade em reconhecer a condi\u00e7\u00e3o. A s\u00edndrome da fadiga cr\u00f3nica \u00e9 descrita como uma doen\u00e7a incapacitante caracterizada por fadiga extrema. O estudo evidencia impactos no diagn\u00f3stico, no tratamento e no apoio social durante o curso da doen\u00e7a.","og_url":"https:\/\/portaltela.pt\/noticias\/2026\/04\/30\/desafios-enfrentados-por-pessoas-que-morreram-com-sindrome-da-fadiga-cronica\/","og_site_name":"Portal Tela Portugal","article_published_time":"2026-04-30T06:17:58+00:00","author":"Telinha","twitter_card":"summary_large_image","twitter_misc":{"Escrito por":"Telinha","Tempo estimado de leitura":"1 minuto"},"schema":{"@context":"https:\/\/schema.org","@graph":[{"@type":"Article","@id":"https:\/\/portaltela.pt\/noticias\/2026\/04\/30\/desafios-enfrentados-por-pessoas-que-morreram-com-sindrome-da-fadiga-cronica\/#article","isPartOf":{"@id":"https:\/\/portaltela.pt\/noticias\/2026\/04\/30\/desafios-enfrentados-por-pessoas-que-morreram-com-sindrome-da-fadiga-cronica\/"},"author":{"name":"Telinha","@id":"https:\/\/portaltela.pt\/#\/schema\/person\/c4278d4a6028830caff9ee44b42d32ed"},"headline":"Desafios enfrentados por pessoas que morreram com s\u00edndrome da fadiga cr\u00f3nica","datePublished":"2026-04-30T06:17:58+00:00","mainEntityOfPage":{"@id":"https:\/\/portaltela.pt\/noticias\/2026\/04\/30\/desafios-enfrentados-por-pessoas-que-morreram-com-sindrome-da-fadiga-cronica\/"},"wordCount":229,"image":{"@id":"https:\/\/portaltela.pt\/noticias\/2026\/04\/30\/desafios-enfrentados-por-pessoas-que-morreram-com-sindrome-da-fadiga-cronica\/#primaryimage"},"thumbnailUrl":"https:\/\/portaltela.pt\/s.01k8rhncp4jt1\/2026\/04\/2084905.jpg","keywords":["_assist\u00eancia social","_diagn\u00f3stico","_doen\u00e7a","_Doen\u00e7as","_neglig\u00eancia","_sa\u00fade p\u00fablica"],"articleSection":["Medicina","Sa\u00fade"],"inLanguage":"pt-PT"},{"@type":"WebPage","@id":"https:\/\/portaltela.pt\/noticias\/2026\/04\/30\/desafios-enfrentados-por-pessoas-que-morreram-com-sindrome-da-fadiga-cronica\/","url":"https:\/\/portaltela.pt\/noticias\/2026\/04\/30\/desafios-enfrentados-por-pessoas-que-morreram-com-sindrome-da-fadiga-cronica\/","name":"Desafios enfrentados por pessoas que morreram com s\u00edndrome da fadiga cr\u00f3nica - Portal Tela Portugal","isPartOf":{"@id":"https:\/\/portaltela.pt\/#website"},"primaryImageOfPage":{"@id":"https:\/\/portaltela.pt\/noticias\/2026\/04\/30\/desafios-enfrentados-por-pessoas-que-morreram-com-sindrome-da-fadiga-cronica\/#primaryimage"},"image":{"@id":"https:\/\/portaltela.pt\/noticias\/2026\/04\/30\/desafios-enfrentados-por-pessoas-que-morreram-com-sindrome-da-fadiga-cronica\/#primaryimage"},"thumbnailUrl":"https:\/\/portaltela.pt\/s.01k8rhncp4jt1\/2026\/04\/2084905.jpg","datePublished":"2026-04-30T06:17:58+00:00","author":{"@id":"https:\/\/portaltela.pt\/#\/schema\/person\/c4278d4a6028830caff9ee44b42d32ed"},"breadcrumb":{"@id":"https:\/\/portaltela.pt\/noticias\/2026\/04\/30\/desafios-enfrentados-por-pessoas-que-morreram-com-sindrome-da-fadiga-cronica\/#breadcrumb"},"inLanguage":"pt-PT","potentialAction":[{"@type":"ReadAction","target":["https:\/\/portaltela.pt\/noticias\/2026\/04\/30\/desafios-enfrentados-por-pessoas-que-morreram-com-sindrome-da-fadiga-cronica\/"]}]},{"@type":"ImageObject","inLanguage":"pt-PT","@id":"https:\/\/portaltela.pt\/noticias\/2026\/04\/30\/desafios-enfrentados-por-pessoas-que-morreram-com-sindrome-da-fadiga-cronica\/#primaryimage","url":"https:\/\/portaltela.pt\/s.01k8rhncp4jt1\/2026\/04\/2084905.jpg","contentUrl":"https:\/\/portaltela.pt\/s.01k8rhncp4jt1\/2026\/04\/2084905.jpg","width":796,"height":448,"caption":"Relatos descrevem a neglig\u00eancia m\u00e9dica e o fracasso dos sistemas de sa\u00fade em reconhecer a s\u00edndrome da fadiga cr\u00f3nica"},{"@type":"BreadcrumbList","@id":"https:\/\/portaltela.pt\/noticias\/2026\/04\/30\/desafios-enfrentados-por-pessoas-que-morreram-com-sindrome-da-fadiga-cronica\/#breadcrumb","itemListElement":[{"@type":"ListItem","position":1,"name":"In\u00edcio","item":"https:\/\/portaltela.pt\/"},{"@type":"ListItem","position":2,"name":"Desafios enfrentados por pessoas que morreram com s\u00edndrome da fadiga cr\u00f3nica"}]},{"@type":"WebSite","@id":"https:\/\/portaltela.pt\/#website","url":"https:\/\/portaltela.pt\/","name":"Portal Tela Portugal","description":"","potentialAction":[{"@type":"SearchAction","target":{"@type":"EntryPoint","urlTemplate":"https:\/\/portaltela.pt\/?s={search_term_string}"},"query-input":{"@type":"PropertyValueSpecification","valueRequired":true,"valueName":"search_term_string"}}],"inLanguage":"pt-PT"},{"@type":"Person","@id":"https:\/\/portaltela.pt\/#\/schema\/person\/c4278d4a6028830caff9ee44b42d32ed","name":"Telinha","image":{"@type":"ImageObject","inLanguage":"pt-PT","@id":"https:\/\/portaltela.pt\/s.01k8rhncp4jt1\/2025\/11\/talking-bot-125x125.png","url":"https:\/\/portaltela.pt\/s.01k8rhncp4jt1\/2025\/11\/talking-bot-125x125.png","contentUrl":"https:\/\/portaltela.pt\/s.01k8rhncp4jt1\/2025\/11\/talking-bot-125x125.png","caption":"Telinha"},"sameAs":["https:\/\/portaltela.pt\/"],"url":"https:\/\/portaltela.pt\/por\/367410592786\/"}]}},"_links":{"self":[{"href":"https:\/\/portaltela.pt\/api\/wp\/v2\/posts\/461828","targetHints":{"allow":["GET"]}}],"collection":[{"href":"https:\/\/portaltela.pt\/api\/wp\/v2\/posts"}],"about":[{"href":"https:\/\/portaltela.pt\/api\/wp\/v2\/types\/post"}],"author":[{"embeddable":true,"href":"https:\/\/portaltela.pt\/api\/wp\/v2\/users\/2"}],"replies":[{"embeddable":true,"href":"https:\/\/portaltela.pt\/api\/wp\/v2\/comments?post=461828"}],"version-history":[{"count":0,"href":"https:\/\/portaltela.pt\/api\/wp\/v2\/posts\/461828\/revisions"}],"wp:featuredmedia":[{"embeddable":true,"href":"https:\/\/portaltela.pt\/api\/wp\/v2\/media\/461834"}],"wp:attachment":[{"href":"https:\/\/portaltela.pt\/api\/wp\/v2\/media?parent=461828"}],"wp:term":[{"taxonomy":"category","embeddable":true,"href":"https:\/\/portaltela.pt\/api\/wp\/v2\/categories?post=461828"},{"taxonomy":"post_tag","embeddable":true,"href":"https:\/\/portaltela.pt\/api\/wp\/v2\/tags?post=461828"}],"curies":[{"name":"wp","href":"https:\/\/api.w.org\/{rel}","templated":true}]}}