{"id":461825,"date":"2026-04-29T23:12:00","date_gmt":"2026-04-30T02:12:00","guid":{"rendered":"https:\/\/portaltela.pt\/noticias\/2026\/04\/29\/trump-reage-e-a-disputa-pelos-mapas-intensifica-se\/"},"modified":"2026-04-29T23:12:00","modified_gmt":"2026-04-30T02:12:00","slug":"trump-reage-e-a-disputa-pelos-mapas-intensifica-se","status":"publish","type":"post","link":"https:\/\/portaltela.pt\/noticias\/internacional\/2026\/04\/29\/trump-reage-e-a-disputa-pelos-mapas-intensifica-se\/","title":{"rendered":"Trump reage e a disputa pelos mapas intensifica-se"},"content":{"rendered":"<p>O podcast Fogo e F\u00faria analisa a semana pol\u00edtica dos Estados Unidos, destacando uma nova tentativa de atentado contra o presidente, que intensifica a press\u00e3o sobre os advers\u00e1rios pol\u00edticos. O epis\u00f3dio mant\u00e9m o tom de an\u00e1lise cr\u00edtica aos acontecimentos em Washington.<\/p>\n<p>O programa tamb\u00e9m discute a escalada de ret\u00f3rica e a\u00e7\u00f5es no cen\u00e1rio pol\u00edtico, com impactos na comunica\u00e7\u00e3o entre fortemente posicionados atores nacionais. A produ\u00e7\u00e3o destaca a import\u00e2ncia do contexto eleitoral para leitores e ouvintes.<\/p>\n<p>Al\u00e9m disso, o epis\u00f3dio aborda o tema dos mapas eleitorais e a disputa em tribunais, que molda o panorama partid\u00e1rio. A narrativa aponta para consequ\u00eancias pr\u00e1ticas na redistribui\u00e7\u00e3o de distritos e na corrida eleitoral.<\/p>\n<h3>Mapa eleitoral e decis\u00e3o do Supremo<\/h3>\n<p>A decis\u00e3o do Supremo Tribunal favorece os republicanos na controv\u00e9rsia sobre a cartografia dos distritos eleitorais, influenciando o equil\u00edbrio de poder em v\u00e1rias jurisdi\u00e7\u00f5es. Analistas avaliam impactos poss\u00edveis a curto prazo nas pr\u00f3ximas elei\u00e7\u00f5es.<\/p>\n<p>Campanhas, governos estaduais e especialistas acompanham de perto as repercuss\u00f5es, que podem exigir ajustes na comunica\u00e7\u00e3o e na estrat\u00e9gia de recolha de votos. O tribunal n\u00e3o detalha mudan\u00e7as operacionais imediatas, mas estabelece diretrizes relevantes para futuras a\u00e7\u00f5es.<\/p>\n","protected":false},"excerpt":{"rendered":"<ul>\n<li>O podcast Fogo e F\u00faria analisa a semana pol\u00edtica nos EUA.<\/li>\n<li>Uma nova tentativa de atentado contra o presidente intensifica a persegui\u00e7\u00e3o aos advers\u00e1rios pol\u00edticos.<\/li>\n<li>O Supremo Tribunal deu vit\u00f3ria aos republicanos no tema dos mapas eleitorais.<\/li>\n<li>A decis\u00e3o refor\u00e7a a controv\u00e9rsia em torno da redistri\u00e7\u00e3o de distritos eleitorais.<\/li>\n<li>O debate sobre a guerra dos mapas continua a acelerar o enredo pol\u00edtico norte-americano.<\/li>\n<\/ul>\n","protected":false},"author":2,"featured_media":461830,"comment_status":"closed","ping_status":"closed","sticky":false,"template":"","format":"standard","meta":{"footnotes":""},"categories":[6814,4],"tags":[5326,68,34,2832,27,6208],"class_list":["post-461825","post","type-post","status-publish","format-standard","has-post-thumbnail","hentry","category-geopolitica","category-internacional","tag-comunicacao-social","tag-eleicoes","tag-governo","tag-politica","tag-relacoes-internacionais","tag-tribunais"],"yoast_head":"<!-- This site is optimized with the Yoast SEO plugin v27.2 - https:\/\/yoast.com\/product\/yoast-seo-wordpress\/ -->\n<title>Trump reage e a disputa pelos mapas intensifica-se - Portal Tela Portugal<\/title>\n<meta name=\"robots\" content=\"index, follow, max-snippet:-1, max-image-preview:large, max-video-preview:-1\" \/>\n<meta property=\"og:locale\" content=\"pt_PT\" \/>\n<meta property=\"og:type\" content=\"article\" \/>\n<meta property=\"og:title\" content=\"Trump reage e a disputa pelos mapas intensifica-se - Portal Tela Portugal\" \/>\n<meta property=\"og:description\" content=\"O podcast Fogo e F\u00faria analisa a semana pol\u00edtica nos EUA. Uma nova tentativa de atentado contra o presidente intensifica a persegui\u00e7\u00e3o aos advers\u00e1rios pol\u00edticos. O Supremo Tribunal deu vit\u00f3ria aos republicanos no tema dos mapas eleitorais. A decis\u00e3o refor\u00e7a a controv\u00e9rsia em torno da redistri\u00e7\u00e3o de distritos eleitorais. O debate sobre a guerra dos mapas continua a acelerar o enredo pol\u00edtico norte-americano.\" \/>\n<meta property=\"og:url\" content=\"https:\/\/portaltela.pt\/noticias\/2026\/04\/29\/trump-reage-e-a-disputa-pelos-mapas-intensifica-se\/\" \/>\n<meta property=\"og:site_name\" content=\"Portal Tela Portugal\" \/>\n<meta property=\"article:published_time\" content=\"2026-04-30T02:12:00+00:00\" \/>\n<meta name=\"author\" content=\"Telinha\" \/>\n<meta name=\"twitter:card\" content=\"summary_large_image\" \/>\n<meta name=\"twitter:label1\" content=\"Escrito por\" \/>\n\t<meta name=\"twitter:data1\" content=\"Telinha\" \/>\n\t<meta name=\"twitter:label2\" content=\"Tempo estimado de leitura\" \/>\n\t<meta name=\"twitter:data2\" content=\"1 minuto\" \/>\n<script type=\"application\/ld+json\" class=\"yoast-schema-graph\">{\"@context\":\"https:\/\/schema.org\",\"@graph\":[{\"@type\":\"Article\",\"@id\":\"https:\/\/portaltela.pt\/noticias\/2026\/04\/29\/trump-reage-e-a-disputa-pelos-mapas-intensifica-se\/#article\",\"isPartOf\":{\"@id\":\"https:\/\/portaltela.pt\/noticias\/2026\/04\/29\/trump-reage-e-a-disputa-pelos-mapas-intensifica-se\/\"},\"author\":{\"name\":\"Telinha\",\"@id\":\"https:\/\/portaltela.pt\/#\/schema\/person\/c4278d4a6028830caff9ee44b42d32ed\"},\"headline\":\"Trump reage e a disputa pelos mapas intensifica-se\",\"datePublished\":\"2026-04-30T02:12:00+00:00\",\"mainEntityOfPage\":{\"@id\":\"https:\/\/portaltela.pt\/noticias\/2026\/04\/29\/trump-reage-e-a-disputa-pelos-mapas-intensifica-se\/\"},\"wordCount\":232,\"image\":{\"@id\":\"https:\/\/portaltela.pt\/noticias\/2026\/04\/29\/trump-reage-e-a-disputa-pelos-mapas-intensifica-se\/#primaryimage\"},\"thumbnailUrl\":\"https:\/\/portaltela.pt\/s.01k8rhncp4jt1\/2026\/04\/2085111.jpg\",\"keywords\":[\"comunica\u00e7\u00e3o social\",\"elei\u00e7\u00f5es\",\"governo\",\"pol\u00edtica\",\"rela\u00e7\u00f5es internacionais\",\"Tribunais\"],\"articleSection\":[\"Geopol\u00edtica\",\"Internacional\"],\"inLanguage\":\"pt-PT\"},{\"@type\":\"WebPage\",\"@id\":\"https:\/\/portaltela.pt\/noticias\/2026\/04\/29\/trump-reage-e-a-disputa-pelos-mapas-intensifica-se\/\",\"url\":\"https:\/\/portaltela.pt\/noticias\/2026\/04\/29\/trump-reage-e-a-disputa-pelos-mapas-intensifica-se\/\",\"name\":\"Trump reage e a disputa pelos mapas intensifica-se - Portal Tela Portugal\",\"isPartOf\":{\"@id\":\"https:\/\/portaltela.pt\/#website\"},\"primaryImageOfPage\":{\"@id\":\"https:\/\/portaltela.pt\/noticias\/2026\/04\/29\/trump-reage-e-a-disputa-pelos-mapas-intensifica-se\/#primaryimage\"},\"image\":{\"@id\":\"https:\/\/portaltela.pt\/noticias\/2026\/04\/29\/trump-reage-e-a-disputa-pelos-mapas-intensifica-se\/#primaryimage\"},\"thumbnailUrl\":\"https:\/\/portaltela.pt\/s.01k8rhncp4jt1\/2026\/04\/2085111.jpg\",\"datePublished\":\"2026-04-30T02:12:00+00:00\",\"author\":{\"@id\":\"https:\/\/portaltela.pt\/#\/schema\/person\/c4278d4a6028830caff9ee44b42d32ed\"},\"breadcrumb\":{\"@id\":\"https:\/\/portaltela.pt\/noticias\/2026\/04\/29\/trump-reage-e-a-disputa-pelos-mapas-intensifica-se\/#breadcrumb\"},\"inLanguage\":\"pt-PT\",\"potentialAction\":[{\"@type\":\"ReadAction\",\"target\":[\"https:\/\/portaltela.pt\/noticias\/2026\/04\/29\/trump-reage-e-a-disputa-pelos-mapas-intensifica-se\/\"]}]},{\"@type\":\"ImageObject\",\"inLanguage\":\"pt-PT\",\"@id\":\"https:\/\/portaltela.pt\/noticias\/2026\/04\/29\/trump-reage-e-a-disputa-pelos-mapas-intensifica-se\/#primaryimage\",\"url\":\"https:\/\/portaltela.pt\/s.01k8rhncp4jt1\/2026\/04\/2085111.jpg\",\"contentUrl\":\"https:\/\/portaltela.pt\/s.01k8rhncp4jt1\/2026\/04\/2085111.jpg\",\"width\":796,\"height\":448,\"caption\":\"Photo\"},{\"@type\":\"BreadcrumbList\",\"@id\":\"https:\/\/portaltela.pt\/noticias\/2026\/04\/29\/trump-reage-e-a-disputa-pelos-mapas-intensifica-se\/#breadcrumb\",\"itemListElement\":[{\"@type\":\"ListItem\",\"position\":1,\"name\":\"In\u00edcio\",\"item\":\"https:\/\/portaltela.pt\/\"},{\"@type\":\"ListItem\",\"position\":2,\"name\":\"Trump reage e a disputa pelos mapas intensifica-se\"}]},{\"@type\":\"WebSite\",\"@id\":\"https:\/\/portaltela.pt\/#website\",\"url\":\"https:\/\/portaltela.pt\/\",\"name\":\"Portal Tela Portugal\",\"description\":\"\",\"potentialAction\":[{\"@type\":\"SearchAction\",\"target\":{\"@type\":\"EntryPoint\",\"urlTemplate\":\"https:\/\/portaltela.pt\/?s={search_term_string}\"},\"query-input\":{\"@type\":\"PropertyValueSpecification\",\"valueRequired\":true,\"valueName\":\"search_term_string\"}}],\"inLanguage\":\"pt-PT\"},{\"@type\":\"Person\",\"@id\":\"https:\/\/portaltela.pt\/#\/schema\/person\/c4278d4a6028830caff9ee44b42d32ed\",\"name\":\"Telinha\",\"image\":{\"@type\":\"ImageObject\",\"inLanguage\":\"pt-PT\",\"@id\":\"https:\/\/portaltela.pt\/s.01k8rhncp4jt1\/2025\/11\/talking-bot-125x125.png\",\"url\":\"https:\/\/portaltela.pt\/s.01k8rhncp4jt1\/2025\/11\/talking-bot-125x125.png\",\"contentUrl\":\"https:\/\/portaltela.pt\/s.01k8rhncp4jt1\/2025\/11\/talking-bot-125x125.png\",\"caption\":\"Telinha\"},\"sameAs\":[\"https:\/\/portaltela.pt\/\"],\"url\":\"https:\/\/portaltela.pt\/por\/367410592786\/\"}]}<\/script>\n<!-- \/ Yoast SEO plugin. -->","yoast_head_json":{"title":"Trump reage e a disputa pelos mapas intensifica-se - Portal Tela Portugal","robots":{"index":"index","follow":"follow","max-snippet":"max-snippet:-1","max-image-preview":"max-image-preview:large","max-video-preview":"max-video-preview:-1"},"og_locale":"pt_PT","og_type":"article","og_title":"Trump reage e a disputa pelos mapas intensifica-se - Portal Tela Portugal","og_description":"O podcast Fogo e F\u00faria analisa a semana pol\u00edtica nos EUA. Uma nova tentativa de atentado contra o presidente intensifica a persegui\u00e7\u00e3o aos advers\u00e1rios pol\u00edticos. O Supremo Tribunal deu vit\u00f3ria aos republicanos no tema dos mapas eleitorais. A decis\u00e3o refor\u00e7a a controv\u00e9rsia em torno da redistri\u00e7\u00e3o de distritos eleitorais. O debate sobre a guerra dos mapas continua a acelerar o enredo pol\u00edtico norte-americano.","og_url":"https:\/\/portaltela.pt\/noticias\/2026\/04\/29\/trump-reage-e-a-disputa-pelos-mapas-intensifica-se\/","og_site_name":"Portal Tela Portugal","article_published_time":"2026-04-30T02:12:00+00:00","author":"Telinha","twitter_card":"summary_large_image","twitter_misc":{"Escrito por":"Telinha","Tempo estimado de leitura":"1 minuto"},"schema":{"@context":"https:\/\/schema.org","@graph":[{"@type":"Article","@id":"https:\/\/portaltela.pt\/noticias\/2026\/04\/29\/trump-reage-e-a-disputa-pelos-mapas-intensifica-se\/#article","isPartOf":{"@id":"https:\/\/portaltela.pt\/noticias\/2026\/04\/29\/trump-reage-e-a-disputa-pelos-mapas-intensifica-se\/"},"author":{"name":"Telinha","@id":"https:\/\/portaltela.pt\/#\/schema\/person\/c4278d4a6028830caff9ee44b42d32ed"},"headline":"Trump reage e a disputa pelos mapas intensifica-se","datePublished":"2026-04-30T02:12:00+00:00","mainEntityOfPage":{"@id":"https:\/\/portaltela.pt\/noticias\/2026\/04\/29\/trump-reage-e-a-disputa-pelos-mapas-intensifica-se\/"},"wordCount":232,"image":{"@id":"https:\/\/portaltela.pt\/noticias\/2026\/04\/29\/trump-reage-e-a-disputa-pelos-mapas-intensifica-se\/#primaryimage"},"thumbnailUrl":"https:\/\/portaltela.pt\/s.01k8rhncp4jt1\/2026\/04\/2085111.jpg","keywords":["comunica\u00e7\u00e3o social","elei\u00e7\u00f5es","governo","pol\u00edtica","rela\u00e7\u00f5es internacionais","Tribunais"],"articleSection":["Geopol\u00edtica","Internacional"],"inLanguage":"pt-PT"},{"@type":"WebPage","@id":"https:\/\/portaltela.pt\/noticias\/2026\/04\/29\/trump-reage-e-a-disputa-pelos-mapas-intensifica-se\/","url":"https:\/\/portaltela.pt\/noticias\/2026\/04\/29\/trump-reage-e-a-disputa-pelos-mapas-intensifica-se\/","name":"Trump reage e a disputa pelos mapas intensifica-se - Portal Tela Portugal","isPartOf":{"@id":"https:\/\/portaltela.pt\/#website"},"primaryImageOfPage":{"@id":"https:\/\/portaltela.pt\/noticias\/2026\/04\/29\/trump-reage-e-a-disputa-pelos-mapas-intensifica-se\/#primaryimage"},"image":{"@id":"https:\/\/portaltela.pt\/noticias\/2026\/04\/29\/trump-reage-e-a-disputa-pelos-mapas-intensifica-se\/#primaryimage"},"thumbnailUrl":"https:\/\/portaltela.pt\/s.01k8rhncp4jt1\/2026\/04\/2085111.jpg","datePublished":"2026-04-30T02:12:00+00:00","author":{"@id":"https:\/\/portaltela.pt\/#\/schema\/person\/c4278d4a6028830caff9ee44b42d32ed"},"breadcrumb":{"@id":"https:\/\/portaltela.pt\/noticias\/2026\/04\/29\/trump-reage-e-a-disputa-pelos-mapas-intensifica-se\/#breadcrumb"},"inLanguage":"pt-PT","potentialAction":[{"@type":"ReadAction","target":["https:\/\/portaltela.pt\/noticias\/2026\/04\/29\/trump-reage-e-a-disputa-pelos-mapas-intensifica-se\/"]}]},{"@type":"ImageObject","inLanguage":"pt-PT","@id":"https:\/\/portaltela.pt\/noticias\/2026\/04\/29\/trump-reage-e-a-disputa-pelos-mapas-intensifica-se\/#primaryimage","url":"https:\/\/portaltela.pt\/s.01k8rhncp4jt1\/2026\/04\/2085111.jpg","contentUrl":"https:\/\/portaltela.pt\/s.01k8rhncp4jt1\/2026\/04\/2085111.jpg","width":796,"height":448,"caption":"Photo"},{"@type":"BreadcrumbList","@id":"https:\/\/portaltela.pt\/noticias\/2026\/04\/29\/trump-reage-e-a-disputa-pelos-mapas-intensifica-se\/#breadcrumb","itemListElement":[{"@type":"ListItem","position":1,"name":"In\u00edcio","item":"https:\/\/portaltela.pt\/"},{"@type":"ListItem","position":2,"name":"Trump reage e a disputa pelos mapas intensifica-se"}]},{"@type":"WebSite","@id":"https:\/\/portaltela.pt\/#website","url":"https:\/\/portaltela.pt\/","name":"Portal Tela Portugal","description":"","potentialAction":[{"@type":"SearchAction","target":{"@type":"EntryPoint","urlTemplate":"https:\/\/portaltela.pt\/?s={search_term_string}"},"query-input":{"@type":"PropertyValueSpecification","valueRequired":true,"valueName":"search_term_string"}}],"inLanguage":"pt-PT"},{"@type":"Person","@id":"https:\/\/portaltela.pt\/#\/schema\/person\/c4278d4a6028830caff9ee44b42d32ed","name":"Telinha","image":{"@type":"ImageObject","inLanguage":"pt-PT","@id":"https:\/\/portaltela.pt\/s.01k8rhncp4jt1\/2025\/11\/talking-bot-125x125.png","url":"https:\/\/portaltela.pt\/s.01k8rhncp4jt1\/2025\/11\/talking-bot-125x125.png","contentUrl":"https:\/\/portaltela.pt\/s.01k8rhncp4jt1\/2025\/11\/talking-bot-125x125.png","caption":"Telinha"},"sameAs":["https:\/\/portaltela.pt\/"],"url":"https:\/\/portaltela.pt\/por\/367410592786\/"}]}},"_links":{"self":[{"href":"https:\/\/portaltela.pt\/api\/wp\/v2\/posts\/461825","targetHints":{"allow":["GET"]}}],"collection":[{"href":"https:\/\/portaltela.pt\/api\/wp\/v2\/posts"}],"about":[{"href":"https:\/\/portaltela.pt\/api\/wp\/v2\/types\/post"}],"author":[{"embeddable":true,"href":"https:\/\/portaltela.pt\/api\/wp\/v2\/users\/2"}],"replies":[{"embeddable":true,"href":"https:\/\/portaltela.pt\/api\/wp\/v2\/comments?post=461825"}],"version-history":[{"count":0,"href":"https:\/\/portaltela.pt\/api\/wp\/v2\/posts\/461825\/revisions"}],"wp:featuredmedia":[{"embeddable":true,"href":"https:\/\/portaltela.pt\/api\/wp\/v2\/media\/461830"}],"wp:attachment":[{"href":"https:\/\/portaltela.pt\/api\/wp\/v2\/media?parent=461825"}],"wp:term":[{"taxonomy":"category","embeddable":true,"href":"https:\/\/portaltela.pt\/api\/wp\/v2\/categories?post=461825"},{"taxonomy":"post_tag","embeddable":true,"href":"https:\/\/portaltela.pt\/api\/wp\/v2\/tags?post=461825"}],"curies":[{"name":"wp","href":"https:\/\/api.w.org\/{rel}","templated":true}]}}