{"id":461818,"date":"2026-04-30T03:03:15","date_gmt":"2026-04-30T06:03:15","guid":{"rendered":"https:\/\/portaltela.pt\/noticias\/2026\/04\/30\/ine-divulga-estimativa-rapida-do-pib-do-1-o-trimestre\/"},"modified":"2026-04-30T03:03:15","modified_gmt":"2026-04-30T06:03:15","slug":"ine-divulga-estimativa-rapida-do-pib-do-1-o-trimestre","status":"publish","type":"post","link":"https:\/\/portaltela.pt\/noticias\/economia\/2026\/04\/30\/ine-divulga-estimativa-rapida-do-pib-do-1-o-trimestre\/","title":{"rendered":"INE divulga estimativa r\u00e1pida do PIB do 1.\u00ba trimestre"},"content":{"rendered":"<p>O INE divulga hoje a estimativa r\u00e1pida do PIB do 1.\u00ba trimestre, com uma primeira proje\u00e7\u00e3o sobre a varia\u00e7\u00e3o do Produto Interno Bruto em volume. A publica\u00e7\u00e3o ocorre \u00e0s 09h30 e se baseia em dados dispon\u00edveis at\u00e9 o final do trimestre.<\/p>\n<p>A estimativa permite acompanhar a evolu\u00e7\u00e3o da produ\u00e7\u00e3o de riqueza na economia portuguesa, com n\u00fameros que refletem varia\u00e7\u00f5es do PIB trimestral em base de compara\u00e7\u00e3o. Os dados s\u00e3o divulgados 30 dias ap\u00f3s o trimestre a que se referem.<\/p>\n<p>No quarto trimestre de 2025, o PIB cresceu 1,9% em rela\u00e7\u00e3o ao mesmo per\u00edodo de 2024, mantendo-se acima de 1% de aumento anual. No conjunto de 2025, a economia portuguesa registou um crescimento de 2,9%, abaixo da expans\u00e3o de 3,2% observada em 2024.<\/p>\n<h3>Contexto recente<\/h3>\n<p>O Governo tinha projetado uma subida do PIB de 2,0% para 2025, mas o desempenho ficou acima dessa meta apenas em parte. Para 2026, o Executivo prev\u00ea uma varia\u00e7\u00e3o de 2,3% do PIB, segundo o Or\u00e7amento do Estado para 2026 apresentado em outubro.<\/p>\n<p>O Conselho das Finan\u00e7as P\u00fablicas (CFP) reviu, em abril, a perspetiva de crescimento para 2026, reduzindo-a em 0,2 pontos percentuais face ao verificado em setembro. A nova estimativa aponta para um aumento de 1,6% em 2026.<\/p>\n","protected":false},"excerpt":{"rendered":"<ul>\n<li>O INE publica hoje a estimativa r\u00e1pida do PIB do 1.\u00ba trimestre, \u00e0s 09h30.<\/li>\n<li>No quarto trimestre de 2025, o PIB cresceu 1,9% em rela\u00e7\u00e3o ao mesmo per\u00edodo de 2024, depois de 2,2% no terceiro trimestre.<\/li>\n<li>O conjunto de 2025 registou um crescimento de 2,9%, abaixo da proje\u00e7\u00e3o governamental de 2%.<\/li>\n<li>O Governo previa 2,3% de varia\u00e7\u00e3o do PIB para este ano, segundo o Or\u00e7amento do Estado para 2026.<\/li>\n<li>O Conselho das Finan\u00e7as P\u00fablicas reviu para baixo a perspetiva de 2026, esperando 1,6% em vez de 1,8%.<\/li>\n<\/ul>\n","protected":false},"author":2,"featured_media":461819,"comment_status":"closed","ping_status":"closed","sticky":false,"template":"","format":"standard","meta":{"footnotes":""},"categories":[2,6850],"tags":[5872,190,28,733,6000,1014],"class_list":["post-461818","post","type-post","status-publish","format-standard","has-post-thumbnail","hentry","category-economia","category-financas","tag-crescimento-economico","tag-desenvolvimento-economico","tag-economia","tag-financas-publicas","tag-orcamento","tag-portugal"],"yoast_head":"<!-- This site is optimized with the Yoast SEO plugin v27.2 - https:\/\/yoast.com\/product\/yoast-seo-wordpress\/ -->\n<title>INE divulga estimativa r\u00e1pida do PIB do 1.\u00ba trimestre - Portal Tela Portugal<\/title>\n<meta name=\"robots\" content=\"index, follow, max-snippet:-1, max-image-preview:large, max-video-preview:-1\" \/>\n<meta property=\"og:locale\" content=\"pt_PT\" \/>\n<meta property=\"og:type\" content=\"article\" \/>\n<meta property=\"og:title\" content=\"INE divulga estimativa r\u00e1pida do PIB do 1.\u00ba trimestre - Portal Tela Portugal\" \/>\n<meta property=\"og:description\" content=\"O INE publica hoje a estimativa r\u00e1pida do PIB do 1.\u00ba trimestre, \u00e0s 09h30. No quarto trimestre de 2025, o PIB cresceu 1,9% em rela\u00e7\u00e3o ao mesmo per\u00edodo de 2024, depois de 2,2% no terceiro trimestre. O conjunto de 2025 registou um crescimento de 2,9%, abaixo da proje\u00e7\u00e3o governamental de 2%. O Governo previa 2,3% de varia\u00e7\u00e3o do PIB para este ano, segundo o Or\u00e7amento do Estado para 2026. O Conselho das Finan\u00e7as P\u00fablicas reviu para baixo a perspetiva de 2026, esperando 1,6% em vez de 1,8%.\" \/>\n<meta property=\"og:url\" content=\"https:\/\/portaltela.pt\/noticias\/2026\/04\/30\/ine-divulga-estimativa-rapida-do-pib-do-1-o-trimestre\/\" \/>\n<meta property=\"og:site_name\" content=\"Portal Tela Portugal\" \/>\n<meta property=\"article:published_time\" content=\"2026-04-30T06:03:15+00:00\" \/>\n<meta name=\"author\" content=\"Telinha\" \/>\n<meta name=\"twitter:card\" content=\"summary_large_image\" \/>\n<meta name=\"twitter:label1\" content=\"Escrito por\" \/>\n\t<meta name=\"twitter:data1\" content=\"Telinha\" \/>\n\t<meta name=\"twitter:label2\" content=\"Tempo estimado de leitura\" \/>\n\t<meta name=\"twitter:data2\" content=\"1 minuto\" \/>\n<script type=\"application\/ld+json\" class=\"yoast-schema-graph\">{\"@context\":\"https:\/\/schema.org\",\"@graph\":[{\"@type\":\"Article\",\"@id\":\"https:\/\/portaltela.pt\/noticias\/2026\/04\/30\/ine-divulga-estimativa-rapida-do-pib-do-1-o-trimestre\/#article\",\"isPartOf\":{\"@id\":\"https:\/\/portaltela.pt\/noticias\/2026\/04\/30\/ine-divulga-estimativa-rapida-do-pib-do-1-o-trimestre\/\"},\"author\":{\"name\":\"Telinha\",\"@id\":\"https:\/\/portaltela.pt\/#\/schema\/person\/c4278d4a6028830caff9ee44b42d32ed\"},\"headline\":\"INE divulga estimativa r\u00e1pida do PIB do 1.\u00ba trimestre\",\"datePublished\":\"2026-04-30T06:03:15+00:00\",\"mainEntityOfPage\":{\"@id\":\"https:\/\/portaltela.pt\/noticias\/2026\/04\/30\/ine-divulga-estimativa-rapida-do-pib-do-1-o-trimestre\/\"},\"wordCount\":212,\"image\":{\"@id\":\"https:\/\/portaltela.pt\/noticias\/2026\/04\/30\/ine-divulga-estimativa-rapida-do-pib-do-1-o-trimestre\/#primaryimage\"},\"thumbnailUrl\":\"https:\/\/portaltela.pt\/s.01k8rhncp4jt1\/2026\/04\/img_1500x1000uu2023-02-28-11-43-41-1290352.jpg\",\"keywords\":[\"crescimento econ\u00f3mico\",\"Desenvolvimento econ\u00f3mico\",\"economia\",\"finan\u00e7as p\u00fablicas\",\"or\u00e7amento\",\"Portugal\"],\"articleSection\":[\"Economia\",\"Finan\u00e7as\"],\"inLanguage\":\"pt-PT\"},{\"@type\":\"WebPage\",\"@id\":\"https:\/\/portaltela.pt\/noticias\/2026\/04\/30\/ine-divulga-estimativa-rapida-do-pib-do-1-o-trimestre\/\",\"url\":\"https:\/\/portaltela.pt\/noticias\/2026\/04\/30\/ine-divulga-estimativa-rapida-do-pib-do-1-o-trimestre\/\",\"name\":\"INE divulga estimativa r\u00e1pida do PIB do 1.\u00ba trimestre - Portal Tela Portugal\",\"isPartOf\":{\"@id\":\"https:\/\/portaltela.pt\/#website\"},\"primaryImageOfPage\":{\"@id\":\"https:\/\/portaltela.pt\/noticias\/2026\/04\/30\/ine-divulga-estimativa-rapida-do-pib-do-1-o-trimestre\/#primaryimage\"},\"image\":{\"@id\":\"https:\/\/portaltela.pt\/noticias\/2026\/04\/30\/ine-divulga-estimativa-rapida-do-pib-do-1-o-trimestre\/#primaryimage\"},\"thumbnailUrl\":\"https:\/\/portaltela.pt\/s.01k8rhncp4jt1\/2026\/04\/img_1500x1000uu2023-02-28-11-43-41-1290352.jpg\",\"datePublished\":\"2026-04-30T06:03:15+00:00\",\"author\":{\"@id\":\"https:\/\/portaltela.pt\/#\/schema\/person\/c4278d4a6028830caff9ee44b42d32ed\"},\"breadcrumb\":{\"@id\":\"https:\/\/portaltela.pt\/noticias\/2026\/04\/30\/ine-divulga-estimativa-rapida-do-pib-do-1-o-trimestre\/#breadcrumb\"},\"inLanguage\":\"pt-PT\",\"potentialAction\":[{\"@type\":\"ReadAction\",\"target\":[\"https:\/\/portaltela.pt\/noticias\/2026\/04\/30\/ine-divulga-estimativa-rapida-do-pib-do-1-o-trimestre\/\"]}]},{\"@type\":\"ImageObject\",\"inLanguage\":\"pt-PT\",\"@id\":\"https:\/\/portaltela.pt\/noticias\/2026\/04\/30\/ine-divulga-estimativa-rapida-do-pib-do-1-o-trimestre\/#primaryimage\",\"url\":\"https:\/\/portaltela.pt\/s.01k8rhncp4jt1\/2026\/04\/img_1500x1000uu2023-02-28-11-43-41-1290352.jpg\",\"contentUrl\":\"https:\/\/portaltela.pt\/s.01k8rhncp4jt1\/2026\/04\/img_1500x1000uu2023-02-28-11-43-41-1290352.jpg\",\"width\":796,\"height\":448,\"caption\":\"Instituto Nacional de Estat\u00edstica\"},{\"@type\":\"BreadcrumbList\",\"@id\":\"https:\/\/portaltela.pt\/noticias\/2026\/04\/30\/ine-divulga-estimativa-rapida-do-pib-do-1-o-trimestre\/#breadcrumb\",\"itemListElement\":[{\"@type\":\"ListItem\",\"position\":1,\"name\":\"In\u00edcio\",\"item\":\"https:\/\/portaltela.pt\/\"},{\"@type\":\"ListItem\",\"position\":2,\"name\":\"INE divulga estimativa r\u00e1pida do PIB do 1.\u00ba trimestre\"}]},{\"@type\":\"WebSite\",\"@id\":\"https:\/\/portaltela.pt\/#website\",\"url\":\"https:\/\/portaltela.pt\/\",\"name\":\"Portal Tela Portugal\",\"description\":\"\",\"potentialAction\":[{\"@type\":\"SearchAction\",\"target\":{\"@type\":\"EntryPoint\",\"urlTemplate\":\"https:\/\/portaltela.pt\/?s={search_term_string}\"},\"query-input\":{\"@type\":\"PropertyValueSpecification\",\"valueRequired\":true,\"valueName\":\"search_term_string\"}}],\"inLanguage\":\"pt-PT\"},{\"@type\":\"Person\",\"@id\":\"https:\/\/portaltela.pt\/#\/schema\/person\/c4278d4a6028830caff9ee44b42d32ed\",\"name\":\"Telinha\",\"image\":{\"@type\":\"ImageObject\",\"inLanguage\":\"pt-PT\",\"@id\":\"https:\/\/portaltela.pt\/s.01k8rhncp4jt1\/2025\/11\/talking-bot-125x125.png\",\"url\":\"https:\/\/portaltela.pt\/s.01k8rhncp4jt1\/2025\/11\/talking-bot-125x125.png\",\"contentUrl\":\"https:\/\/portaltela.pt\/s.01k8rhncp4jt1\/2025\/11\/talking-bot-125x125.png\",\"caption\":\"Telinha\"},\"sameAs\":[\"https:\/\/portaltela.pt\/\"],\"url\":\"https:\/\/portaltela.pt\/por\/367410592786\/\"}]}<\/script>\n<!-- \/ Yoast SEO plugin. -->","yoast_head_json":{"title":"INE divulga estimativa r\u00e1pida do PIB do 1.\u00ba trimestre - Portal Tela Portugal","robots":{"index":"index","follow":"follow","max-snippet":"max-snippet:-1","max-image-preview":"max-image-preview:large","max-video-preview":"max-video-preview:-1"},"og_locale":"pt_PT","og_type":"article","og_title":"INE divulga estimativa r\u00e1pida do PIB do 1.\u00ba trimestre - Portal Tela Portugal","og_description":"O INE publica hoje a estimativa r\u00e1pida do PIB do 1.\u00ba trimestre, \u00e0s 09h30. No quarto trimestre de 2025, o PIB cresceu 1,9% em rela\u00e7\u00e3o ao mesmo per\u00edodo de 2024, depois de 2,2% no terceiro trimestre. O conjunto de 2025 registou um crescimento de 2,9%, abaixo da proje\u00e7\u00e3o governamental de 2%. O Governo previa 2,3% de varia\u00e7\u00e3o do PIB para este ano, segundo o Or\u00e7amento do Estado para 2026. O Conselho das Finan\u00e7as P\u00fablicas reviu para baixo a perspetiva de 2026, esperando 1,6% em vez de 1,8%.","og_url":"https:\/\/portaltela.pt\/noticias\/2026\/04\/30\/ine-divulga-estimativa-rapida-do-pib-do-1-o-trimestre\/","og_site_name":"Portal Tela Portugal","article_published_time":"2026-04-30T06:03:15+00:00","author":"Telinha","twitter_card":"summary_large_image","twitter_misc":{"Escrito por":"Telinha","Tempo estimado de leitura":"1 minuto"},"schema":{"@context":"https:\/\/schema.org","@graph":[{"@type":"Article","@id":"https:\/\/portaltela.pt\/noticias\/2026\/04\/30\/ine-divulga-estimativa-rapida-do-pib-do-1-o-trimestre\/#article","isPartOf":{"@id":"https:\/\/portaltela.pt\/noticias\/2026\/04\/30\/ine-divulga-estimativa-rapida-do-pib-do-1-o-trimestre\/"},"author":{"name":"Telinha","@id":"https:\/\/portaltela.pt\/#\/schema\/person\/c4278d4a6028830caff9ee44b42d32ed"},"headline":"INE divulga estimativa r\u00e1pida do PIB do 1.\u00ba trimestre","datePublished":"2026-04-30T06:03:15+00:00","mainEntityOfPage":{"@id":"https:\/\/portaltela.pt\/noticias\/2026\/04\/30\/ine-divulga-estimativa-rapida-do-pib-do-1-o-trimestre\/"},"wordCount":212,"image":{"@id":"https:\/\/portaltela.pt\/noticias\/2026\/04\/30\/ine-divulga-estimativa-rapida-do-pib-do-1-o-trimestre\/#primaryimage"},"thumbnailUrl":"https:\/\/portaltela.pt\/s.01k8rhncp4jt1\/2026\/04\/img_1500x1000uu2023-02-28-11-43-41-1290352.jpg","keywords":["crescimento econ\u00f3mico","Desenvolvimento econ\u00f3mico","economia","finan\u00e7as p\u00fablicas","or\u00e7amento","Portugal"],"articleSection":["Economia","Finan\u00e7as"],"inLanguage":"pt-PT"},{"@type":"WebPage","@id":"https:\/\/portaltela.pt\/noticias\/2026\/04\/30\/ine-divulga-estimativa-rapida-do-pib-do-1-o-trimestre\/","url":"https:\/\/portaltela.pt\/noticias\/2026\/04\/30\/ine-divulga-estimativa-rapida-do-pib-do-1-o-trimestre\/","name":"INE divulga estimativa r\u00e1pida do PIB do 1.\u00ba trimestre - Portal Tela Portugal","isPartOf":{"@id":"https:\/\/portaltela.pt\/#website"},"primaryImageOfPage":{"@id":"https:\/\/portaltela.pt\/noticias\/2026\/04\/30\/ine-divulga-estimativa-rapida-do-pib-do-1-o-trimestre\/#primaryimage"},"image":{"@id":"https:\/\/portaltela.pt\/noticias\/2026\/04\/30\/ine-divulga-estimativa-rapida-do-pib-do-1-o-trimestre\/#primaryimage"},"thumbnailUrl":"https:\/\/portaltela.pt\/s.01k8rhncp4jt1\/2026\/04\/img_1500x1000uu2023-02-28-11-43-41-1290352.jpg","datePublished":"2026-04-30T06:03:15+00:00","author":{"@id":"https:\/\/portaltela.pt\/#\/schema\/person\/c4278d4a6028830caff9ee44b42d32ed"},"breadcrumb":{"@id":"https:\/\/portaltela.pt\/noticias\/2026\/04\/30\/ine-divulga-estimativa-rapida-do-pib-do-1-o-trimestre\/#breadcrumb"},"inLanguage":"pt-PT","potentialAction":[{"@type":"ReadAction","target":["https:\/\/portaltela.pt\/noticias\/2026\/04\/30\/ine-divulga-estimativa-rapida-do-pib-do-1-o-trimestre\/"]}]},{"@type":"ImageObject","inLanguage":"pt-PT","@id":"https:\/\/portaltela.pt\/noticias\/2026\/04\/30\/ine-divulga-estimativa-rapida-do-pib-do-1-o-trimestre\/#primaryimage","url":"https:\/\/portaltela.pt\/s.01k8rhncp4jt1\/2026\/04\/img_1500x1000uu2023-02-28-11-43-41-1290352.jpg","contentUrl":"https:\/\/portaltela.pt\/s.01k8rhncp4jt1\/2026\/04\/img_1500x1000uu2023-02-28-11-43-41-1290352.jpg","width":796,"height":448,"caption":"Instituto Nacional de Estat\u00edstica"},{"@type":"BreadcrumbList","@id":"https:\/\/portaltela.pt\/noticias\/2026\/04\/30\/ine-divulga-estimativa-rapida-do-pib-do-1-o-trimestre\/#breadcrumb","itemListElement":[{"@type":"ListItem","position":1,"name":"In\u00edcio","item":"https:\/\/portaltela.pt\/"},{"@type":"ListItem","position":2,"name":"INE divulga estimativa r\u00e1pida do PIB do 1.\u00ba trimestre"}]},{"@type":"WebSite","@id":"https:\/\/portaltela.pt\/#website","url":"https:\/\/portaltela.pt\/","name":"Portal Tela Portugal","description":"","potentialAction":[{"@type":"SearchAction","target":{"@type":"EntryPoint","urlTemplate":"https:\/\/portaltela.pt\/?s={search_term_string}"},"query-input":{"@type":"PropertyValueSpecification","valueRequired":true,"valueName":"search_term_string"}}],"inLanguage":"pt-PT"},{"@type":"Person","@id":"https:\/\/portaltela.pt\/#\/schema\/person\/c4278d4a6028830caff9ee44b42d32ed","name":"Telinha","image":{"@type":"ImageObject","inLanguage":"pt-PT","@id":"https:\/\/portaltela.pt\/s.01k8rhncp4jt1\/2025\/11\/talking-bot-125x125.png","url":"https:\/\/portaltela.pt\/s.01k8rhncp4jt1\/2025\/11\/talking-bot-125x125.png","contentUrl":"https:\/\/portaltela.pt\/s.01k8rhncp4jt1\/2025\/11\/talking-bot-125x125.png","caption":"Telinha"},"sameAs":["https:\/\/portaltela.pt\/"],"url":"https:\/\/portaltela.pt\/por\/367410592786\/"}]}},"_links":{"self":[{"href":"https:\/\/portaltela.pt\/api\/wp\/v2\/posts\/461818","targetHints":{"allow":["GET"]}}],"collection":[{"href":"https:\/\/portaltela.pt\/api\/wp\/v2\/posts"}],"about":[{"href":"https:\/\/portaltela.pt\/api\/wp\/v2\/types\/post"}],"author":[{"embeddable":true,"href":"https:\/\/portaltela.pt\/api\/wp\/v2\/users\/2"}],"replies":[{"embeddable":true,"href":"https:\/\/portaltela.pt\/api\/wp\/v2\/comments?post=461818"}],"version-history":[{"count":0,"href":"https:\/\/portaltela.pt\/api\/wp\/v2\/posts\/461818\/revisions"}],"wp:featuredmedia":[{"embeddable":true,"href":"https:\/\/portaltela.pt\/api\/wp\/v2\/media\/461819"}],"wp:attachment":[{"href":"https:\/\/portaltela.pt\/api\/wp\/v2\/media?parent=461818"}],"wp:term":[{"taxonomy":"category","embeddable":true,"href":"https:\/\/portaltela.pt\/api\/wp\/v2\/categories?post=461818"},{"taxonomy":"post_tag","embeddable":true,"href":"https:\/\/portaltela.pt\/api\/wp\/v2\/tags?post=461818"}],"curies":[{"name":"wp","href":"https:\/\/api.w.org\/{rel}","templated":true}]}}