{"id":461815,"date":"2026-04-30T03:03:06","date_gmt":"2026-04-30T06:03:06","guid":{"rendered":"https:\/\/portaltela.pt\/noticias\/2026\/04\/30\/avo-inspira-sidy-a-marcar-golos\/"},"modified":"2026-04-30T03:03:06","modified_gmt":"2026-04-30T06:03:06","slug":"avo-inspira-sidy-a-marcar-golos","status":"publish","type":"post","link":"https:\/\/portaltela.pt\/desporto\/futebol\/2026\/04\/30\/avo-inspira-sidy-a-marcar-golos\/","title":{"rendered":"Av\u00f4 inspira Sidy a marcar golos"},"content":{"rendered":"<p>Sidy Koum\u00e9, avan\u00e7ado s\u00e9negal\u00eas de 19 anos, esteve em evid\u00eancia na 11\u00aa jornada da fase de apuramento de campe\u00e3o da Liga 3. O U. Santar\u00e9m empatou 1-1 com a Acad\u00e9mica de Coimbra, em Santar\u00e9m, ap\u00f3s golo nos descontos. O lance manteve as esperan\u00e7as do clube ribatejano na competi\u00e7\u00e3o.<\/p>\n<p>O golo de Sidy surgiu aos 5 minutos do tempo de compensa\u00e7\u00e3o, salvando o empate para o U. Santar\u00e9m. A celebra\u00e7\u00e3o ganhou contornos especiais ao incluir uma crian\u00e7a da bancada, que \u00e9 filho do colega Bura, expulso aos 24 minutos. Sidy explicou que conhece bem o rapaz e que queria celebrar junto dele.<\/p>\n<h3>Gesto com a crian\u00e7a<\/h3>\n<p>O momento emocionou a bancada; Sidy levou a crian\u00e7a para a alegria da equipa e da assist\u00eancia, numa celebra\u00e7\u00e3o improv\u00e1vel ap\u00f3s o lance decisivo. A Acad\u00e9mica permanece em 2\u00ba lugar na classifica\u00e7\u00e3o e continua como uma das favoritas \u00e0 subida.<\/p>\n","protected":false},"excerpt":{"rendered":"<ul>\n<li>Sidy Koum\u00e9, s\u00e9negal\u00eas de 19 anos, marcou o golo do empate aos cinco minutos do tempo de compensa\u00e7\u00e3o, para o U. Santar\u00e9m frente \u00e0 Acad\u00e9mica de Coimbra.<\/li>\n<li>O 1-1 surgiu na 11\u00aa jornada da fase de apuramento de campe\u00e3o da Liga 3 e impediu a vit\u00f3ria da Acad\u00e9mica, 2\u00aa classificada e favorita \u00e0 subida \u00e0 2.\u00aa Liga.<\/li>\n<li>Na celebra\u00e7\u00e3o, Sidy foi \u00e0 bancada e trouxe para o terreno uma crian\u00e7a para festejar o golo.<\/li>\n<li>O avan\u00e7ado explicou que a crian\u00e7a \u00e9 o filho de Bura, colega de equipa, que tinha sido expulso aos 24 minutos.<\/li>\n<li>Refor\u00e7ou que conhece bem o mi\u00fado e que costumam brincar quando ele vem ao jogo.<\/li>\n<\/ul>\n","protected":false},"author":2,"featured_media":461817,"comment_status":"closed","ping_status":"closed","sticky":false,"template":"","format":"standard","meta":{"footnotes":""},"categories":[21,24],"tags":[8756,8096,8490,3193,32,242],"class_list":["post-461815","post","type-post","status-publish","format-standard","has-post-thumbnail","hentry","category-desporto","category-futebol","tag-_1-a-liga","tag-_liga","tag-_santarem","tag-academica","tag-futebol","tag-jogadores"],"yoast_head":"<!-- This site is optimized with the Yoast SEO plugin v27.2 - https:\/\/yoast.com\/product\/yoast-seo-wordpress\/ -->\n<title>Av\u00f4 inspira Sidy a marcar golos - Portal Tela Portugal<\/title>\n<meta name=\"robots\" content=\"index, follow, max-snippet:-1, max-image-preview:large, max-video-preview:-1\" \/>\n<meta property=\"og:locale\" content=\"pt_PT\" \/>\n<meta property=\"og:type\" content=\"article\" \/>\n<meta property=\"og:title\" content=\"Av\u00f4 inspira Sidy a marcar golos - Portal Tela Portugal\" \/>\n<meta property=\"og:description\" content=\"Sidy Koum\u00e9, s\u00e9negal\u00eas de 19 anos, marcou o golo do empate aos cinco minutos do tempo de compensa\u00e7\u00e3o, para o U. Santar\u00e9m frente \u00e0 Acad\u00e9mica de Coimbra. O 1-1 surgiu na 11\u00aa jornada da fase de apuramento de campe\u00e3o da Liga 3 e impediu a vit\u00f3ria da Acad\u00e9mica, 2\u00aa classificada e favorita \u00e0 subida \u00e0 2.\u00aa Liga. Na celebra\u00e7\u00e3o, Sidy foi \u00e0 bancada e trouxe para o terreno uma crian\u00e7a para festejar o golo. O avan\u00e7ado explicou que a crian\u00e7a \u00e9 o filho de Bura, colega de equipa, que tinha sido expulso aos 24 minutos. Refor\u00e7ou que conhece bem o mi\u00fado e que costumam brincar quando ele vem ao jogo.\" \/>\n<meta property=\"og:url\" content=\"https:\/\/portaltela.pt\/noticias\/2026\/04\/30\/avo-inspira-sidy-a-marcar-golos\/\" \/>\n<meta property=\"og:site_name\" content=\"Portal Tela Portugal\" \/>\n<meta property=\"article:published_time\" content=\"2026-04-30T06:03:06+00:00\" \/>\n<meta name=\"author\" content=\"Telinha\" \/>\n<meta name=\"twitter:card\" content=\"summary_large_image\" \/>\n<meta name=\"twitter:label1\" content=\"Escrito por\" \/>\n\t<meta name=\"twitter:data1\" content=\"Telinha\" \/>\n\t<meta name=\"twitter:label2\" content=\"Tempo estimado de leitura\" \/>\n\t<meta name=\"twitter:data2\" content=\"1 minuto\" \/>\n<script type=\"application\/ld+json\" class=\"yoast-schema-graph\">{\"@context\":\"https:\/\/schema.org\",\"@graph\":[{\"@type\":\"Article\",\"@id\":\"https:\/\/portaltela.pt\/noticias\/2026\/04\/30\/avo-inspira-sidy-a-marcar-golos\/#article\",\"isPartOf\":{\"@id\":\"https:\/\/portaltela.pt\/noticias\/2026\/04\/30\/avo-inspira-sidy-a-marcar-golos\/\"},\"author\":{\"name\":\"Telinha\",\"@id\":\"https:\/\/portaltela.pt\/#\/schema\/person\/c4278d4a6028830caff9ee44b42d32ed\"},\"headline\":\"Av\u00f4 inspira Sidy a marcar golos\",\"datePublished\":\"2026-04-30T06:03:06+00:00\",\"mainEntityOfPage\":{\"@id\":\"https:\/\/portaltela.pt\/noticias\/2026\/04\/30\/avo-inspira-sidy-a-marcar-golos\/\"},\"wordCount\":166,\"image\":{\"@id\":\"https:\/\/portaltela.pt\/noticias\/2026\/04\/30\/avo-inspira-sidy-a-marcar-golos\/#primaryimage\"},\"thumbnailUrl\":\"https:\/\/portaltela.pt\/s.01k8rhncp4jt1\/2026\/04\/img_920x518uu2026-04-30-00-27-13-2436050.jpg\",\"keywords\":[\"_1.\u00aa Liga\",\"_Liga\",\"_Santar\u00e9m\",\"Acad\u00e9mica\",\"futebol\",\"jogadores\"],\"articleSection\":[\"Desporto\",\"Futebol\"],\"inLanguage\":\"pt-PT\"},{\"@type\":\"WebPage\",\"@id\":\"https:\/\/portaltela.pt\/noticias\/2026\/04\/30\/avo-inspira-sidy-a-marcar-golos\/\",\"url\":\"https:\/\/portaltela.pt\/noticias\/2026\/04\/30\/avo-inspira-sidy-a-marcar-golos\/\",\"name\":\"Av\u00f4 inspira Sidy a marcar golos - Portal Tela Portugal\",\"isPartOf\":{\"@id\":\"https:\/\/portaltela.pt\/#website\"},\"primaryImageOfPage\":{\"@id\":\"https:\/\/portaltela.pt\/noticias\/2026\/04\/30\/avo-inspira-sidy-a-marcar-golos\/#primaryimage\"},\"image\":{\"@id\":\"https:\/\/portaltela.pt\/noticias\/2026\/04\/30\/avo-inspira-sidy-a-marcar-golos\/#primaryimage\"},\"thumbnailUrl\":\"https:\/\/portaltela.pt\/s.01k8rhncp4jt1\/2026\/04\/img_920x518uu2026-04-30-00-27-13-2436050.jpg\",\"datePublished\":\"2026-04-30T06:03:06+00:00\",\"author\":{\"@id\":\"https:\/\/portaltela.pt\/#\/schema\/person\/c4278d4a6028830caff9ee44b42d32ed\"},\"breadcrumb\":{\"@id\":\"https:\/\/portaltela.pt\/noticias\/2026\/04\/30\/avo-inspira-sidy-a-marcar-golos\/#breadcrumb\"},\"inLanguage\":\"pt-PT\",\"potentialAction\":[{\"@type\":\"ReadAction\",\"target\":[\"https:\/\/portaltela.pt\/noticias\/2026\/04\/30\/avo-inspira-sidy-a-marcar-golos\/\"]}]},{\"@type\":\"ImageObject\",\"inLanguage\":\"pt-PT\",\"@id\":\"https:\/\/portaltela.pt\/noticias\/2026\/04\/30\/avo-inspira-sidy-a-marcar-golos\/#primaryimage\",\"url\":\"https:\/\/portaltela.pt\/s.01k8rhncp4jt1\/2026\/04\/img_920x518uu2026-04-30-00-27-13-2436050.jpg\",\"contentUrl\":\"https:\/\/portaltela.pt\/s.01k8rhncp4jt1\/2026\/04\/img_920x518uu2026-04-30-00-27-13-2436050.jpg\",\"width\":796,\"height\":448,\"caption\":\"Sidy n\u00e3o conheceu o av\u00f4, mas \u00e9 o seu \u201cguia espiritual\u201d\"},{\"@type\":\"BreadcrumbList\",\"@id\":\"https:\/\/portaltela.pt\/noticias\/2026\/04\/30\/avo-inspira-sidy-a-marcar-golos\/#breadcrumb\",\"itemListElement\":[{\"@type\":\"ListItem\",\"position\":1,\"name\":\"In\u00edcio\",\"item\":\"https:\/\/portaltela.pt\/\"},{\"@type\":\"ListItem\",\"position\":2,\"name\":\"Av\u00f4 inspira Sidy a marcar golos\"}]},{\"@type\":\"WebSite\",\"@id\":\"https:\/\/portaltela.pt\/#website\",\"url\":\"https:\/\/portaltela.pt\/\",\"name\":\"Portal Tela Portugal\",\"description\":\"\",\"potentialAction\":[{\"@type\":\"SearchAction\",\"target\":{\"@type\":\"EntryPoint\",\"urlTemplate\":\"https:\/\/portaltela.pt\/?s={search_term_string}\"},\"query-input\":{\"@type\":\"PropertyValueSpecification\",\"valueRequired\":true,\"valueName\":\"search_term_string\"}}],\"inLanguage\":\"pt-PT\"},{\"@type\":\"Person\",\"@id\":\"https:\/\/portaltela.pt\/#\/schema\/person\/c4278d4a6028830caff9ee44b42d32ed\",\"name\":\"Telinha\",\"image\":{\"@type\":\"ImageObject\",\"inLanguage\":\"pt-PT\",\"@id\":\"https:\/\/portaltela.pt\/s.01k8rhncp4jt1\/2025\/11\/talking-bot-125x125.png\",\"url\":\"https:\/\/portaltela.pt\/s.01k8rhncp4jt1\/2025\/11\/talking-bot-125x125.png\",\"contentUrl\":\"https:\/\/portaltela.pt\/s.01k8rhncp4jt1\/2025\/11\/talking-bot-125x125.png\",\"caption\":\"Telinha\"},\"sameAs\":[\"https:\/\/portaltela.pt\/\"],\"url\":\"https:\/\/portaltela.pt\/por\/367410592786\/\"}]}<\/script>\n<!-- \/ Yoast SEO plugin. -->","yoast_head_json":{"title":"Av\u00f4 inspira Sidy a marcar golos - Portal Tela Portugal","robots":{"index":"index","follow":"follow","max-snippet":"max-snippet:-1","max-image-preview":"max-image-preview:large","max-video-preview":"max-video-preview:-1"},"og_locale":"pt_PT","og_type":"article","og_title":"Av\u00f4 inspira Sidy a marcar golos - Portal Tela Portugal","og_description":"Sidy Koum\u00e9, s\u00e9negal\u00eas de 19 anos, marcou o golo do empate aos cinco minutos do tempo de compensa\u00e7\u00e3o, para o U. Santar\u00e9m frente \u00e0 Acad\u00e9mica de Coimbra. O 1-1 surgiu na 11\u00aa jornada da fase de apuramento de campe\u00e3o da Liga 3 e impediu a vit\u00f3ria da Acad\u00e9mica, 2\u00aa classificada e favorita \u00e0 subida \u00e0 2.\u00aa Liga. Na celebra\u00e7\u00e3o, Sidy foi \u00e0 bancada e trouxe para o terreno uma crian\u00e7a para festejar o golo. O avan\u00e7ado explicou que a crian\u00e7a \u00e9 o filho de Bura, colega de equipa, que tinha sido expulso aos 24 minutos. Refor\u00e7ou que conhece bem o mi\u00fado e que costumam brincar quando ele vem ao jogo.","og_url":"https:\/\/portaltela.pt\/noticias\/2026\/04\/30\/avo-inspira-sidy-a-marcar-golos\/","og_site_name":"Portal Tela Portugal","article_published_time":"2026-04-30T06:03:06+00:00","author":"Telinha","twitter_card":"summary_large_image","twitter_misc":{"Escrito por":"Telinha","Tempo estimado de leitura":"1 minuto"},"schema":{"@context":"https:\/\/schema.org","@graph":[{"@type":"Article","@id":"https:\/\/portaltela.pt\/noticias\/2026\/04\/30\/avo-inspira-sidy-a-marcar-golos\/#article","isPartOf":{"@id":"https:\/\/portaltela.pt\/noticias\/2026\/04\/30\/avo-inspira-sidy-a-marcar-golos\/"},"author":{"name":"Telinha","@id":"https:\/\/portaltela.pt\/#\/schema\/person\/c4278d4a6028830caff9ee44b42d32ed"},"headline":"Av\u00f4 inspira Sidy a marcar golos","datePublished":"2026-04-30T06:03:06+00:00","mainEntityOfPage":{"@id":"https:\/\/portaltela.pt\/noticias\/2026\/04\/30\/avo-inspira-sidy-a-marcar-golos\/"},"wordCount":166,"image":{"@id":"https:\/\/portaltela.pt\/noticias\/2026\/04\/30\/avo-inspira-sidy-a-marcar-golos\/#primaryimage"},"thumbnailUrl":"https:\/\/portaltela.pt\/s.01k8rhncp4jt1\/2026\/04\/img_920x518uu2026-04-30-00-27-13-2436050.jpg","keywords":["_1.\u00aa Liga","_Liga","_Santar\u00e9m","Acad\u00e9mica","futebol","jogadores"],"articleSection":["Desporto","Futebol"],"inLanguage":"pt-PT"},{"@type":"WebPage","@id":"https:\/\/portaltela.pt\/noticias\/2026\/04\/30\/avo-inspira-sidy-a-marcar-golos\/","url":"https:\/\/portaltela.pt\/noticias\/2026\/04\/30\/avo-inspira-sidy-a-marcar-golos\/","name":"Av\u00f4 inspira Sidy a marcar golos - Portal Tela Portugal","isPartOf":{"@id":"https:\/\/portaltela.pt\/#website"},"primaryImageOfPage":{"@id":"https:\/\/portaltela.pt\/noticias\/2026\/04\/30\/avo-inspira-sidy-a-marcar-golos\/#primaryimage"},"image":{"@id":"https:\/\/portaltela.pt\/noticias\/2026\/04\/30\/avo-inspira-sidy-a-marcar-golos\/#primaryimage"},"thumbnailUrl":"https:\/\/portaltela.pt\/s.01k8rhncp4jt1\/2026\/04\/img_920x518uu2026-04-30-00-27-13-2436050.jpg","datePublished":"2026-04-30T06:03:06+00:00","author":{"@id":"https:\/\/portaltela.pt\/#\/schema\/person\/c4278d4a6028830caff9ee44b42d32ed"},"breadcrumb":{"@id":"https:\/\/portaltela.pt\/noticias\/2026\/04\/30\/avo-inspira-sidy-a-marcar-golos\/#breadcrumb"},"inLanguage":"pt-PT","potentialAction":[{"@type":"ReadAction","target":["https:\/\/portaltela.pt\/noticias\/2026\/04\/30\/avo-inspira-sidy-a-marcar-golos\/"]}]},{"@type":"ImageObject","inLanguage":"pt-PT","@id":"https:\/\/portaltela.pt\/noticias\/2026\/04\/30\/avo-inspira-sidy-a-marcar-golos\/#primaryimage","url":"https:\/\/portaltela.pt\/s.01k8rhncp4jt1\/2026\/04\/img_920x518uu2026-04-30-00-27-13-2436050.jpg","contentUrl":"https:\/\/portaltela.pt\/s.01k8rhncp4jt1\/2026\/04\/img_920x518uu2026-04-30-00-27-13-2436050.jpg","width":796,"height":448,"caption":"Sidy n\u00e3o conheceu o av\u00f4, mas \u00e9 o seu \u201cguia espiritual\u201d"},{"@type":"BreadcrumbList","@id":"https:\/\/portaltela.pt\/noticias\/2026\/04\/30\/avo-inspira-sidy-a-marcar-golos\/#breadcrumb","itemListElement":[{"@type":"ListItem","position":1,"name":"In\u00edcio","item":"https:\/\/portaltela.pt\/"},{"@type":"ListItem","position":2,"name":"Av\u00f4 inspira Sidy a marcar golos"}]},{"@type":"WebSite","@id":"https:\/\/portaltela.pt\/#website","url":"https:\/\/portaltela.pt\/","name":"Portal Tela Portugal","description":"","potentialAction":[{"@type":"SearchAction","target":{"@type":"EntryPoint","urlTemplate":"https:\/\/portaltela.pt\/?s={search_term_string}"},"query-input":{"@type":"PropertyValueSpecification","valueRequired":true,"valueName":"search_term_string"}}],"inLanguage":"pt-PT"},{"@type":"Person","@id":"https:\/\/portaltela.pt\/#\/schema\/person\/c4278d4a6028830caff9ee44b42d32ed","name":"Telinha","image":{"@type":"ImageObject","inLanguage":"pt-PT","@id":"https:\/\/portaltela.pt\/s.01k8rhncp4jt1\/2025\/11\/talking-bot-125x125.png","url":"https:\/\/portaltela.pt\/s.01k8rhncp4jt1\/2025\/11\/talking-bot-125x125.png","contentUrl":"https:\/\/portaltela.pt\/s.01k8rhncp4jt1\/2025\/11\/talking-bot-125x125.png","caption":"Telinha"},"sameAs":["https:\/\/portaltela.pt\/"],"url":"https:\/\/portaltela.pt\/por\/367410592786\/"}]}},"_links":{"self":[{"href":"https:\/\/portaltela.pt\/api\/wp\/v2\/posts\/461815","targetHints":{"allow":["GET"]}}],"collection":[{"href":"https:\/\/portaltela.pt\/api\/wp\/v2\/posts"}],"about":[{"href":"https:\/\/portaltela.pt\/api\/wp\/v2\/types\/post"}],"author":[{"embeddable":true,"href":"https:\/\/portaltela.pt\/api\/wp\/v2\/users\/2"}],"replies":[{"embeddable":true,"href":"https:\/\/portaltela.pt\/api\/wp\/v2\/comments?post=461815"}],"version-history":[{"count":0,"href":"https:\/\/portaltela.pt\/api\/wp\/v2\/posts\/461815\/revisions"}],"wp:featuredmedia":[{"embeddable":true,"href":"https:\/\/portaltela.pt\/api\/wp\/v2\/media\/461817"}],"wp:attachment":[{"href":"https:\/\/portaltela.pt\/api\/wp\/v2\/media?parent=461815"}],"wp:term":[{"taxonomy":"category","embeddable":true,"href":"https:\/\/portaltela.pt\/api\/wp\/v2\/categories?post=461815"},{"taxonomy":"post_tag","embeddable":true,"href":"https:\/\/portaltela.pt\/api\/wp\/v2\/tags?post=461815"}],"curies":[{"name":"wp","href":"https:\/\/api.w.org\/{rel}","templated":true}]}}